{"id":320,"date":"2009-03-19T15:34:24","date_gmt":"2009-03-19T15:34:24","guid":{"rendered":"https:\/\/marina.swarpeca.es\/revista\/2009\/03\/19\/el-csn-propone-al-gobierno-sancionar-a-la-nuclear-de-asco-por-la-fuga-radiactiva-11-06-08\/"},"modified":"2009-03-19T15:34:24","modified_gmt":"2009-03-19T15:34:24","slug":"el-csn-propone-al-gobierno-sancionar-a-la-nuclear-de-asco-por-la-fuga-radiactiva-11-06-08","status":"publish","type":"post","link":"https:\/\/marina.swarpeca.es\/revista\/el-csn-propone-al-gobierno-sancionar-a-la-nuclear-de-asco-por-la-fuga-radiactiva-11-06-08\/","title":{"rendered":"El CSN propone al Gobierno sancionar a la nuclear de Asc\u00f3 por la fuga radiactiva [11\/06\/08]"},"content":{"rendered":"<p>Carmen Mart\u00ednez Ten ha comparecido, a petici\u00f3n propia y de otros miembros, en la ponencia encargada de las relaciones con el CSN de la Comisi\u00f3n de Industria, Turismo y Comercio del Congreso espa\u00f1ol.<\/p>\n<p>Sin descartar que se detecten m\u00e1s, Mart\u00ednez Ten ha informado que hasta la fecha se han detectado y recogido unas 1.000 part\u00edculas radiactivas, el 99% de ellas dentro de la instalaci\u00f3n, as\u00ed como que el contenido de radiactividad recogido supone 260 megabequerelios (NBC), equivalentes a 7 milicuries.<\/p>\n<p>Seg\u00fan la responsable del CSN, bajo supervisi\u00f3n del consejo se ha sometido a control radiol\u00f3gico a 2.116 trabajadores y personas relacionadas con la central nuclear Asc\u00f3 I, sin que en ninguna se haya detectado indicio alguno de contaminaci\u00f3n. Ha insistido en que el incidente no ha producido impacto radiol\u00f3gico alguno en las personas ni en el medio ambiente.<\/p>\n<p>Como la planta nuclear permanece ahora parada, se est\u00e1 examinando la radiactividad en zonas de la central, como los transformadores, en que los trabajadores no pueden estar cuando se encuentra en plena actividad.<\/p>\n<p>La presidenta de Seguridad Nuclear afirm\u00f3 que \u00abSe seguir\u00e1 inspeccionando la central hasta llegar a la normalidad radiol\u00f3gica\u00bb. Asimismo, que el estudio de las causas del suceso y de las deficiencias identificadas dar\u00e1 lugar a un plan de acci\u00f3n para evitar que se pueda reproducir un hecho similar en las centrales nucleares espa\u00f1olas.<\/p>\n<p><strong>Transparencia y alarma social<\/strong><\/p>\n<p>Conclu\u00edda la comisi\u00f3n, el diputado de CiU Jordi Jane critic\u00f3 ante los periodistas que \u00abLa ocultaci\u00f3n de datos ha producido alarma social\u00bb: hay que exigir a la empresa (Endesa) responsabilidades por haber ocultado datos desde noviembre hasta abril. Solicit\u00f3, tambi\u00e9n, la creaci\u00f3n de delegaciones territoriales de crisis para casos como el ocurrido.<\/p>\n<p>El diputado del PSOE Francesc Vall\u00e9s dijo que su partido \u00abHar\u00e1 todo lo posible para que no se produzcan m\u00e1s incidentes\u00bb similares.<\/p>\n<p>La organizaci\u00f3n ecologista <em>Greenpeace<\/em> entiende que es una \u00abMuestra de poca transparencia que el Consejo de Seguridad Nuclear haya decidido no responder\u00bb sus solicitudes de informaci\u00f3n sobre la fuga, y una incongruencia, con la nueva etapa de transparencia prometida, la comparecencia a puerta cerrada de la presidenta del CSN en el Congreso.<\/p>\n<p>(art\u00edculo publicado en un diario digital espa\u00f1ol, 11 de junio de 2008)<\/p>\n","protected":false},"excerpt":{"rendered":"<p>Carmen Mart\u00ednez Ten, presidenta del Consejo de Seguridad Nuclear espa\u00f1ol, en comparecencia a puerta cerrada de m\u00e1s de dos horas de duraci\u00f3n en el Congreso de los Diputados para explicar el \u00abincidente\u00bb, ha anunciado hoy que el organismo regulador que preside propondr\u00e1 al Gobierno antes del mes de agosto abrir expediente sancionador a la central nuclear de Asc\u00f3 I, en Tarragona, por haber incumplido los procedimientos de seguridad y no haber comunicado hasta abril de este a\u00f1o la fuga radiactiva detectada en la planta en noviembre de 2007. \u00abNo se han hecho las cosas como deb\u00edan haberse hecho\u00bb, reconoci\u00f3 a los periodistas al t\u00e9rmino de sus explicaciones en la C\u00e1mara parlamentaria.<\/p>\n","protected":false},"author":1,"featured_media":0,"comment_status":"closed","ping_status":"open","sticky":false,"template":"","format":"standard","meta":{"footnotes":""},"categories":[5],"tags":[],"_links":{"self":[{"href":"https:\/\/marina.swarpeca.es\/revista\/wp-json\/wp\/v2\/posts\/320"}],"collection":[{"href":"https:\/\/marina.swarpeca.es\/revista\/wp-json\/wp\/v2\/posts"}],"about":[{"href":"https:\/\/marina.swarpeca.es\/revista\/wp-json\/wp\/v2\/types\/post"}],"author":[{"embeddable":true,"href":"https:\/\/marina.swarpeca.es\/revista\/wp-json\/wp\/v2\/users\/1"}],"replies":[{"embeddable":true,"href":"https:\/\/marina.swarpeca.es\/revista\/wp-json\/wp\/v2\/comments?post=320"}],"version-history":[{"count":0,"href":"https:\/\/marina.swarpeca.es\/revista\/wp-json\/wp\/v2\/posts\/320\/revisions"}],"wp:attachment":[{"href":"https:\/\/marina.swarpeca.es\/revista\/wp-json\/wp\/v2\/media?parent=320"}],"wp:term":[{"taxonomy":"category","embeddable":true,"href":"https:\/\/marina.swarpeca.es\/revista\/wp-json\/wp\/v2\/categories?post=320"},{"taxonomy":"post_tag","embeddable":true,"href":"https:\/\/marina.swarpeca.es\/revista\/wp-json\/wp\/v2\/tags?post=320"}],"curies":[{"name":"wp","href":"https:\/\/api.w.org\/{rel}","templated":true}]}}