{"id":312,"date":"2009-03-05T01:06:46","date_gmt":"2009-03-05T01:06:46","guid":{"rendered":"https:\/\/marina.swarpeca.es\/revista\/2009\/03\/05\/la-explotacion-de-petroleo-gas-y-madera-amenaza-a-los-pueblos-indigenas-de-america-latina-10-07-08\/"},"modified":"2009-03-05T01:06:46","modified_gmt":"2009-03-05T01:06:46","slug":"la-explotacion-de-petroleo-gas-y-madera-amenaza-a-los-pueblos-indigenas-de-america-latina-10-07-08","status":"publish","type":"post","link":"https:\/\/marina.swarpeca.es\/revista\/la-explotacion-de-petroleo-gas-y-madera-amenaza-a-los-pueblos-indigenas-de-america-latina-10-07-08\/","title":{"rendered":"La explotaci\u00f3n de petr\u00f3leo, gas y madera amenaza a los pueblos ind\u00edgenas de Am\u00e9rica Latina [10\/07\/08]"},"content":{"rendered":"<p>2008 julio 10, GARA<\/p>\n<p><strong>Julio Cusurichi Palacios<\/strong>, ind\u00edgena shipibo de la Amazonia peruana, galardonado con el premio ambiental Goldman Prize 2007<\/p>\n<p><strong>\u00abEs responsabilidad de todos evitar que los pueblos ind\u00edgenas aislados desaparezcan\u00bb<\/strong><\/p>\n<p>\u00abCon autoridad quiero realizar un llamamiento a la opini\u00f3n p\u00fablica mundial sobre la cr\u00edtica situaci\u00f3n en la que se encuentran los \u00faltimos pueblos ind\u00edgenas de Am\u00e9rica Latina que viven en situaci\u00f3n de aislamiento voluntario y en contacto inicial en la Amazon\u00eda y el Gran Chaco.<\/p>\n<p>Millones de personas de todo el mundo han conocido por primera vez de la problem\u00e1tica de los pueblos en aislamiento por los recientes casos de la epidemia sufrida por los Matsiguenka del Parque Nacional del Manu tras el contacto con un equipo de documentalistas y de las fotograf\u00edas de un grupo acorralado por madereros en la frontera de Per\u00fa y Brasil.<\/p>\n<p>A todos estas personas me dirijo para decirles que estos no son los \u00fanicos casos: la persecuci\u00f3n de estos pueblos y la depredaci\u00f3n de sus territorios se viene produciendo desde hace muchos a\u00f1os atr\u00e1s y continuar\u00e1 hasta su total exterminio si no actuamos con decisi\u00f3n.<\/p>\n<p>En el Per\u00fa, nuestro presidente, Alan Garc\u00eda, ha negado p\u00fablicamente en octubre del 2007 que los pueblos aislados existan, diciendo que son una invenci\u00f3n y actualmente su Gobierno est\u00e1 ofreciendo sus territorios a compa\u00f1\u00edas transnacionales para la explotaci\u00f3n de gas y de petr\u00f3leo. Estos abusos ocurren a pesar de repetidas recomendaciones de la Defensor\u00eda del Pueblo y que la Corte Interamericana de Derechos Humanos (CIDH) haya impuesto al Estado peruano medidas cautelares para la protecci\u00f3n de estos pueblos.<\/p>\n<p>Nuestras organizaciones ind\u00edgenas a nivel regional, nacional, AIDESEP, e internacional COICA y CIPIACI vienen denunciando constantemente estos abusos, pero desde el Gobierno se nos acusa de ser \u00abenemigos del progreso\u00bb. Ante esto me pregunto: \u00bfC\u00f3mo vamos a aceptar los ind\u00edgenas un progreso que se basa en el genocidio de nuestros hermanos ind\u00edgenas en aislamiento?<\/p>\n<p>Desde aqu\u00ed reitero la necesidad de modelos alternativos de desarrollo que incluyan el respeto a los pueblos ind\u00edgenas y el medio ambiente.<\/p>\n<p>Demando a los estados donde existan pueblos ind\u00edgenas en aislamiento y a la comunidad internacional acciones concretas como la intangibilidad de los territorios para asegurar la supervivencia de estos pueblos.<\/p>\n<p>En especial, me dirijo al Gobierno de los Estados Unidos de Am\u00e9rica para decirle que el Gobierno peruano est\u00e1 utilizando la implementaci\u00f3n del Tratado de Libre Comercio (TLC) para violar los derechos de los pueblos ind\u00edgenas aislados, y en general de todos los pueblos ind\u00edgenas amaz\u00f3nicos y andinos con la aprobaci\u00f3n de leyes como el Decreto Legislativo N\u00b01015 que busca la disoluci\u00f3n de la propiedad y autonom\u00eda comunal.<\/p>\n<p>Por ultimo apelo a todas las sociedades del mundo su solidaridad con los pueblos voluntariamente aislados, por ser lo m\u00e1s vulnerable de nuestra humanidad, y que tienen el derecho de seguir viviendo en este planeta de acuerdo a su forma de vida tradicional\u00bb.<\/p>\n<p><strong>\u00abDemando a los estados donde existan pueblos ind\u00edgenas en aislamiento y a la comunidad internacional acciones concretas como la intangibilidad de los territorios\u00bb<\/strong><\/p>\n<p>(art\u00edculo publicado en un diario digital espa\u00f1ol, 10 de julio de 2008)<\/p>\n","protected":false},"excerpt":{"rendered":"<p>Julio Cusurichi Palacios reclama en <em>Gara<\/em> la intangibilidad de los territorios de los \u00faltimos pueblos ind\u00edgenas de Am\u00e9rica Latina, \u00fanica manera de evitar su total exterminio a manos de compa\u00f1\u00edas transnacionales que, para explotar los recursos naturales y energ\u00e9ticos de los lugares donde habitan, perpetran un acelerado genocidio, en aras del progreso y el desarrollo, como una consecuencia m\u00e1s del Tratado de Libre Comercio impulsado por el gobierno norteamericano y sus repercusiones en Per\u00fa y otros pa\u00edses latinoamericanos.<\/p>\n","protected":false},"author":1,"featured_media":0,"comment_status":"closed","ping_status":"open","sticky":false,"template":"","format":"standard","meta":{"footnotes":""},"categories":[5],"tags":[],"_links":{"self":[{"href":"https:\/\/marina.swarpeca.es\/revista\/wp-json\/wp\/v2\/posts\/312"}],"collection":[{"href":"https:\/\/marina.swarpeca.es\/revista\/wp-json\/wp\/v2\/posts"}],"about":[{"href":"https:\/\/marina.swarpeca.es\/revista\/wp-json\/wp\/v2\/types\/post"}],"author":[{"embeddable":true,"href":"https:\/\/marina.swarpeca.es\/revista\/wp-json\/wp\/v2\/users\/1"}],"replies":[{"embeddable":true,"href":"https:\/\/marina.swarpeca.es\/revista\/wp-json\/wp\/v2\/comments?post=312"}],"version-history":[{"count":0,"href":"https:\/\/marina.swarpeca.es\/revista\/wp-json\/wp\/v2\/posts\/312\/revisions"}],"wp:attachment":[{"href":"https:\/\/marina.swarpeca.es\/revista\/wp-json\/wp\/v2\/media?parent=312"}],"wp:term":[{"taxonomy":"category","embeddable":true,"href":"https:\/\/marina.swarpeca.es\/revista\/wp-json\/wp\/v2\/categories?post=312"},{"taxonomy":"post_tag","embeddable":true,"href":"https:\/\/marina.swarpeca.es\/revista\/wp-json\/wp\/v2\/tags?post=312"}],"curies":[{"name":"wp","href":"https:\/\/api.w.org\/{rel}","templated":true}]}}