{"id":294,"date":"2009-02-12T22:48:21","date_gmt":"2009-02-12T22:48:21","guid":{"rendered":"https:\/\/marina.swarpeca.es\/revista\/2009\/02\/12\/vino-y-proteccion-contra-la-demencia\/"},"modified":"2009-02-12T22:48:21","modified_gmt":"2009-02-12T22:48:21","slug":"vino-y-proteccion-contra-la-demencia","status":"publish","type":"post","link":"https:\/\/marina.swarpeca.es\/revista\/vino-y-proteccion-contra-la-demencia\/","title":{"rendered":"Vino y protecci\u00f3n contra la demencia"},"content":{"rendered":"<p>Evaluadas por m\u00e9dicos, se pregunt\u00f3 a las mujeres si beb\u00edan vino y otras bebidas alcoh\u00f3licas (cerveza, licores) y en caso afirmativo con qu\u00e9 frecuencia, establecida por una escala de 7 categor\u00edas comprendidas entre nunca y a diario; no se pregunt\u00f3 la cantidad de alcohol ingerido en cada ocasi\u00f3n, pero s\u00ed se les pregunt\u00f3 si consum\u00edan cada bebida m\u00e1s de una vez al mes para clasificarlas seg\u00fan el consumo de cada bebida. <\/p>\n<p>Transcurridos 34 a\u00f1os del estudio, 162 mujeres del total examinado hab\u00edan sido diagnosticadas con demencia, con una proporci\u00f3n menor entre las mujeres que en 1968 afirmaron consumir vino respecto a las que dijeron consumir de forma regular cerveza o licores: <em>\u00abEl grupo que tuvo la menor proporci\u00f3n de demencia fue el de las mujeres que declararon que s\u00f3lo tomaban vino\u00bb<\/em>, en palabras del profesor Lissner. <\/p>\n<p>No obstante, los investigadores no hacen recomendaci\u00f3n alguna sobre si una mujer deber\u00eda empezar a beber vino, seguir tom\u00e1ndolo o incrementar su consumo; tampoco trasvasan a los hombres los resultados obtenidos.<\/p>\n<p>(febrero de 2009)<\/p>\n","protected":false},"excerpt":{"rendered":"<p>Seg\u00fan las conclusiones de un estudio sobre h\u00e1bitos de vida femeninos con 1.458 mujeres, realizado por t\u00e9cnicos del Swedish Research Council en el a\u00f1o 1968 (y hasta 2002) y dirigido por el profesor Lauren Lissner, de la Academia Sahgrenska de la Universidad de Gotemburgo (Suecia), el vino podr\u00eda tener en su composici\u00f3n principios activos protectores contra la demencia. <\/p>\n","protected":false},"author":1,"featured_media":0,"comment_status":"closed","ping_status":"open","sticky":false,"template":"","format":"standard","meta":{"footnotes":""},"categories":[8],"tags":[],"_links":{"self":[{"href":"https:\/\/marina.swarpeca.es\/revista\/wp-json\/wp\/v2\/posts\/294"}],"collection":[{"href":"https:\/\/marina.swarpeca.es\/revista\/wp-json\/wp\/v2\/posts"}],"about":[{"href":"https:\/\/marina.swarpeca.es\/revista\/wp-json\/wp\/v2\/types\/post"}],"author":[{"embeddable":true,"href":"https:\/\/marina.swarpeca.es\/revista\/wp-json\/wp\/v2\/users\/1"}],"replies":[{"embeddable":true,"href":"https:\/\/marina.swarpeca.es\/revista\/wp-json\/wp\/v2\/comments?post=294"}],"version-history":[{"count":0,"href":"https:\/\/marina.swarpeca.es\/revista\/wp-json\/wp\/v2\/posts\/294\/revisions"}],"wp:attachment":[{"href":"https:\/\/marina.swarpeca.es\/revista\/wp-json\/wp\/v2\/media?parent=294"}],"wp:term":[{"taxonomy":"category","embeddable":true,"href":"https:\/\/marina.swarpeca.es\/revista\/wp-json\/wp\/v2\/categories?post=294"},{"taxonomy":"post_tag","embeddable":true,"href":"https:\/\/marina.swarpeca.es\/revista\/wp-json\/wp\/v2\/tags?post=294"}],"curies":[{"name":"wp","href":"https:\/\/api.w.org\/{rel}","templated":true}]}}