{"id":282,"date":"2009-02-09T22:03:37","date_gmt":"2009-02-09T22:03:37","guid":{"rendered":"https:\/\/marina.swarpeca.es\/revista\/2009\/02\/09\/l-prolina\/"},"modified":"2021-03-01T22:39:01","modified_gmt":"2021-03-01T22:39:01","slug":"l-prolina","status":"publish","type":"post","link":"https:\/\/marina.swarpeca.es\/revista\/l-prolina\/","title":{"rendered":"L-Prolina"},"content":{"rendered":"<p>Se recomienda tambi\u00e9n leer el art\u00edculo <a href=\"https:\/\/marina.swarpeca.es\/revista\/aminoacidos\/\">Amino\u00e1cidos<\/a>.<\/p>\n<p>L-Prolina es un amino\u00e1cido no esencial, que es un importante componente de la sustancia col\u00e1gena del tejido conjuntivo, es necesario para la s\u00edntesis y reparaci\u00f3n del col\u00e1geno as\u00ed como relevante en la cicatrizaci\u00f3n de las lesiones, \u00falceras, quemaduras y otras alteraciones tisulares.<\/p>\n<p>Tambi\u00e9n desempe\u00f1a un papel relevante en la prevenci\u00f3n del envejecimiento prematuro de la piel y para retrasar la formaci\u00f3n de arrugas.<\/p>\n<p><em> <strong>Mikel Garc\u00eda Iturrioz<\/strong> <\/em> destaca el papel de prolina (\u00abUno de los compuestos m\u00e1s abundantes en la estructura col\u00e1gena de las membranas de las articulaciones\u00bb) en las degeneraciones articulares, artrosis y artritis, y su papel de reparaci\u00f3n en lesiones deportivas como torceduras o esguinces. <\/p>\n<p>Al inhibir la descomposici\u00f3n del col\u00e1geno arterial y acelerar la cicatrizaci\u00f3n de las lesiones arteriales existentes, prolina es un protector cardiovascular que previene de aterosclerosis: \u00abLibera la lipoprote\u00edna de la formaci\u00f3n de la placa y evita su dep\u00f3sito posterior\u00bb, seg\u00fan Garc\u00eda Iturrioz.<\/p>\n<p><strong>Documentaci\u00f3n utilizada<\/strong><\/p>\n<p>&#8211; Seminario \u00abNutrici\u00f3n \u00f3ptima de amino\u00e1cidos y prote\u00ednas\u00bb, Mikel Garc\u00eda Iturrioz, Madrid, octubre de 2004.<\/p>\n<p>&#8211; Mikel Garc\u00eda Iturrioz: Gu\u00eda completa de amino\u00e1cidos y prote\u00ednas, Madrid, 2004.<\/p>\n<p>&#8211; Diccionario terminol\u00f3gico de Ciencias M\u00e9dicas, Masson, Barcelona, 1998.<\/p>\n<p>(publicado en Conocer Arganzuela n\u00ba 149, junio de 2005)<\/p>\n","protected":false},"excerpt":{"rendered":"<p>Se recomienda tambi\u00e9n leer el art\u00edculo Amino\u00e1cidos. L-Prolina es un amino\u00e1cido no esencial, que es un importante componente de la sustancia col\u00e1gena del tejido conjuntivo, es necesario para la s\u00edntesis y reparaci\u00f3n del col\u00e1geno as\u00ed como relevante en la cicatrizaci\u00f3n de las lesiones, \u00falceras, quemaduras y otras alteraciones tisulares. Tambi\u00e9n desempe\u00f1a un papel relevante en&hellip; <a class=\"more-link\" href=\"https:\/\/marina.swarpeca.es\/revista\/l-prolina\/\">Continuar leyendo <span class=\"screen-reader-text\">L-Prolina<\/span><\/a><\/p>\n","protected":false},"author":1,"featured_media":0,"comment_status":"closed","ping_status":"open","sticky":false,"template":"","format":"standard","meta":{"footnotes":""},"categories":[29],"tags":[],"_links":{"self":[{"href":"https:\/\/marina.swarpeca.es\/revista\/wp-json\/wp\/v2\/posts\/282"}],"collection":[{"href":"https:\/\/marina.swarpeca.es\/revista\/wp-json\/wp\/v2\/posts"}],"about":[{"href":"https:\/\/marina.swarpeca.es\/revista\/wp-json\/wp\/v2\/types\/post"}],"author":[{"embeddable":true,"href":"https:\/\/marina.swarpeca.es\/revista\/wp-json\/wp\/v2\/users\/1"}],"replies":[{"embeddable":true,"href":"https:\/\/marina.swarpeca.es\/revista\/wp-json\/wp\/v2\/comments?post=282"}],"version-history":[{"count":1,"href":"https:\/\/marina.swarpeca.es\/revista\/wp-json\/wp\/v2\/posts\/282\/revisions"}],"predecessor-version":[{"id":2906,"href":"https:\/\/marina.swarpeca.es\/revista\/wp-json\/wp\/v2\/posts\/282\/revisions\/2906"}],"wp:attachment":[{"href":"https:\/\/marina.swarpeca.es\/revista\/wp-json\/wp\/v2\/media?parent=282"}],"wp:term":[{"taxonomy":"category","embeddable":true,"href":"https:\/\/marina.swarpeca.es\/revista\/wp-json\/wp\/v2\/categories?post=282"},{"taxonomy":"post_tag","embeddable":true,"href":"https:\/\/marina.swarpeca.es\/revista\/wp-json\/wp\/v2\/tags?post=282"}],"curies":[{"name":"wp","href":"https:\/\/api.w.org\/{rel}","templated":true}]}}