{"id":2686,"date":"2017-09-27T20:03:38","date_gmt":"2017-09-27T20:03:38","guid":{"rendered":"https:\/\/marina.swarpeca.es\/revista\/2017\/09\/27\/29-y-30-setiembre-madrid-ii-jornadas-cientificas-de-medicina-integrativa\/"},"modified":"2017-09-27T20:03:38","modified_gmt":"2017-09-27T20:03:38","slug":"29-y-30-setiembre-madrid-ii-jornadas-cientificas-de-medicina-integrativa","status":"publish","type":"post","link":"https:\/\/marina.swarpeca.es\/revista\/29-y-30-setiembre-madrid-ii-jornadas-cientificas-de-medicina-integrativa\/","title":{"rendered":"29 y 30 setiembre, Madrid: II Jornadas Cient\u00edficas de Medicina Integrativa"},"content":{"rendered":"<p>\u201c<em>La indudable eficacia de las terapias complementarias y alternativas cuya ense\u00f1anza y promoci\u00f3n llevan d\u00e9cadas pidiendo la Organizaci\u00f3n Mundial de la Salud<\/em> (OMS) <em>y otros organismos internacionales<\/em> -explica la presidenta de la AESMI, la Dra. <strong>Esther de la Paz<\/strong> &#8211; <em>se est\u00e1 cuestionando \u00faltimamente en Espa\u00f1a y era pues necesario que los m\u00e9dicos integrativos, aquellos que aunamos su conocimiento con el convencional, nos pronunciemos p\u00fablicamente y expliquemos que muchas cuentan con estudios cient\u00edficos contrastados, con criterios de calidad y seguridad,\u00a0cuando no con una experiencia milenaria y\/o decenas de miles de casos cl\u00ednicos que las avalan<\/em>.<\/p>\n<p><em>Y adem\u00e1s de eficaces son seguras y carecen de los efectos secundarios no deseados de los f\u00e1rmacos<\/em>.<\/p>\n<p><em>Vamos a demostrarlo a lo largo de estas jornadas. Adem\u00e1s el uso que de ellas hacemos a diario miles de m\u00e9dicos de todo el mundo en nuestras consultas permite aliviar la carga de trabajo de los sistemas sanitarios, evitar la ingesta abusiva de f\u00e1rmacos meramente paliativos de efectos muy iatrog\u00e9nicos, mejorar la calidad de vida de los enfermos que acuden a nosotros y ayudarles a superar sus patolog\u00edas<\/em>\u00ab.\u00a0<\/p>\n<p>Las jornadas se inaugurar\u00e1n la tarde del <em> <strong>viernes 29<\/strong> <\/em> por la Dra. Esther de la Paz tras lo cual se dar\u00e1 directamente paso a la primera ponencia que titulada <em>La importancia de la alimentaci\u00f3n mediterr\u00e1nea en nuestra salud<\/em> ser\u00e1 dictada por el Dr. <strong>Bernardo Ebri<\/strong> explic\u00e1ndose en ella hasta qu\u00e9 punto una dieta correcta permite evitar enfermar, especialmente de c\u00e1ncer.<\/p>\n<p>Las dos ponencias restantes de esa tarde las pronunciar\u00e1n el Dr. <strong>Juan Pedro Ram\u00edrez<\/strong> que impartir\u00e1 la conferencia <em>Eliminaci\u00f3n de metales pesados y complementos<\/em> y la Dra. <strong>Remedios Mas<\/strong> con la titulada <em>Casos cl\u00ednicos de la cura de agua de mar<\/em>.<\/p>\n<p>Especialmente intensa ser\u00e1 la jornada del <em> <strong>s\u00e1bado 30<\/strong> <\/em>. A lo largo del d\u00eda se presentar\u00e1n casos cl\u00ednicos de curaciones conseguidas con el uso de distintas t\u00e9cnicas de medicina integrativa: casos de tr\u00e1quea, herpes zoster y una parapsoriasis (Dr. <strong>Santiago\u00a0de la Rosa<\/strong>), de disfunciones tiroideas (Dra. <strong>Teresa Lajo<\/strong>), de migra\u00f1as cr\u00f3nicas (Dr. <strong>Javier Alvarez<\/strong>), de patolog\u00edas osteoarticulares en animales (Dra. <strong>Coral Mateos<\/strong>), de vit\u00edligo (Dr. <strong>Luis Rekarte<\/strong>), de diversos casos cl\u00ednicos con Oncotherapia (Dra. <strong>Ester Ib\u00e1\u00f1ez<\/strong>), de patolog\u00edas digestivas tratadas con ozono (Dra. <strong>Blanca Colomer<\/strong>), de casos de Fatiga Cr\u00f3nica recuperados (Dr. <strong>Jos\u00e9 Alegre<\/strong>), de neuropat\u00edas (Dr. <strong>Antonio Bermudo<\/strong>), de casos odontoestomatol\u00f3gicos (Dra. <strong>Mercedes Cavalle<\/strong>), del uso terap\u00e9utico de la Sofrolog\u00eda y la relajaci\u00f3n (Dr. <strong>Jos\u00e9 P\u00e9rez<\/strong>) y de distintos casos de curaciones veterinarias tratados tambi\u00e9n de forma integrativa (Dra. <strong>Garc\u00eda Botey<\/strong>).<\/p>\n<p>Adem\u00e1s durante la jornada del s\u00e1bado el Dr. <strong>Paul Salazar<\/strong> intervendr\u00e1 con la ponencia <em>Activaci\u00f3n de la apoptosis celular tumoral mediada por prote\u00ednas: el FR-91<\/em> y el Dr. <strong>Alberto Mart\u00ed Bosch<\/strong> realizar\u00e1 una presentaci\u00f3n especial sobre la importancia de la dieta alcalina en los casos degenerativos [[<iframe loading=\"lazy\" width=\"560\" height=\"315\" src=\"https:\/\/www.youtube.com\/embed\/YSwLmwMnJrM?rel=0\" frameborder=\"0\" allowfullscreen><\/iframe><\/p>\n<p><strong>Dr. Alberto Mart\u00ed Bosch: Conferencia de C\u00e1ncer y su abordaje terap\u00e9utico integral<\/strong>]].<\/p>\n<p><strong>AESMI<\/strong><\/p>\n<p>(27 de setiembre de 2017)<\/p>\n<p>&#8211; <a href=\"https:\/\/marina.swarpeca.es\/revista\/IMG\/pdf\/programa_medicineoftheevidence_segundasjornadas29-30-09-2017.pdf\">Programa II Jornadas Medicina de la Evidencia Cases &#8211; Report en Medicina Integrativa<\/a>, Hotel VP Madro\u00f1o, Calle General D\u00edaz Porlier 101, Madrid, 29\/30-09-2017<\/p>\n<p>&#8211; <a href=\"https:\/\/marina.swarpeca.es\/revista\/IMG\/pdf\/ponentes_medicineoftheevidence_segundasjornadas29-30-09-2017.pdf\">Ponentes II Jornadas Medicina de la Evidencia Cases &#8211; Report en Medicina Integrativa<\/a>, Hotel VP Madro\u00f1o, Calle General D\u00edaz Porlier 101, Madrid, 29\/30-09-2017<\/p>\n","protected":false},"excerpt":{"rendered":"<p>La Asociaci\u00f3n Espa\u00f1ola de M\u00e9dicos Integrativos (AESMI) celebra en Madrid los d\u00edas 29 y 30 de septiembre de 2017 sus segundas jornadas cient\u00edficas con el lema <em>Medicina Integrativa, Medicina Basada en la Evidencia: Casos Cl\u00ednicos<\/em> con el principal objetivo de presentar trabajos y pruebas cl\u00ednicas que avalan el uso en la pr\u00e1ctica m\u00e9dica diaria de las terapias complementarias o t\u00e9cnicas m\u00e9dicas no convencionales.<\/p>\n","protected":false},"author":1,"featured_media":2685,"comment_status":"closed","ping_status":"open","sticky":false,"template":"","format":"standard","meta":{"footnotes":""},"categories":[27],"tags":[],"_links":{"self":[{"href":"https:\/\/marina.swarpeca.es\/revista\/wp-json\/wp\/v2\/posts\/2686"}],"collection":[{"href":"https:\/\/marina.swarpeca.es\/revista\/wp-json\/wp\/v2\/posts"}],"about":[{"href":"https:\/\/marina.swarpeca.es\/revista\/wp-json\/wp\/v2\/types\/post"}],"author":[{"embeddable":true,"href":"https:\/\/marina.swarpeca.es\/revista\/wp-json\/wp\/v2\/users\/1"}],"replies":[{"embeddable":true,"href":"https:\/\/marina.swarpeca.es\/revista\/wp-json\/wp\/v2\/comments?post=2686"}],"version-history":[{"count":0,"href":"https:\/\/marina.swarpeca.es\/revista\/wp-json\/wp\/v2\/posts\/2686\/revisions"}],"wp:featuredmedia":[{"embeddable":true,"href":"https:\/\/marina.swarpeca.es\/revista\/wp-json\/wp\/v2\/media\/2685"}],"wp:attachment":[{"href":"https:\/\/marina.swarpeca.es\/revista\/wp-json\/wp\/v2\/media?parent=2686"}],"wp:term":[{"taxonomy":"category","embeddable":true,"href":"https:\/\/marina.swarpeca.es\/revista\/wp-json\/wp\/v2\/categories?post=2686"},{"taxonomy":"post_tag","embeddable":true,"href":"https:\/\/marina.swarpeca.es\/revista\/wp-json\/wp\/v2\/tags?post=2686"}],"curies":[{"name":"wp","href":"https:\/\/api.w.org\/{rel}","templated":true}]}}