{"id":2636,"date":"2016-10-19T18:12:00","date_gmt":"2016-10-19T18:12:00","guid":{"rendered":"https:\/\/marina.swarpeca.es\/revista\/2016\/10\/19\/biocultura-2016-madrid-ifema-10-al-13-de-noviembre\/"},"modified":"2016-10-19T18:12:00","modified_gmt":"2016-10-19T18:12:00","slug":"biocultura-2016-madrid-ifema-10-al-13-de-noviembre","status":"publish","type":"post","link":"https:\/\/marina.swarpeca.es\/revista\/biocultura-2016-madrid-ifema-10-al-13-de-noviembre\/","title":{"rendered":"BioCultura 2016 Madrid: Ifema 10 al 13 de noviembre"},"content":{"rendered":"<p>BioCultura. Feria Internacional de Productos Ecol\u00f3gicos y Consumo Responsable.<\/p>\n<p>Feria de Madrid &#8211; IFEMA<\/p>\n<p>Del 10 al 13 de noviembre 2016<\/p>\n<p>32\u00aa Edici\u00f3n<\/p>\n<p><strong>Biocultura Madrid: Toda una vida en las trincheras<\/strong><\/p>\n<p>BioCultura Madrid llega de nuevo a IFEMA del 10 al 13 de noviembre. La cita anual imprescindible, cada oto\u00f1o, del mundo \u201cbio\u201d con la capital del Estado, una cita que no ha fallado ni una sola vez desde hace 32 a\u00f1os. Este a\u00f1o, muchas novedades, ilusiones renovadas y muchas ganas de seguir abriendo caminos \u2026 M\u00e1s de tres d\u00e9cadas en la brecha. Sin desmayo. Luchando por llevar la alimentaci\u00f3n ecol\u00f3gica a los hogares; por dar a conocer las terapias alternativas; por informar sobre cosm\u00e9tica ecol\u00f3gica, bioconstrucci\u00f3n, otras formas de educar, otras formas de sanar \u2026<\/p>\n<p>Ahora, todo el mundo es \u201cbio\u201d. Pero hace tres d\u00e9cadas hablar de alimentos ecol\u00f3gicos era como hablar en el desierto. \u00c1ngeles Parra, directora de la feria, ha dicho: \u201c<em>No nos entristece que ahora todo el mundo quiera apuntarse al carro. Al contrario, nos alegramos. Pero no nos olvidemos de que todo esto naci\u00f3 con una esencia muy concreta. Que no se pierda. Nosotros vamos a trabajar intensamente para que nadie lo olvide de lo que significa trabajar en pos de la regeneraci\u00f3n del planeta<\/em>\u201d.<\/p>\n<p><strong>La ilusi\u00f3n<\/strong><\/p>\n<p>Por ello y por muchas cosas m\u00e1s, dice Parra, \u201c<em>seguimos teniendo la misma ilusi\u00f3n que al principio, y trabajamos renovadamente con el mismo tes\u00f3n, aunque con m\u00e1s profesionalidad, hemos aprendido mucho, y seguimos estando atentos. Seguimos queriendo que los alimentos ecol\u00f3gicos, esos tesoros, lleguen a todas las casas. Y que lleguen acompa\u00f1ados de la consciencia, de la responsabilidad, de la \u00e9tica y de una visi\u00f3n hol\u00edstica de los problemas que nos asolan personalmente y como especie<\/em>\u201d.<\/p>\n<figure id=\"attachment_2632\" aria-describedby=\"caption-attachment-2632\" style=\"width: 668px\" class=\"wp-caption alignnone\"><img loading=\"lazy\" decoding=\"async\" class=\" size-full wp-image-2632\" src=\"https:\/\/marina.swarpeca.es\/revista\/wp-content\/uploads\/2016\/10\/biocultura_madrid_2016.jpg\" alt=\"biocultura\" title=\"biocultura\" class=\"caption\" width=\"668\" height=\"289\" srcset=\"https:\/\/marina.swarpeca.es\/revista\/wp-content\/uploads\/2016\/10\/biocultura_madrid_2016.jpg 668w, https:\/\/marina.swarpeca.es\/revista\/wp-content\/uploads\/2016\/10\/biocultura_madrid_2016-300x130.jpg 300w\" sizes=\"(max-width: 668px) 100vw, 668px\" \/><figcaption id=\"caption-attachment-2632\" class=\"wp-caption-text\">biocultura<\/figcaption><\/figure>\n<p><strong>En los medios<\/strong><\/p>\n<p>Por eso, se\u00f1ala la directora de BioCultura, \u201c<em>volvemos a estar aqu\u00ed, en Madrid, para que la alimentaci\u00f3n org\u00e1nica aparezca en los medios y se haga un hueco en la sociedad, con la esperanza de que, alg\u00fan d\u00eda, estos alimentos sean lo normal y no lo excepcional. Para eso, hemos montado esta feria enorme y m\u00e1s de 350 actividades paralelas. Sin descanso. Sin tregua. Vale la pena. No estamos aqu\u00ed por vanidad ni por af\u00e1n de lucro ni por nada parecido. Solo nos mueve nuestro amor por la Naturaleza, por la salud y por la libertad. Tenemos grandes enemigos delante, estados, ej\u00e9rcitos, grandes compa\u00f1\u00edas, banqueros \u2026 Pero nuestra energ\u00eda es apabullante. Y nuestra ilusi\u00f3n tambi\u00e9n<\/em>\u201d. Se\u00f1ores y se\u00f1oras: BioCultura abre sus puertas \u2026 Pasen a este oasis oto\u00f1al: nuestros sue\u00f1os se han hecho realidad.<\/p>\n<figure id=\"attachment_2633\" aria-describedby=\"caption-attachment-2633\" style=\"width: 930px\" class=\"wp-caption alignnone\"><img loading=\"lazy\" decoding=\"async\" class=\" size-full wp-image-2633\" src=\"https:\/\/marina.swarpeca.es\/revista\/wp-content\/uploads\/2016\/10\/cabecera_madrid.jpg\" alt=\"biocultura madrid 2016\" title=\"biocultura madrid 2016\" class=\"caption\" width=\"930\" height=\"338\" srcset=\"https:\/\/marina.swarpeca.es\/revista\/wp-content\/uploads\/2016\/10\/cabecera_madrid.jpg 930w, https:\/\/marina.swarpeca.es\/revista\/wp-content\/uploads\/2016\/10\/cabecera_madrid-300x109.jpg 300w, https:\/\/marina.swarpeca.es\/revista\/wp-content\/uploads\/2016\/10\/cabecera_madrid-768x279.jpg 768w\" sizes=\"(max-width: 930px) 100vw, 930px\" \/><figcaption id=\"caption-attachment-2633\" class=\"wp-caption-text\">biocultura madrid 2016<\/figcaption><\/figure>\n<p><strong>Toma nota<\/strong><\/p>\n<p>D\u00f3nde: IFEMA<\/p>\n<p>Cu\u00e1ndo: del 10 al 13 de noviembre<\/p>\n<p>Horarios: de 10 a 20h<\/p>\n<p><strong>Info Biocultura<\/strong><\/p>\n<p><a href=\"https:\/\/marina.swarpeca.es\/revista\/wp-content\/uploads\/2016\/10\/infobio67.pdf\">info BioCultura, octubre-noviembre-diciembre 2016<\/a><\/p>\n<p>El suplemento \u00abBioCultura Info\u00bb, que se encarta cada trimestre en la revista \u00ab<em>The Ecologist<\/em>\u00ab, ya est\u00e1 aqu\u00ed. Encontrar\u00e1s entrevistas (Blanca Ruibal, de Amigos de la Tierra; Juan Cantos, autor de \u00abCuando est\u00e9s enfermo c\u00farate con los alimentos crudos y otras pr\u00e1cticas naturistas\u00bb; Josefina Llargu\u00e9s, autora de \u00abSlow Fast Food: alimentar el cuerpo y las emociones\u00bb; Jos\u00e9 Coronado, actor &#8230;), reportajes (el potencial \u00abbio\u00bb alem\u00e1n, por Inge Wenzl; Amrita Organics &#8230;), art\u00edculos de opini\u00f3n (Joaqu\u00edn Albaic\u00edn, El bar\u00f3n rampante &#8230;). Todo lo que gira en torno a BioCultura y sus universos paralelos y mucho m\u00e1s &#8230;<\/p>\n<p>&#8211; <a href=\"https:\/\/marina.swarpeca.es\/revista\/IMG\/pdf\/infobio67.pdf\">Descargar Info BioCultura<\/a><\/p>\n<p><strong>Gu\u00eda de actividades<\/strong><\/p>\n<p><a href=\"https:\/\/marina.swarpeca.es\/revista\/wp-content\/uploads\/2016\/10\/guia_actividades_madrid_2016pdf.pdf\">Gu\u00eda de actividades BioCultura Madrid Ifema 10\/13-11-2016<\/a><\/p>\n<p>La feria de BioCultura Madrid llega cargada de actividades que nos dar\u00e1n las claves para llevar una vida m\u00e1s sana y contribuir a crear un mundo sostenible. Talleres como el showcooking, a trav\u00e9s del que aprenderemos a elaborar deliciosos platos con productos ecol\u00f3gicos. Actividades de ecoest\u00e9tica para cuidar nuestro cuerpo por dentro y por fuera. Nos acercaremos a todas las novedades en el sector textil a trav\u00e9s de Planeta Moda y el festival MamaTerra traer\u00e1 un mont\u00f3n de actividades para los m\u00e1s peque\u00f1os. Adem\u00e1s, habr\u00e1 conferencias, debates, entrevistas en p\u00fablico y ponencias cient\u00edficas.<\/p>\n<p>&#8211; <a href=\"https:\/\/marina.swarpeca.es\/revista\/IMG\/pdf\/guia_actividades_madrid_2016pdf.pdf\">Descargar Gu\u00eda de actividades<\/a><\/p>\n<p><strong>Actividades destacadas por la organizaci\u00f3n<\/strong><\/p>\n<p>&#8211; <a href=\"https:\/\/marina.swarpeca.es\/revista\/IMG\/pdf\/showcooking-3.pdf\">Show Cooking EcoGastron\u00f3mico<\/a>: Talleres de nutrici\u00f3n y cocina ideales para aprender recetas saludables y de lo m\u00e1s deliciosas.<\/p>\n<p>&#8211; <a href=\"https:\/\/marina.swarpeca.es\/revista\/IMG\/pdf\/planeta_moda_y_ecoestetica.pdf\">Talleres Planeta Moda &#038; Ecoest\u00e9tica<\/a>: La feria llega cargada de novedades en el sector textil: encontrar\u00e1s nuevas propuestas y profesionales del sector te dar\u00e1n consejos para comenzar a construir tu eco-armario. La feria te ofrece una gran variedad de actividades relacionadas con la cosm\u00e9tica ecol\u00f3gica. Echa un vistazo al calendario y ap\u00fantatelas.<\/p>\n<p>&#8211; <a href=\"https:\/\/marina.swarpeca.es\/revista\/IMG\/pdf\/mamaterra.pdf\">MamaTerra<\/a>: El festival ecol\u00f3gico de la infancia ofrece una gran variedad de actividades l\u00fadico-educativas para que los m\u00e1s peque\u00f1os se diviertan en valores bio.<\/p>\n<p>&#8211; <a href=\"https:\/\/marina.swarpeca.es\/revista\/IMG\/pdf\/nanas_del_mundo_madrid.pdf\">Festivalito Nanas del Mundo<\/a>: Vuelve a MamaTerra el Festivalito de Nanas del Mundo, en esta ocasi\u00f3n con artistas bien diferentes unidos por la m\u00fasica que acuna.<\/p>\n<p>&#8211; <a href=\"https:\/\/marina.swarpeca.es\/revista\/IMG\/pdf\/festival_ecovegano.pdf\">Festival Eco Vegano<\/a>: Cada vez hay m\u00e1s personas que se unen a la filosof\u00eda vegana preocupadas por su impacto en el entorno. El festival trae showcookings y charlas sobre esta tem\u00e1tica.<\/p>\n<p>&#8211; <a href=\"https:\/\/marina.swarpeca.es\/revista\/IMG\/pdf\/jornadas_profesionales1.pdf\">Jornadas profesionales<\/a>: \u00bfQu\u00e9 conviene saber antes de abrir una Tienda Bio? \u00bfC\u00f3mo mejorar su gesti\u00f3n? Jornadas profesionales.<\/p>\n<p>&#8211; <a href=\"https:\/\/marina.swarpeca.es\/revista\/IMG\/pdf\/festival_cine_bio_madrid.pdf\">Festival de Cine Bio<\/a>: El cine con alma vuelve a BioCultura Madrid. Se proyectar\u00e1n &#8216;<em>Vivir sin parar<\/em>&#8216;, &#8216;<em>La canci\u00f3n del mar<\/em>&#8216;, &#8216;<em>Blackfish<\/em>&#8216; y &#8216;<em>Ma\u00f1ana<\/em>&#8216; de forma gratuita para todos los asistentes.<\/p>\n<p>&#8211; <a href=\"https:\/\/marina.swarpeca.es\/revista\/IMG\/pdf\/bioconstruccion.pdf\">Jornadas de BioConstrucci\u00f3n<\/a>: Jornadas de arquitectura ecol\u00f3gica y rehabilitaci\u00f3n para acercar a los asistentes a la importancia de vivir en un hogar sano.<\/p>\n<p>&#8211; <a href=\"https:\/\/marina.swarpeca.es\/revista\/IMG\/pdf\/nuevos_modelosc_economicos.pdf\">Nuevos modelos econ\u00f3micos<\/a>: Jornada pr\u00e1ctica y participativa sobre c\u00f3mo llevar unos h\u00e1bitos de consumo que ayuden a transformar en positivo nuestra vida.<\/p>\n<p>(19 de octubre de 2016)<\/p>\n","protected":false},"excerpt":{"rendered":"<p>La feria de productos ecol\u00f3gicos y consumo responsable m\u00e1s importante del estado espa\u00f1ol espera la participaci\u00f3n de m\u00e1s de 700 expositores y una visita superior de las 80.000 personas. M\u00e1s de 18.000 referencias de productos de alimentaci\u00f3n ecol\u00f3gica forman el mayor sector de la feria, acompa\u00f1ado de otros sectores como son productos para la higiene y la cosm\u00e9tica con ingredientes certificados; textil org\u00e1nico; ecomateriales, muebles y decoraci\u00f3n para la vivienda; energ\u00edas renovables; terapias y medicinas complementarias; ahorro y reciclaje; ecolog\u00eda; medio ambiente; turismo rural y casas de reposo; juguetes; artesan\u00edas; m\u00fasica; libros y revistas.<\/p>\n","protected":false},"author":1,"featured_media":2631,"comment_status":"closed","ping_status":"open","sticky":false,"template":"","format":"standard","meta":{"footnotes":""},"categories":[27],"tags":[],"_links":{"self":[{"href":"https:\/\/marina.swarpeca.es\/revista\/wp-json\/wp\/v2\/posts\/2636"}],"collection":[{"href":"https:\/\/marina.swarpeca.es\/revista\/wp-json\/wp\/v2\/posts"}],"about":[{"href":"https:\/\/marina.swarpeca.es\/revista\/wp-json\/wp\/v2\/types\/post"}],"author":[{"embeddable":true,"href":"https:\/\/marina.swarpeca.es\/revista\/wp-json\/wp\/v2\/users\/1"}],"replies":[{"embeddable":true,"href":"https:\/\/marina.swarpeca.es\/revista\/wp-json\/wp\/v2\/comments?post=2636"}],"version-history":[{"count":0,"href":"https:\/\/marina.swarpeca.es\/revista\/wp-json\/wp\/v2\/posts\/2636\/revisions"}],"wp:featuredmedia":[{"embeddable":true,"href":"https:\/\/marina.swarpeca.es\/revista\/wp-json\/wp\/v2\/media\/2631"}],"wp:attachment":[{"href":"https:\/\/marina.swarpeca.es\/revista\/wp-json\/wp\/v2\/media?parent=2636"}],"wp:term":[{"taxonomy":"category","embeddable":true,"href":"https:\/\/marina.swarpeca.es\/revista\/wp-json\/wp\/v2\/categories?post=2636"},{"taxonomy":"post_tag","embeddable":true,"href":"https:\/\/marina.swarpeca.es\/revista\/wp-json\/wp\/v2\/tags?post=2636"}],"curies":[{"name":"wp","href":"https:\/\/api.w.org\/{rel}","templated":true}]}}