{"id":2586,"date":"2015-10-22T03:32:03","date_gmt":"2015-10-22T03:32:03","guid":{"rendered":"https:\/\/marina.swarpeca.es\/revista\/2015\/10\/22\/guia-de-actividades-biocultura-2015-madrid-ifema-12-al-15-de-noviembre\/"},"modified":"2015-10-22T03:32:03","modified_gmt":"2015-10-22T03:32:03","slug":"guia-de-actividades-biocultura-2015-madrid-ifema-12-al-15-de-noviembre","status":"publish","type":"post","link":"https:\/\/marina.swarpeca.es\/revista\/guia-de-actividades-biocultura-2015-madrid-ifema-12-al-15-de-noviembre\/","title":{"rendered":"Gu\u00eda de actividades Biocultura 2015 Madrid (IFEMA, 12 al 15 de noviembre)"},"content":{"rendered":"<p>&#8211; <a href=\"https:\/\/marina.swarpeca.es\/revista\/IMG\/pdf\/biocultura15madridguia.pdf\">Descarga la Gu\u00eda de Actividades de Madrid<\/a>.<\/p>\n<p>BioCultura. Feria Internacional de Productos Ecol\u00f3gicos y Consumo Responsable.<\/p>\n<p>Feria de Madrid &#8211; IFEMA<\/p>\n<p>Del 12 al 15 de noviembre 2015<\/p>\n<p>31\u00aa Edici\u00f3n<\/p>\n<p>La feria de productos ecol\u00f3gicos y consumo responsable m\u00e1s importante del estado espa\u00f1ol espera la participaci\u00f3n de m\u00e1s de 700 expositores y una visita superior de las 80.000 personas. M\u00e1s de 18.000 referencias de productos de alimentaci\u00f3n ecol\u00f3gica forman el mayor sector de la feria, acompa\u00f1ado de otros sectores como son productos para la higiene y la cosm\u00e9tica con ingredientes certificados; textil org\u00e1nico; ecomateriales, muebles y decoraci\u00f3n para la vivienda; energ\u00edas renovables; terapias y medicinas complementarias; ahorro y reciclaje; ecolog\u00eda; medio ambiente; turismo rural y casas de reposo; juguetes; artesan\u00edas; m\u00fasica; libros y revistas.<\/p>\n<p><strong>Horario<\/strong>: del 12 al 15 de noviembre, de 10 a 20 h.<\/p>\n<p><strong>Tipos de entradas y tarifas<\/strong>:<\/p>\n<p>Adulto: 6 euros<\/p>\n<p>Ni\u00f1os menores de 6 a\u00f1os: gratis<\/p>\n<p>Ni\u00f1os de 6 a 12 a\u00f1os: 3 euros<\/p>\n<p>Socios de Vida Sana: gratis<\/p>\n<p>Profesionales del sector \u00abacreditados\u00bb: gratis<\/p>\n<p>Compra anticipada de entradas: Puedes comprar entradas anticipadas y acceder a promociones para jueves y viernes. Las promociones no son acumulables<\/p>\n<p>Existe la posibilidad de comprar un pase para los 4 d\u00edas de la feria por 15 euros.<br \/>\nLa entrada da derecho a visitar la Feria y participar de todas las actividades que se celebran en la feria, incluido el Festival de la Infancia MamaTerra<\/p>\n<p><strong>Grupos organizados<\/strong> La Organizaci\u00f3n de BioCultura pone a disposici\u00f3n de los visitantes, la opci\u00f3n de realizar una visita a la feria en grupos organizados tramitados a trav\u00e9s de una entidad como Escuelas de Formaci\u00f3n, Colegios, Asociaciones, etc. <\/p>\n<p>&#8211; <a href=\"https:\/\/marina.swarpeca.es\/revista\/IMG\/pdf\/biocultura-grupos.pdf\">Pautas visita grupos<\/a><\/p>\n<p><a href=\"https:\/\/marina.swarpeca.es\/revista\/wp-content\/uploads\/2015\/10\/mamaterra_guia_madrid2015.pdf\">Mama Terra festival ecol\u00f3gico de la infancia 2015 &#8211; Madrid IFEMA 12-15 noviembre<\/a><\/p>\n<p>&#8211; <a href=\"https:\/\/marina.swarpeca.es\/revista\/IMG\/pdf\/mamaterra_guia_madrid2015.pdf\">MamaTerra<\/a>: El festival ecol\u00f3gico de la infancia ofrece una gran variedad de actividades l\u00fadico-educativas para que los m\u00e1s peque\u00f1os se diviertan en valores bio.<\/p>\n<p>(22 de octubre de 2015)<\/p>\n<p>&#8211; El <strong>diario de BioCultura Madrid<\/strong> ya est\u00e1 disponible. En \u00e9l encontrar\u00e1s art\u00edculos de opini\u00f3n (Fabian Breinsiger \u2013sector \u201cbio\u201d \u2013, El bar\u00f3n rampante, Montse Escutia y Nuria Alonso \u2013certificaci\u00f3n de cosm\u00e9tica ecol\u00f3gica\u2013\u2026), reportajes (showcooking de BioCultura, educaci\u00f3n integral en Tekos \u2013Dolores Rubio\u2013, enfermedades mentales en la sociedad moderna),  entrevistas (Antonio Ruiz Heredia \u2013El Molino de Arriba\u2013, Sara Mu\u00f1oz \u2013El Granero Integral\u2013, el doctor Miquel Pros,  Marc Raulin \u2013La Colmena Que Dice S\u00ed\u2013, Paloma Villaamil \u2013El Huerto de Lucas\u2013, Odile Fern\u00e1ndez \u2013y sus recetas \u201cantic\u00e1ncer\u201d \u2013)\u2026 Y much\u00edsimas cosas m\u00e1s en torno a BioCultura Madrid y todo lo que pasar\u00e1 en la feria, en IFEMA, del 12 al 15 de noviembre, sin olvidar las novedades de Planeta Moda, las jornadas sobre fibromialgia, SQM, etc. Adel\u00e1ntate y ves a la feria con toda la informaci\u00f3n necesaria <a href=\"https:\/\/marina.swarpeca.es\/revista\/IMG\/pdf\/diario_biocultura_madrid2015.pdf\">Desc\u00e1rgatelo<\/a><\/p>\n<p><a href=\"https:\/\/marina.swarpeca.es\/revista\/wp-content\/uploads\/2015\/10\/infobiocultura63.pdf\">info BioCultura 63, octubre-diciembre 2015<\/a><\/p>\n<p><a href=\"https:\/\/marina.swarpeca.es\/revista\/wp-content\/uploads\/2015\/10\/infobiocultura_62.pdf\">info BioCultura 62, julio-setiembre 2015<\/a><\/p>\n<p>(23 de octubre de 2015)<\/p>\n","protected":false},"excerpt":{"rendered":"<p><em>La feria de BioCultura Madrid llega cargada de actividades que nos dar\u00e1n las claves para llevar una vida m\u00e1s sana y contribuir a crear un mundo sostenible. Talleres como el showcooking, a trav\u00e9s del que aprenderemos a elaborar deliciosos platos con productos ecol\u00f3gicos. Actividades de ecoest\u00e9tica para cuidar nuestro cuerpo por dentro y por fuera. Nos acercaremos a todas las novedades en el sector textil a trav\u00e9s de Planeta Moda y el festival MamaTerra traer\u00e1 un mont\u00f3n de actividades para los m\u00e1s peque\u00f1os. Adem\u00e1s, habr\u00e1 conferencias, debates, entrevistas en p\u00fablico y ponencias cient\u00edficas.<\/em><\/p>\n","protected":false},"author":1,"featured_media":2582,"comment_status":"closed","ping_status":"open","sticky":false,"template":"","format":"standard","meta":{"footnotes":""},"categories":[27],"tags":[],"_links":{"self":[{"href":"https:\/\/marina.swarpeca.es\/revista\/wp-json\/wp\/v2\/posts\/2586"}],"collection":[{"href":"https:\/\/marina.swarpeca.es\/revista\/wp-json\/wp\/v2\/posts"}],"about":[{"href":"https:\/\/marina.swarpeca.es\/revista\/wp-json\/wp\/v2\/types\/post"}],"author":[{"embeddable":true,"href":"https:\/\/marina.swarpeca.es\/revista\/wp-json\/wp\/v2\/users\/1"}],"replies":[{"embeddable":true,"href":"https:\/\/marina.swarpeca.es\/revista\/wp-json\/wp\/v2\/comments?post=2586"}],"version-history":[{"count":0,"href":"https:\/\/marina.swarpeca.es\/revista\/wp-json\/wp\/v2\/posts\/2586\/revisions"}],"wp:featuredmedia":[{"embeddable":true,"href":"https:\/\/marina.swarpeca.es\/revista\/wp-json\/wp\/v2\/media\/2582"}],"wp:attachment":[{"href":"https:\/\/marina.swarpeca.es\/revista\/wp-json\/wp\/v2\/media?parent=2586"}],"wp:term":[{"taxonomy":"category","embeddable":true,"href":"https:\/\/marina.swarpeca.es\/revista\/wp-json\/wp\/v2\/categories?post=2586"},{"taxonomy":"post_tag","embeddable":true,"href":"https:\/\/marina.swarpeca.es\/revista\/wp-json\/wp\/v2\/tags?post=2586"}],"curies":[{"name":"wp","href":"https:\/\/api.w.org\/{rel}","templated":true}]}}