{"id":2508,"date":"2015-05-28T15:39:33","date_gmt":"2015-05-28T15:39:33","guid":{"rendered":"https:\/\/marina.swarpeca.es\/revista\/2015\/05\/28\/viii-congreso-internacional-de-medicina-ambiental-5-7-junio-2015-brunete-madrid\/"},"modified":"2015-05-28T15:39:33","modified_gmt":"2015-05-28T15:39:33","slug":"viii-congreso-internacional-de-medicina-ambiental-5-7-junio-2015-brunete-madrid","status":"publish","type":"post","link":"https:\/\/marina.swarpeca.es\/revista\/viii-congreso-internacional-de-medicina-ambiental-5-7-junio-2015-brunete-madrid\/","title":{"rendered":"VIII Congreso Internacional de Medicina Ambiental: 5-7 junio 2015, Brunete (Madrid)"},"content":{"rendered":"\n<p>\u00a0<\/p>\n<p>Entre el 5 y el 7 de junio los mejores especialistas de todo el mundo compartir\u00e1n sus \u00faltimos avances en investigaci\u00f3n y experiencia cl\u00ednica con los asistentes en el mejor lugar para hacerlo: la sede de la Fundaci\u00f3n Alborada en Brunete, un lugar libre de t\u00f3xicos qu\u00edmicos en plena Naturaleza.\u00a0La Dra.\u00a0Pilar Mu\u00f1oz-Calero Peregr\u00edn\u00a0[[<strong>Carta de la Dra. Mu\u00f1oz-Calero a sus Pacientes (19\/04\/2011) Parte I<\/strong><\/p>\n<p><strong>Persecuci\u00f3n mundial de los M\u00e9dicos que practican la Medicina Ambiental<\/strong><\/p>\n<p>Estimados pacientes, familiares de pacientes y amigos de la Medicina Ambiental:<\/p>\n<p>Quiero informaros de los hechos que est\u00e1n sucediendo y ponen en peligro el derecho de todos a elegir el tratamiento m\u00e9dico que m\u00e1s nos ayude a recuperar la salud. Estamos ante una persecuci\u00f3n sistem\u00e1tica en todo el mundo contra la Medicina Ambiental y los m\u00e9dicos que la practican. La persecuci\u00f3n tiene un patr\u00f3n com\u00fan, como ya ha sucedido tambi\u00e9n en Estados Unidos y Canad\u00e1, y persigue un \u00fanico objetivo: Que no exista la alternativa para poder elegir tratamiento las personas intoxicadas o da\u00f1adas por los t\u00f3xicos y no se presione a la industria para que los retire del mercado, ni se le pida responsabilidades por los da\u00f1os que ocasiona lo que produce. Es una simple batalla de intereses econ\u00f3micos en la cual, los que pueden certificar que el da\u00f1o existe, porque existe el da\u00f1ado, son los m\u00e9dicos, sustituy\u00e9ndose en este caso el \u201cmatar al mensajero\u201d que trae malas noticias por \u201cmatar al m\u00e9dico\u201d, porque su diagn\u00f3stico demuestra que hay responsables p\u00fablicos &#8230;<br \/>\n&#8230; por permitir fabricar t\u00f3xicos, y que estos se vendan, por no cumplir con su obligaci\u00f3n de detener esta grave agresi\u00f3n al organismo y por no dar a los afectados tratamiento ni compensaci\u00f3n econ\u00f3mica ante el da\u00f1o sufrido.<\/p>\n<p>En el Hospital Clinic de Barcelona se diagnosticaba la Sensibilidad Qu\u00edmica M\u00faltiple desde hace tiempo. Era el centro de referencia para las personas cuya integridad funcional y a menudo tambi\u00e9n org\u00e1nica hab\u00eda sido violada y destruida por los t\u00f3xicos. Recib\u00edan a m\u00e1s de 300 nuevos pacientes al a\u00f1o y este n\u00famero ha seguido aumentando de forma progresiva. Pacientes de cualquier edad eran diagnosticados y se reconoc\u00eda as\u00ed su dolor y encontraban consuelo al saber que sus raros s\u00edntomas y el malestar que sent\u00edan no era la locura que otros m\u00e9dicos desconocedores del s\u00edndrome de SQM les achacaban.<\/p>\n<p>Ahora en el Clinic ya no hay m\u00e1s casos de SQM, ha sido prohibido su diagn\u00f3stico. Desde que celebramos el Primer Congreso Internacional de Medicina Ambiental en el a\u00f1o 2006, hemos avanzado mucho sobre su conocimiento por parte de m\u00e9dicos, pacientes y sus familiares, sobre este riesgo potencial de que nuestras vidas cambien de repente y de forma total. Sabemos ya con absoluta certeza que todos podemos resultar afectados en cualquier momento, tan pronto rebasemos la gota de t\u00f3xico que sature nuestro sistema y nos haga perder la homeostasis del organismo, sin que nadie se preocupe para que se nos aplique si ello sucede el tratamiento que necesitamos.<\/p>\n<p>\u00bfQui\u00e9n ha decretado que no se diagnostique m\u00e1s la SQM en el Clinic? \u00bfPor qu\u00e9 razones? Est\u00e1n violando nuestro derecho a la salud y a la atenci\u00f3n m\u00e9dica garantizado en la Constituci\u00f3n y adem\u00e1s est\u00e1n ocultando una enfermedad simplemente porque les ocasiona grandes problemas. En realidad no niegan -porque la misma existe-, pero nos privan del derecho al tratamiento adecuado y a las compensaciones merecidas. Los pacientes que han sido agredidos por los t\u00f3xicos no quieren limosnas en forma de pensiones compensatorias rid\u00edculas, tienen derecho a una vida digna y plena y a la salud para gozar de ella y ser a la vez ciudadanos de pleno derecho, ciudadanos activos co-creando un mundo mejor.<\/p>\n<p>La forma en la que se persigue sistem\u00e1ticamente a los m\u00e9dicos que practican la Medicina Ambiental y a otros profesionales de las llamadas medicinas alternativas o complementarias es la siguiente:<\/p>\n<p>1. Se les acusa de poner en \u201criesgo la salud p\u00fablica\u201d, cuando estas medicinas en su pr\u00e1ctica totalidad son vitaminas, minerales y nutrientes que han sido calificados por el propio Sistema Sanitario como beneficiosos para el organismo, tratando a los m\u00e9dicos que las prescriben como terroristas de la salud. \u00bfHan le\u00eddo por curiosidad la lista de efectos secundarios de la mayor\u00eda de medicamentos \u201cconvencionales\u201d? <\/p>\n<p>2. Se les inspecciona y juzga bas\u00e1ndose en informes de m\u00e9dicos y otros t\u00e9cnicos sanitarios que desconocen la enfermedad y los protocolos de actuaci\u00f3n que durante d\u00e9cadas han demostrado ya su eficacia en otros pa\u00edses de la Uni\u00f3n Europea y resto del mundo, careciendo por tanto de experiencia cl\u00ednica para valorar si son adecuados o no. Los peritos m\u00e9dicos que valoran la actuaci\u00f3n de especialistas en Medicina Ambiental, Homeop\u00e1tica o Integrativa nunca estar\u00e1n cualificados para emitir un dictamen objetivo si no han estudiado y practicado estas especialidades. Su actuaci\u00f3n es un cuando menos irresponsable, si no llega a convertirse en abuso de poder contra los Doctores en Medicina oficialmente formados y legalmente acreditados en dicha especialidad. <\/p>\n<p>3. Se invierte esfuerzo y dinero, a veces hasta dinero p\u00fablico, en denostar su imagen profesional acus\u00e1ndoles de charlatanes, pseudos cient\u00edficos y otras barbaridades a pesar de sus m\u00faltiples titulaciones y su esmerado empe\u00f1o en profundizar en el conocimiento de estas nuevas patolog\u00edas que da\u00f1an nuestra salud. <\/p>\n<p>4. Se utilizan \u201cpacientes esp\u00edas\u201d que motivados por oscuras razones, se supone que monetarias en muchos casos, acceden a ser los denunciantes de acusaciones falsas contra los m\u00e9dicos que en no pocas ocasiones han hecho incluso un gran bien a su salud. En algunos supuestos tales pacientes ni siquiera han estado en la consulta de los m\u00e9dicos denunciados o han acudido a las mismas con el prop\u00f3sito de sembrar la discordia y ganarse adeptos para la denuncia prevista, so pretexto de futuras indemnizaciones, pero una vez sembrada la duda la reputaci\u00f3n del m\u00e9dico ya est\u00e1 da\u00f1ada, circulando por Internet y otros foros como verdadera la falsa denuncia que interpusieron. <\/p>\n<p>Como dijera el 18\/09\/2007 el responsable del Centro de Tratamiento de la SQM m\u00e1s antiguo Dr. Don William Rea cuando tambi\u00e9n result\u00f3 atacado: \u201cDesgraciadamente mi caso no es el \u00fanico. Recientemente en los estados Unidos ha habido un intento organizado de quitar las licencias a los m\u00e9dicos que se atreven a practicar medicinas alternativas\u201d. El gan\u00f3, pero aqu\u00ed hasta la fecha los Tribunales no han querido siquiera suspender los orden de la Consejer\u00eda de Sanidad que paraliz\u00f3 nuestra actividad, mientras se tramita el recurso que pide se acuerde la nulidad de tal orden por arbitraria \u00bfPodremos continuar?<\/p>\n<p><strong>Dr\u00aa Pilar Mu\u00f1oz-Calero Peregrin<\/strong><\/p>\n<p><a href=\"https:\/\/marina.swarpeca.es\/revista\/IMG\/pdf\/munoz-calero_alborada.pdf\">Fundaci\u00f3n Alborada<\/p>\n<p>Cartas, comunicados, documentos, art\u00edculos<\/a>.]] es la directora del Centro de Medicina Ambiental de la Fundaci\u00f3n Alborada y organizadora del Congreso.\u00a0Es doctora en Medicina, especializada en Pediatr\u00eda, Neonatolog\u00eda, Estomatolog\u00eda y Adicciones. Experta en medicina ambiental. Ha sido directora durante ocho a\u00f1os de la Cl\u00ednica El Olivar para el tratamiento de la enfermedad\u00a0de la adicci\u00f3n. Presidenta y directora de la Consulta de Medicina Ambiental de la Fundaci\u00f3n Alborada, tambi\u00e9n es profesora colaboradora de la Facultad de Medicina de la Universidad Complutense de Madrid. Es miembro de la AAEM (Academia Americana de Medicina Ambiental) y colaboradora del Hospital Breakspear del Reino Unido, centro de medicina ambiental de referencia a nivel europeo.<\/p>\n<p><strong>\u00bfC\u00f3mo naci\u00f3 el primer congreso?<\/strong><\/p>\n<p>El primer Congreso de Medicina Ambiental que organizamos en Espa\u00f1a tuvo lugar en el a\u00f1o 2007; yo me encontraba enferma de Sensibilidad Qu\u00edmica M\u00faltiple y decid\u00ed entonces buscar a distintos especialistas por todo el mundo que conocieran el tema de los efectos que sobre el cuerpo humano producen los t\u00f3xicos. Quise reunirlos para que se compartieran los conocimientos. En mi experiencia, por el gran desconocimiento que hab\u00eda sobre estas patolog\u00edas en nuestro pa\u00eds, decid\u00ed comenzar con estos congresos, para intentar que los pacientes afectados no pasaran por lo que pas\u00e9 yo, o por lo menos minimizar en lo posible el sufrimiento causado por el desconocimiento m\u00e9dico.<\/p>\n<p><strong>La funci\u00f3n del congreso<\/strong><\/p>\n<p><strong>\u00bfQu\u00e9 funci\u00f3n ejerce este congreso en el mundo ambiental espa\u00f1ol?<\/strong><\/p>\n<p>Este congreso pretende informar, divulgar y expandir todo el conocimiento que se tiene y que se adquiere cada a\u00f1o en el \u00e1mbito de la Medicina Ambiental, es por eso que intervienen distintos especialistas desde m\u00e9dicos investigadores a cl\u00ednicos a nivel internacional. Pretendemos que todo este conocimiento que se expone en el congreso llegue al mayor n\u00famero de personas posible, no solo del \u00e1mbito sanitario, cosa que es primordial y urgente, sino tambi\u00e9n a personas que tienen responsabilidad en cualquier \u00e1mbito pol\u00edtico o en la toma de decisiones que limitan o proh\u00edben el uso de ciertas sustancias. Pensamos que este congreso no puede ser exclusivamente de inter\u00e9s de los m\u00e9dicos, por fuerza ha de serlo de todas las personas, de todos los individuos, sean del sector que sean, pues es la salud de la Humanidad lo que est\u00e1 en juego.<\/p>\n<p><strong>\u00bfQui\u00e9nes ser\u00e1n los ponentes?<\/strong><\/p>\n<p>\u2028Este a\u00f1o participar\u00e1n como ponentes los siguientes m\u00e9dicos:<\/p>\n<p>\u00b7El Profesor Martin Pall (Doctor en Bioqu\u00edmica, profesor de Bioqu\u00edmica y Ciencias M\u00e9dicas B\u00e1sicas de la Universidad de Washington, EEUU.), que nos va a explicar en profundidad el efecto que los campos electromagn\u00e9ticos producen sobre los canales de calcio celulares. Se pondr\u00e1n en cuesti\u00f3n los planteamientos de los que todav\u00eda creen que el \u00fanico da\u00f1o posible sobre el organismo producido por este tipo de radiaci\u00f3n es el debido al efecto t\u00e9rmico.<\/p>\n<p>\u00b7El Dr. William Rea, m\u00e9dico Cirujano Tor\u00e1cico y Cardiovascular especializado en medicina ambiental que lleva tratando con \u00e9xito desde hace treinta a\u00f1os la Sensibilidad Qu\u00edmica M\u00faltiple y otras patolog\u00edas ambientales en su cl\u00ednica de Dallas, Tejas, EE.UU. El Dr. Rea intervendr\u00e1 en dos ocasiones para hablar sobre los efectos que los t\u00f3xicos ambientales causan en el Sistema Nervioso Central as\u00ed como para ofrecer su experiencia en el tratamiento de las Sensibilidades Ambientales.<\/p>\n<p>\u00b7El Dr. Willam Shaw, doctor en Bioqu\u00edmica y Fisiolog\u00eda Humana Certificado por la Junta Americana de Qu\u00edmica Cl\u00ednica en los campos de Qu\u00edmica Cl\u00ednica y Toxicolog\u00eda (EE.UU.), aportar\u00e1 un enfoque nuevo sobre la Esclerosis M\u00faltiple y su relaci\u00f3n con el da\u00f1o ambiental.<\/p>\n<p>\u00b7La Dra. Mar\u00eda Jes\u00fas Clavera, m\u00e9dico especializada en Pediatr\u00eda y Epidemiolog\u00eda (Espa\u00f1a) y el Dr. Daniel Goyal, m\u00e9dico especialista en Medicina Ambiental y Ocupacional (Reino Unido), hablar\u00e1n de las posibilidades de diagn\u00f3stico y tratamiento de la enfermedad de autismo y trastornos infantiles del comportamiento.<\/p>\n<p>\u00b7La Dra. Jean Monro, directora de la Cl\u00ednica Breakspeare de Londres, dar\u00e1 una ponencia llamada: \u201cDisminuci\u00f3n de Sirtuin-1 y evidencia de su restituci\u00f3n\u201d.\u2028<\/p>\n<p>\u00b7El Dr. Antonello Pascuito, m\u00e9dico Internista de la Sanidad P\u00fablica Italiana, hablar\u00e1 sobre la Medicina Cl\u00ednica Ambiental\u2028.<\/p>\n<p>\u00b7El Dr. Peter Julu, m\u00e9dico Neurofisi\u00f3logo (Reino Unido), nos explicar\u00e1 de qu\u00e9 manera nuestro sistema nervioso es afectado por nuestro modo de vida actual.<\/p>\n<p>\u00b7El Dr. Schwartzbarch Armin, del que podemos aprender mucho sobre las infecciones y coinfecciones que causan la enfermedad de Lyme, que, una vez se ha cronificado, causa innumerables problemas de salud y se mimetiza y confunde con otras enfermedades al ser actualmente en Espa\u00f1a una enfermedad infradiagnosticada por los m\u00e9todos de an\u00e1lisis utilizados habitualmente.<\/p>\n<p>\u00b7El Dr. Eduardo Rodr\u00edguez Farr\u00e9, m\u00e9dico investigador del CSIC-IDIBAPS, tambi\u00e9n nos dar\u00e1 muestra de la influencia de los contaminantes ambientales.<\/p>\n<p>\u00b7El Dr. Diego Jacques, M\u00e9dico especialista en Ginecolog\u00eda y Obstetricia por la Universidad de Lovaina, ofrecer\u00e1 una visi\u00f3n actualizada de los problemas de fertilidad actuales.<\/p>\n<p>\u00b7La Dra. Pilar Mu\u00f1oz-Calero, experta en medicina ambiental, hablar\u00e1 de la capacidad de homeostasis del cuerpo humano y c\u00f3mo \u00e9sta puede perderse f\u00e1cilmente por la carga t\u00f3xica cada vez m\u00e1s creciente que arrastramos.<\/p>\n<p>Este encuentro se completar\u00e1 con dos ejercicios pr\u00e1cticos para que participen los asistentes.<\/p>\n<p><strong>El p\u00fablico<\/strong><\/p>\n<p><strong>\u00bfQu\u00e9 tipo de p\u00fablico acude?<\/strong><\/p>\n<p>El p\u00fablico que acude a estos congresos es de lo m\u00e1s variado, desde m\u00e9dicos, fundamentalmente, pues no olvidemos que es un congreso m\u00e9dico, a profesionales sanitarios\u00a0o del mundo cient\u00edfico en general, farmac\u00e9uticos, fisioterapeutas, ambientalistas. Pero l\u00f3gicamente tambi\u00e9n acuden personas afectadas de enfermedades ambientales emergentes, especialmente afectados de fibromialgia, sensibilidad qu\u00edmica m\u00faltiple, fatiga cr\u00f3nica, hiperelectrosensibilidad.<\/p>\n<p><strong>\u00bfPor qu\u00e9 los medios no se hacen m\u00e1s eco de los temas tratados en este tipo de congresos?<\/strong><\/p>\n<p>Lamentablemente, siempre que se pretende introducir este tema en los medios de comunicaci\u00f3n m\u00e1s extendidos, como en programas de televisi\u00f3n y prensa generalista, resulta muy dif\u00edcil, pues la denuncia que hacemos de la toxicidad de una grand\u00edsima parte de los productos qu\u00edmicos de uso m\u00e1s habitual no resulta c\u00f3moda a medios que est\u00e1n anunciando estos productos como parte de su financiaci\u00f3n. Solamente en alguna noticia muy puntual de alg\u00fan telediario o de alg\u00fan programa muy concreto se ha permitido hablar de esto.<\/p>\n<p><strong>Algunas entradas gratuitas<\/strong><\/p>\n<p><strong>\u00bfLas personas con patolog\u00edas inducidas por problemas ambientales tienen entrada gratuita para las ponencias?<\/strong><\/p>\n<p>Hoy d\u00eda se sabe que cualquier enfermedad puede ser inducida por factores ambientales. En este congreso van a tener entrada gratuita las personas afectadas de enfermedades ambientales emergentes tales como: fatiga cr\u00f3nica, fibromialgia, Sensibilidad Qu\u00edmica M\u00faltiple, hipersensibilidad electromagn\u00e9tica.<\/p>\n<p><strong>\u00bfQu\u00e9 ha cambiado desde el primer congreso a \u00e9ste?<\/strong><\/p>\n<p>En estos 8 a\u00f1os la medicina ambiental ha pasado de ser una disciplina restringida a un m\u00ednimo grupo de especialistas a estar ya introducida en algunas universidades, colegios profesionales y hospitales. Por ejemplo, desde hace 3 a\u00f1os colaboramos con la Universidad Complutense de Madrid en dos cursos sobre patolog\u00eda ambiental orientados a profesionales de la rama biosanitaria. Recientemente hemos comenzado a formar especialistas tambi\u00e9n a trav\u00e9s del Ilustre Colegio Oficial de M\u00e9dicos de Madrid y de hospitales p\u00fablicos que observan c\u00f3mo cada vez hay m\u00e1s pacientes que requieren este conocimiento por parte de los m\u00e9dicos que les atienden. Estamos asistiendo a un cambio largamente esperado en el colectivo m\u00e9dico y en nuestra sociedad en general, y estamos muy orgullosos de estar contribuyendo a que la medicina ambiental se est\u00e9 empezando a convertir en un eje transversal sobre el que se asiente la pr\u00e1ctica m\u00e9dica. Ya incluso en Asamblea Parlamentaria Europea en el a\u00f1o 2009 se inst\u00f3 al estudio de la medicina ambiental como disciplina que da respuesta a los nuevos planteamientos en el \u00e1mbito sanitario.<\/p>\n<p><strong>Clase m\u00e9dica<\/strong><\/p>\n<p><strong>\u00bfLa clase m\u00e9dica se va concienciando poco a poco de la relevancia de los factores ambientales en determinadas patolog\u00edas?<\/strong><\/p>\n<p>S\u00ed, algunos m\u00e9dicos ya se est\u00e1n preguntando qu\u00e9 factores est\u00e1n influyendo en el aumento de las enfermedades; aunque muy poco a poco, y todav\u00eda hay que seguir informando y formando sobre ello. No es de extra\u00f1ar que la clase m\u00e9dica est\u00e9 preocupada ante el gran aumento de la incidencia de tantas patolog\u00edas en los ni\u00f1os: alergias, asma, autismo, enfermedades autoinmunes \u2026 Precisamente en el congreso\u00a0 se dar\u00e1n a conocer las cifras tan alarmantes como que en el a\u00f1o 1975\u00a0 los ni\u00f1os afectados de autismo eran 1 de cada 5.000 y el a\u00f1o 2012 los ni\u00f1os afectados pasaron a ser 1 de cada 47 ni\u00f1os.<\/p>\n<p><strong>Algunos dicen que el 90% de las enfermedades se deben a causas ambientales \u2026 \u00bfEs verdad?<\/strong><\/p>\n<p>El director de la Agencia Internacional de Investigaci\u00f3n en C\u00e1ncer, Christopher P. Wild, perteneciente a la Organizaci\u00f3n Mundial de la Salud, se\u00f1al\u00f3 en el a\u00f1o 2011 que el 90% de los casos de\u00a0c\u00e1ncer est\u00e1n causados\u00a0por\u00a0factores ambientales, por lo que una gran parte de ellos son evitables. Se sabe a d\u00eda de hoy que hay cuatro factores que intervienen en el desarrollo de la enfermedad: Traumas F\u00edsicos, Traumas Emocionales, Virus y Bacterias y T\u00f3xicos, por tanto a pesar de que hay muchas enfermedades multicausales, cualquier enfermedad puede estar inducida por causas ambientales.\u2028<\/p>\n<p><strong>\u00bfC\u00f3mo solucionarlo si, al fin y al cabo, vamos a seguir viviendo en esta sociedad?<\/strong>\u2028<\/p>\n<p>Yo me pregunto, \u00bfqu\u00e9 es la sociedad? \u00bfQui\u00e9nes hacemos la sociedad? La sociedad la hacemos las personas con nuestros actos, nuestra forma de pensar, de emprender \u2026 Si hemos contaminado nuestro ambiente ahora tenemos que tener la misma capacidad para descontaminarlo cambiando\u00a0nuestra forma de ver el mundo, siendo m\u00e1s conscientes y volviendo a recuperar sobre todo el sentido com\u00fan que nos lleva a respetar nuestro entorno.<\/p>\n<p><a href=\"https:\/\/marina.swarpeca.es\/revista\/IMG\/pdf\/congreso_medicina_ambiental_2015_programa.pdf\">Programa del congreso:<\/a><\/p>\n<p>Fechas: <strong>5, 6 y 7 de junio<\/strong><\/p>\n<p>Horarios: viernes <strong>5 de junio, de 16h a 20h<\/strong>. S\u00e1bado <strong>6 de junio, de 9h a 20.15h<\/strong>; domingo <strong>7 de junio, de 9h a 14h<\/strong><\/p>\n<p><strong>Fundaci\u00f3n Alborada<\/strong><\/p>\n<p>congreso@fundacion-alborada.org<\/p>\n<p>Tel\u00e9fono 918155074<\/p>\n<p><strong>Precios<\/strong><\/p>\n<p>Congreso completo,\u00a0comida del 6 de junio incluida: 265 \u20ac; importe reducido 140 \u20ac<\/p>\n<p>Jornada \u00fanica el 5 o el 7 de junio: 90 \u20ac; importe reducido 45 \u20ac<\/p>\n<p>Jornada del 6 de junio,\u00a0comida incluida: 175 \u20ac; importe reducido 95 \u20ac<\/p>\n<p>El\u00a0<strong>importe reducido<\/strong>\u00a0se aplica a estudiantes de edad inferior a 30 a\u00f1os, jubilados y desempleados, previa acreditaci\u00f3n de esta situaci\u00f3n.\u00a0La entrada <strong>gratuita<\/strong> no incluye la comida ni el material del congreso.<\/p>\n<p><a href=\"https:\/\/www.fundacion-alborada.org\/congresos\/congreso-2015\">Fundaci\u00f3n Alborada<\/a>.<\/p>\n<p>(28 de mayo de 2015)<\/p>\n","protected":false},"excerpt":{"rendered":"<p>Como en a\u00f1os anteriores, la Fundaci\u00f3n Alborada organiza el VIII Congreso Internacional de Medicina Ambiental, una cita que no se pueden perder los interesados en conocer c\u00f3mo el estado de nuestro medio ambiente afecta al desarrollo de patolog\u00edas como Sensibilidad Qu\u00edmica M\u00faltiple, Fibromialgia, S\u00edndrome de Fatiga Cr\u00f3nica, Electrosensibilidad, Autismo, Alergias, Trastornos Hormonales, Infertilidad y un amplio conjunto de enfermedades cada vez m\u00e1s comunes.<\/p>\n","protected":false},"author":1,"featured_media":2507,"comment_status":"closed","ping_status":"open","sticky":false,"template":"","format":"standard","meta":{"footnotes":""},"categories":[27],"tags":[],"_links":{"self":[{"href":"https:\/\/marina.swarpeca.es\/revista\/wp-json\/wp\/v2\/posts\/2508"}],"collection":[{"href":"https:\/\/marina.swarpeca.es\/revista\/wp-json\/wp\/v2\/posts"}],"about":[{"href":"https:\/\/marina.swarpeca.es\/revista\/wp-json\/wp\/v2\/types\/post"}],"author":[{"embeddable":true,"href":"https:\/\/marina.swarpeca.es\/revista\/wp-json\/wp\/v2\/users\/1"}],"replies":[{"embeddable":true,"href":"https:\/\/marina.swarpeca.es\/revista\/wp-json\/wp\/v2\/comments?post=2508"}],"version-history":[{"count":0,"href":"https:\/\/marina.swarpeca.es\/revista\/wp-json\/wp\/v2\/posts\/2508\/revisions"}],"wp:featuredmedia":[{"embeddable":true,"href":"https:\/\/marina.swarpeca.es\/revista\/wp-json\/wp\/v2\/media\/2507"}],"wp:attachment":[{"href":"https:\/\/marina.swarpeca.es\/revista\/wp-json\/wp\/v2\/media?parent=2508"}],"wp:term":[{"taxonomy":"category","embeddable":true,"href":"https:\/\/marina.swarpeca.es\/revista\/wp-json\/wp\/v2\/categories?post=2508"},{"taxonomy":"post_tag","embeddable":true,"href":"https:\/\/marina.swarpeca.es\/revista\/wp-json\/wp\/v2\/tags?post=2508"}],"curies":[{"name":"wp","href":"https:\/\/api.w.org\/{rel}","templated":true}]}}