{"id":2502,"date":"2015-05-17T07:45:20","date_gmt":"2015-05-17T07:45:20","guid":{"rendered":"https:\/\/marina.swarpeca.es\/revista\/2015\/05\/17\/conferencia-odile-fernandez-diagnostico-de-cancer-que-puedo-comer-ahora\/"},"modified":"2015-05-17T07:45:20","modified_gmt":"2015-05-17T07:45:20","slug":"conferencia-odile-fernandez-diagnostico-de-cancer-que-puedo-comer-ahora","status":"publish","type":"post","link":"https:\/\/marina.swarpeca.es\/revista\/conferencia-odile-fernandez-diagnostico-de-cancer-que-puedo-comer-ahora\/","title":{"rendered":"Conferencia Odile Fern\u00e1ndez \u00abDiagn\u00f3stico de c\u00e1ncer \u00bfqu\u00e9 puedo comer ahora?\u00bb"},"content":{"rendered":"<p><iframe loading=\"lazy\" width=\"420\" height=\"315\" src=\"https:\/\/www.youtube.com\/embed\/CFxFpwUaZFI\" frameborder=\"0\" allowfullscreen><\/iframe><\/p>\n<p>En BioCultura Barcelona 2015, la Dra. Odile Fern\u00e1ndez imparti\u00f3 la conferencia: \u201c<em>Diagn\u00f3stico de c\u00e1ncer, \u00bfqu\u00e9 puedo comer ahora?<\/em>\u201d. Fue una conferencia con mucho \u00e9xito, y muchas personas se quedaron sin poder verla (\u00a1ya no cab\u00eda m\u00e1s gente en la sala!). <em>Conasi<\/em> ha grabado el v\u00eddeo de la conferencia y lo ha publicado en su blog y redes sociales para poder volver a disfrutar de esta charla. <\/p>\n<p>(19 de junio de 2015)<\/p>\n","protected":false},"excerpt":{"rendered":"<p>En BioCultura Barcelona 2015, la Dra. Odile Fern\u00e1ndez imparti\u00f3 la conferencia: \u201cDiagn\u00f3stico de c\u00e1ncer, \u00bfqu\u00e9 puedo comer ahora?\u201d. Fue una conferencia con mucho \u00e9xito, y muchas personas se quedaron sin poder verla (\u00a1ya no cab\u00eda m\u00e1s gente en la sala!). Conasi ha grabado el v\u00eddeo de la conferencia y lo ha publicado en su blog&hellip; <a class=\"more-link\" href=\"https:\/\/marina.swarpeca.es\/revista\/conferencia-odile-fernandez-diagnostico-de-cancer-que-puedo-comer-ahora\/\">Continuar leyendo <span class=\"screen-reader-text\">Conferencia Odile Fern\u00e1ndez \u00abDiagn\u00f3stico de c\u00e1ncer \u00bfqu\u00e9 puedo comer ahora?\u00bb<\/span><\/a><\/p>\n","protected":false},"author":1,"featured_media":0,"comment_status":"closed","ping_status":"open","sticky":false,"template":"","format":"standard","meta":{"footnotes":""},"categories":[31],"tags":[],"_links":{"self":[{"href":"https:\/\/marina.swarpeca.es\/revista\/wp-json\/wp\/v2\/posts\/2502"}],"collection":[{"href":"https:\/\/marina.swarpeca.es\/revista\/wp-json\/wp\/v2\/posts"}],"about":[{"href":"https:\/\/marina.swarpeca.es\/revista\/wp-json\/wp\/v2\/types\/post"}],"author":[{"embeddable":true,"href":"https:\/\/marina.swarpeca.es\/revista\/wp-json\/wp\/v2\/users\/1"}],"replies":[{"embeddable":true,"href":"https:\/\/marina.swarpeca.es\/revista\/wp-json\/wp\/v2\/comments?post=2502"}],"version-history":[{"count":0,"href":"https:\/\/marina.swarpeca.es\/revista\/wp-json\/wp\/v2\/posts\/2502\/revisions"}],"wp:attachment":[{"href":"https:\/\/marina.swarpeca.es\/revista\/wp-json\/wp\/v2\/media?parent=2502"}],"wp:term":[{"taxonomy":"category","embeddable":true,"href":"https:\/\/marina.swarpeca.es\/revista\/wp-json\/wp\/v2\/categories?post=2502"},{"taxonomy":"post_tag","embeddable":true,"href":"https:\/\/marina.swarpeca.es\/revista\/wp-json\/wp\/v2\/tags?post=2502"}],"curies":[{"name":"wp","href":"https:\/\/api.w.org\/{rel}","templated":true}]}}