{"id":250,"date":"2009-01-16T12:43:03","date_gmt":"2009-01-16T12:43:03","guid":{"rendered":"https:\/\/marina.swarpeca.es\/revista\/2009\/01\/16\/manifiesto-ante-la-reunion-de-la-fao-en-madrid-en-enero-de-2009-enero-2009\/"},"modified":"2009-01-16T12:43:03","modified_gmt":"2009-01-16T12:43:03","slug":"manifiesto-ante-la-reunion-de-la-fao-en-madrid-en-enero-de-2009-enero-2009","status":"publish","type":"post","link":"https:\/\/marina.swarpeca.es\/revista\/manifiesto-ante-la-reunion-de-la-fao-en-madrid-en-enero-de-2009-enero-2009\/","title":{"rendered":"Manifiesto ante la reuni\u00f3n de la FAO en Madrid en enero de 2009 [enero 2009]"},"content":{"rendered":"<p><strong>El doble lenguaje<\/strong><\/p>\n<p>Como forma de acabar con el hambre y alimentar a la poblaci\u00f3n, la Organizaci\u00f3n Mundial de Comercio (OMC) y la FAO imponen un modelo alimentario basado en la producci\u00f3n industrial a gran escala para el mercado internacional. <\/p>\n<p>La OMC desregula el comercio mundial de alimentos y productos agr\u00edcolas, sentando las bases para un intercambio mercantil compatible con los intereses de los principales pa\u00edses y bloques capitalistas. <\/p>\n<p>La FAO complementa este papel, al dirigir su actuaci\u00f3n a la integraci\u00f3n de los pa\u00edses empobrecidos en el mercado internacional, provey\u00e9ndoles de recursos para orientar su producci\u00f3n agr\u00edcola hacia la exportaci\u00f3n. <\/p>\n<p>Este modelo, que habla de eficiencia productiva mercantil, presenta un acusado comportamiento asim\u00e9trico entre pa\u00edses, sometiendo las econom\u00edas subordinadas a los intereses de los m\u00e1s fuertes. <\/p>\n<p>Como el objetivo es la maximizaci\u00f3n del beneficio, la producci\u00f3n y el comercio de alimentos no se orientan a la satisfacci\u00f3n de las necesidades sociales, sino a producir y distribuir las mercanc\u00edas alimentarias de la forma m\u00e1s rentable para las empresas del agronegocio.<\/p>\n<p>Las multinacionales, agentes principales de este modelo, violan derechos humanos, constituciones de los estados, acuerdos internacionales, derechos y libertades. <\/p>\n<p>Pero no podr\u00edan hacerlo sin la complicidad de los gobiernos globalizadores, la impunidad de las instituciones del capitalismo internacional (OMC, FMI, BM, OCDE, Uni\u00f3n Europea, OTAN etc.) y la impotencia de la ONU y sus organismos especializados. <\/p>\n<p>La crisis econ\u00f3mico-financiera global aumenta la pobreza, el hambre, la explotaci\u00f3n y la subordinaci\u00f3n de las mujeres. <\/p>\n<p>Los gobiernos y organismos internacionales, lejos de poner coto a las multinacionales, bancos y especuladores causantes de la crisis, les entregan los recursos p\u00fablicos, d\u00e1ndoles m\u00e1s poder. <\/p>\n<p>La cat\u00e1strofe que nos amenaza es multilateral: alimentaria, social, pol\u00edtica y b\u00e9lica.<\/p>\n<p>\u00a0<br \/>\nEl hambre y la desnutrici\u00f3n afectan a 963 millones de personas, y en aumento. <\/p>\n<p>La toxicidad de los alimentos industrializados amenaza a la mayor\u00eda de la humanidad. <\/p>\n<p>Las victimas de la mercantilizaci\u00f3n y la globalizaci\u00f3n alimentaria no son producto de un <em>orden natural<\/em>, sino de un orden social basado en la desigualdad, la explotaci\u00f3n y el dominio sobre las personas y la naturaleza. <\/p>\n<p>Las v\u00edctimas alimentarias son v\u00edctimas de un asesinato en serie. <\/p>\n<p>Si 35.000 personas mueren de hambre cada d\u00eda, la mitad ni\u00f1os, \u00bfpor qu\u00e9 en los pa\u00edses desarrollados se arrancan olivares, se sacrifican reba\u00f1os y se pagan cuantiosas sumas para que la tierra no produzca?. <\/p>\n<p>\u00bfPor qu\u00e9 se invierten 900.000 millones de d\u00f3lares cada a\u00f1o en gastos militares y no se invierte una parte de estos recursos en combatir el hambre e impedir el deterioro de los salarios?. <\/p>\n<p>\u00bfA qu\u00e9 obedecen bloqueos criminales, incluidos alimentos y medicinas, para matar de hambre y enfermedades a pueblos enteros?. <\/p>\n<p>\u00bfD\u00f3nde est\u00e1 la \u00e9tica, el respeto a los derechos humanos y el sentido de tales pol\u00edticas?. <\/p>\n<p>\u00a0<br \/>\nEl modelo de \u201cseguridad alimentaria\u201d de la FAO se especifica, hoy, en 3 im\u00e1genes: los flacos que se mueren de hambre, los gordos que se mueren de comida basura, y la poblaci\u00f3n de Gaza que se muere de la misma causa: la globalizaci\u00f3n econ\u00f3mica y el imperialismo.<\/p>\n<p><strong>El libre comercio mundial, un monstruo ingobernable<\/strong><\/p>\n<p>Casi una d\u00e9cada despu\u00e9s del fracaso de la III Cumbre Interministerial de la OMC en Seattle (diciembre de 1999), conocida como <em>Cumbre del Milenio<\/em>, se intensifican los da\u00f1os producidos por la globalizaci\u00f3n y mercantilizaci\u00f3n de la agricultura, los alimentos y los servicios sociales. <\/p>\n<p>El hambre, las enfermedades producidas por desnutrici\u00f3n y toxicidad de los alimentos industrializados, crecen paralelas al cambio clim\u00e1tico, las cat\u00e1strofes naturales, la p\u00e9rdida de biodiversidad, el despoblamiento del campo, las migraciones, la precariedad, la privatizaci\u00f3n de la protecci\u00f3n social, la exclusi\u00f3n, la violencia competitiva y la violencia armada.<\/p>\n<p>\u00a0<br \/>\nEl fracaso continuado de las cumbres de la OMC expresa la imposibilidad de <em>ordenar el libre comercio mundial<\/em>. <\/p>\n<p>La <em>libertad comercial<\/em> basada en el beneficio privado, la competitividad y el intercambio desigual, es una l\u00f3gica excluyente y totalitaria, incompatible con la vida, el respeto, la cooperaci\u00f3n y la paz. <\/p>\n<p>Una guerra civil molecular de todos contra todos que, constantemente, se incendia en guerra armada. <\/p>\n<p>Sin embargo, la imposibilidad de impulsar un <em>libre comercio ordenado<\/em>, no quiere decir que fracase el libre comercio. <\/p>\n<p>Por el contrario, \u00e9ste avanza mediante acuerdos bilaterales, multilaterales m\u00e1s expoliadores si cabe. <\/p>\n<p>El problema del libre comercio mundial es, precisamente, \u00e9l mismo. <\/p>\n<p>Desde la l\u00f3gica competitiva y lucrativa basada en la desigualdad, no hay di\u00e1logo con los derechos humanos, la soberan\u00eda de los pueblos, la democracia y los l\u00edmites de la naturaleza.<\/p>\n<p>\u00a0<br \/>\nEn el \u00faltimo a\u00f1o hemos asistido a la escalada del hambre por un alza brutal de los precios de los alimentos b\u00e1sicos. <\/p>\n<p>En el contexto de recesi\u00f3n econ\u00f3mica mundial producida por la debacle financiera, dichos precios est\u00e1n cayendo de la mano del aumento de la pobreza y la exclusi\u00f3n. <\/p>\n<p>Sin embargo, el Comit\u00e9 de Seguridad Alimentaria Mundial de la FAO (17\/10\/08) nos da las recetas de siempre. <\/p>\n<p>Por un lado, medidas a corto plazo de \u00edndole caritativo que frenen la conflictividad social pero no interfieran en el mercado, ayudas a los colectivos excluidos para acceder a los alimentos b\u00e1sicos que el mercado les niega, as\u00ed como subvenciones y cr\u00e9ditos para que los peque\u00f1os agricultores se impliquen m\u00e1s en el mercado mundial. <\/p>\n<p>Por otro, medidas a medio plazo como cerrar la ronda de libre comercio de Doha, profundizar en la apertura de los mercados y aplicar las nuevas tecnolog\u00edas (transg\u00e9nicos), junto con las preexistentes (abonos qu\u00edmicos y tratamientos agrot\u00f3xicos) para intensificar la producci\u00f3n y evitar la lucha por la tierra entre alimentos y carburantes. <\/p>\n<p>\u00a0<br \/>\nLa FAO elude cualquier medida que limite la libre circulaci\u00f3n de capitales y la concentraci\u00f3n de tierras, recursos agr\u00edcolas y alimentarios en manos de las multinacionales. <\/p>\n<p>La cifra de hambrientos y obesos crece con los precios de alimentos e insumos agr\u00edcolas, al tiempo que las multinacionales de semillas, fertilizantes y distribuci\u00f3n de productos agrarios y comida basura incrementan sus beneficios. <\/p>\n<p>Las instituciones pol\u00edticas como la FAO, al servicio del mercado global, son corresponsables de que en estos 60 a\u00f1os, no s\u00f3lo no se ha resuelto el problema del hambre, sino que se ha agravado.<\/p>\n<p><strong>Nuestro papel en este drama<\/strong><\/p>\n<p>Los que matan a tantas personas en el mundo son el capitalismo, el neoliberalismo, las leyes de un mercado salvaje, la deuda externa, el subdesarrollo y el intercambio desigual. <\/p>\n<p>Pero no podr\u00edan hacerlo sin nuestra colaboraci\u00f3n como consumidor@s. <\/p>\n<p>En la medida en que nuestro consumo procede de alimentos industriales globalizados y marcas blancas en grandes superficies, adem\u00e1s de lesionar nuestra salud, cooperamos con el aumento de hambre en el mundo. <\/p>\n<p>Incluso, consumidor@s supuestamente responsables, adquirimos alimentos ecol\u00f3gicos de importaci\u00f3n y fuera de temporada. <\/p>\n<p>Si queremos formar parte de la soluci\u00f3n, debemos cambiar nuestras pautas alimentarias, adecuarlas a los ciclos de la naturaleza y la distribuci\u00f3n en circuitos cortos. <\/p>\n<p>No podremos hacerlo sol@s. <\/p>\n<p>Por eso debemos asociarnos con otr@s consumidor@s para adquirir alimentos ecol\u00f3gicos de temporada, producidos por peque\u00f1@s productor@s agroecol\u00f3gic@s cercanos.<br \/>\n\u00a0<\/p>\n<p>El objetivo pr\u00e1ctico es reorientar la producci\u00f3n de alimentos del enfoque de mercanc\u00eda lucrativa al de necesidad social. <\/p>\n<p>La producci\u00f3n de alimentos debe ir destinada a satisfacer las necesidades alimentarias, prioritariamente de las poblaciones locales donde se generan los alimentos y comerciar con el posible excedente, reorientando el enfoque actual de producci\u00f3n para el comercio como objetivo \u00fanico. <\/p>\n<p>Sin embargo, no podr\u00e1 haber <em>otra producci\u00f3n de alimentos<\/em> sin <em>otro comercio, distribuci\u00f3n y consumo<\/em> de los mismos. <\/p>\n<p>Es necesaria nuestra implicaci\u00f3n como productor@s y consumidor@s.<\/p>\n<p>\u00a0<br \/>\nCuando el mercado nos sume en el caos, el hambre, la inseguridad y la guerra, y las instituciones pol\u00edticas son impotentes o c\u00f3mplices, es necesaria la intervenci\u00f3n de la sociedad civil. <\/p>\n<p>Es el momento de pasar a la acci\u00f3n. Productor@s agroecol\u00f3gic@s y consumidor@s responsables, unid@s contra la globalizaci\u00f3n alimentaria. <\/p>\n<p>COEXISTENCIA CON TRANSG\u00c9NICOS NO, NO Y NO<\/p>\n<p>NI PRODUCIDOS, NI IMPORTADOS, NI CONSUMIDOS. <\/p>\n<p>\u00a1PROHIBICION!\u00bb.<br \/>\n\u00a0<\/p>\n<p>M\u00e1s informaci\u00f3n en <a href=\"https:\/\/www.nodo50.org\/lagarbancitaecologica\/garbancita\">www.nodo50.org\/lagarbancitaecologica\/garbancita<\/a><\/p>\n<p><strong>Para adhesiones al Manifiesto:<\/strong> <\/p>\n<p>&#8211; lagarbancitaecologica@nodo50.org (direcci\u00f3n electr\u00f3nica protegida contra spambots. Es necesario activar Javascript para visualizarla).<\/p>\n<p>&#8211; gaksmadrid@gmail.com (direcci\u00f3n electr\u00f3nica protegida contra spambots. Es necesario activar Javascript para visualizarla).<\/p>\n<p>(enero de 2009)<\/p>\n","protected":false},"excerpt":{"rendered":"<p>Ante la reuni\u00f3n en Madrid en enero de 2009 de la Organizaci\u00f3n de Naciones Unidas para la Agricultura y la Alimentaci\u00f3n (FAO), los Grupos Autogestionados de Consumo (GAK\u00b4s) elaboraron el Manifiesto que reproducimos, en defensa de la Seguridad y la Soberan\u00eda Alimentaria, cuestionando el papel de la FAO en la lucha contra el hambre. Los GAK\u00b4s afirman que en la II Conferencia de Alto Nivel sobre la Seguridad Alimentaria Mundial (<em>Los Desaf\u00edos del Cambio Clim\u00e1tico y la Bioenerg\u00eda<\/em>), organizada por la FAO en Roma en junio de 2008, el presidente del gobierno espa\u00f1ol anunci\u00f3 su compromiso de acoger en el estado espa\u00f1ol una Reuni\u00f3n de Alto Nivel sobre Seguridad Alimentaria para Todos, convocada tambi\u00e9n por el secretario general de la ONU, para dise\u00f1ar una hoja de ruta y cumplir los compromisos adquiridos en la Cumbre de Roma:<\/p>\n","protected":false},"author":1,"featured_media":0,"comment_status":"closed","ping_status":"open","sticky":false,"template":"","format":"standard","meta":{"footnotes":""},"categories":[5],"tags":[],"_links":{"self":[{"href":"https:\/\/marina.swarpeca.es\/revista\/wp-json\/wp\/v2\/posts\/250"}],"collection":[{"href":"https:\/\/marina.swarpeca.es\/revista\/wp-json\/wp\/v2\/posts"}],"about":[{"href":"https:\/\/marina.swarpeca.es\/revista\/wp-json\/wp\/v2\/types\/post"}],"author":[{"embeddable":true,"href":"https:\/\/marina.swarpeca.es\/revista\/wp-json\/wp\/v2\/users\/1"}],"replies":[{"embeddable":true,"href":"https:\/\/marina.swarpeca.es\/revista\/wp-json\/wp\/v2\/comments?post=250"}],"version-history":[{"count":0,"href":"https:\/\/marina.swarpeca.es\/revista\/wp-json\/wp\/v2\/posts\/250\/revisions"}],"wp:attachment":[{"href":"https:\/\/marina.swarpeca.es\/revista\/wp-json\/wp\/v2\/media?parent=250"}],"wp:term":[{"taxonomy":"category","embeddable":true,"href":"https:\/\/marina.swarpeca.es\/revista\/wp-json\/wp\/v2\/categories?post=250"},{"taxonomy":"post_tag","embeddable":true,"href":"https:\/\/marina.swarpeca.es\/revista\/wp-json\/wp\/v2\/tags?post=250"}],"curies":[{"name":"wp","href":"https:\/\/api.w.org\/{rel}","templated":true}]}}