{"id":2498,"date":"2015-05-07T03:16:55","date_gmt":"2015-05-07T03:16:55","guid":{"rendered":"https:\/\/marina.swarpeca.es\/revista\/2015\/05\/07\/biocultura-barcelona-2015-7-a-10-de-mayo\/"},"modified":"2015-05-07T03:16:55","modified_gmt":"2015-05-07T03:16:55","slug":"biocultura-barcelona-2015-7-a-10-de-mayo","status":"publish","type":"post","link":"https:\/\/marina.swarpeca.es\/revista\/biocultura-barcelona-2015-7-a-10-de-mayo\/","title":{"rendered":"BioCultura Barcelona 2015: 7 a 10 de mayo"},"content":{"rendered":"<p>Las actividades paralelas de BioCultura aportan informaci\u00f3n independiente y fidedigna a una ciudadan\u00eda que est\u00e1 harta ya de que, desde los medios de comunicaci\u00f3n y desde las instituciones, le tomen el pelo hasta unos extremos realmente grotescos. Talleres, conferencias, debates, entrevistas en p\u00fablico, jornadas profesionales, ponencias cient\u00edficas &#8230; nos informan, con conocimiento y sabidur\u00eda, de esa otra realidad, \u201cla real\u201d, que es la que los ciudadanos quieren conocer; nos informan y nos asombran, nos llegan al alma, para que seamos capaces de emprender nuevos caminos en nuestras vidas. Soluciones, nuevas sendas y alternativas a los grandes problemas que asolan a la Humanidad del siglo XXI.<\/p>\n<p><strong> <em>BioCultura Barcelona<\/p>\n<p>La Primavera&#8230; <\/p>\n<p>La consci\u00e8ncia altera<\/strong><\/p>\n<p>Al planeta, ja s\u00f3n 43,1 els milions d\u2019hect\u00e0rees dedicades a l\u2019<a href=\"https:\/\/marina.swarpeca.es\/?Agricultura-y-ganaderia-ecologica\">agricultura ecol\u00f2gica<\/a>. Al m\u00f3n, les xifres del mercat \u00abbio\u00bb ja aconsegueixen els 55.000 milions d\u2019euros. A Europa, la xifra \u00e9s de 22.000 milions d\u2019euros. Els Estats Units, Alemanya, Fran\u00e7a i Xina, per aquest ordre, s\u00f3n els \u00abcampions\u00bb del r\u00e0nquing de consum. Pel que fa a la despesa per c\u00e0pita, al capdavant trobem Su\u00efssa, amb 210 euros per persona i any. La quota m\u00e9s gran de mercat \u00e9s per a la UE, amb 44 euros per persona i any en 2013. Espanya \u00e9s, en consum, el vuit\u00e8 de la UE, per\u00f2 som els primers en producci\u00f3. El r\u00e0nquing productiu ho encap\u00e7ala Andalusia, per\u00f2 el lideratge en elaboraci\u00f3 i consum, dins de l\u2019estat espanyol, \u00e9s per a Catalunya. Totes aquestes dades pertanyen a un estudi presentat per IFOAM i FIBL recentment<\/em>  [[- <a href=\"https:\/\/marina.swarpeca.es\/revista\/IMG\/pdf\/1663-organic-world-2015.pdf\"><em>The World of Organic Agriculture 2015<\/em><\/a>.]]<em>. Aquesta recerca global certifica que el planeta ja compta amb dos milions de productors ecol\u00f2gics. Nom\u00e9s a \u00cdndia, hi ha 650.000 petits productors org\u00e0nics. En la UE, tenim 260.000 productors \u00abbio\u00bb, dels quals pertanyen a l\u2019estat espanyol gaireb\u00e9 31.000, un percentatge m\u00e9s que notable. Totes aquestes dades s\u00f3n molt positives. Es deuen, principalment, a l\u2019esfor\u00e7 de milers i milers de ciutadans en tot el planeta. Perqu\u00e8 cada vegada som m\u00e9s els que hem decidit \u201cagafar el bou per les banyes\u201d. Ja no ens enganyaran m\u00e9s. Hem pres les regnes de les nostres vides, de la nostra salut, de les nostres fam\u00edlies&#8230; Volem anar per un cam\u00ed de sensibilitat i sostenibilitat, de salut i de bellesa, de compassi\u00f3, de pau i d\u2019harmonia amb tot el que ens envolta, i, per tant, tamb\u00e9 amb nosaltres mateixos. I aix\u00f2 implica canvis molt profunds en la nostra forma de viure, de produir, de consumir, d\u2019educar, de sanar, de construir&#8230; I, tot i que de for\u00e7a no ens en falta, la primavera ens insufla noves energies per emprendre aquests nous reptes als quals la Humanitat s\u2019enfronta. Per aquest motiu \u201cla primavera&#8230; la consci\u00e8ncia altera\u201d. \u00c9s el moment de carregar les piles i seguir lluitant contra un sistema depredador, assass\u00ed i que ens condueix vertiginosament al desastre. Precisament per aix\u00f2 aqu\u00ed est\u00e0 BioCultura. Per aportar-nos saba nova, noves idees, vida nova, per poder resistir. Els que resisteixin i es mantinguin units venceran&#8230; \u00c9s una responsabilitat moral i \u00e8tica de la nostra esp\u00e8cie<\/em>. <\/p>\n<p><em>Benvinguts a<\/em> <a href=\"https:\/\/marina.swarpeca.es\/revista\/IMG\/pdf\/guia_actividades_catalan_bcn2015.pdf\"><em>BioCultura<\/em><\/a>.<\/p>\n<p><strong>L ?Organitzaci\u00f3<\/strong><\/p>\n<p><img loading=\"lazy\" decoding=\"async\" class=\" alignleft size-full wp-image-2496\" src=\"https:\/\/marina.swarpeca.es\/revista\/wp-content\/uploads\/2015\/05\/infobio61.jpg\" alt=\"infobio61.jpg\" align=\"left\" width=\"776\" height=\"1123\" srcset=\"https:\/\/marina.swarpeca.es\/revista\/wp-content\/uploads\/2015\/05\/infobio61.jpg 776w, https:\/\/marina.swarpeca.es\/revista\/wp-content\/uploads\/2015\/05\/infobio61-207x300.jpg 207w, https:\/\/marina.swarpeca.es\/revista\/wp-content\/uploads\/2015\/05\/infobio61-708x1024.jpg 708w, https:\/\/marina.swarpeca.es\/revista\/wp-content\/uploads\/2015\/05\/infobio61-768x1111.jpg 768w\" sizes=\"(max-width: 776px) 100vw, 776px\" \/><\/p>\n<p><em>En el \u00faltimo n\u00famero del suplemento <a href=\"https:\/\/marina.swarpeca.es\/revista\/IMG\/pdf\/infobio_61.pdf\">\u00abBioCultura Info\u00bb<\/a>, que se encarta cada trimestre en la revista \u00abThe Ecologist\u00bb, encontrar\u00e9is entrevistas con Juan Carlos Moreno en torno a Planeta Moda (textil org\u00e1nico); con los ganadores del Premio Ecoemprendedores BioCultura\/Incubaeco; Artespiga y su pan ecol\u00f3gico \u201cart\u00edstico\u201d; Espacio Org\u00e1nico, un espacio multifuncional; Esther Vivas y su reciente libro \u201cEl negocio de la comida\u201d; y muchas m\u00e1s novedades del sector \u201cbio\u201d y el ecoactivismo, una avanzadilla de los que preparamos para la pr\u00f3xima edici\u00f3n de Barcelona<\/em>.<\/p>\n<p><img loading=\"lazy\" decoding=\"async\" class=\" aligncenter size-full wp-image-2497\" src=\"https:\/\/marina.swarpeca.es\/revista\/wp-content\/uploads\/2015\/05\/enfermeddes_mentales.jpg\" alt=\"enfermeddes_mentales.jpg\" align=\"center\" width=\"333\" height=\"223\" srcset=\"https:\/\/marina.swarpeca.es\/revista\/wp-content\/uploads\/2015\/05\/enfermeddes_mentales.jpg 333w, https:\/\/marina.swarpeca.es\/revista\/wp-content\/uploads\/2015\/05\/enfermeddes_mentales-300x201.jpg 300w\" sizes=\"(max-width: 333px) 100vw, 333px\" \/><\/p>\n<p><strong>Enfermedades mentales. Patolog\u00edas de la sociedad de masas<\/strong><\/p>\n<p>29 de Abril de 2015<\/p>\n<p>La revista <em>The Ecologist<\/em>, en su n\u00famero de julio-agosto-septiembre, publicar\u00e1 la primera parte de un extenso monogr\u00e1fico doble dedicado a las enfermedades mentales. Una de las cosas que se desprenden de la lectura de la revista es que, en buena medida, gran parte de las altas tasas de patolog\u00edas mentales (<a href=\"https:\/\/marina.swarpeca.es\/spip.php?page=recherche&#038;recherche=depresion\">depresi\u00f3n<\/a>, <a href=\"https:\/\/marina.swarpeca.es\/spip.php?page=recherche&#038;recherche=alzheimer\">Alzheimer<\/a>, trastorno paranoide, bipolaridad \u2026) tienen que ver con la sociedad de masas y h\u00e1bitos alimentarios, sociales y profesionales perniciosos\u2026 En BioCultura, algunas charlas se centran tambi\u00e9n en temas afines \u2026<\/p>\n<p>La <a href=\"https:\/\/marina.swarpeca.es\/?expresion_de_l\">depresi\u00f3n<\/a> es la gran pandemia del siglo XXI. Es una enfermedad mental que est\u00e1 detr\u00e1s de un alt\u00edsimo porcentaje de suicidios. Los tratamientos farmacol\u00f3gicos no son siempre eficaces y tienen una gran cantidad de efectos secundarios. La <a href=\"https:\/\/marina.swarpeca.es\/?hiperico,_cora\">hierba de San Juan o hip\u00e9rico<\/a> funciona bien en casos leves. Y se investiga de forma esperanzadora con la curcumina, presente en la  <a href=\"https:\/\/marina.swarpeca.es\/?Curcuma\">c\u00farcuma<\/a>. En cualquier caso, est\u00e1 muy claro que las caracter\u00edsticas intr\u00ednsecas de la sociedad de masas, y todo lo que de ello se desprende en lo que ata\u00f1e a la cotidianeidad (h\u00e1bitos alimentarios, adicciones, desestructuraci\u00f3n y atomizaci\u00f3n familiar \u2026), tienen mucho que ver no solo con esta enfermedad, sino tambi\u00e9n con otras patolog\u00edas: enfermedad de Alzheimer y otras demencias; bipolaridad, el mal llamado TDAH \u2026<\/p>\n<p>Como dice el neur\u00f3logo Secundino L\u00f3pez, \u201c<em>nuestra salud mental hay que ganarla d\u00eda a d\u00eda. Todo lo que hacemos y lo que dejamos de hacer es importante. Para conservar la salud mental hay que cuidar nuestras neuronas con buenos alimentos, no ingerir t\u00f3xicos, no fumar, no beber alcohol \u2026 Y tener h\u00e1bitos sociales y familiares estimulantes<\/em>\u201d. Las dietas muy proteicas, saturadas de grasas y az\u00facares, con elementos t\u00f3xicos \u2026 tienen consecuencias no s\u00f3lo en la salud f\u00edsica, tambi\u00e9n en la salud mental, ya que innumerables estudios cient\u00edficos demuestran que los elementos nocivos da\u00f1an nuestro cerebro.<\/p>\n<p>Algunas charlas de BioCultura Barcelona se centran en estos temas. Dejar las enfermedades mentales s\u00f3lo al amparo de los tratamientos farmacol\u00f3gicos es un error. De la misma manera que hay <a href=\"https:\/\/marina.swarpeca.es\/?Cancer-prevencion-e-inmunidad\">dietas y h\u00e1bitos saludables que son preventivos contra el c\u00e1ncer<\/a>, por ejemplo, tambi\u00e9n hay formas de vivir que representan un darle la espalda a muchas patolog\u00edas mentales. Nuestro cuerpo y nuestra psique est\u00e1n \u00edntimamente unidos. Todo lo que afecta a uno afecta al otro. Pero es que eso es extrapolable a nuestra familia, nuestra sociedad \u2026 \u00bfC\u00f3mo estar sano, en todos los aspectos, en una sociedad enferma? Pregunta de dif\u00edcil respuesta. Pero habr\u00e1 que empezar, como m\u00ednimo, a plante\u00e1rsela \u2026<\/p>\n<p><strong>Pablo Bola\u00f1o<\/strong><\/p>\n<p><strong>Toma nota<\/strong><\/p>\n<p><strong>Nuevas formas de enfrentarse a las patolog\u00edas mentales<\/strong><\/p>\n<p><strong>El<\/strong> <a href=\"https:\/\/marina.swarpeca.es\/?Estres-reacciones-fisiologicas\">estr\u00e9s<\/a> <strong>cr\u00f3nico, su origen y sus efectos desde la neurociencia<\/strong><\/p>\n<p>?Viernes a las 19 h. Sala 7<\/p>\n<p>Elena Ist\u00f3mina. Presentaci\u00f3n de la t\u00e9cnica E.S.I. Reflexology ?(emotional states integration reflexology).<\/p>\n<p>Organiza: <a href=\"https:\/\/www.amalur-zen.com\/tratamientos\/reflexologia\">Amalur Zen<\/a><\/p>\n<p><strong>??Atenci\u00f3n integral y tratamiento espec\u00edfico al diagn\u00f3stico de TDAH<\/strong><\/p>\n<p>?S\u00e1bado a las 15 h. Sala 2<\/p>\n<p>Rosa Chac\u00f3n. Orientadora en atenci\u00f3n integral?<\/p>\n<p>Ros\u00f3 Marcell\u00e8s. Farmac\u00e9utica y consultora pedag\u00f3gica escolar.<\/p>\n<p>?Organiza: <a href=\"https:\/\/www.integralcentremedic.com\/Castellano\/biocultura-2015.htm\">Integral, Centre M\u00e8dic i de Salut<\/a><\/p>\n<p><strong>???Causas y tratamientos de las enfermedades emergentes, ?TDAH y autismo<\/strong><\/p>\n<p>?Domingo a las 12h. Sala 4<\/p>\n<p>?Joan Guxens. M\u00e9dico naturista y fundador del Institut IGEM.?<\/p>\n<p>Organiza: <a href=\"https:\/\/www.institut-igem.com\/index.php\/profesorado\">IGEM \u2013 Institut d\u00b4Estudis Guxens<\/a><\/p>\n<p>??<strong>Medicina TNDR: Todo dolor tiene un por qu\u00e9. Uni\u00f3n f\u00edsico-psiquica?<\/strong>?<\/p>\n<p>Domingo a las 17h. Sala 9<\/p>\n<p>Pilar Garc\u00eda Silva [[<strong>El Dolor es un amigo que nos avisa. Exploraci\u00f3n precisa TNDR. &#8211; Pilar Garc\u00eda Silva<\/strong><\/p>\n<p><iframe loading=\"lazy\" width=\"420\" height=\"315\" src=\"https:\/\/www.youtube.com\/embed\/5FN8RLkHcVc\" frameborder=\"0\" allowfullscreen><\/iframe>]]. Directora de TNDR. Colaboraci\u00f3n directa con el? Dr. Cayo Mart\u00edn.<\/p>\n<p>Organiza: <a href=\"www.medicinatndr.com\">Medicina TNDR<\/a><\/p>\n<p>(7 de mayo de 2015)<\/p>\n","protected":false},"excerpt":{"rendered":"<p>Hoy comienza la 22\u00aa edici\u00f3n de BioCultura Barcelona, cuyas <a href=\"http:\/\/marina.swarpeca.es\/IMG\/pdf\/guia_actividades_castellano_bcn2015_webvidasana_bj.pdf\">actividades<\/a> se prolongan hasta el domingo 10 de mayo en Palau Sant Jordi. Con cada edici\u00f3n de BioCultura llega, tambi\u00e9n, una edici\u00f3n en papel del <a href=\"http:\/\/marina.swarpeca.es\/IMG\/pdf\/diario_biocultura_barcelona_2015.pdf\">diario de la feria<\/a>, que estar\u00e1 a disposici\u00f3n del p\u00fablico en el Punto de Informaci\u00f3n de la feria, en las salas de conferencias, estands y tambi\u00e9n ser\u00e1 repartido en la entrada al Palau Sant Jordi. Adem\u00e1s de reportajes sobre el sector \u00abbio\u00bb en Catalunya, sobre la cosm\u00e9tica ecol\u00f3gica, sobre el ambiente \u00abeco\u00bb en la ciudad Condal y sobre el sector de la bioconstrucci\u00f3n, el diario tambi\u00e9n informa sobre todas las actividades relacionadas con la salud natural que se llevar\u00e1n a cabo en la feria, incluye la lista de expositores y tambi\u00e9n el plano de la feria. Tal y como se pone de manifiesto respecto al auge de lo ecol\u00f3gico y nuevos paradigmas de salud: <em>\u201cla primavera&#8230; la consci\u00e8ncia altera\u201d. \u00c9s el moment de carregar les piles i seguir lluitant contra un sistema depredador, assass\u00ed i que ens condueix vertiginosament al desastre<\/em>.<\/p>\n","protected":false},"author":1,"featured_media":2495,"comment_status":"closed","ping_status":"open","sticky":false,"template":"","format":"standard","meta":{"footnotes":""},"categories":[27],"tags":[],"_links":{"self":[{"href":"https:\/\/marina.swarpeca.es\/revista\/wp-json\/wp\/v2\/posts\/2498"}],"collection":[{"href":"https:\/\/marina.swarpeca.es\/revista\/wp-json\/wp\/v2\/posts"}],"about":[{"href":"https:\/\/marina.swarpeca.es\/revista\/wp-json\/wp\/v2\/types\/post"}],"author":[{"embeddable":true,"href":"https:\/\/marina.swarpeca.es\/revista\/wp-json\/wp\/v2\/users\/1"}],"replies":[{"embeddable":true,"href":"https:\/\/marina.swarpeca.es\/revista\/wp-json\/wp\/v2\/comments?post=2498"}],"version-history":[{"count":0,"href":"https:\/\/marina.swarpeca.es\/revista\/wp-json\/wp\/v2\/posts\/2498\/revisions"}],"wp:featuredmedia":[{"embeddable":true,"href":"https:\/\/marina.swarpeca.es\/revista\/wp-json\/wp\/v2\/media\/2495"}],"wp:attachment":[{"href":"https:\/\/marina.swarpeca.es\/revista\/wp-json\/wp\/v2\/media?parent=2498"}],"wp:term":[{"taxonomy":"category","embeddable":true,"href":"https:\/\/marina.swarpeca.es\/revista\/wp-json\/wp\/v2\/categories?post=2498"},{"taxonomy":"post_tag","embeddable":true,"href":"https:\/\/marina.swarpeca.es\/revista\/wp-json\/wp\/v2\/tags?post=2498"}],"curies":[{"name":"wp","href":"https:\/\/api.w.org\/{rel}","templated":true}]}}