{"id":249,"date":"2009-01-13T23:20:29","date_gmt":"2009-01-13T23:20:29","guid":{"rendered":"https:\/\/marina.swarpeca.es\/revista\/2009\/01\/13\/aceite-esencial-de-clavo\/"},"modified":"2021-03-01T22:39:01","modified_gmt":"2021-03-01T22:39:01","slug":"aceite-esencial-de-clavo","status":"publish","type":"post","link":"https:\/\/marina.swarpeca.es\/revista\/aceite-esencial-de-clavo\/","title":{"rendered":"Aceite esencial de Clavo"},"content":{"rendered":"<p>Se recomienda tambi\u00e9n leer el art\u00edculo <a href=\"https:\/\/marina.swarpeca.es\/revista\/aceites-esenciales-y-aromaterapia\/\">Aceites esenciales<\/a>.<\/p>\n<p><em> <strong>Gisbert i Llambrich<\/strong> <\/em> afirma que el aceite esencial de clavo es antis\u00e9ptico, antineur\u00e1lgico, anest\u00e9sico, verm\u00edfugo, carminativo y aromatizante. <\/p>\n<p>En v\u00eda externa indicado en caries y odontalgias, en forma de g\u00e1rgaras para alteraciones de la garganta, tambi\u00e9n en sinusitis y sarna, en friegas con aceite de almendra y aceite esencial de clavo. <\/p>\n<p>En caso de bronquitis, frotar la caja tor\u00e1cica con esencia de clavo dilu\u00eddo en aceite de oliva.<\/p>\n<p><em> <strong>Sanz Bascu\u00f1ana<\/strong> <\/em> agrega que es cauterizante cut\u00e1neo, indicado en uso externo zonal para esclerosis en placas, parasitosis cut\u00e1neas y acn\u00e9 infectado.<\/p>\n<p><em> <strong>Wanda Sellar<\/strong> <\/em> desaconseja aplicarlo en masaje pues puede producir irritaci\u00f3n en la piel, y subraya el efecto localizado y la eficacia de sus propiedades analg\u00e9sicas en dolor de muelas, reumatismo, artritis, llagas de la boca y jaquecas debidas a la tensi\u00f3n, as\u00ed como su condici\u00f3n de excelente bactericida: \u00abVaporizado con frecuencia durante el invierno estimular\u00e1 la resistencia a los g\u00e9rmenes. Y mezclado con naranja y lim\u00f3n, repele a los insectos\u00bb.<\/p>\n<p><strong>Documentaci\u00f3n utilizada:<\/strong><\/p>\n<p>&#8211; Aromaterapia, esencias naturales para la salud y la belleza, Dr. Josep Maria Gisbert i Llambrich, Fundaci\u00f3n para la Investigaci\u00f3n y el Desarrollo de las Ciencias Biol\u00f3gicas, Barcelona, 1993.<\/p>\n<p>&#8211; Plantas medicinales y arom\u00e1ticas. Estudio, cultivo y procesado, Fernando Mu\u00f1oz L\u00f3pez de Bustamante, Mundi-Prensa, Madrid, 1996.<\/p>\n<p>&#8211; Aromaterapia de la A a la Z, Patricia Davis, Edaf, Madrid, 2001.<\/p>\n<p>&#8211; Gu\u00eda de aceites esenciales, Wanda Sellar, Edaf, Madrid, 2000.<\/p>\n<p>&#8211; C\u00farese con la aromaterapia, Enrique Sanz Bascu\u00f1ana, Vital, Barcelona, 2000.<\/p>\n<p>&#8211; Plantas medicinales. El Diosc\u00f3rides renovado, Dr. P. Font Quer, Labor, Barcelona, 1995.<\/p>\n<p>&#8211; Diccionario de Bot\u00e1nica, Dr. P. Font Quer, Labor, Barcelona, 1993.<\/p>\n<p>&#8211; Fitoterapia. Vadem\u00e9cum de prescripci\u00f3n, Masson, Barcelona, 2003.<\/p>\n<p>&#8211; Diccionario terminol\u00f3gico de Ciencias M\u00e9dicas, Masson, Barcelona, 1998.<\/p>\n<p>(publicado en Conocer Arganzuela 141, octubre de 2004)<\/p>\n","protected":false},"excerpt":{"rendered":"<p>Se recomienda tambi\u00e9n leer el art\u00edculo Aceites esenciales. Gisbert i Llambrich afirma que el aceite esencial de clavo es antis\u00e9ptico, antineur\u00e1lgico, anest\u00e9sico, verm\u00edfugo, carminativo y aromatizante. En v\u00eda externa indicado en caries y odontalgias, en forma de g\u00e1rgaras para alteraciones de la garganta, tambi\u00e9n en sinusitis y sarna, en friegas con aceite de almendra y&hellip; <a class=\"more-link\" href=\"https:\/\/marina.swarpeca.es\/revista\/aceite-esencial-de-clavo\/\">Continuar leyendo <span class=\"screen-reader-text\">Aceite esencial de Clavo<\/span><\/a><\/p>\n","protected":false},"author":1,"featured_media":248,"comment_status":"closed","ping_status":"open","sticky":false,"template":"","format":"standard","meta":{"footnotes":""},"categories":[28],"tags":[],"_links":{"self":[{"href":"https:\/\/marina.swarpeca.es\/revista\/wp-json\/wp\/v2\/posts\/249"}],"collection":[{"href":"https:\/\/marina.swarpeca.es\/revista\/wp-json\/wp\/v2\/posts"}],"about":[{"href":"https:\/\/marina.swarpeca.es\/revista\/wp-json\/wp\/v2\/types\/post"}],"author":[{"embeddable":true,"href":"https:\/\/marina.swarpeca.es\/revista\/wp-json\/wp\/v2\/users\/1"}],"replies":[{"embeddable":true,"href":"https:\/\/marina.swarpeca.es\/revista\/wp-json\/wp\/v2\/comments?post=249"}],"version-history":[{"count":1,"href":"https:\/\/marina.swarpeca.es\/revista\/wp-json\/wp\/v2\/posts\/249\/revisions"}],"predecessor-version":[{"id":2885,"href":"https:\/\/marina.swarpeca.es\/revista\/wp-json\/wp\/v2\/posts\/249\/revisions\/2885"}],"wp:featuredmedia":[{"embeddable":true,"href":"https:\/\/marina.swarpeca.es\/revista\/wp-json\/wp\/v2\/media\/248"}],"wp:attachment":[{"href":"https:\/\/marina.swarpeca.es\/revista\/wp-json\/wp\/v2\/media?parent=249"}],"wp:term":[{"taxonomy":"category","embeddable":true,"href":"https:\/\/marina.swarpeca.es\/revista\/wp-json\/wp\/v2\/categories?post=249"},{"taxonomy":"post_tag","embeddable":true,"href":"https:\/\/marina.swarpeca.es\/revista\/wp-json\/wp\/v2\/tags?post=249"}],"curies":[{"name":"wp","href":"https:\/\/api.w.org\/{rel}","templated":true}]}}