{"id":242,"date":"2009-01-13T22:40:45","date_gmt":"2009-01-13T22:40:45","guid":{"rendered":"https:\/\/marina.swarpeca.es\/revista\/2009\/01\/13\/aceite-esencial-de-oregano\/"},"modified":"2021-03-01T22:39:01","modified_gmt":"2021-03-01T22:39:01","slug":"aceite-esencial-de-oregano","status":"publish","type":"post","link":"https:\/\/marina.swarpeca.es\/revista\/aceite-esencial-de-oregano\/","title":{"rendered":"Aceite esencial de Or\u00e9gano"},"content":{"rendered":"<p>Se recomienda tambi\u00e9n leer el art\u00edculo <a href=\"https:\/\/marina.swarpeca.es\/revista\/aceites-esenciales-y-aromaterapia\/\">Aceites esenciales<\/a>.<\/p>\n<p>En opini\u00f3n de <em> <strong>Gisber i Llambrich<\/strong> <\/em> , el aceite esencial de or\u00e9gano es antibi\u00f3tico (\u00abEl m\u00e1s potente\u00bb), antis\u00e9ptico, antiespasm\u00f3dico y expectorante, y en v\u00eda externa y asociado al aceite de almendras dulces est\u00e1 indicado para todas las enfermedades de la piel, procesos reum\u00e1ticos y celulitis. <\/p>\n<p>En forma de ba\u00f1os es \u00fatil para los par\u00e1sitos y a menudo se utiliza en forma de inhalaciones.<\/p>\n<p><em> <strong>Wanda Sellar<\/strong> <\/em> sostiene que cortes y heridas infectados pueden reaccionar favorablemente ante su aplicaci\u00f3n sobre la piel, tambi\u00e9n alivia el est\u00f3mago, h\u00edgado y bazo, es t\u00f3nico y depurador general y calma los espasmos intestinales. <\/p>\n<p>Potente aceite que puede irritar las membranas mucosas, es mejor rehuirlo durante el embarazo.<\/p>\n<p>Para <strong>Sanz Bascu\u00f1ana<\/strong>, por dermoc\u00e1ustico y salvo zonas puntuales afectadas, est\u00e1 contraindicado el uso cut\u00e1neo del aceite esencial puro de or\u00e9gano.<\/p>\n<p><strong>Documentaci\u00f3n utilizada:<\/strong><\/p>\n<p>&#8211; Aromaterapia, esencias naturales para la salud y la belleza, Dr. Josep Maria Gisbert i Llambrich, Fundaci\u00f3n para la Investigaci\u00f3n y el Desarrollo de las Ciencias Biol\u00f3gicas, Barcelona, 1993.<\/p>\n<p>&#8211; Plantas medicinales y arom\u00e1ticas. Estudio, cultivo y procesado, Fernando Mu\u00f1oz L\u00f3pez de Bustamante, Mundi-Prensa, Madrid, 1996.<\/p>\n<p>&#8211; Aromaterapia de la A a la Z, Patricia Davis, Edaf, Madrid, 2001.<\/p>\n<p>&#8211; Gu\u00eda de aceites esenciales, Wanda Sellar, Edaf, Madrid, 2000.<\/p>\n<p>&#8211; C\u00farese con la aromaterapia, Enrique Sanz Bascu\u00f1ana, Vital, Barcelona, 2000.<\/p>\n<p>&#8211; Plantas medicinales. El Diosc\u00f3rides renovado, Dr. P. Font Quer, Labor, Barcelona, 1995.<\/p>\n<p>&#8211; Diccionario de Bot\u00e1nica, Dr. P. Font Quer, Labor, Barcelona, 1993.<\/p>\n<p>&#8211; Fitoterapia. Vadem\u00e9cum de prescripci\u00f3n, Masson, Barcelona, 2003.<\/p>\n<p>&#8211; Diccionario terminol\u00f3gico de Ciencias M\u00e9dicas, Masson, Barcelona, 1998.<\/p>\n<p>(publicado en Conocer Arganzuela 141, octubre de 2004)<\/p>\n","protected":false},"excerpt":{"rendered":"<p>Se recomienda tambi\u00e9n leer el art\u00edculo Aceites esenciales. En opini\u00f3n de Gisber i Llambrich , el aceite esencial de or\u00e9gano es antibi\u00f3tico (\u00abEl m\u00e1s potente\u00bb), antis\u00e9ptico, antiespasm\u00f3dico y expectorante, y en v\u00eda externa y asociado al aceite de almendras dulces est\u00e1 indicado para todas las enfermedades de la piel, procesos reum\u00e1ticos y celulitis. En forma&hellip; <a class=\"more-link\" href=\"https:\/\/marina.swarpeca.es\/revista\/aceite-esencial-de-oregano\/\">Continuar leyendo <span class=\"screen-reader-text\">Aceite esencial de Or\u00e9gano<\/span><\/a><\/p>\n","protected":false},"author":1,"featured_media":0,"comment_status":"closed","ping_status":"open","sticky":false,"template":"","format":"standard","meta":{"footnotes":""},"categories":[28],"tags":[],"_links":{"self":[{"href":"https:\/\/marina.swarpeca.es\/revista\/wp-json\/wp\/v2\/posts\/242"}],"collection":[{"href":"https:\/\/marina.swarpeca.es\/revista\/wp-json\/wp\/v2\/posts"}],"about":[{"href":"https:\/\/marina.swarpeca.es\/revista\/wp-json\/wp\/v2\/types\/post"}],"author":[{"embeddable":true,"href":"https:\/\/marina.swarpeca.es\/revista\/wp-json\/wp\/v2\/users\/1"}],"replies":[{"embeddable":true,"href":"https:\/\/marina.swarpeca.es\/revista\/wp-json\/wp\/v2\/comments?post=242"}],"version-history":[{"count":1,"href":"https:\/\/marina.swarpeca.es\/revista\/wp-json\/wp\/v2\/posts\/242\/revisions"}],"predecessor-version":[{"id":2880,"href":"https:\/\/marina.swarpeca.es\/revista\/wp-json\/wp\/v2\/posts\/242\/revisions\/2880"}],"wp:attachment":[{"href":"https:\/\/marina.swarpeca.es\/revista\/wp-json\/wp\/v2\/media?parent=242"}],"wp:term":[{"taxonomy":"category","embeddable":true,"href":"https:\/\/marina.swarpeca.es\/revista\/wp-json\/wp\/v2\/categories?post=242"},{"taxonomy":"post_tag","embeddable":true,"href":"https:\/\/marina.swarpeca.es\/revista\/wp-json\/wp\/v2\/tags?post=242"}],"curies":[{"name":"wp","href":"https:\/\/api.w.org\/{rel}","templated":true}]}}