{"id":2405,"date":"2014-05-08T20:16:50","date_gmt":"2014-05-08T20:16:50","guid":{"rendered":"https:\/\/marina.swarpeca.es\/revista\/2014\/05\/08\/econat-2014-7a-edicion-del-congreso-de-terapias-naturales-madrid-23-a-25-de-mayo\/"},"modified":"2014-05-08T20:16:50","modified_gmt":"2014-05-08T20:16:50","slug":"econat-2014-7a-edicion-del-congreso-de-terapias-naturales-madrid-23-a-25-de-mayo","status":"publish","type":"post","link":"https:\/\/marina.swarpeca.es\/revista\/econat-2014-7a-edicion-del-congreso-de-terapias-naturales-madrid-23-a-25-de-mayo\/","title":{"rendered":"Econat 2014, 7\u00aa edici\u00f3n del congreso de terapias naturales, Madrid 23 a 25 de mayo"},"content":{"rendered":"<p><em>Es para m\u00ed un orgullo y satisfacci\u00f3n, poder presentaros EcoNat 2014, la VII Edici\u00f3n del Congreso Internacional de Terapias Naturales &#8230; En esta edici\u00f3n se abordar\u00e1n las distintas especialidades de este tipo de Medicina, sus diferentes tipos de diagn\u00f3stico, as\u00ed como las diversas formas de entender la salud en relaci\u00f3n, no ya s\u00f3lo con el cuerpo f\u00edsico, sino tambi\u00e9n con la psique humana y sus emociones &#8230; nos presentamos, una vez m\u00e1s, con la mejor disposici\u00f3n para acercaros a los m\u00e1s destacados profesionales en Acupuntura, Naturopat\u00eda, Homeopat\u00eda, Medicina Biol\u00f3gica, Medicina Tradicional China, Psicoterapia, Nutrici\u00f3n y Diet\u00e9tica, y un largo etc\u00e9tera, para que compartan con todos vosotros, de un modo din\u00e1mico y participativo, las novedades m\u00e1s punteras en sus respectivos campos, tanto a nivel nacional como internacional. La cita ser\u00e1 en la Estaci\u00f3n de Chamart\u00edn de Madrid, en pleno centro de ocio y negocio de la capital, durante los d\u00edas 23, 24 y 25 de Mayo de 2014, &#8230; <\/em>. <strong> <em>Enrique Fabeiro<\/em> <\/strong> <strong>Director de EcoNat<\/strong><\/p>\n<p><a href=\"https:\/\/marina.swarpeca.es\/revista\/wp-content\/uploads\/2014\/05\/prog-abreviado-econat-2014.pdf\">Econat 2014 &#8211; Programa abreviado<\/a><\/p>\n<p><strong> <em>Programa Ponencias EcoNat 2014<\/em> <\/strong><\/p>\n<p><strong>VIERNES 23 MAYO<\/strong><\/p>\n<p><strong>Sala 1 \u00b7 10:00 \u2013 10:30<\/strong>. <strong>Acto inaugural<\/strong> a cargo del Comit\u00e9 Cient\u00edfico EcoNat 2014<\/p>\n<p><strong>Sala 1 \u00b7 10:45 \u2013 12:00<\/strong>. <strong>Gimnasia cerebral \u2013 Brain Gym<\/strong><\/p>\n<p>El aprendizaje, el pensamiento, la creatividad y la inteligencia no se procesan solo en el cerebro, sino en todo el cuerpo. El cuerpo juega un papel integrador en todos los procesos intelectuales desde la infancia hasta la edad adulta. Los coeficientes intelectuales dependen del cerebro y del cuerpo m\u00e1s de lo que podemos imaginar. El movimiento f\u00edsico durante la infancia y a lo largo de toda nuestra vida juega un importante papel en la creaci\u00f3n de cadenas de c\u00e9lulas nerviosas, y de las conexiones neuronales, las cuales se consideran actualmente como la esencia del aprendizaje, debido a la plasticidad cerebral.<\/p>\n<p><strong> <em>Do\u00f1a Francisca Nieto Barreda<\/em> <\/strong>. Presidenta Asociaci\u00f3n Espa\u00f1ola de Kinesiolog\u00eda Aplicada, pionera en Espa\u00f1a impartiendo los cursos desde 1988. Licenciada en Sociolog\u00eda por la Universidad Complutense de Madrid. Curso Adaptaci\u00f3n Pedag\u00f3gica I.C.E. Universidad Complutense. Diplomada por la Academia de Kinesiolog\u00eda Sistem\u00e1tica Inglaterra 1988. Diplomada por la Touch for Health Foundation de California en 1989. Formaci\u00f3n especializada con los padres de la Kinesiolog\u00eda: Dr. Goodhearth, Sr. Sheldon C. Deal, Dr. Jhon Thie, Dr. John Diamond, Sr. Warren Jacobs, Paul Deninson. Diplomada en Acupuntura por el Instituto de Colombo1987 (Sri Lanka). Formaci\u00f3n en Bioenerg\u00e9tica con Alexander Lowen en Nueva York, 1987.<\/p>\n<p><strong>Sala 2 \u00b7 10:45 \u2013 12:00<\/strong>. <strong>Sanar sintiendo<\/strong><\/p>\n<p>Desarrollar la capacidad sensorial constituye una de las mejores herramientas para practicar cualquier terapia con respeto y fiabilidad. La Terapia Cr\u00e1neo-Sacral es, probablemente, una de las que m\u00e1s se caracteriza por trabajar desde una extraordinaria sensibilidad, y desde ella os vamos a presentar las m\u00faltiples aplicaciones y combinaciones que se pueden llevar a cabo. Desde la Terapia Cr\u00e1neo-Sacral aplicada a la Nueva Medicina, trabajando en los tres niveles: Psique, Cerebro y \u00d3rgano, y especialmente en los rel\u00e9s cerebrales, la Terapia Hormonal Cr\u00e1neo-Sacral, a trav\u00e9s de la cual conocemos nuestra farmacia interior y, por \u00faltimo, la Terapia Cr\u00e1neo-Sacral como lenguaje terap\u00e9utico para mejorar la comunicaci\u00f3n con la persona y con su cuerpo.<\/p>\n<p><strong> <em>Don Michael Laloux Kodaewa<\/em> <\/strong>. Terapeuta Manual desde 1994, incorporando en la consulta las distintas especialidades en las que se ha ido formando, en escuelas como Holograma, Gaia, Instituto de Medicina Alternativa-Thuban y el Upledger Institute, entre otras. En su preparaci\u00f3n se ha especializado principalmente en la Osteopat\u00eda Integral, la Terapia Cr\u00e1neo-Sacral, la Manipulaci\u00f3n Visceral y la Naturopat\u00eda. Asimismo, imparte cursos de formaci\u00f3n para terapeutas en Seminarios monogr\u00e1ficos en las especialidades de: Osteopat\u00eda Estructural, Terapia Cr\u00e1neo-Sacral, Manipulaci\u00f3n Visceral, Liberaci\u00f3n Psicosom\u00e1tica y Terapia Hormonal Cr\u00e1neo-Sacral. Y, como curso avanzado, ofrece un seminario de Terapia Cr\u00e1neo-Sacral aplicada a la Nueva Medicina, \u00fanico en las terapias manuales, donde se muestra la eficaz integraci\u00f3n de la escucha manual en relaci\u00f3n a la presencia de alteraciones en los rel\u00e9s cerebrales. En la actualidad dirige el centro Terapiasalus en Madrid.<\/p>\n<p><strong>Sala 3 \u00b7 10:45 \u2013 12:00<\/strong>. <strong>Flores De Bach: tratamiento polivalente de numerosas dolencias<\/strong><\/p>\n<p>&#8211; En esta ponencia haremos, para los no iniciados, una introducci\u00f3n de las utilidades emocionales de las <a href=\"https:\/\/marina.swarpeca.es\/?Flores-de-Bach-y-emociones\">flores de bach<\/a>. Aprendiendo a curarte con las flores de bach. Para los profesionales se explicar\u00e1n utilidades centradas en la escucha del paciente. De inter\u00e9s para los Terapeutas Florales. Hiperactividad, depresi\u00f3n, problemas de relaci\u00f3n y adaptaci\u00f3n social, fobias, etc. El nivel de comprensi\u00f3n y consciencia que proveen las esencias florales las hacen extremadamente \u00fatiles como coadyuvante para cualquier tratamiento. Si hay tiempo se explicar\u00e1n tambi\u00e9n formas de sintonizaci\u00f3n directa con las plantas para complementar el trabajo con los preparados florales.<\/p>\n<p><strong> <em>Don Jos\u00e9 Salmer\u00f3n Pascual<\/em> <\/strong>. Psic\u00f3logo. Director desde 1991 del Centro Edward Bach de trabajo floral. Autor de numerosos libros sobre el tema como <em>Fundamentos de Psicolog\u00eda Ecol\u00f3gica I<\/em> y <em>II<\/em> y <em>Las Flores de Bach versus Edward Bach<\/em>. Ponente en las ediciones de ECONAT de 2010 y 2006.<\/p>\n<p><strong>Sala 1 \u00b7 12:15 \u2013 13:30<\/strong>. <strong>Tu cambio est\u00e1 en elevar la frecuencia vibracional<\/strong><\/p>\n<p>La ciencia ha confirmado que somos energ\u00eda. La unidad de energ\u00eda se conoce como frecuencia (vibracional). Es seguro que nuestros milenarios ancestros no conoc\u00edan ese dato a nivel cient\u00edfico, pero lo que s\u00ed nos han hecho saber a trav\u00e9s de sus legados es que, en la sabidur\u00eda de sus experiencias, utilizaban sustancias provenientes de la Naturaleza, que elevaban su frecuencia vibracional, a nivel f\u00edsico, mental, emocional y espiritual, experimentando un bienestar \u00abhol\u00edstico\u00bb. Es precisamente la sabidur\u00eda de esos conocimientos, que queremos compartir contigo para que de una forma pr\u00e1ctica los puedas aplicar a tu vida diaria, para promover tus cambios elevando tu frecuencia vibracional.<\/p>\n<p><strong> <em>Do\u00f1a Eva Franklin<\/em> <\/strong>. Certificada en Salud Holistica y Nutricion por IIN New York. Profesora de Terapia gotas de lluvia (originaria de los Nativos Indios Lakotas). Experta en aceites esenciales de grado 100% terap\u00e9utico. Certificada en Feng Shui por la escuela del Profesor Lin Yun. Eva Franklin ha compartido ense\u00f1anzas en Univision TV California. Ha participado en m\u00faltiples programas de radio en Madrid. Sus cursos de la Terapia gotas de lluvia, originaria de los Indios Lakotas, son conocidos y se imparten en crecientes giras por distintas capitales de Espa\u00f1a.<\/p>\n<p><strong>Sala 2 \u00b7 12:15 \u2013 13:30<\/strong>. <strong>Psicolog\u00eda Ayurveda. Una psicolog\u00eda integrativa<\/strong><\/p>\n<p>Afortunadamente nos encontramos en un momento hist\u00f3rico en el que hay mucha apertura mental hacia los tratamientos naturales y la vuelta a la confianza en la sabidur\u00eda de la Madre Tierra. La Psicolog\u00eda Ayurveda rescata estos valores de lo natural y nos invita a conocernos a nosotros mismos, abordando al ser humano en un plano integral, mente-cuerpo-esp\u00edritu en un entorno, formando parte de la naturaleza. Se basa en determinar la constituci\u00f3n \u00fanica a trav\u00e9s de los biotipos, atendiendo a los desequilibrios y aportando herramientas para mejorarlos. Para saber cada constituci\u00f3n utiliza cuestionarios y se basa predominantemente en los aspectos f\u00edsicos de la persona. A partir de un autoconocimiento o determinando nuestro biotipo podemos reconocer los factores que pueden alterar nuestro equilibrio y puedan conducirnos a una patolog\u00eda posterior. Por esta raz\u00f3n se hace hincapi\u00e9 en la prevenci\u00f3n primaria en la salud, cuidar el cuerpo, la mente y las emociones antes de que se manifieste la enfermedad. La Psicolog\u00eda Ayurveda considera al ser humano en su totalidad. Dentro de las herramientas que utiliza se encuentra la alimentaci\u00f3n, la actividad f\u00edsica, las rutinas estacionales, la meditaci\u00f3n, el yoga. Todas se indican seg\u00fan la propia constituci\u00f3n y seg\u00fan el desequilibrio que se pueda presentar. Una herramienta importante dentro de la disciplina del Yoga es el uso consciente de la respiraci\u00f3n. Por medio de la respiraci\u00f3n se pueden cambiar patrones de conducta y ofrece tambi\u00e9n la posibilidad de centrarse en el momento presente, el aqu\u00ed y ahora. Por ejemplo, hay diferentes tipos de respiraci\u00f3n seg\u00fan el desequilibrio que la persona pueda presentar. Durante la ponencia dejaremos un espacio para una peque\u00f1a pr\u00e1ctica de respiraci\u00f3n para probar esta nueva disciplina integrativa y c\u00f3mo repercute en nuestro Ser.<\/p>\n<p><strong> <em>Do\u00f1a Eliana D\u00b4Alessandro<\/em> <\/strong>. Licenciada en Psicolog\u00eda por la Universidad de Buenos Aires. Profesora de Psicolog\u00eda y de Yoga. Ha realizado cursos de Ayurveda en India, Espa\u00f1a, Italia y Argentina. Especialista en Sexolog\u00eda por la Universidad de Barcelona. Actualmente se dedica a la ense\u00f1anza del yoga adem\u00e1s de sus consultas psicol\u00f3gicas con orientaci\u00f3n ayurveda.<\/p>\n<p><strong>Sala 3 \u00b7 12:15 \u2013 13:30<\/strong>. <strong>S\u00edndrome del Smartphone y su tratamiento a trav\u00e9s del Shiatsu<\/strong><\/p>\n<p>El phubbing o s\u00edndrome del smartphone es la consecuencia de un uso excesivo del m\u00f3vil que produce diferentes patolog\u00edas con consecuencias tanto ps\u00edquicas como f\u00edsicas. Los primeros afectados son los ojos no s\u00f3lo por cansancio sino por efectos de sequedad. Los efectos del phubbing pueden ir mucho m\u00e1s all\u00e1 si existe un uso prolongado y dependiente del m\u00f3vil o de los aparatos electr\u00f3nicos, pues en ese caso el cuello adoptar\u00e1 una postura anti-natural que hace que la parte superior de la columna vertebral se encorve y que la cabeza se sostenga \u00fanicamente por los m\u00fasculos del cuello y de los hombros. \u00abCuando la curvatura natural del cuello denominada lordosis se vuelve recta debido a una posici\u00f3n forzada, nuestro cuello pierde movilidad y pasamos a padecer los s\u00edntomas de un cuello est\u00e1tico (Straight Neck)\u00bb. Uno de los signos que podr\u00edan evidenciar que padecemos este trastorno es que nos resulte m\u00e1s c\u00f3modo dormir sin almohada.- \u00bfQu\u00e9 supone entonces para el cuerpo sufrir de \u00abcuello est\u00e1tico\u00bb? Que se formen contracturas o pinzamientos tanto en el cuello como en los hombros y que empeore la circulaci\u00f3n de la sangre hacia el cerebro dando lugar a migra\u00f1as, mareos, v\u00e9rtigos o jaquecas. El perjuicio a la salud se hace m\u00e1s evidente cuando sufrimos estos s\u00edntomas durante un periodo largo de tiempo, las posibilidades de sufrir depresi\u00f3n, ansiedad o fatiga cr\u00f3nica aumentan considerablemente. \u00abEso se debe a que nuestro sistema nervioso aut\u00f3nomo est\u00e1 afectado y desequilibrado\u00bb. Adem\u00e1s de eliminar las contracturas que se han generado en la zona cervical, los hombros y la zona lumbar, se emplean distintos recursos para favorecer el equilibrio entre el sistema simp\u00e1tico (parte din\u00e1mica, activa y energ\u00e9tica) y el parasimp\u00e1tico del cerebro (pasiva, del relax y el descanso). Utilizamos t\u00e9cnicas desarrolladas con mi experiencia durante los a\u00f1os de tratamiento en Shiatsu con pacientes europeos y el estudio de las patolog\u00edas m\u00e1s frecuentes.<\/p>\n<p><strong> <em>Don Shigeru Onoda<\/em> <\/strong>. Natural de Jap\u00f3n, se gradu\u00f3 en la Japan Shiatsu College de Tokyo en abril de 1981, \u00fanica escuela oficial para el aprendizaje del Shiatsu en Jap\u00f3n, donde estuvo aprendiendo Shiatsu con los Maestros Tokujiro Namikoshi, Toru Namikoshi y Matsuko Namikoshi. Tras graduarse como terapeuta de Shiatsu y realizar el examen estatal que le conced\u00eda licencia para la pr\u00e1ctica del Shiatsu en Jap\u00f3n, se dedic\u00f3 al estudio e investigaci\u00f3n del Sotai-ho y otras t\u00e9cnicas terap\u00e9uticas adem\u00e1s de trabajar como terapeuta de Shiatsu en varias cl\u00ednicas. En junio de 1984 cre\u00f3 en Espa\u00f1a su propia cl\u00ednica y comenz\u00f3 a difundir el Shiatsu en nuestro pa\u00eds que, por aquellos tiempos, era pr\u00e1cticamente desconocido. Shigeru Onoda cre\u00f3 su propia y primera cl\u00ednica en 1984 y en 1987 comenz\u00f3 a difundir el Shiatsu ense\u00f1ando a un reducido grupo de alumnos. Desde entonces, hasta hoy ha abierto dos centros de Shiatsu en Madrid y la Escuela Japonesa de Shiatsu de Madrid y la de M\u00e1laga que cuentan con doscientos alumnos estudiando en los cursos trianuales.<\/p>\n<p><strong>Sala 1 \u00b7 13:45 \u2013 15:00<\/strong>. <strong>Energ\u00eda Suprema: el arte de ser<\/strong><\/p>\n<p>La Energ\u00eda Suprema ha bajado a la tierra, hace unos a\u00f1os, precisamente para ayudar a evolucionar al ser humano a adaptarse a todos estos cambios, conectando con\u00a0la Nueva Vibraci\u00f3n Planetaria, dot\u00e1ndonos, mediante canalizaci\u00f3n, de herramientas, pr\u00e1cticas y terapias energ\u00e9ticas efectivas, que nos devuelven\u00a0la salud, la paz,\u00a0el equilibrio y la alegr\u00eda. \u00bfQu\u00e9 es la Energ\u00eda Suprema? La Energ\u00eda Suprema es una energ\u00eda natural, limpia y pura de alta vibraci\u00f3n, que viene directamente del Cielo de Luz, para ayudar a evolucionar al ser humano, que tiene la capacidad de sanar, limpiar y trasformar todas las energ\u00edas negativas y sistemas negativos en sanos y saludables.<\/p>\n<p><strong> <em>Do\u00f1a Salvadora Molina Guti\u00e9rrez<\/em> <\/strong>. Gerente del Centro Psicosana. Psic\u00f3loga Cl\u00ednica. Psicolog\u00eda del Alma Terapeuta energ\u00e9tica. Experiencia con personas privadas de libertad, mujeres, j\u00f3venes. Instructora de meditaci\u00f3n, Crecimiento Personal. Talleres de Perd\u00f3n. Formaci\u00f3n de terapeutas.<\/p>\n<p><strong> <em>Do\u00f1a Clara Alegre Gim\u00e9nez<\/em> <\/strong>. Psic\u00f3loga energ\u00e9tica, sanadora y canalizadora. Con 25 a\u00f1os de experiencia en el \u00e1mbito de la sanaci\u00f3n y el crecimiento personal. Su misi\u00f3n es ayudar a las personas a encontrar la paz y la felicidad y ser ellas mismas. Realiza consultas individuales de sanaci\u00f3n, talleres y cursos de crecimiento personal y est\u00e1 especializada en talleres de armonizaci\u00f3n energ\u00e9tica de la pareja y liberaci\u00f3n emocional y autoestima.<\/p>\n<p><strong> <em>Do\u00f1a Conchita Fern\u00e1ndez Yaya<\/em> <\/strong>. Terapeuta counsellor, especialista en Constelaciones Familiares y Armonizadora Energ\u00e9tica. Lleva m\u00e1s de 20 a\u00f1os de experiencia en consulta privada, ayudando a personas de todas las edades, parejas y matrimonios. Asimismo conduce talleres de constelaciones familiares, monogr\u00e1ficos y ruedas de sanaci\u00f3n.<\/p>\n<p><strong>Sala 2 \u00b7 13:45 \u2013 15:00<\/strong>. <strong>Tratamiento de la infertilidad con acupuntura: revisi\u00f3n sistematica<\/strong><\/p>\n<p>Objetivos: Valorar la aportaci\u00f3n del tratamiento acupuntural a la infertilidad a trav\u00e9s de las diferentes publicaciones y experiencias cl\u00ednicas tanto en nuestro medio como en otros pa\u00edses con el fin de analizar el grado de evidencia observado hasta la fecha. M\u00e9todos: Revisi\u00f3n sistem\u00e1tica en las bases de datos Pubmed y OVID de los art\u00edculos publicados en revistas de impacto nacionales e internacionales acerca del tratamiento de los diferentes aspectos de la infertilidad con acupuntura y analizar qu\u00e9 tipo de estudios acerca del tema se han publicado en las revistas de m\u00e1s impacto. An\u00e1lisis comparativo de las diferentes experiencias y conclusiones acerca de los efectos de la acupuntura en la infertilidad. Resultados: En los diferentes estudios realizados observamos una coincidencia en el incremento de los resultados positivos cuando se realiza tratamiento acupuntural antes del procedimiento de fertilizaci\u00f3n in vitro frente al n\u00famero de embarazos a t\u00e9rmino cuando se realiza s\u00f3lo la t\u00e9cnica de reproducci\u00f3n asistida sin tratamiento acupuntural previo. Existe otra l\u00ednea de estudios en los que se analiza el efecto directo de la acupuntura en procesos fisiol\u00f3gicos que favorecen la fecundaci\u00f3n como el aumento de flujo de las arterias uterinas o la posibilidad de provocar ovulaci\u00f3n en mujeres con ciclos anovulatorios. Un tercer tipo de estudios apunta a la posibilidad de un incremento de la tasa de fertilidad sin la posibilidad de comparar las mujeres del grupo de acupuntura con un grupo control. Conclusiones: La acupuntura en el tratamiento de la fertilidad, sobre todo en mujeres tratadas con reproducci\u00f3n asistida ha demostrado ser eficaz seg\u00fan los est\u00e1ndares cient\u00edficos aplicados al estudio de otros procedimientos m\u00e9dicos m\u00e1s aceptados dentro del sistema sanitario. Estas conclusiones apuntan a una mayor tasa de embarazos en este grupo de mujeres y adem\u00e1s a un incremento objetivo de par\u00e1metros fisiol\u00f3gicos relacionados con la tasa de fertilidad y las posibilidades de implantaci\u00f3n tras la fecundaci\u00f3n. Se puede concluir que existen estudios que validan la posibilidad de esta intervenci\u00f3n dentro de nuestro sistema sanitario de salud con el fin de obtener una mayor eficiencia de procedimientos como la reproducci\u00f3n asistida. Discusi\u00f3n: La reproducci\u00f3n asistida es demandada socialmente cada vez m\u00e1s a nuestro sistema sanitario, genera un alto coste al sistema de salud y presenta una tasa de efectividad real de aproximadamente el 50%. La acupuntura parece una t\u00e9cnica que, seg\u00fan algunas experiencias publicadas, incrementa la tasa de embarazos a t\u00e9rmino en mujeres sometidas a procedimientos de reproducci\u00f3n asistida. Aunque es importante seguir realizando estudios en este sentido y validando los resultados obtenidos y publicados hasta el momento, la acupuntura es un elemento a considerar dentro de las intervenciones realizadas en reproducci\u00f3n asistida en el \u00e1mbito hospitalario.<\/p>\n<p><strong> <em>Dra. Do\u00f1a Blanca Sandoval Igelmo<\/em> <\/strong>. M\u00e9dico especialista en Medicina F\u00edsica y Rehabilitaci\u00f3n. Diplomada en acupuntura.<\/p>\n<p><strong>Sala 3 \u00b7 13:45 \u2013 15:00<\/strong>. <strong>Importancia de la actividad enzim\u00e1tica en los hongos nutricionales<\/strong><\/p>\n<p>Los hongos nutricionales son unos destacados componentes de la dieta medicinal y para la longevidad desde hace miles de a\u00f1os de diversas culturas orientales. Desde hace unas d\u00e9cadas un grupo de investigadores en el mundo lidera el trabajo para vislumbrar sus mecanismos de acci\u00f3n, as\u00ed como la ampliaci\u00f3n de sus propiedades terap\u00e9uticas en afecciones que son relevantes en nuestra sociedad, tales como infecciones v\u00edricas (papilomavirus, Epstein Barr, etc) y s\u00edndromes complejos de dif\u00edcil abordaje incluidas afecciones oncol\u00f3gicas. La integridad, variedad e intensidad de la composici\u00f3n enzim\u00e1tica de los hongos nutricionales es esencial para el \u00e9xito terap\u00e9utico y en esta conferencia abordamos dichas caracter\u00edsticas.<\/p>\n<p><strong> <em>Dra. Do\u00f1a Nuria Lorite Ay\u00e1n<\/em> <\/strong>. Lic. en Farmacia y en Medicina Tradicional China. Especialista en medicina y terapias naturales, tratamientos integrativos, nutrici\u00f3n complementaria, fitoterapia oriental y occidental, micolog\u00eda. Autora de numerosos trabajos originales y textos de consulta, y de investigaciones presentadas en diferentes universidades internacionales. Autora de formaci\u00f3n espec\u00edfica para profesionales de la salud con m\u00e1s de 25 a\u00f1os de experiencia. Directora de Biloba.<\/p>\n<p>&#8211; <strong>Sala 1 \u00b7 16:30 \u2013 17:45<\/strong>. <strong>La gota de sangre informa sobre la<\/strong> <a href=\"https:\/\/marina.swarpeca.es\/?Fibromialgia-y-nutricion\">fibromialgia<\/a><\/p>\n<p>&#8211; Utilizando la t\u00e9cnica de interpretaci\u00f3n de una gota de sangre en campo claro, vista al microscopio y siguiendo\u00a0el protocolo\u00a0de <a href=\"https:\/\/marina.swarpeca.es\/revista\/IMG\/pdf\/fernando-guirado_hlbo.pdf\">Fernando Guirado<\/a>, que ha renovado, puesto al d\u00eda y\u00a0 dado car\u00e1cter cient\u00edfico, podemos entender qu\u00e9 hay detr\u00e1s de este diagn\u00f3stico que afecta sobre todo a mujeres\u00a0 y que provoca un verdadero conflicto de diagn\u00f3stico. Si bien es cierto que existe toda una serie de posibles causas y factores de tipo f\u00edsico-org\u00e1nicos (infecciones, metab\u00f3licas, intoxicaciones, d\u00e9ficits, etc.), y que pueden ser observadas en una gota de sangre estudiada al microscopio, lo que s\u00ed coinciden en la mayor\u00eda por no decir todos, de los pacientes, es un estado que ellos mismos relacionan con ansiedad, estr\u00e9s, nerviosidad, o somatizaciones de conflictos emocionales no resueltos. La gota de sangre estudiada al microscopio seg\u00fan Fernando Guirado supone asomarnos al interior de la persona para establecer un protocolo de tratamiento y sobre todo un seguimiento que va mucho m\u00e1s all\u00e1 de la toma de antidepresivos, antiinflamatorios o ansiol\u00edticos. Etiquetar a las personas con este diagn\u00f3stico para toda la vida es condenarlas a una forma de vida sesgada y atada a la toma de productos qu\u00edmicos que finalmente producir\u00e1n otros efectos colaterales e indeseables e incluso de m\u00e1s gravedad. Es necesario abordar este problema de otra manera, con una mentalidad abierta, cient\u00edfica pero abierta a nuevas interpretaciones y formas de tratar, porque lo que s\u00ed tenemos claro y sabemos por los resultados es que la forma de enfrentar esta patolog\u00eda est\u00e1 fracasando, ha fracasado. Vamos a poder determinar que, junto al dolor, existe estr\u00e9s, nerviosidad, atrapamiento de emociones, sobrecargas, intoxicaciones alimentarias cr\u00f3nicas, virus, etc. Y cada una de estas posibilidades pueden ser observadas y seguidas\u00a0 para su correcci\u00f3n, estudiando de forma sencilla y econ\u00f3mica una gota de sangre. Presentamos un trabajo de casos cl\u00ednicos reales, con pacientes diagnosticados oficialmente de fibromialgia y vamos a observar c\u00f3mo una sencilla gota de sangre seca nos da informaci\u00f3n variada y distinta de unos pacientes a otros y que, sin embargo, el tratamiento general es el mismo en casi todos los pacientes con antidepresivos, ansiol\u00edticos, antiinflamatorios o derivados morf\u00ednicos. \u00bfTiene sentido o es correcto terap\u00e9uticamente que distintos pacientes, con un diagn\u00f3stico de dolor m\u00fasculo-esquel\u00e9tico, sea tratado de la misma forma? o \u00bfDetr\u00e1s de ese diagn\u00f3stico se esconde la imposibilidad o incapacidad de tratar a los enfermos como personas, y no como entidades, n\u00fameros o historiales cl\u00ednicos? El estudio de la gota de sangre seg\u00fan Fernando Guirado nos permite entender a los pacientes como seres humanos, con una parte f\u00edsica, que van a dar im\u00e1genes caracter\u00edsticas al microscopio y tambi\u00e9n y no menos importante, con otra vertiente caracterizada por un entramado de emociones\u00a0 y somatizaciones que tambi\u00e9n dan im\u00e1genes peculiares y llamativas en la sangre que estudiamos seg\u00fan esta t\u00e9cnica. Abrimos, as\u00ed, otra forma de entender la Fibromialgia y una puerta a la esperanza para vivir de otra manera el dolor, alivi\u00e1ndolo, mejor\u00e1ndolo y en muchos casos haci\u00e9ndolo desaparecer.<\/p>\n<p><strong> <em>Dr. Don Leadro Arbizu Crespo<\/em> <\/strong>. M\u00e9dico col. n\u00ba 06\/3.958. Especialista en Medicina biol\u00f3gica y nutrici\u00f3n. Miembro de la sociedad espa\u00f1ola de cirug\u00eda vascular. Exprofesor universitario. Miembro de la SEME<\/p>\n<p><strong>Sala 2 \u00b7 16:30 \u2013 17:45<\/strong>. <strong>Las disfunciones som\u00e1ticas vertebrales en la regi\u00f3n cervical<\/strong><\/p>\n<p>La Ponencia se desarrolla en dos partes: Una primera parte te\u00f3rica en la que se aborda la problem\u00e1tica de las llamadas Disfunciones Som\u00e1ticas Vertebrales desde una perspectiva actual, centrando la atenci\u00f3n en aquellas que afectan a la columna cervical (20 minutos), y una segunda parte eminentemente pr\u00e1ctica (el resto del tiempo disponible) en la que se exponen y se muestran de manera pr\u00e1ctica las t\u00e9cnicas de tratamiento propias de la Medicina Manual para el tratamiento de dichos procesos, siempre y cuando este tipo de tratamientos est\u00e9n indicados para ello. La Disfunci\u00f3n Som\u00e1tica Vertebral ha sido durante a\u00f1os motivo de discusi\u00f3n entre los profesionales de las distintas especialidades m\u00e9dicas y param\u00e9dicas dedicadas a los tratamientos de las dolencias del aparato locomotor, en especial aqu\u00e9llas de localizaci\u00f3n vertebral. Aunque en algunas de estas dolencias los procedimientos quir\u00fargicos (hoy m\u00e1s seguros gracias a los avances logrados por el progreso en los medios diagn\u00f3sticos, t\u00e9cnicos y en los materiales de implante) pueden ser tratamiento a considerar o incluso ser la mejor indicaci\u00f3n de entrada, sabemos que en otras patolog\u00edas m\u00e1s banales pero m\u00e1s frecuentes como ocurre en el caso de las disfunciones, hoy priman los criterios de tratamiento conservador que, de una manera m\u00e1s natural, pueden conseguir por medio de las t\u00e9cnicas de tratamiento manual, menos costosas y agresivas que las t\u00e9cnicas tradicionales, unos resultados muy buenos y mejor aceptados por los propios pacientes. Entre las disfunciones som\u00e1ticas contempladas por la Medicina Manual, son precisamente las localizadas en la columna cervical las que provocan una sintomatolog\u00eda m\u00e1s dolorosa e invalidante, siendo tambi\u00e9n las que infunden mayor temor en los pacientes as\u00ed como mayor respeto y mayores precauciones en los profesionales dedicados a su tratamiento, tanto por su comprometida localizaci\u00f3n como por las dificultades y peligros que la regi\u00f3n cervical presenta cuando se opta por la aplicaci\u00f3n de las t\u00e9cnicas manuales. Enfoque actual y Tratamiento con T\u00e9cnicas de Medicina Manual.<\/p>\n<p><strong> <em>Dr. Don Jos\u00e9 M\u00aa Gil Vicent<\/em> <\/strong>. M\u00e9dico Cirujano especialista en Cirug\u00eda Ortop\u00e9dica y Traumatolog\u00eda, en Rehabilitaci\u00f3n y en Medicina Ortop\u00e9dica y Manual. Diplomado en Traumatolog\u00eda y Medicina del Deporte y en Medicina Naturista. Presidente del \u201cGrup Barcelona de Medicina Ortop\u00e9dica y Manual\u201d (GBMOIM)<\/p>\n<p><strong>Sala 3 \u00b7 16:30 \u2013 17:45<\/strong>. <strong>Aceites sagrados de la antiguedad. \u201cLa sabiduria del pasado, el destino del futuro\u201d<\/strong><\/p>\n<p>&#8211; Los <a href=\"https:\/\/marina.swarpeca.es\/?Aceites-esenciales-y-aromaterapia\">aceites esenciales<\/a>, adem\u00e1s de desempe\u00f1ar un papel fundamental en el equilibrio ecol\u00f3gico de nuestro planeta, desde tiempos remotos, las plantas tambi\u00e9n han estado \u00edntimamente ligadas al bienestar f\u00edsico, emocional y espiritual de las personas. Como la parte de las plantas con la mayor concentraci\u00f3n de cualidades, los aceites esenciales y los extractos han estado ligados a la historia desde tiempos inmemoriales. Se han utilizado con fines medicinales para matar bacterias, hongos y virus. Nos proporcionan exquisitas fragancias para estabilizar el estado an\u00edmico, levantar la moral, disipar emociones negativas y crear una atm\u00f3sfera rom\u00e1ntica. Son capaces de estimular nervios y la regeneraci\u00f3n de tejidos. Pueden incluso aportar nutrientes a las c\u00e9lulas y oxigenarlas, solamente resultan extraordinariamente eficaces para la salud si utilizamos los aceites de grado 100% terap\u00e9utico, y esto requiere de unas caracter\u00edsticas espec\u00edficas como son una especial temperatura, altitud y presi\u00f3n atmosf\u00e9rica, aparte de un proceso de destilaci\u00f3n bastante complejo. Est\u00e1n considerados primer medicamento de la humanidad y registros datan de hasta 4500 ac, y en la Biblia encontramos m\u00e1s de 200 referencias a sustancias arom\u00e1ticas. Realizaremos un repaso de su historia y utilizaci\u00f3n hasta nuestros d\u00edas, para finalizar haciendo hincapi\u00e9 en el importante papel que desarrollan para la prevenci\u00f3n y tratamiento tras el consecuente aumento de enfermedades infecciosas, v\u00edricas y degenerativas, asimismo estudios cient\u00edficos recientes avalan importantes beneficios en el tratamiento para el c\u00e1ncer, y el futuro de este eslab\u00f3n perdido de la medicina moderna para la mejora en la calidad de vida y salud de todas las personas a nivel hol\u00edstico.<\/p>\n<p><strong> <em>Do\u00f1a Sandra Conde Acenjo<\/em> <\/strong>. Terapeuta y Distribuidora de Aceites Esenciales Young Living en Espa\u00f1a. Especialista en alimentaci\u00f3n saludable y Profesora de Biodanza.<\/p>\n<p><strong>Sala 1 \u00b7 18:00 \u2013 19:15<\/strong>. <strong>La Risoterapia, t\u00e9cnica curativa y sobre todo preventiva<\/strong><\/p>\n<p>La Risoterapia es una t\u00e9cnica mental que produce en el ser humano estados de \u00e1nimo alegres y felices, que proporciona percibirse a s\u00ed mismo de una forma mejor y al mundo que nos rodea. Adem\u00e1s ayuda a desarrollar el Buen Sentido del Humor, que es aprender a percibir las situaciones cotidianas de la vida desde \u00f3pticas m\u00e1s alegres y m\u00e1s felices. La realidad no se puede cambiar, pero si la forma de percibirla. Se distingue entre la Risoterapia intelectual y la Risoterapia popular. Se comenta los avances dentro de la Risoterapia llevados a cabo por profesores em\u00e9ritos de universidades americanas, como William Fry y Rod A. Mart\u00edn, que demuestran qu\u00e9 sustancias generamos los seres humanos cuando re\u00edmos a carcajada, distingui\u00e9ndolo de la sonrisa, que es un gesto social que s\u00f3lo mueve apenas los m\u00fasculos de la cara, mientras que la Risa mueve 420 m\u00fasculos del cuerpo. Se analizan los tipos de Risa existentes, y cu\u00e1les son los beneficios para el ser humano en sus distintos \u00e1mbitos de la vida, como el personal, social y profesional. As\u00ed como sus beneficios corporales, mentales y\/o emocionales. Y por \u00faltimo se realiza un taller con el fin de apreciar cada participante los efectos de la Risoterapia en el ser humano, especialmente la capacidad que tiene de cambiar el estado de \u00e1nimo, que redunda en un doble beneficio, el percibirnos a nosotros mismos y a la realidad de una forma mucho mejor.<\/p>\n<p><strong> <em>Don Jos\u00e9 El\u00edas Fern\u00e1ndez Gonz\u00e1lez<\/em> <\/strong>. Licenciado en Filosof\u00eda y Letras, secci\u00f3n Psicolog\u00eda (UCB), estudi\u00f3 con los lamas tibetanos 6 a\u00f1os, para practicar como pionero en Espa\u00f1a la Risoterapia, el humor y el optimismo en la terapia. Especialista universitario en Hipnosis (UCM) y M\u00e1ster en Psicolog\u00eda en el Deporte (UAM). Ha dirigido varios gabinetes de Psicolog\u00eda, actualmente el Centro Jos\u00e9 Elias, como Psic\u00f3logo Sanitario, certificado EurpPsy. Es coordinador del Grupo de Trabajo COPM \u201cEl buen sentido del humor (Risoterapia)\u201d. Como psic\u00f3logo divulgador, ha escrito varios art\u00edculos y publicado el libro \u201c<em>Gu\u00eda Pr\u00e1ctica de Risoterapia<\/em>\u201d, (2005). Psic\u00f3logo divulgador en jornadas y congresos, y colaborador habitual de prensa, radio y televisi\u00f3n. Ha impartido conferencias entre otras en Casa de Galicia en Madrid: \u00abEl humor como terapia\u00bb, V Jornadas de Ingenier\u00eda y Sociedad, celebradas en C\u00e1diz: \u201cLa qu\u00edmica del humor\u201d, 125 Aniversario del Hospital \u00abNi\u00f1o Jes\u00fas\u00bb: \u201cHacia un modelo m\u00e1s humano\u201d, Universidad de C\u00e1diz, Subsede de Algeciras: La felicidad: una b\u00fasqueda obsesiva en la sociedad\u201d.<\/p>\n<p><strong>Sala 2 \u00b7 18:00 \u2013 19:15<\/strong>. <strong>Numerolog\u00eda aplicada al terapeuta y la terapia<\/strong><\/p>\n<p>Si partimos de la base que todo vibra y est\u00e1 en movimiento, la forma de representarlo son los n\u00fameros de forma cuantitativa (medici\u00f3n) y cualitativa (abstracta) en la que esta \u00faltima nos da las pautas en nuestra realidad de c\u00f3mo actuamos en la conciencia del ser (personal) y en la terapia (aplicaci\u00f3n a los dem\u00e1s).<\/p>\n<p><strong> <em>Don Medina Ortega<\/em> <\/strong>. Director de la Escuela de Osteopat\u00eda GAIA. Profesor de terapia manual y osteopat\u00eda desde 1984, autor de distintos libros sobre el tema. Diplomado en Naturopat\u00eda, Acupuntura, Homeopat\u00eda, Kinesiolog\u00eda y Masaje. Investigador en el estudio de las diversas terapias con el fin de relacionarlas e integrarlas. Miembro del Comit\u00e9 Cient\u00edfico de Expomasaje 2013.<\/p>\n<p><strong>Sala 3 \u00b7 18:00 \u2013 19:15<\/strong>. <strong>La T.E.I. (Terapia Energ\u00e9tica Integrativa) y el AHCC en el tratamiento de enfermedades dif\u00edciles<\/strong><\/p>\n<p>La TEI se ha convertido a d\u00eda de hoy, despu\u00e9s de siete a\u00f1os de su primera andadura, en un m\u00e9todo insuperable en el marco de ayuda en el tratamiento de las enfermedades dif\u00edciles. La TEI es una suma de t\u00e9cnicas curativas no convencionales unidas y sabiamente combinadas capaces de producir resultados cl\u00ednicos extraordinarios. Tenemos en cuenta todos los m\u00e9todos de la naturopat\u00eda, la homeopat\u00eda, las terapias manuales y la poderosa conceptualizaci\u00f3n de la terapia neural, la kinesiolog\u00eda hol\u00edstica y muy especialmente la aur\u00edculo medicina francesa creada por Paul Nogier que le da un verdadero soporte profundo para dialogar a trav\u00e9s de la se\u00f1al vascular aut\u00f3noma con todo el sistema energ\u00e9tico vital e ir sobre seguro en nuestras aproximaciones terap\u00e9uticas. La TEI se auto-mantiene permanentemente autorectificada y en permanente evoluci\u00f3n; como un m\u00e9todo abierto y evolutivo que es, funciona de una forma completamente individualizada para el terapeuta que la emplea y para el paciente que la recibe, hemos retirado de forma sistem\u00e1tica todos los conceptos y pr\u00e1cticas de las medicinas no convencionales que no fueran eficaces y completamente operativos hacia los mejores y m\u00e1s valiosos resultados. En esta ocasi\u00f3n vamos a tratar de nuestra experiencia en enfermedades cr\u00f3nicas y degenerativas y vamos a destacar la importancia de una dieta exenta de alergenos y sustancias t\u00f3xicas, una dieta sin productos l\u00e1cteos y con importantes restricciones de los cereales que contienen gluten por sus caracter\u00edsticas empantanantes y pro-inflamatorias, evitaci\u00f3n sistem\u00e1tica de los alimentos muy cocinados por su abundancia en mol\u00e9culas de Maillar y de Amadori con su conocida toxicidad y muy especialmente la aplicaci\u00f3n de una mol\u00e9cula inmunomoduladora e inmuno-estimulante de alt\u00edsima eficacia cl\u00ednica contrastada en todo tipo de investigaciones cient\u00edficas y corroborada por nuestra amplia experiencia cl\u00ednica con el producto: hablamos del AHCC, extra\u00eddo con una tecnolog\u00eda patentada del extracto del hongo shiitake y que junto con ciertas vitaminas, minerales, algunos amino\u00e1cidos y ciertos remedios homeop\u00e1ticos que estudi\u00e1remos, nos dar\u00e1 la clave en el tratamiento de ese ogro feo llamado enfermedades de la civilizaci\u00f3n.<\/p>\n<p><strong> <em>Don Julio Alonso Y\u00e1\u00f1ez<\/em> <\/strong>. Natur\u00f3pata y oste\u00f3pata energetista desarrolla la TEI (terapia energ\u00e9tica integrativa) en el 2007, m\u00e1s de treinta a\u00f1os de experiencia en los m\u00e9todos de curaci\u00f3n no convencionales, formado en osteopat\u00eda y quiropr\u00e1ctica, Homeopat\u00eda, acupuntura y medicina China, naturopatia y diversas escuelas de medicina energ\u00e9tica, especialista en auriculomedicina y neuralterapia. Director y creador, junto con Gema Vidal, de los centros Itaka, con consultas en Madrid Barcelona y Alicante. Profesor de la TEI en Madrid y Barcelona, asiste regularmente a congresos y cursos de formaci\u00f3n continuada en Europa y Am\u00e9rica.<\/p>\n<p><strong>S\u00c1BADO 24 MAYO<\/strong><\/p>\n<p><strong>Sala 1 \u00b7 10:00 \u2013 11:15<\/strong>. <strong>I Ching &#038; Terapia hol\u00edstica<\/strong><\/p>\n<p>Terapia es la integraci\u00f3n de aportaciones que tanto desde el plano f\u00edsico como desde el ps\u00edquico, pretenden la completa armonizaci\u00f3n del individuo. I Ching nos proporciona equilibrio interior, d\u00e1ndonos calma, al permitirnos conocer las tendencias y cambios que nos afectan, facilitando la terapia de naturaleza hol\u00edstica. Extrae de nuestra parte subconsciente el conocimiento procesado por nosotros mismos, proveniente de nuestras capacidades intuitivas y reflexivas. Facilit\u00e1ndonos aflorarlo a nuestra consciencia y ver las posibilidades que tenemos. Disminuye nuestro nivel de estr\u00e9s. Aport\u00e1ndonos la solvencia interior y la seguridad que nos proporciona el disfrutar de una gu\u00eda interior muy certera. I Ching ayuda a que ganemos tiempo. Al encaminarnos por los senderos m\u00e1s certeros, gui\u00e1ndonos internamente. Basado en el conocimiento de los principios que rigen los \u201cCiclos\u201d en la tierra. Facilitando la continuada conexi\u00f3n con nuestra esencia interior. Propicia la utilizaci\u00f3n pr\u00e1ctica del conocimiento de Principios transculturales experimentados durante siglos. Es la singular aportaci\u00f3n de una corriente cultural original, basada en la experiencia personal y en la intuitiva subjetividad, con la que el ser humano se relaciona con el universo. Su funcionamiento es claro y de f\u00e1cil comprensi\u00f3n, nos transmite criterios que nos permiten tener una actitud m\u00e1s central y correcta.<\/p>\n<p><strong> <em>Don Alexander Enki<\/em> <\/strong>. Estudia econom\u00eda y psicolog\u00eda en Madrid. Se dedica a la docencia como profesor y tutor de an\u00e1lisis inform\u00e1tico \/ programaci\u00f3n en masters financiados por la Comunidad Europea, tutelados por la Universidad Polit\u00e9cnica (Madrid). Tienen como objetivo el dar empleo a titulados en paro. Trabaja en el departamento I+D Ingenier\u00eda de Desarrollo ITT. Responsable de proyectos inform\u00e1ticos. Participa de los primeros grupos que en Madrid intentan dar un aire nuevo cultural y filos\u00f3fico a nuestra visi\u00f3n de lo interno y lo transcendente en el \u201cSer Humano\u201d. Abri\u00e9ndose primero a la llegada de las culturas de oriente. Se inicia en los gur\u00fas y grupos que llegan en los a\u00f1os 70 a nuestro pa\u00eds. Ha impartido cursos y conferencias, en los principales centros de difusi\u00f3n de la nueva cultura con visi\u00f3n hol\u00edstica de nuestro mundo, sobre los temas de su \u00faltimo libro publicado. Tambi\u00e9n de t\u00e9cnicas positivas y de integraci\u00f3n cultural Oriente \/ Occidente como Tai Chi e I Ching. Ha publicado el libro <em>Proyecto Pir\u00e1mide<\/em>. Editorial Dilema. (en librer\u00edas e Internet). Cursos impartidos: I Ching \/ inicial. I Ching \/ nivel avanzado. Tai Chi.<\/p>\n<p><strong>Sala 2 \u00b7 10:00 \u2013 11:15<\/strong>. <strong>La bioqu\u00edmica y el \u201cCoraz\u00f3n humano\u201d del Aloe Vera<\/strong><\/p>\n<p>&#8211; El <a href=\"https:\/\/marina.swarpeca.es\/?Aloe-vera-o-Sabila\">Aloe Vera<\/a> es una planta muy conocida en todas las culturas debido a sus propiedades regeneradoras internas y externas espec\u00edficas para las alteraciones de la piel y de las lesiones de cualquier mucosa. Haremos un repaso por las distintas culturas para saber por qu\u00e9 la empleaban. Vamos a entrar en el estudio detallado de las propiedades bioqu\u00edmicas que destacan en el Aloe vera y que hemos podido descubrir en las investigaciones m\u00e1s recientes, y que ponen de manifiesto su extraordinaria riqueza en minerales estructurales, vitaminas y encimas esenciales para nuestro metabolismo, as\u00ed como amino\u00e1cidos y otras importantes sustancias \u00faltimamente descubiertas que invitan a que empleemos el Aloe Vera dentro de los complementos nutricionales \u201cnaturales\u201d claves y b\u00e1sicos de una consulta responsable de Medicina Biol\u00f3gica o de Terapias alternativas naturales. Por la efectividad de sus profundas acciones alcalinizantes, nutritivas y energetizantes, hacen que sea reconocida a nivel mundial como una terapia b\u00e1sica para la sanaci\u00f3n de muchas disfunciones y enfermedades. Gracias a su capacidad de reestablecer el equilibrio en nuestro metabolismo celular y funcional, nos va a potenciar los resultados en nuestras terapias al emplearla en la desintoxicaci\u00f3n linf\u00e1tica de cualquier enfermedad (celulitis, obesidad, fibromialgia, etc.), reumatismos tendino-musculares y articulares, enfermedades inmunol\u00f3gicas (infecciones por agentes externos y enfermedades autoinmunes) as\u00ed como en muchos procesos degenerativos. Pero algo que personalmente he descubierto y que quiero compartir con los que tengan el inter\u00e9s en asistir a la conferencia, es la acci\u00f3n positiva que consigue hacer el Aloe Vera con el cuerpo et\u00e9rico del ser humano, al nutrir los chacras desde el 1\u00ba al 4\u00ba chacra. Esto explica por qu\u00e9 el terapeuta recibe tan frecuentemente el comentario del paciente de que se siente mucho mejor de su cansancio, gozando de un mejor estado de \u00e1nimo y vitalidad, y como al mismo tiempo comentan que tambi\u00e9n los que se relacionan con \u00e9l o ella, le notan un cambio en la luminosidad de su piel. Por todas estas propiedades naturales se est\u00e1 empleando tambi\u00e9n en programas de medicina deportiva y en veterinaria natural, confirmando de este modo que los beneficios conseguidos en el ser humano no pueden ser considerarlos como un efecto placebo.<\/p>\n<p><strong> <em>Dr. Don Isidro S\u00e1nchez Grima<\/em> <\/strong>. Especialista en Traumatolog\u00eda, Medicina Biol\u00f3gica, Kinesiolog\u00eda Hol\u00edstica, Biorresonancia, Osteopat\u00eda, Naturismo, Homeopat\u00eda, Medicina Tradicional China, Escuela de Meditaci\u00f3n.<\/p>\n<p><strong>Sala 3 \u00b7 10:00 \u2013 11:15<\/strong>. <strong>Las constelaciones familiares: el camino de sanaci\u00f3n familiar<\/strong><\/p>\n<p>Es un m\u00e9todo de trabajo grupal puesto en pr\u00e1ctica por el Psic\u00f3logo alem\u00e1n Hellinger. \u201cse trata de dar en el punto decisivo y all\u00ed provocar un cambio. Luego todo lo dem\u00e1s se va desarrollando por s\u00ed solo \u201d . \u201cDetr\u00e1s de cualquier acci\u00f3n por extra\u00f1a que parezca siempre act\u00faa el amor\u201d (Hellinger). Las Constelaciones Familiares pueden mostrarnos aquello que de otra manera no tiene permiso de ser expresado. Nos invitan a transitar un camino de entendimiento superando a menudo nuestras ideas habituales. Giran alrededor de un centro y de un orden oculto, que m\u00e1s all\u00e1 de los l\u00edmites de la conciencia y la culpa, unen lo que est\u00e1 separado. Sin temor y con amor, tienden una soluci\u00f3n, una sanaci\u00f3n para el Alma Familiar. Act\u00faan en los niveles profundos de nuestro Inconsciente Colectivo y personal, liber\u00e1ndonos de conflictos vinculados con nuestra red Familia, abri\u00e9ndose caminos totalmente nuevos y desconocidos. Dirigido a personas que han decidido conocer m\u00e1s de s\u00ed mismas, de sus ra\u00edces. El proceso de sanaci\u00f3n repercute no s\u00f3lo en el propio individuo sino en el grupo al que pertenece, su \u00e1mbito de trabajo, su familia, con grandes resultados. Sorprende la eficacia de este innovador m\u00e9todo, que de una forma muy r\u00e1pida y clara saca a la luz las causas de las preocupaciones. Este trabajo desaf\u00eda cualquier descripci\u00f3n o explicaci\u00f3n y debe ser experimentado. Se ha comprobado que los efectos terap\u00e9uticos alcanzan a todos los que participan, beneficiando incluso a los miembros de la familia que no estaban presentes. Se trabaja con enfermedades, problemas f\u00edsicos, ps\u00edquicos, de pareja, adiciones, econ\u00f3micos, tomas de decisiones, etc. Con frecuencia despu\u00e9s de hacer una constelaci\u00f3n nos sentimos aliviados, ligeros. Se producen cambios significativos en nuestra vida y entorno.<\/p>\n<p><strong> <em>Do\u00f1a Gloria Hern\u00e1ndez Delgado<\/em> <\/strong>. Psic\u00f3loga, especialista: en Constelaciones Familiares seg\u00fan Hellinger Ciencia, creado por Bert Hellinger y en Autoconocimiento seg\u00fan el m\u00e9todo del psic\u00f3logo Antonio Blay. Desde hace 12 a\u00f1os profundiza en el trabajo de Constelaciones Familiares. Entrenada y formada por Bert &#038; Shophie Hellinger, Jutta ten Herkel, Angelica Olveira. Como humanista combina su camino de la evoluci\u00f3n de la consciencia, con su voluntad de compartir sus habilidades intuitivas, abierta y honestamente. Logra esto con un coraz\u00f3n abierto y amoroso, adem\u00e1s de un gran sentido del humor. Sus conocimientos y experiencia en el campo de la terapia crean resultados din\u00e1micos, conectando personal y profesionalmente con el grupo.<\/p>\n<p><strong>Sala 1 \u00b7 11:30 \u2013 12:45<\/strong>. <strong>Numerolog\u00eda Evolutiva. Un mapa vibracional del ser humano<\/strong><\/p>\n<p>Desde tiempos ancestrales los hombres y la vida han tenido una relaci\u00f3n directa a trav\u00e9s de los n\u00fameros. Utilizamos los n\u00fameros como una forma de comunicaci\u00f3n y son una constante en todo aquello que nos rodea. Son s\u00edmbolos y llevan en s\u00ed mismos una valiosa informaci\u00f3n. Diferentes culturas han sido conocedoras de esta riqueza y han sabido utilizarla. La numerolog\u00eda Evolutiva o m\u00e1s conocida como T\u00e1ntrica, proviene de la cultura Sikh de la India. Ellos hac\u00edan referencia a la relaci\u00f3n entre los diferentes cuerpos energ\u00e9ticos de la persona y la vibraci\u00f3n impl\u00edcita en los s\u00edmbolos num\u00e9ricos y c\u00f3mo podemos llegar a este conocimiento a trav\u00e9s de los n\u00fameros de la fecha de nacimiento. En este taller daremos a conocer todo este conocimiento antiguo desde unos conceptos claros y m\u00e1s adaptados a nuestras circunstancias actuales, para darnos un mapa que nos permita conocernos y entender mejor nuestros procesos, cu\u00e1l es nuestra principal tarea a mejorar en esta vida y qu\u00e9 aptitudes potenciales tenemos para desarrollarlo. A medida que vayamos entendiendo qu\u00e9 nos dicen los n\u00fameros comprendidos en nuestra fecha de nacimiento tendremos una mejor consciencia de nosotros mismos y el desarrollo personal que esto nos brinda.<\/p>\n<p><strong> <em>Don Pere Esteve Dur\u00e1n<\/em> <\/strong>. Kinesi\u00f3logo, Natur\u00f3pata, Acupuntor, Terapeuta Manual, Coaching, Domoterapeuta y Numer\u00f3logo. Ejerce como terapeuta y profesor de Kinesiolog\u00eda Integrativa. Formador y conferenciante en t\u00e9cnicas de crecimiento personal y sanaci\u00f3n hol\u00edstica. Autor del libro \u201c<em>Numerolog\u00eda Evolutiva. Un mapa vibracional del Ser humano<\/em>\u201d y del m\u00e9todo de desarrollo personal \u201cEl Poder de Ser T\u00fa mismo. La Alquimia de la felicidad\u201d. Acumula m\u00e1s de 14 a\u00f1os de formaci\u00f3n e investigaci\u00f3n en terapias naturales.<\/p>\n<p><strong> <em>Don Mart\u00ed Morros Valls<\/em> <\/strong>. Escultor y comunicador gr\u00e1fico, trabaja con t\u00e9cnicas de sanaci\u00f3n energ\u00e9tica, procesos psicoemocionales, transgeneracionales y gemoterapia. Formador y conferenciante de Numerolog\u00eda Evolutiva. Autor del libro \u201c<em>Numerolog\u00eda Evolutiva. Un mapa vibracional del Ser humano<\/em>\u201d. Fundador de Eur\u00edtmia Habitat especializado en la armonizaci\u00f3n del espacio. Creador de s\u00edmbolos y objetos simb\u00f3licos, desarrolla una vis\u00f3n sutil de la forma y de las singularidades de la geometr\u00eda, buscando un di\u00e1logo entre aqu\u00e9llos, las personas y el entorno.<\/p>\n<p><strong>Sala 2 \u00b7 11:30 \u2013 12:45<\/strong>. <strong>Programaci\u00f3n NeuroCu\u00e1ntica (PNC) con im\u00e1genes simb\u00f3licas<\/strong><\/p>\n<p>El objetivo principal que se consigue realizando PNC con im\u00e1genes simb\u00f3licas es incorporar a trav\u00e9s de im\u00e1genes simb\u00f3licas y posiciones espec\u00edficas la informaci\u00f3n que requieras en un momento dado para poder superar cualquier conflicto o situaci\u00f3n. Esta herramienta es muy poderosa ya que sus resultados son muy r\u00e1pidos. Las personas que han llevado a la pr\u00e1ctica Programaci\u00f3n neurocu\u00e1ntica con im\u00e1genes simb\u00f3licas nos dicen que sienten la recuperaci\u00f3n de su poder interior. A trav\u00e9s de un audio y una explicaci\u00f3n donde te ense\u00f1o las posiciones espec\u00edficas para lograr el equilibrio de tus hemisferios cerebrales podr\u00e1s conseguir de forma f\u00e1cil y r\u00e1pida los resultados de los cambios positivos esperados para superar cualquier situaci\u00f3n conflictiva en tu vida.<\/p>\n<p><strong> <em>Dr. Don Ricardo \u00c1ndres Wohl<\/em> <\/strong>. Creador de PNC (Programaci\u00f3n Neurocu\u00e1ntica). Ha obtenido un gran \u00e9xito con su libro <em>Autorrealizaci\u00f3n Cu\u00e1ntica y Sintonizaci\u00f3n Cu\u00e1ntica<\/em> (editorial Dilema) en toda Espa\u00f1a. Diplomado en Medicina Biol\u00f3gica y Homotoxicolog\u00eda. (BioMed Cali \u2013 Colombia, Universidad Jos\u00e9 Antonio P\u00e1ez). Miembro activo n\u00b0 110 de la Asociaci\u00f3n M\u00e9dica Espa\u00f1ola de Homeopat\u00eda y Bioterapia (AMEHB). Cursos avanzados de Electroacupuntura \u2013 Biorresonancia \u2013 Homeopat\u00eda en Madrid-Espa\u00f1a. Exponente sobre la importancia del tratamiento de antienvejecimiento en el X congreso mundial de anti-envejecimiento celebrado en Madrid (Octubre del 2011), Exponente sobre la Importancia del tratamiento psicoemocional en las enfermedades a trav\u00e9s de la terapia floral con Biorresonancia en el Congreso Mundial de Terapia Neural y Biorresonancia (Marzo de 2004) Guayaquil \u2013 Ecuador. Master en Pr\u00f3tesis Bucofacial (Universidad complutense de Madrid). Psych-K Avanzado . Manejo de cambio de creencias. Psincrholonerg\u00e9tica. La Cu\u00e1ntica de los nuevos tiempos. Entrenamiento pr\u00e1ctico-cl\u00ednico de Medicina Cu\u00e1ntica en Suiza \u2013 Berna \u2013 Grosshochstetten. Exponente de PNC en el mundo.<\/p>\n<p><strong>Sala 3 \u00b7 11:30 \u2013 12:45<\/strong>. <strong>La mente dirige la materia<\/strong><\/p>\n<p>Ponencia con demostraciones de c\u00f3mo la mente dirige la energ\u00eda y c\u00f3mo con nuestro poder de la intenci\u00f3n podemos ser capaces de ayudar a otras personas. Ejercicio de kinesolog\u00eda para desprogramar creencias negativas y programar nuevas creencias que nos ayuden y nos faciliten a crearnos una existencia m\u00e1s armoniosa y m\u00e1s equilibrada. La Conexi\u00f3n nos ayuda a desprendernos de viejos y anquilosados prejuicios y nos permite conectar y sintonizar con las nuevas frecuencias del planeta, disponibles para todos desde 1989, s\u00f3lo que si no te has liberado de las viejas energ\u00edas, es dif\u00edcil que puedas experimentar ese estado de apertura y despertar para poder ser m\u00e1s consciente de qui\u00e9n eres, de d\u00f3nde vienes, a d\u00f3nde vas y sobre todo para poder profundizar m\u00e1s en ti mismo y vivir desde tu interior y descubriendo nuevas dimensiones y paradigmas que te permitir\u00e1n ser quien verdaderamente viniste a ser. Aprovecho para presentar mi libro <em>La Creadora<\/em>, un libro esclarecedor y muy sencillo para todas aquellas personas que desconocen que somos energ\u00eda y que trabajando a favor de \u00e9sta, es posible avanzar y recuperar una verdadera buena salud y es posible desprogramar enfermedades, comprendiendo cu\u00e1l es el problema emocional y disolvi\u00e9ndolo desde el interior, permitiendo as\u00ed una activaci\u00f3n del sistema auto-curativo que pondr\u00e1 en marcha una serie de enlaces, correcciones y sanaciones que ir\u00e1n haciendo su labor de regeneraci\u00f3n, reestructuraci\u00f3n y reequilibrio desde el momento en que se realiza hasta siempre. La Creadora es una versi\u00f3n m\u00e1s espiritual y profunda que El Creador y sobre todo una visi\u00f3n femenina de un viaje interior maravilloso, que me permiti\u00f3, despu\u00e9s de La Conexi\u00f3n, volver a retomar ese contacto permanente con mi ser divino, con mi dise\u00f1o original, con mi alma y que me devolvi\u00f3 al camino de mi vida y a poder atraer lo que verdaderamente est\u00e1 previsto para mi. Es mi historia y mis experiencias con clientes y visiones particulares de c\u00f3mo creo yo mi vida, desde un nuevo paradigma de luz interior en el cual se divisa siempre con m\u00e1s claridad, gracias al trabajo con las energ\u00edas y nuevas frecuencias, la totalidad de tu ser, tu luz y tu sombra para que puedas resolver y amar todas las partes de ti que se re\u00fanen en tu interior para ser fusionadas y llegar as\u00ed a la perfecta unicidad.<\/p>\n<p><strong> <em>Do\u00f1a Montserrat Fern\u00e1ndez Romera<\/em> <\/strong>. Sanergista nivel 5 \u2013 m\u00e1ster sanergista. Maestra de reiki unitario a trav\u00e9s del sonido. Terapeuta de esencias florales de bach y otros sistemas Autora-escritora. Divugadora, conferencista, comunicadora.<\/p>\n<p><strong>Sala 1 \u00b7 13:00 \u2013 14:15<\/strong>. <strong>Estrategias para el tratamiento del c\u00e1ncer mediante la homeopat\u00eda. Una visi\u00f3n a nivel mundial<\/strong><\/p>\n<p>&#8211; Con 8,2 millones de muertes en 2012 seg\u00fan la OMS, el <a href=\"https:\/\/marina.swarpeca.es\/?Cancer-prevencion-e-inmunidad\">c\u00e1ncer<\/a> es hoy en d\u00eda la enfermedad que m\u00e1s preocupa en todo el mundo. Tambi\u00e9n es una de las enfermedades en la que m\u00e1s dinero y esfuerzo se invierte en el intento de controlar. A pesar de todos estos esfuerzos, el c\u00e1ncer sigue extendi\u00e9ndose e incluso, en Espa\u00f1a, la mortalidad ha crecido entre 2006 y 2012 en un 3,9% seg\u00fan la Sociedad Espa\u00f1ola de Oncolog\u00eda M\u00e9dica. Seg\u00fan dos estudios a gran escala hechos en Alemania en 1999 y en EEUU y Australia durante 15 a\u00f1os (1990-2004) en los que se revisaron 175.000 casos de pacientes tratados con quimioterapia, result\u00f3 que la eficacia de este tratamiento es s\u00f3lo 2,3%. En algunos c\u00e1ncer como el de pr\u00f3stata, el melanoma de la piel o el de \u00fatero, el efecto de este tratamiento tan agresivo es incluso nulo. En estos casos en los que la quimioterapia no ha demostrado su eficacia, \u00bfqu\u00e9 le queda al enfermo aparte de la intervenci\u00f3n quir\u00fargica? Una de las alternativas puede ser la homeopat\u00eda dentro de un tratamiento hol\u00edstico que incluye una dieta y estilo de vida adecuado. Ya en la \u00e9poca de Hahnemann hubo una larga experiencia de tratamientos de c\u00e1ncer con homeopat\u00eda. Hoy en d\u00eda hay varios home\u00f3patas especialistas en el tratamiento de esta enfermedad. Cabe destacar, entre otros, los doctores Banerji y Ramakrishnan de la India y el Hospital homeop\u00e1tico Santa Croce en Suiza con el Doctor Spinedi. Cada uno de ellos enfoca de diferente manera el tratamiento en cuanto a qu\u00e9 tratar, si el tumor o la persona en su totalidad, los remedios, las potencias (diluciones), las repeticiones etc. En esta ponencia se quiere dar a conocer estas diferentes formas de trabajar de los antiguos y actuales especialistas, actualiz\u00e1ndolas con la propia experiencia, para ayudar a los interesados a utilizar m\u00e1s eficazmente la homeopat\u00eda para tratar esta dif\u00edcil enfermedad, tanto para acompa\u00f1ar un tratamiento convencional como si es el tratamiento exclusivo.<\/p>\n<p><strong> <em>Don Frank Ohlenschlaeger<\/em> <\/strong>. Ingeniero Agr\u00f3nomo por la Universidad de G\u00f6ttingen (Alemania). Diplomado en el Institut Homeop\u00e0tic de Catalunya y M\u00e1ster en Homeopat\u00eda en la Academia Europea de Naturopat\u00eda en M\u00e1laga. Experto Universitario en Homeopat\u00eda por la Universidad de Le\u00f3n. Terapeuta de Shiatsu en la Escuela Europea de Shiatsu en M\u00e1laga, cuyas ense\u00f1anzas est\u00e1n coordinadas a nivel europeo por la Federaci\u00f3n Europea de Shiatsu. Un a\u00f1o de formaci\u00f3n en Terapia Gestalt. Director y fundador del Centro Ki de Homeopat\u00eda y Shiatsu y cofundador del Gabinete de Psicolog\u00eda y Salud Integral en Granada .<\/p>\n<p><strong>Sala 2 \u00b7 13:00 \u2013 14:15<\/strong>. <strong>Protecci\u00f3n y prevenci\u00f3n biol\u00f3gica antitumoral<\/strong><\/p>\n<p>Frente al empuje arrollador del c\u00e1ncer en el mundo occidental se est\u00e1 tomando conciencia de una cultura protectora, contra esta enfermedad, que salve a la humanidad de pandemia tan cruel. La medicina Biol\u00f3gica desempe\u00f1a en este punto el papel protagonista. Pero \u00bfC\u00f3mo componer una t\u00e9cnica, un modo de pensamiento, una dieta, un sistema desintoxicante, un modelo de estimulaci\u00f3n energ\u00e9tica y una voluntad para lidiar contra el mal? Parece una propuesta imposible pero en China no s\u00f3lo se practica sino que se ha constituido como cultura y por eso no tienen c\u00e1ncer con la prevalencia que se sufre en Occidente. El Instituto Insumed propone dos planos de acci\u00f3n anticancerosa global y espec\u00edfica: 1- Acci\u00f3n estimulante de la decrepitud org\u00e1nica. 2- Acci\u00f3n desintoxicante y antiradicales libres. Por tanto, se trata de establecer en primer lugar una convicci\u00f3n en el coraz\u00f3n de cada ciudadano: \u00a1Somos capaces de luchar contra el c\u00e1ncer! Despu\u00e9s se impone aprender a comer bajo una norma simple pero radical. \u00a1No alcohol, no drogas, no dulces, no sal, no una dieta basada fundamentalmente en prote\u00ednas y grasas y no agua del grifo!. Finalmente se impone una fitoterapia que drene los bloqueos energ\u00e9ticos y sangu\u00edneos, que enfr\u00ede excesos metab\u00f3licos agresores y que caliente v\u00edas metab\u00f3licas en vac\u00edo y frio para mantener el equilibro sanador siempre. Todo ello de modo barato y simple, incorporado a la cultura general, a la cultura del humanismo y de la solidaridad.<\/p>\n<p><strong> <em>Don F\u00e9lix Irigoyen<\/em> <\/strong>. Fundador y director del Instituto Insumed Biotecnolog\u00eda (Instituto Superior de Medicina Biol\u00f3gica), Erlingen S.L (Laboratorio de fitoterapia), Qi-Koan Biotecnolog\u00eda (Laboratorio de fitoterapia aplicada a deporte y bienestar) y Teryon (Centro M\u00e9dico de Terapias y Oncolog\u00eda). Pr\u00e1ctico en MTC con una dilatada experiencia en el ejercicio profesional y acad\u00e9mico. Autor de numerosos estudios de patolog\u00edas y tratamientos fitoter\u00e1picos para cada una de ellas, ha impartido cursos de Medicina Biol\u00f3gica a miles de terapeutas. El enfoque de su trabajo radica en determinar un sistema m\u00e9dico basado en el conocimiento de las ciencias m\u00e9dicas b\u00e1sicas (fisiolog\u00eda, biolog\u00eda molecular, gen\u00e9tica, bioqu\u00edmica y anatom\u00eda patol\u00f3gica) a las que enfrenta con la experiencia cl\u00ednica China y viceversa para constituir as\u00ed un \u00fanico paradigma. Autor de un amplio magisterio m\u00e9dico, compuesto por 20 tratados y encabezado por la obra cumbre de la Medicina Biol\u00f3gica, \u201c<em>El otro Paradigma<\/em>\u201d.<\/p>\n<p><strong>Sala 3 \u00b7 13:00 \u2013 14:15<\/strong>. <strong>Sobrecarga t\u00f3xica qu\u00edmica y c\u00f3mo ayudar al cuerpo a eliminar toxinas<\/strong><\/p>\n<p>Piensa un momento y responde: \u00bfC\u00f3mo te sentir\u00edas si durante dos meses no te cepillaras los dientes? Somos conscientes de la importancia de la higiene externa, pero nos olvidamos por completo de la higiene interna. Recu\u00e9rdalo \u00a1Lo que no se ve, es tan importante como lo que s\u00ed se ve! Un cuerpo sano puede eliminar un determinado nivel de toxinas. Sin embargo dado el estilo de vida que llevamos, resulta imposible para el organismo eliminar la gran saturaci\u00f3n t\u00f3xica a la que se ve sometido, Y \u00bfqu\u00e9 es lo que sucede cuando la capacidad excretora de la piel, pulmones, h\u00edgado, ri\u00f1ones, intestinos, sistema linf\u00e1tico, etc., rebasa sus posibilidades? Pues sencillamente, a lo largo y ancho de nuestro cuerpo se van acumulando las toxinas que no son eliminadas, convirtiendo nuestro organismo en un autentico vertedero. \u00bfQu\u00e9 hacemos y qu\u00e9 podemos hacer para ayudar a nuestro cuerpo a eliminar toxinas? En la primera parte de la ponencia haremos una exposici\u00f3n sobre la sobrecarga t\u00f3xica qu\u00edmica a la que estamos expuestos y en segundo lugar, explicaremos en qu\u00e9 consiste el Plan Depurativo Clemente. Un programa de eliminaci\u00f3n de toxinas basado en la dietoterapia, zumoterapia, fitoterapia, complementos alimenticos, hidroterapia, etc.<\/p>\n<p><strong> <em>Don Clemente Santos P\u00e9rez<\/em> <\/strong>. Gerente del Centro Kinesalud (Salamanca), Diplomado en Quiromasaje, Kinesiolog\u00eda y Tapping, Fitoterapia, Reflexolog\u00eda Podal, Profesor de Yoga y T\u00e9cnicas de Relajaci\u00f3n, Diet\u00e9tica (Elaboraci\u00f3n de Dietas y Dietoterapia).<\/p>\n<p><strong>Sala 1 \u00b7 15:45 \u2013 17:00<\/strong>. <strong>La memoria emocional y sus implicancias terap\u00e9uticas<\/strong><\/p>\n<p>La memoria usual es un archivo de consulta constante que solamente maneja informaci\u00f3n. Se trata de un mecanismo de defensa de la naturaleza que nos permite continuar viviendo a\u00fan luego de haber atravesado situaciones muy penosas. Esto nos permite suponer que \u201cel pasado, ya pas\u00f3\u201d y que los viejos dolores carecen de importancia. Por eso decimos que \u201cel tiempo lo cura todo\u201d y estamos en condiciones de evocar situaciones penosas del pasado sin desgarrarnos en el intento. Pero muchas veces sufrimos carencias, inhibiciones o s\u00edntomas misteriosos que nos hacen desfilar infructuosamente por muchos consultorios de m\u00e9dicos, psic\u00f3logos, psiquiatras o terapeutas alternativos de distinta \u00edndole, ignorando que, generalmente, se trata de las manifestaciones som\u00e1ticas de situaciones vividas pero \u201colvidadas\u201d. Son la manera en que el cuerpo \u201chabla\u201d de lo que el cerebro calla porque lo ignora. Vamos a demostrarle al p\u00fablico a trav\u00e9s de filmaciones, que esto no es una elaborada teor\u00eda m\u00e1s, que el ni\u00f1o lastimado contin\u00faa realmente existiendo: que existe un reservorio oculto de Memoria Emocional, donde se hallan \u00edntegras las experiencias vividas. Y que acceder a esas experiencias es casi m\u00e1gico: que cuando el ni\u00f1o castigado que se expresaba a trav\u00e9s de la jaqueca o la ni\u00f1a violada que lo hac\u00eda mediante vaginismo y anorgasmia consiguen hablar y expresarse a trav\u00e9s de la palabra, esos s\u00edntomas se convierten en innecesarios y es f\u00e1cil \u201crepararlos\u201d. El concepto novedoso de \u201creparaci\u00f3n psicol\u00f3gica\u201d es tambi\u00e9n una consecuencia importante de este desbloqueo emocional. Si logramos escuchar y dialogar con el ni\u00f1o interior lastimado es porque, a su manera, contin\u00faa vivo dentro del adulto. Y como esto es as\u00ed, tambi\u00e9n podemos darle la protecci\u00f3n de la que careci\u00f3 en la experiencia original y modificar su perspectiva infantil en la que, seguramente, qued\u00f3 fijado en la posici\u00f3n de culpable y no de v\u00edctima. Y a partir de ese cambio, la vida da un giro de 180\u00ba: no s\u00f3lo desaparecen casi siempre los s\u00edntomas: aparecen \u2013a veces por primera vez\u2013 el deseo de vivir y de ser feliz.<\/p>\n<p><strong> <em>Dr. Don Armando M. Scharovsky<\/em> <\/strong>. Psic\u00f3logo argentino de la Univ. John F. Kennedy; Miembro fundador de Aladhic: Asociaci\u00f3n Latinoamericana de Hipnosis Cl\u00ednica; Hipnoterapeuta certificado por el Panamerican Center Of Ethical Hypnosis, Chicago, Illinois, USA.; Miembro de Honor de la Asociaci\u00f3n Colombiana de Hipnosis Cl\u00ednica y la Sociedad Colombiana de Hipnosis Profesional; Miembro docente de Aihce: Asociaci\u00f3n Internacional de Hipnosis Cl\u00ednica y Experimental de Barcelona, Espa\u00f1a. Ha investigado y desarrollado t\u00e9cnicas propias agrupadas bajo los nombres de Hipnosis Cl\u00ednica Reparadora\u00ae o Introspecci\u00f3n Guiada Reparadora\u00ae. Tambi\u00e9n ha desarrollado un tratamiento para la obesidad, con Hipnosis denominado \u201cBanda G\u00e1strica Virtual\u201d\u00ae. Ha publicado dos libros con ediciones en Espa\u00f1a (Ediciones Natural) y Argentina (Editorial Dunken): \u201c<em>Curso pr\u00e1ctico de Hipnosis y Regresiones a Vidas Pasadas<\/em>\u00bb y \u00ab\u201c<em>Hipnosis Cl\u00ednica Reparadora, una Terapia de Desbloqueo Emocional<\/em>\u201d<\/p>\n<p><strong>Sala 2 \u00b7 15:45 \u2013 17:00<\/strong>. <strong>Peloterapia y peloides naturales antioxidantes: eficaz alternativa terap\u00e9utica de alta capacidad antioxidante barredora de radicales libres<\/strong><\/p>\n<p>Introducci\u00f3n: La Peloterapia, del griego \u201cPel\u00f2s\u201d (fango) y \u201cterapeia\u201d (curaci\u00f3n), constituye una t\u00e9cnica terap\u00e9utica muy utilizada en toda Europa, principalmente Balnearios y Centros de Rehabilitaci\u00f3n. Un Peloide es la combinaci\u00f3n de una arcilla especial y Agua Minero-Medicinal (principalmente sulfurada, rica en sulfuro de hidr\u00f3geno), sin conservantes, que junto a otros elementos naturales, en forma de emplaste, se utiliza para el tratamiento de procesos reumatol\u00f3gicos (artr\u00f3sicos degenerativos, inflamatorios\u2026) vasculares y dermatol\u00f3gicos (psoriasis), con excelentes resultados m\u00e9dicos, sobre todo en personas mayores. Hay varios tipos de peloides (fangos, limos, turbas, etc), seg\u00fan su composici\u00f3n y textura, que variar\u00e1n sus propiedades f\u00edsicas y terap\u00e9uticas. Los fangos elaborados con aguas sulfuradas de reconocida capacidad antioxidante, son los que han demostrado tener mayor capacidad terap\u00e9utica, dependiente tanto del proceso cient\u00edfico-t\u00e9cnico de fabricaci\u00f3n y envasado como de conservaci\u00f3n que mantenga todas sus propiedades terap\u00e9uticas durante un per\u00edodo m\u00e1ximo de 18 meses. Metodolog\u00eda: La selecci\u00f3n de componentes del peloide as\u00ed como porcentajes de mezcla, dependen del uso espec\u00edfico de aplicaci\u00f3n y de una intensa labor de investigaci\u00f3n previa, gran parte de ella innovadora y desarrollada en la Patente existente. Se describe el procedimiento de elaboraci\u00f3n y las diferentes etapas de selecci\u00f3n de componentes, mezclado, amasado, acondicionado, control microbiol\u00f3gico, control de calidad y tiempo de maceraci\u00f3n. Se completa con el estudio de evidencia cient\u00edfica, a trav\u00e9s de 1.750 referencias bibliogr\u00e1ficas, obtenidas en las bases de datos: Medline (PubMed), Embase, Trip Database, The Cochrane Library, Dare, Nhs Eed y Hta Database del Crd (Univ.Nueva York). Material bibliogr\u00e1fico que ha sido seleccionado para actualizar las indicaciones m\u00e9dicas, aplicaci\u00f3n t\u00e9cnica y tecnol\u00f3gica de la Peloterapia en las diferentes afecciones org\u00e1nicas. Resultados: Seg\u00fan su composici\u00f3n y vol\u00famenes de mezcla, los peloides obtenidos se aplican en determinados procesos reumatol\u00f3gicos (artrosis, artritis, fibromialgias\u2026), dermatol\u00f3gicos (psoriasis, eczemas\u2026) vasculares (IVC) y cosm\u00e9ticos (anticelul\u00edticos, acn\u00e9\u2026) en diferentes formatos y presentaciones. Su aplicaci\u00f3n, por v\u00eda t\u00f3pica, debe seguir una t\u00e9cnica espec\u00edfica para cada patolog\u00eda. La Peloterapia es una t\u00e9cnica de gran eficacia y efectividad, no agresiva, bien tolerada por los pacientes, que consigue resultados terap\u00e9uticos significativos, preventivos o curativos, mucho m\u00e1s eficientes que otros f\u00e1rmacos y tratamientos f\u00edsicos, aplicable a todos los grupos poblacionales, en Cl\u00ednica o en sus propios domicilios, retrasando los s\u00edntomas de aparici\u00f3n del envejecimiento, con manifiesta mejor\u00eda cl\u00ednica, proporcionando calidad de vida libre de incapacidad, al combinar terapias f\u00edsicas y farmacol\u00f3gicas. El estudio coste\/efectividad de la Peloterapia es muy superior al obtenido con otros productos antiinflamatorios y analg\u00e9sicos. Conclusiones y recomendaciones: Un peloide y un barro se diferencian en sus fases de composici\u00f3n y los procesos de elaboraci\u00f3n y conservaci\u00f3n, obteniendo un producto apto para diferentes tratamientos, siendo el control de sus componentes esencial en sus propiedades finales. Los Peloides Naturales Antioxidantes, elaborados con aguas sulfuradas, ricas en sulfuro de hidr\u00f3geno, han demostrado ser los m\u00e1s efectivos en el proceso barredor de radicales libres y desaparici\u00f3n del dolor e inflamaci\u00f3n, as\u00ed como producto esencial para retrasar el proceso fisiol\u00f3gico del envejecimiento. Palabras Clave: Peloides, Peloterapia, Sulfuro de hidr\u00f3geno, Aguas Minero-medicinales sulfuradas, Antioxidantes, Barredor radicales libres, Hidrolog\u00eda M\u00e9dica, Antiaging, Envejecimiento, Inflamaci\u00f3n, Dolor.<\/p>\n<p><strong> <em>Dr. Don Antonio Hern\u00e1ndez Torres<\/em> <\/strong>. Doctor \u201ccum laude\u201d y licenciado en Medicina y Cirug\u00eda (UCM). M\u00e9dico especialista en Hidrolog\u00eda M\u00e9dica (Balnearios). Master en Salud P\u00fablica (ENS). Master en empresas Biotecnol\u00f3gicas. Cient\u00edfico Titular de los Organismos P\u00fablicos de Investigaci\u00f3n del Estado. Director de Programas de la Agencia de Evaluaci\u00f3n de Tecnolog\u00edas Sanitarias del Instituto de Salud Carlos III. Diplomado por diferentes escuelas de salud nacionales y extranjeras. Experto en temas relacionados con Hidrolog\u00eda M\u00e9dica, Rehabilitaci\u00f3n hidroter\u00e1pica, envejecimiento y Radicales Libres. Director de varias Tesis Doctorales y Trabajos de Licenciatura. Co-autor de dos patentes cient\u00edficas. Premio Internacional de Investigaci\u00f3n Termal, Premio de Investigaci\u00f3n de la Real Academia Nacional de Medicina, Premio Investigaci\u00f3n de la Real Academia de Medicina y Cirug\u00eda de Murcia, Premio Pa\u00f1ella Casas de la SEGG .Vicepresidente de la Comisi\u00f3n Nacional de Hidrolog\u00eda M\u00e9dica. Presidente de la Fundaci\u00f3n para la Investigaci\u00f3n e Innovaci\u00f3n en Hidrolog\u00eda M\u00e9dica y Balneoterapia \u201cB\u00edlbilis\u201d<\/p>\n<p><strong>Sala 3 \u00b7 15:45 \u2013 17:00<\/strong>. <strong>Claves para desarrollar tu actividad de Terapias Naturales<\/strong><\/p>\n<p>Desarrollaremos a lo largo de la presentaci\u00f3n los pasos que hay que seguir para que un profesional de las terapias naturales pueda ejercer con la seguridad de cumplir con todos los requisitos de la administraci\u00f3n, d\u00e1ndose de alta en el IAE correspondiente, d\u00f3nde acudir a pedir y c\u00f3mo pedir tu licencia de apertura, los costes que conlleva dar de alta tu actividad, los impuestos que debes pagar como aut\u00f3nomo con ejemplos reales para acercar m\u00e1s al profesional a la realidad de los gastos que conlleva el estar dado de alta, demostrando que no s\u00f3lo existe la figura del aut\u00f3nomo sino que tambi\u00e9n tenemos la figura del cooperativista, una alternativa al aut\u00f3nomo con menor gasto a nivel de impuestos, lo cual iremos desgranando a lo largo de la presentaci\u00f3n, informar que no s\u00f3lo debes pagar tus correspondientes impuestos sino que tambi\u00e9n debes ser poseedor de un seguro de RC, o estar cubierto por la LOPD entre otras cosas, al igual que debes saber y conocer en qu\u00e9 consisten las nuevas transferencias del SEPA sabiendo diferenciar entre B2B o CORE mismo fin, distintas caracter\u00edsticas. Sin olvidar las subvenciones que ofrece el Estado Espa\u00f1ol en este 2014 para darte de alta como nuevo profesional Aut\u00f3nomo y c\u00f3mo beneficiarte de ellas.<\/p>\n<p><strong> <em>Don Roberto San Antonio-Abad Garc\u00eda<\/em> <\/strong>. Presidente de Aptn-Cofenat, Natur\u00f3pata, Quiromasajista, Aut\u00f3nomo ejerciendo la actividad de las Terapias Naturales durante m\u00e1s de 10 a\u00f1os, Titulado superior en Terapias Naturales por el RCU M\u00aa Cristina.<\/p>\n<p><strong>Sala 1 \u00b7 17:15 \u2013 18:30<\/strong>. <strong>Enfermedades cardiovasculares y micronutrici\u00f3n<\/strong><\/p>\n<p>\u00bfQu\u00e9 son las enfermedades cardiovasculares? Las enfermedades cardiovasculares (ECV), es decir, del coraz\u00f3n y de los vasos sangu\u00edneos, son: La cardiopat\u00eda coronaria \u2013enfermedad de los vasos sangu\u00edneos que irrigan el m\u00fasculo cardiaco (miocardio); Las enfermedades cerebrovasculares \u2013enfermedades de los vasos sangu\u00edneos que irrigan el cerebro; Las arteriopat\u00edas perif\u00e9ricas\u2013 enfermedades de los vasos sangu\u00edneos que irrigan los miembros superiores e inferiores; La cardiopat\u00eda reum\u00e1tica \u2013lesiones del miocardio y de las v\u00e1lvulas card\u00edacas debidas a la fiebre reum\u00e1tica, una enfermedad causada por bacterias denominadas estreptococos; Las cardiopat\u00edas cong\u00e9nitas \u2013malformaciones del coraz\u00f3n presentes desde el nacimiento; y Las trombosis venosas profundas y embolias pulmonares \u2013co\u00e1gulos de sangre (trombos) en las venas de las piernas, que pueden desprenderse (\u00e9mbolos) y alojarse en los vasos del coraz\u00f3n y los pulmones. Los ataques al coraz\u00f3n y los accidentes vasculares cerebrales (AVC) suelen ser fen\u00f3menos agudos que se deben sobre todo a obstrucciones que impiden que la sangre fluya hacia el coraz\u00f3n o el cerebro. La causa m\u00e1s frecuente es la formaci\u00f3n de dep\u00f3sitos de grasa en las paredes de los vasos sangu\u00edneos que irrigan el coraz\u00f3n o el cerebro. Los AVC tambi\u00e9n pueden deberse a hemorragias de los vasos cerebrales o co\u00e1gulos de sangre. Principales factores de riesgo: Las causas m\u00e1s importantes de cardiopat\u00eda y AVC son una dieta malsana, la inactividad f\u00edsica, el consumo de tabaco y el consumo nocivo de alcohol. Los principales factores de riesgo modificables son responsables de aproximadamente un 80% de los casos de cardiopat\u00eda coronaria y enfermedad cerebrovascular f\u00edsica pueden manifestarse por aumentos de la tensi\u00f3n arterial, el az\u00facar y las grasas de la sangre, sobrepeso u obesidad. Estos \u201cfactores de riesgo intermediarios\u201d pueden medirse en los centros de atenci\u00f3n primaria y se\u00f1alan un aumento del riesgo de sufrir infarto de miocardio, AVC, insuficiencia card\u00edaca y otras complicaciones. Est\u00e1 demostrado que el cese del consumo de tabaco, la reducci\u00f3n de la sal de la dieta, el consumo de frutas y hortalizas, la actividad f\u00edsica regular y la evitaci\u00f3n del consumo nocivo de alcohol reducen el riesgo de ECV. El riesgo cardiovascular tambi\u00e9n se puede reducir mediante la prevenci\u00f3n o el tratamiento de la hipertensi\u00f3n, la diabetes y la hiperlipidemia. Las pol\u00edticas que crean entornos propicios para elegir opciones saludables asequibles son esenciales para motivar a las personas para que adopten y mantengan comportamientos saludables. Tambi\u00e9n hay una serie de determinantes subyacentes de las enfermedades cr\u00f3nicas, es decir, \u00ablas causas de las causas\u00bb, que son un reflejo de las principales fuerzas que rigen los cambios sociales, econ\u00f3micos y culturales: la globalizaci\u00f3n, la urbanizaci\u00f3n y el envejecimiento de la poblaci\u00f3n. Otros determinantes de las ECV son la pobreza y el estr\u00e9s.<\/p>\n<p><strong> <em>Dr. Don Domingo P\u00e9rez Le\u00f3n<\/em> <\/strong>. Licenciado en Medicina y cirug\u00eda. Especialista en Medicina Biol\u00f3gica y antienvejecimiento. Director m\u00e9dico del Instituto Biol\u00f3gico de la salud de Madrid.<\/p>\n<p><strong>Sala 2 \u00b7 17:15 \u2013 18:30<\/strong>. <strong>Las patolog\u00edas mandibulares y su repercusi\u00f3n multisist\u00e9mica<\/strong><\/p>\n<p>La salud es tener un estado \u00f3ptimo en el plano ps\u00edquico, f\u00edsico y social. Cuando las distintas formas de enfermar van accediendo al organismo desde las distintas fases, nos encontramos con que el organismo va identificando las patolog\u00edas en forma de s\u00edntomas locales que en principio parecen no tener relaci\u00f3n, pero la realidad es bien distinta. No son otra cosa que alertas del organismo, informando de los peligros por los que en ese momento est\u00e1 pasando. La ATM es una estructura que tiene mucha relaci\u00f3n con el plano f\u00edsico y emocional, tambi\u00e9n sufre los avatares de la inadecuada alimentaci\u00f3n, as\u00ed como de otros factores externos que deterioran la mec\u00e1nica y din\u00e1mica de esta articulaci\u00f3n llegando a generar cambios importantes en las estructuras superiores e inferiores. Una ATM que arrastre un problema mec\u00e1nico llega a desarrollar cambios en nuestra postura. A lo largo de mi intervenci\u00f3n se ver\u00e1n pruebas posturales que justificar\u00e1n muchas patolog\u00edas que hasta ahora pasaban desapercibidas.<\/p>\n<p><strong> <em>Dr. Don Ismael Fuentes Cort\u00e9s<\/em> <\/strong>. Dr. en Osteopat\u00eda y Licenciado en Homeopat\u00eda, Diplomado en Logopedia por la Facultad de Psicolog\u00eda de Valencia. Diploma de especializaci\u00f3n Profesional Universitario en Alimentaci\u00f3n Natural y Complementos Diet\u00e9ticos, por el departamento de Medicina Preventiva y Salud P\u00fablica, Ciencias de la Alimentaci\u00f3n, Toxicolog\u00eda y Medicina Legal de la Universidad de Valencia. Postgrado en Neuropsicolog\u00eda por la Universidad de Barcelona. Dr. Honoris Causa por la Global Organization for Excellence in Health otorgado en Per\u00fa. Dr. Honoris Causa por la Universidad del Sur en M\u00e9xico. Especializaci\u00f3n en Neurologopedia en Disartria por la EPL de Barcelona. Especializaci\u00f3n en Neurologopedia y Disfagia por la EPL de Barcelona.<\/p>\n<p><strong>Sala 3 \u00b7 17:15 \u2013 18:30<\/strong>. <strong>Tratamiento Integrativo de los principales trastornos emocionales<\/strong><\/p>\n<p>&#8211; La denominada plaga del siglo XXI, el <a href=\"https:\/\/marina.swarpeca.es\/?Estres-reacciones-fisiologicas\">estr\u00e9s<\/a>, la ansiedad y la <a href=\"https:\/\/marina.swarpeca.es\/?expresion_de_l\">depresi\u00f3n<\/a>, conforman una parte significativa del paisaje social de nuestros d\u00edas donde adem\u00e1s inciden directamente en el riesgo de otros trastornos, ya que especialmente el estr\u00e9s es uno de los factores desencadenantes de muchas patolog\u00edas. La crisis que padecemos ha contribuido, por otra parte, a agravar el problema. Dada la innegable bidireccionalidad cuerpo-mente, estos trastornos emocionales son claros ejemplos de que no podemos olvidar la multidimensionalidad del ser humano y, en consecuencia, actuar frente a ellos contemplando todas las dimensiones. Durante esta ponencia argumentaremos la necesidad de contemplar la Medicina Integrativa como una extraordinaria estrategia la hora de tratar convenientemente estos trastornos y las patolog\u00edas asociadas, prestando especial importancia a la vertiente f\u00edsica y biol\u00f3gica del paciente, recurriendo a la fito-aromaterapia. En este sentido, Diet\u00e9ticos Intersa cuenta con referencias muy establecidas en el mercado y, otras recientes muy innovadoras, que pueden ser de extraordinaria ayuda al terapeuta que trate este tipo de patolog\u00edas.<\/p>\n<p>&#8211; <strong> <em>Don Juan Serrano Gand\u00eda<\/em> <\/strong>. Licenciado en C. Biol\u00f3gicas (Especialidad Bioqu\u00edmica y Biolog\u00eda Molecular) por la Universidad de Valencia. Top Trainer. Formaci\u00f3n complementaria en Naturopat\u00eda. Bi\u00f3logo Analista en el Instituto Valenciano de Oncolog\u00eda (IVO), especializ\u00e1ndome en Marcadores Tumorales y Hormonas. En la actualidad y desde hace diecisiete a\u00f1os ejerzo profesionalmente como Responsable T\u00e9cnico Ejecutivo de Visita M\u00e9dica y Proyectos en la empresa Diet\u00e9ticos Intersa. Conferenciante sobre temas relacionados con la Medicina Integrativa. Autor y coautor de numerosos art\u00edculos did\u00e1cticos en revistas del sector as\u00ed como de trabajos cient\u00edficos publicados en relaci\u00f3n a la acci\u00f3n radioprotectora del <a href=\"https:\/\/marina.swarpeca.es\/?PROPOLIS_o_PROPOLEO\">prop\u00f3leo<\/a>, a nivel nacional e internacional. Autor principal (junto a un M\u00e9dico Adjunto y al Catedr\u00e1tico y Jefe de Servicio del Hospital Cl\u00ednico de Valencia) del cap\u00edtulo titulado \u201c<em>Fitoterapia en Otorrinolaringolog\u00eda<\/em>\u201d incluido en el libro \u201c<em>Farmacolog\u00eda en Otorrinolaringolog\u00eda<\/em>\u201d. Autor del libro <em>C\u00e1ncer un enfoque biol\u00f3gico<\/em>. Socio numerario-fundador de la Sociedad Espa\u00f1ola de Fitoterapia (SEFIT) y ex-coordinador del Grup Espanyol de Oncolog\u00eda (Universitat Verda) de Barcelona. Miembro del Comit\u00e9 Cient\u00edfico del portal \u00abayudacancer\u00bb y de \u00abcultivarsalud\u00bb.<\/p>\n<p><strong>Sala 1 \u00b7 18:45 \u2013 20:00<\/strong>. <strong>La hidroterapia de colon: una t\u00e9cnica segura y moderna<\/strong>[[<strong>Hidroterap\u00eca de colon<\/strong><\/p>\n<p><iframe loading=\"lazy\" src=\"\/\/player.vimeo.com\/video\/76687184\" width=\"500\" height=\"281\" webkitallowfullscreen mozallowfullscreen allowfullscreen><\/iframe><\/p>\n<p>&#8211; Pero hay quien lo ve de otra manera. <a href=\"https:\/\/marina.swarpeca.es\/revista\/IMG\/pdf\/hidroterapia_de_colon.pdf\">Otras opiniones<\/a>: \u00ab<em>La hidroterapia de colon tiene los mismos beneficios que un enema<\/em>\u00ab, Dr. Gonzalo Guerra Flecha (Centro M\u00e9dico-Quir\u00fargico de Enfermedades Digestivas), publico.es, 15\/07\/2013 &#8211; \u00ab<em>Los riesgos de la hidroterapia del colon<\/em>\u00ab, Shelley Moore, traducci\u00f3n Mary Gomez. eHow en espa\u00f1ol]]<\/p>\n<p>La hidroterapia de colon se est\u00e1 convirtiendo en una terapia cada vez m\u00e1s demandada por profesionales y pacientes, pero a\u00fan es muy desconocida en la sociedad espa\u00f1ola. La hidroterapia de colon es una t\u00e9cnica terap\u00e9utica desintoxicante que act\u00faa directamente sobre el intestino grueso e indirectamente sobre otros emuntorios principales como son el h\u00edgado y el ri\u00f1\u00f3n. La funcionalidad del intestino grueso es fundamental para la salud, de ah\u00ed la importancia de mantener y cuidar este emuntorio para preservar y alargar la calidad de vida. En la ponencia se describir\u00e1n los principales beneficios de la hidroterapia de colon, la importancia de la elecci\u00f3n de la aparatolog\u00eda y m\u00e9todo, la seguridad que nos proporciona terapeuta y paciente as\u00ed como las t\u00e9cnicas m\u00e1s avanzadas de la terapia. As\u00ed mismo, se presentar\u00e1 el primer estudio cient\u00edfico del mundo sobre hidroterapia de colon aplicado a la microbiolog\u00eda intestinal, que ser\u00e1 desarrollado durante todo el 2014.<\/p>\n<p><strong> <em>Don David Granizo Bermejo<\/em> <\/strong>. Experto, Profesor e Investigador en Hidroterapia de Colon. Titulado Superior en Osteopat\u00eda y Naturopat\u00eda. Certificado de Extensi\u00f3n Universitaria de Quiromasaje, de R.C.P. y primeros auxilios, de Integraci\u00f3n Cl\u00ednica Osteop\u00e1tica, de Nutrici\u00f3n, Diet\u00e9tica y Suplementos, de T\u00e9cnica de Integraci\u00f3n Neuroestructural (T.I.N.), de Reiki, de Fitoterapia, de Herbodiet\u00e9tica, de Kinesiolog\u00eda Hol\u00edstica (Real Centro Universitario Mar\u00eda Cristina). Profesor titular de Transcom, empresa l\u00edder de equipos de Hidroterapia de Colon. Presidente de la Asociaci\u00f3n Espa\u00f1ola de Hidroterapia de Colon (AEHC). Presidente de la Comisi\u00f3n Nacional de Hidroterapia de Colon de la Asociaci\u00f3n Nacional de Profesionales de las Terapias Naturales (APTN-Cofenat).<\/p>\n<p><strong>Sala 2 \u00b7 18:45 \u2013 20:00<\/strong>. <strong>Signos de enfermedades en el rostro a trav\u00e9s de la patofisiognom\u00eda<\/strong><\/p>\n<p>La Patofisiognom\u00eda es una ense\u00f1anza, la cual se ha desarrollado a trav\u00e9s de milenios de a\u00f1os. Nos da la posibilidad de observar c\u00f3mo se manifiestan los cambios de enfermedad en nuestro exterior, especialmente en nuestra piel de nuestro Rostro. Ya en el viejo Egipto y en Mesopotamia (Asirios y Babilonios) exist\u00edan m\u00e9dicos, los cuales trataban las enfermedades de sus pacientes a trav\u00e9s de la Patofisiognom\u00eda con bastante \u00e9xito. En el siglo XVIII, estaba la Patofisiognom\u00eda y los An\u00e1lisis cl\u00ednicos, uno de las m\u00e1s importantes posibilidades, (Auscultaci\u00f3n \u2013 Palpaci\u00f3n \u2013 Percusi\u00f3n) para la detecci\u00f3n de la enfermedad. En los a\u00f1os 50 del siglo pasado se desarrollaban unos diagn\u00f3sticos t\u00e9cnicos (con los respectivos nuevos aparatos muy importantes). Tambi\u00e9n los an\u00e1lisis del laboratorio cobraban unas estructuras cada vez m\u00e1s finas para descubrir los progresos el\u00e9ctricos y qu\u00edmicos en el organismo. Estos nuevos conocimientos cada vez m\u00e1s los usaban los m\u00e9dicos y los terapeutas y el paciente; el hombre quedaba en un segundo lugar. Hoy en d\u00eda ya est\u00e1n en marcha las investigaciones cient\u00edficas y los pa\u00edses pioneros e importantes en los resultados son: Alemania y Estados Unidos entre otros muchos. Ellos investigan c\u00f3mo la Homeopat\u00eda se utiliza como terapia alternativa en el tratamiento del c\u00e1ncer por ejemplo. La Patofisiognom\u00eda a trav\u00e9s del tiempo cient\u00edficamente: Hay muchos que nombrar a lo largo de la historia que han sido observadores o investigadores en este tema de la Patofisiognom\u00eda. Los primeros testimonios ven\u00edan de China; el arte de leer la enfermedad en el Rostro; llamado <em>Siang Mien<\/em>. Era una ciencia secreta y los grandes maestros de <em>Siang Mien<\/em> daban sus conocimientos s\u00f3lo a algunos alumnos, y s\u00f3lo verbalmente. Adem\u00e1s son conocidos los nombres: El primero y m\u00e1s antiguo el Dr. Hip\u00f3crates, nacido en el a\u00f1o 460 a.d.C. en la isla Cos de la antigua Grecia, fundador de Patolog\u00eda o la ense\u00f1anza de enfermedades, la <em>Pathognomik<\/em>. Su teor\u00eda se basaba fundamentalmente en la fuerza curativa de la Naturaleza. Hab\u00eda tambi\u00e9n un excelente m\u00e9dico; el alem\u00e1n Dr. C.W. Hufeland, 1762-1836, que tuvo muy buenas ideas al respecto, era m\u00e9dico de c\u00e1mara del Rey Friedrich Wilhelm III de Prusia y se hizo popular por su obra <em>Macrobiotica<\/em> en 1795. Uno de los m\u00e1s importantes temas en Patofisiognom\u00eda lo public\u00f3 el Profesor Dr. med. Baumg\u00e4rtner en 1839 y era Director de la Cl\u00ednica en Medicina en Freiburg im Breisgau (1798-1886). En este tema tambi\u00e9n public\u00f3 el Dr. Carl Huter (1861-1912) en su obra principal <em>Menschenkenntnis<\/em> y bajo el t\u00edtulo <em>Krankenphysiognomik<\/em>, as\u00ed como <em>Heilmethode<\/em> y <em>Krankheitszeichen<\/em> que quiere decir as\u00ed como <em>Signos de enfermedades en el Rostro<\/em>, que a\u00fan hoy en d\u00eda se aplica. La Patofisiognom\u00eda solo trata la <em>enfermedad<\/em>, (desde los primeros signos) en la cual cambia la expresi\u00f3n de las formas en el rostro, y de all\u00ed en la piel del rostro observamos los procedimientos patol\u00f3gicos que est\u00e1n en relaci\u00f3n con los \u00f3rganos en el cuerpo interno; y aunque no sentimos siempre los s\u00edntomas de la enfermedad, en el rostro s\u00ed se reflejan. La palabra Patofisiognom\u00eda viene de <em>pathos<\/em> = sufrimiento; <em>Phycis<\/em> = cuerpo; <em>Gnomo<\/em> = marca. Estas formas visibles est\u00e1n en cada Individuo viviente desde los tiempos m\u00e1s remotos. All\u00ed desde la observaci\u00f3n se desarrollaban conocimientos, en los cuales se tomaba nota: que a trav\u00e9s de la apariencia externa se pod\u00eda tomar conclusiones referentes a la salud y al comportamiento del paciente. Los terapeutas actuales se fijan tambi\u00e9n en la tipolog\u00eda personal del consultante para orientarle mejor; y si es necesario, darle en el momento un tratamiento m\u00e1s individualizado y m\u00e1s completo; ya sea con Homeopat\u00eda, con Acupuntura, etc. pero siempre natural!<\/p>\n<p><strong> <em>Do\u00f1a Rosina F. Hetzel<\/em> <\/strong>. Es master en Grafolog\u00eda y tiene el t\u00edtulo de \u00absumma con Laude\u00bb en Psico-Fisiognom\u00eda asi como en Patofisiognom\u00eda. Tiene un Consultorio abierto al p\u00fablico y es autora de varios libros en Psico-Fisiognom\u00eda y Fisiognom\u00eda.<\/p>\n<p><strong>Sala 3 \u00b7 18:45 \u2013 20:00<\/strong>. <strong>\u00bfEs mi hijo un genio? Educar para potenciar las capacidades de nuestros hijos desde un modelo de salud<\/strong><\/p>\n<p>Con la presi\u00f3n de la sociedad actual los padres nos vemos responsables de dotar a nuestros hijos de los m\u00e1ximos conocimientos, habilidades y herramientas, tenemos la presi\u00f3n de comportarnos de forma que haga que nuestros hijos sean perfectos y den lo m\u00e1ximo de s\u00ed mismos, ya que as\u00ed tendr\u00e1n mayores posibilidades de desarrollo. En muchas ocasiones estas presiones, que no est\u00e1n ajustadas a la realidad, producen tensiones y problemas tanto en los padres como en los hijos. No obstante, existe un modelo saludable para educar a los hijos y superar las expectativas que se pudieran tener sobre su desarrollo y logos, potenciando sus m\u00e1ximas capacidades. En la conferencia se desarrollar\u00e1 un modelo saludable para educar potenciando las capacidades de nuestros hijos.<\/p>\n<p><strong> <em>Do\u00f1a Sonia G\u00f3mez Mart\u00ednez<\/em> <\/strong>. Licenciada en Psicolog\u00eda por la Universidad Pontificia de Comillas (1997), ha cursado los estudios de doctorado en la Universidad Complutense obteniendo la suficiencia investigadora, Master en psicoterapia por la Universidad Complutense, Especialista universitario en psicoterapia con ni\u00f1os y adolescentes por la ECPNA. Psic\u00f3loga colegiada desde el a\u00f1o 1999. Ha desarrollado su carrera profesional en el \u00e1mbito de la psicolog\u00eda cl\u00ednica, realizando psicoterapia con ni\u00f1os y adolescentes e impartiendo programas de desarrollo personal y coaching con adultos. Al mismo tiempo, ha compaginado su actividad laboral en la empresa privada, desempe\u00f1ando puestos directivos, siendo la compa\u00f1\u00eda de salud Sanitas la \u00faltima firma en la que ha trabajado, como gerente de grandes cuentas, durante m\u00e1s de 6 a\u00f1os. Cofundadora del Programa Adamas.<\/p>\n<p><strong>DOMINGO 25 MAYO<\/strong><\/p>\n<p><strong>Sala 1 \u00b7 10:00 \u2013 11:15<\/strong>. <strong>Detoxificaci\u00f3n desde la holisticidad<\/strong> [[Todo asistente a esta ponencia tendr\u00e1 reconocimiento de 0,125 cr\u00e9ditos Universitarios en la OUAS y participar\u00e1 del sorteo de tres obsequios valorados en unos 100 \u20ac cada uno. Se podr\u00e1 elegir entre 3 m\u00f3dulos formativos reconocidos en la Universidad OUAS (de entre 36 materias distintas) o una terapia de 3 horas.]]<\/p>\n<p>M\u00e1s all\u00e1 de las modas que tienden a creer y crear t\u00e9cnicas cada vez m\u00e1s simples y milagrosas; t\u00e9cnicas que no ocasionen esfuerzo a quienes han de aprenderlas, y que genere c\u00f3modos resultados milagrosos en quien tiene la necesidad de curarse. Modas de irresistible atractivo que hacen posible crear en lo que se cree, y por tanto de terminar defendiendo en\u00e9rgicamente cualquier fantas\u00eda procedente de la imaginaci\u00f3n destellante de charlatanes y embaucadores. As\u00ed, entre los centenares de t\u00e9cnicas, sistemas y aparatos que surgen constantemente, se hace imprescindible una investigaci\u00f3n profunda y paciente, que filtre enga\u00f1os y fantas\u00edas, para seleccionar entre lo mejor, y combinarlos en una sinerg\u00eda apropiada que lo potencie. De todo este proyecto naci\u00f3 la ONG Decoyin (Despertando al Conocedor del yo interno) y la trilog\u00eda terap\u00e9utica que fundamenta la sanaci\u00f3n en tres pilares importantes de la desintoxicaci\u00f3n. Pues est\u00e1 claro, que si liberamos obst\u00e1culos, la sabidur\u00eda innata del ser humano es capaz de encontrar la forma de \u201cproseguir su camino\u201d. Los tres pilares de desintoxicaci\u00f3n en los que se fundamenta esta t\u00e9cnica son los enfocados al \u00e1rea 1- f\u00edsica y 2- energ\u00e9tica, encargada de reparar lo ya somatizado, para lo cual utilizamos t\u00e9cnicas de terapias electrol\u00edticas (Anionosis) y t\u00e9cnicas de testeo y terapias qu\u00e1nticas como el Qmra, el 3d-nls, generadores de frecuencia de alta efectividad como el Super Ravo Zapper, etc. Y todo ello sin olvidarnos de la desintoxicaci\u00f3n del \u00e1rea 3- emocional-mental-espiritual con t\u00e9cnicas de PsicoAlquimia resultantes de todo este bagaje de investigaci\u00f3n y aprendizajes de m\u00e1s de 33 a\u00f1os. Est\u00e1 claro que resulta algo complejo esta diversidad de t\u00e9cnicas y terapias para la consecuci\u00f3n de mejores logros en nuestros pacientes, cuando lo que predomina son t\u00e9cnicas r\u00e1pidas y c\u00f3modas. Pero tambi\u00e9n est\u00e1 claro que no resulta suficiente con dejar en manos de la tecnolog\u00eda lo que al ser humano ata\u00f1a, pues la faceta emocional, mental y espiritual no se puede a\u00fan analizar en un ordenador. Pero s\u00ed se puede encontrar la combinaci\u00f3n sin\u00e9rgica que potencie estas tres \u00e1reas. La PsicoAlquimia (Psicolog\u00eda Hol\u00edstica) y la Psicorecoherenciaci\u00f3n que nos proporciona, constituyen el factor decisivo para la toma de consciencia y resoluci\u00f3n verdadera de aquellos conflictos que se somatizaron con una finalidad concreta, y que por tanto, no consiste simplemente en detoxificar el cuerpo f\u00edsico y energ\u00e9tico, sino que se hace imprescindible la intervenci\u00f3n del paciente para tomar consciencia de sus causas y consciencia de sus efectos, para decidir resolverlo en la mente. Y es s\u00f3lo as\u00ed, desde una trilog\u00eda multidisciplinaria, desde donde podemos verdaderamente tener la posibilidad de vencer aquellos conflictos que se presentan como \u201casignaturas pendientes de aprobar\u201d, pues no consiste en \u201cmatar al mensajero\u201d, sino en escucharle para saber c\u00f3mo mejor actuar. Y ya despu\u00e9s es, cuando podemos acallarle; cuando ya no tenga fundamentos en su persistencia.<\/p>\n<p><strong> <em>Dr. Don Juli\u00e1n P\u00e9rez Guti\u00e9rrez<\/em> <\/strong>. Acad\u00e9mico de Honor de la Ilustre Academia Internacional de Ciencias, Tecnolog\u00edas, Educaci\u00f3n y Humanidades. Catedr\u00e1tico de la Universidad OUAS. Doctorado en Medicina Biol\u00f3gica, Psico-Sofro-Radiestesia, Naturopat\u00eda, Terapias Electrol\u00edticas y Psicorecoherenciaci\u00f3n. Doctorado Honoris Causa por la Organizaci\u00f3n Mundial de Medicinas Alternativas y por el Consejo General de Colegios de M\u00e9dicos Naturistas de Espa\u00f1a. Presidente de Salud Naturista Decoyin. M\u00e1s de 33 a\u00f1os de experiencia y m\u00e1s de 60 libros escritos en el \u00e1rea de la salud naturista. Ponencias, conferencias, cursos, talleres, asesor\u00edas, etc.<\/p>\n<p><strong>Sala 2 \u00b7 10:00 \u2013 11:15<\/strong>. <strong>La medicina natural y el Alzheimer<\/strong><\/p>\n<p>&#8211; 1\u00ba La enfermedad de Alzheimer es una dolencia neurodegenerativa, progresiva e irreversible, que afecta al cerebro y las neuronas, a las conexiones neuronales, y la neurotransmisi\u00f3n entre ellas. Se le atribuyen muchas causas, entre ellas: factores gen\u00e9ticos, bioqu\u00edmicos, ambientales, nutricionales, inflamatorios, circulatorios, <a href=\"https:\/\/marina.swarpeca.es\/?Antioxidantes\">ataques de radicales libres<\/a>, disregulaci\u00f3n de la apoptosis (suicidio celular programado) \u2026 Este complejo patog\u00e9nico destruye paulatinamente el cerebro, produciendo una p\u00e9rdida cognitiva progresiva, desintegraci\u00f3n de la personalidad y, a la larga, p\u00e9rdida de la autoidentificaci\u00f3n y autonom\u00eda personal (mutismo, inmovilismo y dependencia total). 2\u00ba Para <a href=\"https:\/\/marina.swarpeca.es\/?Memoria-y-envejecimiento-Alzheimer\">prevenirla y tratarla<\/a>, se requiere un plan de vida saludable, completo y arm\u00f3nico, en el que puede aportar mucho la moderna medicina natural, con la aplicaci\u00f3n de sus recursos poderosos: nutrici\u00f3n espec\u00edfica individualizada (con suplementos de f\u00e1rmaco-nutrientes), oxigenaci\u00f3n, ejercicio f\u00edsico aer\u00f3bico, psicoestimulaci\u00f3n, socioactivaci\u00f3n, t\u00e9cnicas de relajaci\u00f3n y psicocorporales, fitoterapia espec\u00edfica, exposici\u00f3n a est\u00edmulos naturales favorables (agua, sol, luz, aire \u2026), expansi\u00f3n, divertimiento, humor, m\u00fasica \u2026 Pero la eficacia de la medicina natural se basa, sobre todo, en el poder de la \u201d<em>vis medicratrix naturae y conservatrix naturae<\/em>\u201d y, en el precepto hipocr\u00e1tico :\u201c<em>lo primero no da\u00f1ar<\/em>\u201d. 3\u00ba La medicina natural cient\u00edfica puede combatir o modular la expresi\u00f3n gen\u00e9tica negativa del Alzheimer, regular los fallos inflamatorios y autoagresivos (autoinmunes), neutralizar los ataques de los radicales libres, mejorar la acci\u00f3n de los neurotransmisores, corregir los trastornos circulatorios y metab\u00f3licos cerebrales, evitar la entrada en el cerebro de las sustancias t\u00f3xicas y los metales pesados, y hasta cierto punto, limpiar el cerebro de pigmentos del envejecimiento y de prote\u00ednas an\u00f3malas (beta-amiloide y Tau) que son, al parecer, las responsables del Alzheimer. Asimismo -a trav\u00e9s de una activaci\u00f3n cerebral positiva y reiterativa- se puede favorecer la neurog\u00e9nesis (formaci\u00f3n de nuevas neuronas). 4\u00ba Pero todo ello hay que conseguirlo de una manera continuada y persistente -como un todo y un continuum-, a lo largo de la vida del individuo, concienci\u00e1ndose \u00e9ste de que en todo momento, debe cuidar su salud y proteger su cerebro. Se recuerda que el cerebro es el \u00f3rgano regidor de la vida humana y asiento de nuestra personalidad, bienestar y felicidad y, debemos actuar de acuerdo con esta premisa tan importante. 5\u00ba Finalmente, por ser una enfermedad temible, incurable, y a\u00fan bastante desconocida, se ha de diagnosticar lo antes posible, y tratarla precozmente (medicina natural integrativa). En este sentido, con la ayuda de la gen\u00f3mica -medicina predictiva-, a trav\u00e9s de test gen\u00e9ticos, biomarcadores, indicadores precoces de la enfermedad \u2026 se podr\u00e1 diagnosticar con mucha antelaci\u00f3n, para tomar las medidas correctoras adecuadas: nutrici\u00f3n espec\u00edfica (individualidad bioqu\u00edmica), estilo de vida saludable, adaptado a las necesidades de cada cual \u2026 (medicina personalizada). Para terminar, no hay que olvidar la farmacoterapia especifica antialzheimer, -que s\u00f3lo es paliativa y sintom\u00e1tica- simple o combinada con otros recursos, y siempre complementada con la ayuda de la medicina natural cient\u00edfica.<\/p>\n<p><strong> <em>Dr. Don V\u00edctor L\u00f3pez Garc\u00eda<\/em> <\/strong> [[- <a href=\"https:\/\/marina.swarpeca.es\/revista\/IMG\/pdf\/alzheimer-y-medicina-alternativa.pdf\">\u00ab<em>Alzheimer y Medicina Alternativa<\/em>\u00bb &#8211; \u00ab<em>El alcance y la fuerza integradora de la Medicina Naturista en la interpretaci\u00f3n y curaci\u00f3n de las enfermedades cronicodegenerativas<\/em>\u00ab<\/a>, Dr. V\u00edctor L\u00f3pez Garc\u00eda<\/p>\n<p>&#8211; <a href=\"https:\/\/marina.swarpeca.es\/revista\/IMG\/pdf\/rendimiento-mental_nutricion.pdf\">\u00ab<em>C\u00f3mo mejorar el rendimiento mental con una nutrici\u00f3n adecuada<\/em>\u00ab<\/a>, (conferencia de) V\u00edctor L\u00f3pez Garc\u00eda, Universidad de Mayores de Experiencia Rec\u00edproca, (28-11-2005), Madrid, 2006<\/p>\n<p>&#8211; <a href=\"https:\/\/marina.swarpeca.es\/revista\/IMG\/odt\/secretodeloscentenarios.pdf.odt\">\u00ab<em>\u00bfCu\u00e1l es el secreto de la larga vida de los centenarios?<\/em>\u00ab<\/a>, Dr. V\u00edctor L\u00f3pez Garc\u00eda, mayo 2010]]. M\u00e9dico geront\u00f3logo. Formado en hospitales y centros m\u00e9dicos de Alemania y Espa\u00f1a. Fue m\u00e9dico colaborador en cl\u00ednicas de geriatr\u00eda y neurolog\u00eda en Alemania. Actividad docente en Alemania y Espa\u00f1a. Fue m\u00e9dico asistencial en sanatorios y balnearios de la Selva Negra en Alemania. Fue director y m\u00e9dico asistencial en el Instituto M\u00e9dico Internacional de Terapias antienvejecimiento (medicinas complementarias) con sede en Madrid. M\u00e9dico escritor de art\u00edculos m\u00e9dicos de divulgaci\u00f3n, en revistas acreditadas, algunas de \u00e1mbito internacional. Colaborador asiduo en la Revista <em>Natural<\/em>. Premio nacional por el mejor art\u00edculo del a\u00f1o (2001) concedido por la Asociaci\u00f3n Espa\u00f1ola de M\u00e9dicos Naturistas. Miembro de la Asociaci\u00f3n Espa\u00f1ola de M\u00e9dicos Naturistas, Autor de dos libros: <em>Secretos de los centenarios<\/em> y <em>Cronicidad y envejecimiento. El gran reto de la medicina del siglo XXI<\/em>.<\/p>\n<p><strong>Sala 3 \u00b7 10:00 \u2013 11:15<\/strong>. <strong>Nuevos tratamientos microbiol\u00f3gicos y de microterapia. Dos alternativas para los problemas del sistema inmunitario<\/strong><\/p>\n<p>La ponencia tiene como objetivo exponer dos tratamientos, que combinados adecuadamente, consiguen mejorar, de manera significativa, nuestro sistema inmunitario y el equilibrio homeost\u00e1tico. Se conocen m\u00e1s de ochenta enfermedades autoinmunes. Tienen s\u00edntomas en ocasiones similares, lo que dificulta su diagn\u00f3stico, aunque lo que caracteriza a estas enfermedades es fundamentalmente la inflamaci\u00f3n. La terap\u00e9utica con microorganismos, principalmente bacterias, se realiza desde hace sesenta a\u00f1os. Hospedador y microbiota han evolucionado hacia una relaci\u00f3n simbi\u00f3tica, conviviendo en el intestino humano entre 5.000 y 35.000 especies. Hasta la fecha, s\u00f3lo conocemos unos pocos miles de ellas y algunas de sus funciones, constituyendo un papel fundamental en la salud y en la generaci\u00f3n de las enfermedades. As\u00ed y en contra de lo que se pensaba, hay microbiota intra\u00fatero durante el embarazo y, adem\u00e1s, en la leche materna hemos aislado m\u00e1s de 700 especies. Hay quien comienza a hablar de la microbiota como un nuevo \u00f3rgano corporal de extraordinario potencial y se plantean incluso su trasplante. Se est\u00e1n estudiando las funciones de la microbiota sobre diferentes \u00f3rganos y sistemas, como el sistema nervioso, con interesantes estudios del lactobacillus reuteri, sobre la expresi\u00f3n del receptor GABA y su control sobre la acci\u00f3n del sistema nervioso simp\u00e1tico. Los enterococos que inducen la linfoproliferaci\u00f3n y estimulan la producci\u00f3n de IgA secretoria. Los lactobacillus que aceleran el flujo hacia las vellosidades y mejoran las \u201cTight junci\u00f3n\u201d incrementando las defensinas. La presencia de E. Coli, se ha comprobado que reduce significativamente la inflamaci\u00f3n de las v\u00edas respiratorias, por acci\u00f3n sobre las citoquinas del tejido linf\u00e1tico asociado a los bronquios, disminuyendo la intensidad y la frecuencia de los ataques de asma. Cada vez es m\u00e1s com\u00fan el realizar un an\u00e1lisis de heces para diagnosticar y evaluar la microbiota, ya que en esta relaci\u00f3n simbi\u00f3tica se aprecian diferentes cambios y anomal\u00edas en su composici\u00f3n. Hay estudios realizados en relaci\u00f3n a los cambios en la microbiota en personas con eczema at\u00f3pico, s\u00edndrome de intestino irritable, enfermedad de Crohn, despu\u00e9s de la toma de antibi\u00f3ticos o en la obesidad. En la segunda parte de la ponencia, se expondr\u00e1n una serie de tratamientos con diversas especies de hongos. Es una combinaci\u00f3n interesante junto a los tratamientos microbiol\u00f3gicos, en el intento de mejorar la inmunidad y fundamentalmente el equilibrio homeost\u00e1tico. Pr\u00e1cticamente todos los hongos basan sus acciones en su composici\u00f3n molecular a base de los Beta glucanos, que son moduladores del equilibrio celular. Existen otros componentes qu\u00edmicos que los diferencian entre s\u00ed y permiten distintas combinaciones con el fin de conseguir acciones sin\u00e9rgicas. No s\u00f3lo la elecci\u00f3n del tipo de hongo o sus combinaciones, sino tambi\u00e9n la dosis y el tiempo de duraci\u00f3n del tratamiento ser\u00e1n fundamentales en el resultado final.<\/p>\n<p><strong> <em>Doctor Don Andoni Jauregi Crespo<\/em> <\/strong>. Doctor en Medicina y Cirug\u00eda. Especialista en Medicina de la Educaci\u00f3n F\u00edsica y el Deporte. Reconocido por el Colegio de M\u00e9dicos de Vizcaya en Medicina Naturista y Osteopat\u00eda. Presidente de la Asociaci\u00f3n Profesional de Oste\u00f3patas Espa\u00f1oles. APREO. Miembro de la Federaci\u00f3n Europea de los Oste\u00f3patas. EFO\/FEO L\u00e1bel de Osteopat\u00eda de la U.E. (Euro Osteo DO) C.E.P.L.I.S. Director de la Cl\u00ednica de Medicina Manual Osteopat\u00eda de Bilbao. Director de la Escuela Internacional de Osteopat\u00eda. EIO.<\/p>\n<p><strong>Sala 1 \u00b7 11:30 \u2013 12:45<\/strong>. <strong>Terapias manuales tras la mastectom\u00eda<\/strong><\/p>\n<p>El masaje, el drenaje linf\u00e1tico manual (DLM) y otras terapias manuales pueden utilizarse como coadyuvantes en el tratamiento de pacientes afectadas de c\u00e1ncer y que han sufrido una mastectomia. Sus beneficios son m\u00faltiples y se han demostrado cient\u00edficamente, entre ellos destacamos: -Disminuci\u00f3n de los dolores y molestias. -Disminuci\u00f3n de la ansiedad. -Prevenci\u00f3n o tratamiento del linfedema postmastectomia. -Mejora de la autoestima. -Aceptaci\u00f3n del nuevo esquema corporal. -Reabsorci\u00f3n mas temprana del edema posquir\u00fargico. Aunque el c\u00e1ncer no es una contraindicaci\u00f3n para el masaje o el drenaje linf\u00e1tico manual, la prescripci\u00f3n y el control m\u00e9dico son imprescindibles en estas pacientes. Entre las precauciones que debemos tener destacamos: -Tejido irradiado. Hay que tener especial precauci\u00f3n sobre una piel irradiada. Estas pieles suelen ser m\u00e1s fr\u00e1giles y finas. -Quimioterapia. La quimioterapia puede alterar el n\u00famero de plaquetas en sangre y disminuir las defensas del paciente. Las terapias manuales que utilizamos con nuestras pacientes son: masaje terap\u00e9utico, drenaje linf\u00e1tico manual, kinesiotape, inducci\u00f3n miofascial, Reiki y otras t\u00e9cnicas. En la ponencia pondremos numerosos ejemplos pr\u00e1cticos de <em>nuestros tratamientos, as\u00ed como de las indicaciones y contraindicaciones.<\/p>\n<p><strong>Dr. Don Ignacio Sanz Alonso<\/h2>\n<p>. El Dr. Ignacio Sanz realiz\u00f3 la carrera de medicina en la Universidad de Valladolid finalizando los estudios en el a\u00f1o 1991. M\u00e9dico Interno Residente (MIR) adscrito al Servicio de Cirug\u00eda Pl\u00e1stica y Reparadora del Hospital 12 de Octubre de Madrid desde Enero de 1.994 a Diciembre de 1998. M\u00e9dico Adjunto en la Fundaci\u00f3n Jim\u00e9nez D\u00edaz desde 1 de Octubre de 1999 hasta 30 de Septiembre de 2001. ?Es Miembro de la SECPRE (Sociedad Espa\u00f1ola de Cirug\u00eda, Pl\u00e1stica, Reparadora y Est\u00e9tica). Jefe de la Unidad de Cirug\u00eda Pl\u00e1stica del Instituto M\u00e9dico L\u00e1ser desde 1 de Octubre de 2001 hasta la actualidad. Ha completado su formaci\u00f3n quir\u00fargica visitando a alguno de los mejores cirujanos pl\u00e1sticos americanos (Dr. Millard, Dr. Baker, Dr.Stuzin, Dr. Hidalgo). Actualmente es Jefe Asociado en el Hospital Universitario Quir\u00f3n Madrid.<\/p>\n<p><strong> <em>Don Isaac Chavero Claver<\/em> <\/strong>. Quiromasajista. Diplomado en diversas t\u00e9cnicas de masaje (reflexoterapia podal, masaje deportivo, masaje metam\u00f3rfico, masaje terap\u00e9utico) y drenaje linf\u00e1tico (m\u00e9todo Vodder). Tiene m\u00e1s de 15 a\u00f1os de experiencia en tratamientos de recuperaci\u00f3n postquir\u00fargica. Ha publicado numerosos art\u00edculos sobre el masaje en recuperaci\u00f3n postquir\u00fargica en revistas impresas sobre masaje y est\u00e9tica y en internet. Actualmente compagina su labor en los tratamientos posquir\u00fargicos con la promoci\u00f3n online del Instituto de Cirug\u00eda Pl\u00e1stica Mart\u00edn del Yerro<\/p>\n<p><strong> <em>Do\u00f1a Laura Canal Parra<\/em> <\/strong>. Diplomada en Fisioterapia en el a\u00f1o 2003 por la Universidad Rey Juan Carlos. Se ha especializado en: Cursos de postgrado de Inducci\u00f3n Miofascial: T\u00e9cnicas Estructurales (a\u00f1o acad\u00e9mico 2008\/2009), T\u00e9cnicas Globales (a\u00f1o 2012). Curso de Formaci\u00f3n Continuada en \u201cAtenci\u00f3n multidisciplinar a la mujer con c\u00e1ncer de mama: cuidados y prevenci\u00f3n\u201d (a\u00f1o 2011). Drenaje linf\u00e1tico manual: M\u00e9todo Vodder (a\u00f1o 2004) y M\u00e9todo Leduc (a\u00f1o 2010). Asistencia a la Proyecci\u00f3n del Primer Congreso Internacional de Investigaci\u00f3n sobre la Fascia (a\u00f1o 2008). Asistencia al Curso Instructivo Anual: \u201cMamoplastia de Aumento\u201d (a\u00f1o 2007). Curso de Vendaje Neuromuscular (a\u00f1o 2006). Sus \u00c1reas y tratamientos de inter\u00e9s son: Tratamiento de la patolog\u00eda del sistema fascial, especializada en concreto, en el tratamiento postcirug\u00eda pl\u00e1stica, est\u00e9tica y reparadora: cicatrices, adherencias y fibrosis. Dolores musculares inespec\u00edficos. Tratamiento de la patolog\u00eda del sistema linf\u00e1tico: linfedemas primarios y secundarios (edemas postquir\u00fargicos, linfedemas de miembros inferiores en el embarazo, linfedema tras extirpaci\u00f3n ganglionar y\/o radioterapia). Tratamiento global de la paciente con c\u00e1ncer de mama: recuperaci\u00f3n temprana de la funcionalidad, la calidad de vida y el bienestar.<\/p>\n<p><strong>Sala 2 \u00b7 11:30 \u2013 12:45<\/strong>. <strong>Retos actuales de salud en la mujer, avances y eficacia de la nutrici\u00f3n con hongos<\/strong><\/p>\n<p>En las \u00faltimas d\u00e9cadas las mujeres han alcanzado altas cimas en el \u00e1mbito social, pol\u00edtico, econ\u00f3mico y personal. Sin embargo, nada ha sido gratuito, se ha pagado un precio, y a\u00fan queda mucho en todo el mundo. Hace tan s\u00f3lo unos a\u00f1os, hablar de fibromialgia, papilomavirus o endometriosis estaba restringido a c\u00edrculos sanitarios. Hoy d\u00eda el n\u00famero de afecciones que forma parte de conversaciones habituales se ha incrementado considerablemente: s\u00edndrome de fatiga cr\u00f3nica, miomas, fibromas, endometriosis, artritis, alergias, sensibilidad m\u00faltiple, insuficiencias multiorg\u00e1nicas, afecciones oncol\u00f3gicas, infertilidad, etc. El papel del estr\u00e9s en nuestras vidas es incuestionable, y echando la vista hacia otros sistemas de vida y m\u00e9todos terap\u00e9uticos, nos encontramos en el camino hacia nosotras mismas. Mi trabajo desde hace m\u00e1s de 25 a\u00f1os est\u00e1 relacionado con afecciones que implican la desadaptaci\u00f3n simult\u00e1nea de los distintos niveles y sistemas que nos componen y de modo espec\u00edfico, c\u00f3mo ocurren en la mujer. Parte del trabajo vio la luz en 2002 en la Universidad de Westminster (Londres) y en esta conferencia se presentan los avances en la investigaci\u00f3n de dichas afecciones y de la eficacia de la suplementaci\u00f3n con hongos nutricionales espec\u00edficos. Los hongos nutricionales son un tesoro de la naturaleza: estructuralmente simples, presentan una sorprendente bioqu\u00edmica activa y eficaz sobre microorganismos, apoyan \u00f3rganos y tejidos esenciales para mantener la salud ahora y de cara al futuro.<\/p>\n<p><strong> <em>Dra. Do\u00f1a Nuria Lorite Ay\u00e1n<\/em> <\/strong>. DEA en Farmacia, Bromatolog\u00eda y Nutrici\u00f3n. Lic. Medicina China. Dra. Diet\u00e9tica China. Especialista en Naturopat\u00eda, Micolog\u00eda, Fitoterapia Occidental y Oriental. Investigadora y autora. Pres. Asociaci\u00f3n Internacional de Medicinas Integradas y de la Asociaci\u00f3n Espa\u00f1ola de Medicina Biol\u00f3gica. Asesora Cient\u00edfica del programa \u00c1tica de Atenci\u00f3n Integral al C\u00e1ncer. Fundadora de Biloba.<\/p>\n<p><strong>Sala 3 \u00b7 11:30 \u2013 12:45<\/strong>. <strong>Valoraci\u00f3n y tratamiento con kinesiolog\u00eda integrativa de geopat\u00edas, metales pesados, acidificaci\u00f3n tisular, focos bacterianos y mic\u00f3ticos<\/strong><\/p>\n<p>Cada vez es m\u00e1s conocida la influencia de las ondas electromagn\u00e9ticas sobre nuestra salud. De igual manera sabemos que las energ\u00edas tel\u00faricas de la tierra, los campos globales y las radiaciones provenientes del cosmos si no somos m\u00ednimamente conocedores de ellas y las utilizamos en nuestro favor pueden terminar provocando afectaciones graves en nuestro cuerpo. Cada vez son m\u00e1s los estudios que demuestran la importancia de los metales pesados en trastornos degenerativos, autoinmunes, procesos psicopatol\u00f3gicos y degeneraciones celulares varias y c\u00f3mo estos metales, al igual que las sobrecargas por radiaciones electromagn\u00e9ticas y cosmo-tel\u00faricas, producen una acidificaci\u00f3n en nuestro terreno corporal y a la vez esta acidificaci\u00f3n tisular es el medio perfecto para la proliferaci\u00f3n patol\u00f3gica de bacterias y hongos. Tras a\u00f1os trabajando estas disfunciones fui d\u00e1ndome cuenta que forman un circuito de retroalimentaci\u00f3n y que unas mantienen activas a las otras, por tanto no pueden ser tratadas por separado. En la Kinesiolog\u00eda Integrativa he establecido un m\u00e9todo de evaluaci\u00f3n donde estos cuatro factores principales, causantes de infinidad de patolog\u00edas y disfunciones, son tenidos en cuenta desde el primer momento y tratados de fondo como terrenos corporales conflictivos, siguiendo un protocolo de trabajo en un orden espec\u00edfico y agrupado con la finalidad de romper este sistema de bio-retroalimentaci\u00f3n perjudicial para nosotros.<\/p>\n<p><strong> <em>Don Pere Esteve Dur\u00e1n<\/em> <\/strong>. Kinesi\u00f3logo, Natur\u00f3pata, Acupuntor, Terapeuta Manual, Coaching, Domoterapeuta y Numer\u00f3logo. Ejerce como terapeuta y profesor de Kinesiolog\u00eda Integrativa. Formador y conferenciante en t\u00e9cnicas de crecimiento personal y sanaci\u00f3n hol\u00edstica. Autor del libro \u201c<em>Numerolog\u00eda Evolutiva. Un mapa vibracional del Ser humano<\/em>\u201d y del m\u00e9todo de desarrollo personal \u201cEl Poder de Ser T\u00fa mismo. La Alquimia de la felicidad\u201d. Acumula m\u00e1s de 14 a\u00f1os de formaci\u00f3n e investigaci\u00f3n en terapias naturales.<\/p>\n<p><strong>Sala 1 \u00b7 13:00 \u2013 14:15 \u2013 Doble Ponencia<\/strong><\/p>\n<p><strong>\u00bfTodo lo alternativo es Medicina Natural?. Reflexiones sobre la Medicina vibracional<\/strong><\/p>\n<p>La Medicina naturista ha experimentado en las \u00faltimas d\u00e9cadas un auge e impulso hasta ahora desconocido, desarroll\u00e1ndose e incorpor\u00e1ndose nuevas t\u00e9cnicas que han enriquecido y han hecho crecer esta disciplina. De forma paralela y junto con \u00e9stas, han aparecido otras muchas que han aprovechado la reputaci\u00f3n de las t\u00e9cnicas naturistas para hacerse valer, generando una gran confusi\u00f3n no solo entre el p\u00fablico general sino tambi\u00e9n entre los propios terapeutas, siendo necesario retomar y revisar con rigor los or\u00edgenes de las distintas disciplinas de la medicina naturista desde un punto hist\u00f3rico y cient\u00edfico, pues fue con m\u00e9todos sencillos con los que se consigui\u00f3 grandes progresos en la curaci\u00f3n de pacientes, adquiriendo as\u00ed prestigio y respeto. Estos m\u00e9todos hoy en d\u00eda parecen olvidados, por lo que es imprescindible retomarlos para evitar que \u00e9sta se desvirt\u00fae ya que el panorama naturista se ha llenado de corrientes m\u00e1s filos\u00f3ficas que reales. Esto no impide que corrientes terap\u00e9uticas m\u00e1s energ\u00e9ticas no est\u00e9n en sinton\u00eda con la Medicina Naturista y se revisar\u00e1n aquellas que tienen que ver con el sonido, el color y el electromagnetismo como parte integrante de una medicina Natural, hol\u00edstica e integrativa.<\/p>\n<p><strong> <em>Dr. Don Joaqu\u00edn Out\u00f3n Ru\u00edz<\/em> <\/strong>. Licenciado en Medicina y Cirug\u00eda. M\u00e9dico puericultor. Master en Medicina Naturista, Experto Universitario en Homeopat\u00eda, Master en Acupuntura. Docente universitario. Director M\u00e9dico de Vital 2000.<\/p>\n<p><strong>Candidiasis<\/strong>\u00a0<\/p>\n<p>La candidiasis es una enfermedad infecciosa, local o sist\u00e9mica, ocasionada por el hongo candida. Patol\u00f3gicamente suele manifestarse en piel, mucosas y semimucosas. En esta ponencia tratar\u00e9 sobre: \u00b7 Los diversos factores de predisposici\u00f3n. \u00b7 Las numerosas infecciones por candida. \u00b7 El tratamiento personalizado.<\/p>\n<p><strong> <em>Profesor Hermano Jos\u00e9<\/em> <\/strong>. Profesor de Medicina Natural, Homeopat\u00eda, Terapia Floral y Ayurveda. Vicepresidente del Comit\u00e9 Cient\u00edfico de Expo Masaje. Presidente de EcoNat \u2013 Congreso de Terapias Naturales. Creador de los sistemas: \u00b7 Correcci\u00f3n con Terapia Floral de los excesos de los 16 tipos de personalidad. \u00b7 Relaci\u00f3n entre las 7 di\u00e1tesis de la Oligoterapia catal\u00edtica y los 7 Chakras.<\/p>\n<p><strong>Sala 2 \u00b7 13:00 \u2013 14:15<\/strong>. <strong>Un nuevo concepto de pautas de alimentaci\u00f3n<\/strong><\/p>\n<p>Para vitalizar y rejuvenecer el cuerpo, y agilizar la mente. El M\u00e9todo TRCD ha realizado un an\u00e1lisis emocional, emp\u00edrico, de c\u00f3mo los alimentos inciden en el ADN Emocional de las c\u00e9lulas para rastrearlas y hacer una limpieza emocional en ellas. El m\u00e9todo utilizado es la observaci\u00f3n de los resultados que se producen en el cuerpo de la persona al utilizar, durante periodos determinados de tiempo, diferentes combinaciones estructuradas y pautadas de alimentos. Se han elegido las combinaciones que producen los resultados de mayor vitalidad, energ\u00eda, rejuvenecimiento de los \u00f3rganos, de la piel y estructuraci\u00f3n y p\u00e9rdida de peso, en lo que se refiere al cuerpo f\u00edsico. En cuanto al estado emocional, se observa que hay algunas caracter\u00edsticas generales de mayor equilibrio mental, calma y sensaci\u00f3n de realizaci\u00f3n personal. Se han conseguido unas dietas que tienen una gran variedad de alimentos, por lo que mejora mucho la sensaci\u00f3n de restricci\u00f3n y limitaci\u00f3n que existe en otras pautas alimenticias. Y, al disminuir los pensamientos obsesivos con la comida, se tolera mucho mejor esta forma de alimentaci\u00f3n.<\/p>\n<p><strong> <em>Dra. Do\u00f1a Flor Melguizo Aguilera<\/em> <\/strong>. Licenciada en Medicina y Cirug\u00eda por la UCM. Especialista en Oncolog\u00eda M\u00e9dica (Madrid. Espa\u00f1a). Psicoterapeuta de pareja, familia, sexual, avalado por la FEAP y por el ICOMEM. Especialista Universitario en Medicina Psicosom\u00e1tica. M\u00e1ster en Psicolog\u00eda M\u00e9dica. Profesional Docente del M\u00e9todo TRCD. Directora de la Formaci\u00f3n en Experto Universitario M\u00e9todo TRCD. (RCU Mar\u00eda Cristina. El Escorial).<\/p>\n<p><strong>Sala 3 \u00b7 13:00 \u2013 14:15<\/strong>. <strong>Intestino irritable desde la nutrici\u00f3n ortomolecular y la medicina funcional<\/strong><\/p>\n<p>El s\u00edndrome de intestino irritable es un problema gastrointestinal muy frecuente, que afecta al 10-15% de la poblaci\u00f3n mundial. Muy a menudo no diagnosticado, reduce enormemente la calidad de vida de los pacientes, con s\u00edntomas que incluyen dolor abdominal, hinchaz\u00f3n y gases, diarrea o estre\u00f1imiento o alternancia de uno y otro. Durante la ponencia se tratar\u00e1n las causas, algunas poco conocidas, de este s\u00edndrome; de los tests de la medicina funcional que nos ayudan a descubrirlas y de las diferentes v\u00edas y protocolos de tratamiento personalizado que ofrecen la medicina funcional y la nutrici\u00f3n ortomolecular, incluyendo nutrici\u00f3n, suplementos y cambios en el estilo de vida.<\/p>\n<p><strong> <em>Do\u00f1a Teresa Pel\u00e1ez P\u00e9rez<\/em> <\/strong>. Licenciada en Medicina Nutricional por la London West University (Londres) (Bsc Nutritional Medicine). Estudios de postgrado en Medicina funcional en Functional Medicine University. Miembro de British Association for Applied Nutrition &#038; Nutritional Therapy (BANT), miembro de The Institute for Functional Medicine (IFM), miembro del Complimentary and Natural Healthcare Council (CNHC), el \u00fanico registro de terapeutas nutricionales reconocido legalmente por el Ministerio de Salud del Reino Unido. Miembro COFENAT.<\/p>\n<p><strong>Sala 1 \u00b7 16:00 \u2013 17:15<\/strong>. <strong>Liberaci\u00f3n de estr\u00e9s por tensi\u00f3n emocional<\/strong><\/p>\n<p>Influencia emocional en nuestro comportamiento. Somos seres emocionales, vivimos en un mundo emocional, por lo que nos movemos por impactos emocionales. Desde que nacemos nos movemos por acciones que aprendemos de nuestros padres \u2026 ya en el \u00fatero materno recogemos toda la informaci\u00f3n emocional de nuestra madre al estar conectados por el cord\u00f3n umbilical y en el canal del parto es donde se activan a nivel celular toda la informaci\u00f3n gen\u00e9tico energ\u00e9tica de pap\u00e1 y mam\u00e1 y sus diferentes cargas; carga emocional positiva \u00f3 carga emocional negativa. Toda la informaci\u00f3n que recogemos en el \u00fatero materno m\u00e1s toda la informaci\u00f3n que recogemos desde los 0-7 a\u00f1os influye en el comportamiento. Podemos cambiar un comportamiento adquirido que nos crea una carga emocional negativa, al ser \u00e9sta la que nos limita. Todos los comportamientos est\u00e1n adheridos a v\u00edas neuronales que tenemos aprendidos en los 7 primeros a\u00f1os de vida, \u00e9stas liberan sustancias bioqu\u00edmicas a nuestras c\u00e9lulas y \u00e9stas reaccionan ante las situaciones-contextos de igual forma que la primera experiencia que se tuvo en relaci\u00f3n al mismo contexto. Una vez liberamos esa bioqu\u00edmica, liberamos la tensi\u00f3n emocional y cambiamos comportamientos. En esta ponencia veremos c\u00f3mo se puede cambiar v\u00edas neuronales y tambi\u00e9n ense\u00f1aremos a todos los asistentes a liberar sus propias tensiones emocionales.<\/p>\n<p><strong> <em>Don Carlos Ram\u00edrez D\u00edaz<\/em> <\/strong>. Terapeuta manual desde el a\u00f1o 1998, formado en quiromasaje terap\u00e9utico y deportivo en 1999, comienza la formaci\u00f3n en osteopat\u00eda y naturopatia, al t\u00e9rmino de \u00e9sta, contin\u00faa y se especializa en kinesiolog\u00eda hol\u00edstica en varias escuelas de Barcelona. Desde una edad temprana colabora con diferentes escuelas de terapias alternativas en Madrid, Talavera y Barcelona. Actualmente dirige el Instituto Superior de Estudios Hol\u00edsticos con sede en Madrid y Talavera de la Reina.<\/p>\n<p><strong>Sala 2 \u00b7 16:00 \u2013 17:15<\/strong>. <strong>Toxinas zero<\/strong><\/p>\n<p>&#8211; Las enfermedades son siempre el resultado de una reacci\u00f3n del organismo a la intoxicaci\u00f3n. Una innumerable cantidad de toxinas que antes no formaban parte de nuestra vida cotidiana, como drogas, agregados qu\u00edmicos y biol\u00f3gicos de todo tipo en la cadena alimentaria, la irrupci\u00f3n de los tel\u00e9fonos m\u00f3viles o de las radiaciones electromagn\u00e9ticas, los pl\u00e1sticos y metales de s\u00edntesis utilizados en envases y botellas, los alimentos transg\u00e9nicos o el exceso de az\u00facares, por citar algunos de los nuevos intrusos, provocan en nuestro organismo da\u00f1os indeseados y evitables. As\u00ed lo demuestra este prestigioso especialista y acad\u00e9mico, pionero en muchos campos de la Medicina Preventiva, con gran abanico de planteamientos cl\u00ednicos y cient\u00edficos. Para gozar de buena salud, el cuerpo humano necesita depurarse y estar limpio. No hay mejor forma de hacerlo que de manera natural, respetando los tres pilares que permiten recobrar la salud. Este trabajo, actualizado al extremo, detalla c\u00f3mo deshacerse de las toxinas a trav\u00e9s de una exclusiva depuraci\u00f3n hep\u00e1tico-biliar, de las ventajas de una buena nutrici\u00f3n, la importancia del <a href=\"https:\/\/marina.swarpeca.es\/?Cura-de-desintoxicacion\">ayuno<\/a>, el mantenimiento de un pH adecuado y la restauraci\u00f3n biol\u00f3gica de todas las funciones del cuerpo humano. Plantea un esclarecedor an\u00e1lisis de los principios de la Homeopat\u00eda, que en breves a\u00f1os entrar\u00e1 en su tercer siglo de incardinaci\u00f3n en la Medicina moderna. Toxinas Zero tiende puentes hacia la medicina alop\u00e1tica a trav\u00e9s de la Homotoxicolog\u00eda, en una nueva y alentadora perspectiva. Describe c\u00f3mo el organismo, al generar la enfermedad, se constituye en el protagonista de su propia defensa ante cualquier agresi\u00f3n. A la luz de los m\u00e1s significativos avances, el Dr. Cid\u00f3n Madrigal muestra el camino para obtener una perfecta depuraci\u00f3n del organismo y recobrar la salud.<\/p>\n<p><strong> <em>Dr. Don Jos\u00e9 Luis Cid\u00f3n Madrigal<\/em> <\/strong>. M\u00e9dico Cirujano por la Universidad de Salamanca. Adem\u00e1s de su conocida faceta como m\u00e9dico humanista, es Doctor en Ciencias Biol\u00f3gicas por la Universidad Polit\u00e9cnica de Madrid, Profesor Investigador de la Facultad de Medicina de la Universidad de Alcal\u00e1 y Master en Medicina Interna. Diplomado en Homotoxicolog\u00eda y Medicina Biol\u00f3gica por la Internationale Gesellschaft f\u00fcr Hom\u00f6opathie und Homotoxikologie. Mundialmente reconocido en el campo de la Ingenier\u00eda Biom\u00e9dica, es autor de m\u00e1s de un centenar de estudios cient\u00edficos publicados en revistas especializadas y de libros de divulgaci\u00f3n entre los que destacan cinco best sellers: \u201c<em>Los Caminos de la Salud<\/em>\u201d, \u201c<em>El libro de Oro de las Dietas<\/em>\u201d, \u201c<em>La Dieta Perfecta<\/em>\u201d, \u201c<em>La Dieta del Dr. Cid\u00f3n<\/em>\u201d, \u201c<em>La F\u00f3rmula Antienvejecimiento<\/em>\u201d y \u201c<em>Stop a la Celulitis<\/em>\u201d. Entre sus numerosas publicaciones acad\u00e9micas para el postgrado universitario resalta su \u201c<em>Tratado de Ozonoterapia<\/em>\u201d, todo un cl\u00e1sico de la especialidad. Ha merecido distintos galardones por su labor de investigaci\u00f3n, el m\u00e1s reciente en 2013, Premio Nacional de Investigaci\u00f3n en Medicina Biol\u00f3gica. En 2008 \u201cPrize to the best investigation for the health, promoting the quality of life\u201d, otorgado por la Organizaci\u00f3n Internacional para la Capacitaci\u00f3n e Investigaci\u00f3n M\u00e9dica IOCIM. Destaca tambi\u00e9n el Premio Internacional de las Am\u00e9ricas, concedido en 2005 por la Organizaci\u00f3n Mundial de la Salud P\u00fablica. Es Caballero de la Orden Internacional de las Ciencias Acad\u00e9micas. Actualmente preside, entre otras sociedades nacionales e internacionales, el Instituto Hispano Americano de Investigaci\u00f3n y Desarrollo en Medicina Biol\u00f3gica, la Sociedad Espa\u00f1ola de Biorresonancia y el Instituto Espa\u00f1ol de Medicina Funcional. Ha sido ponente en multitud de Congresos y Seminarios de \u00e1mbito nacional e internacional.<\/p>\n<p><strong>Sala 3 \u00b7 16:00 \u2013 17:15<\/strong>. <strong>Biorresonancia, fundamentos te\u00f3ricos, tecnolog\u00eda y aplicaciones<\/strong><\/p>\n<p>La Biorresonancia es una t\u00e9cnica energ\u00e9tica que consiste en usar ondas electromagn\u00e9ticas de naturaleza similar a las fisiol\u00f3gicas en el diagn\u00f3stico y en la armonizaci\u00f3n o tratamiento, all\u00ed donde hay estados alterados de la salud potenciando la capacidad autorreguladora del organismo. El \u00e1mbito de aplicaci\u00f3n m\u00e9dica de la Biorresonancia es muy amplio y su uso es 100% seguro, sin efectos secundarios, contraindicaciones ni sobredosis, por lo que es una t\u00e9cnica integrativa muy \u00fatil en toda consulta de m\u00e9dicos que apliquen la medicina biol\u00f3gica, natur\u00f3patas, terapeutas, energetistas, acupunturistas, etc. Dirigido a: Profesionales natur\u00f3patas, m\u00e9dicos que apliquen criterios biol\u00f3gicos en su consulta, terapeutas hol\u00edsticos, energetistas, acupunturistas, oste\u00f3patas, responsables de herbolarios o particulares interesados en los beneficios de la Biorresonancia. Objetivo: Entender el nuevo concepto biof\u00edsico de enfermedad y el papel de los campos electromagn\u00e9ticos en la enfermedad y en la promoci\u00f3n de la salud. Explorar el amplio campo de utilidad de la Biorresonancia en la pr\u00e1ctica diaria en consulta de Naturopat\u00eda, Bioenerg\u00e9tica, Acupuntura o Medicina Biol\u00f3gica entre otras \u00e1reas. Contenido: Antecedentes cient\u00edficos. Variables f\u00edsicas que se trabajan. An\u00e1lisis y armonizaci\u00f3n. \u00c1mbitos de aplicaci\u00f3n. Seguridad, eficacia y contraindicaciones.<\/p>\n<p><strong> <em>Don Jorge Boente Represas<\/em> <\/strong>. Farmac\u00e9utico, master en Medicina Biol\u00f3gica por la U. Miguel de Cervantes de Valladolid, autor de la tesis otorgada por esta Universidad sobre \u00ab<em>Biorresonancia seg\u00fan Paul Schmidt<\/em>\u00bb.<\/p>\n<p><strong>Sala 1 \u00b7 17.30 \u2013 18:45<\/strong>. <strong>La magia de la intenci\u00f3n, un camino integrador para la salud<\/strong><\/p>\n<p>La ilusi\u00f3n del Tiempo: C\u00f3mo trasladar nuestras ideas a trav\u00e9s del Tiempo. El desdoblamiento del Tiempo: \u00bfC\u00f3mo desdoblar el Tiempo?, \u00bfC\u00f3mo comunicar con nuestro doble astral?. La ilusi\u00f3n del espacio: Salud y enfermedad, dos polaridades con la misma respuesta. \u00bfSe puede cambiar de dimensi\u00f3n? Podemos encontrar soluci\u00f3n a nuestros conflictos desde la perspectiva de otra dimensi\u00f3n. El Tiempo y el Espacio superados: La observaci\u00f3n de la frecuencia del Amor como vehiculo de cambio de nuestra dimensi\u00f3n espiritual. El veh\u00edculo de conducci\u00f3n: El Agua como medio de conexi\u00f3n con la informaci\u00f3n c\u00f3smica.<\/p>\n<p><strong> <em>Don Josep M\u00aa Villagrasa Pedret<\/em> <\/strong>. Licenciado en Derecho y Diplomado en Filosof\u00eda. M\u00e1ster y Pionero de la Macrobi\u00f3tica en Espa\u00f1a, Experto en Geobiolog\u00eda, Feng Shui y Radi\u00f3nica. Natur\u00f3pata, Acupuntor, creador de la Sicoanalog\u00eda y la Espinoanalog\u00eda. Director de Estudios de Foratman.<\/p>\n<p><strong>Sala 2 \u00b7 17:30 \u2013 18:45<\/strong>. <strong>El Col\u00e1geno, una prote\u00edna esencial. Los complementos alimenticios de Col\u00e1geno, una necesidad<\/strong><\/p>\n<p>&#8211; El col\u00e1geno, del lat\u00edn <em>Colla<\/em> + <em>Gemmen<\/em> (producir cola) o del griego <em>Kolla<\/em> (goma o pegamento), lo podr\u00edamos definir como el adhesivo natural que mantiene nuestro organismo unido, y que sin su presencia el organismo humano no podr\u00eda funcionar como continente de todos sus componentes internos. El col\u00e1geno es una prote\u00edna esencial para la estructura del cuerpo humano y especialmente a nivel de la matriz extracelular. Adem\u00e1s, cumple otras muchas funciones, entre ellas, la elasticidad y flexibilidad de los \u00f3rganos y tejidos, y es responsable de la firmeza, elasticidad e integridad de las estructuras, influyendo en la hidrataci\u00f3n del cuerpo. Presente en tejidos, \u00f3rganos, aparatos y sistemas, como m\u00fasculos, huesos, ligamentos, cart\u00edlagos \u2026, es la prote\u00edna m\u00e1s abundante e importante en nuestro organismo. El organismo humano necesita <a href=\"https:\/\/marina.swarpeca.es\/?Aminoacidos-265\">amino\u00e1cidos<\/a> constantemente, por ejemplo, para crear 2.5 millones de gl\u00f3bulos rojos por segundo, o cada 3-4 d\u00edas renovar los enterocitos (c\u00e9lulas intestinales). En otras palabras, la s\u00edntesis de prote\u00ednas es incesante en el cuerpo humano, por lo tanto, el aporte de amino\u00e1cidos debe ser suficiente, especialmente el de los amino\u00e1cidos esenciales. Se estima que la producci\u00f3n del col\u00e1geno comienza a declinar progresivamente de los 20 a los 30 a\u00f1os, en aproximadamente un 1,5% por a\u00f1o de edad, reduci\u00e9ndose considerablemente hacia los 45 a\u00f1os de edad. Al acercarse a los 60 a\u00f1os, la producci\u00f3n puede disminuir en m\u00e1s de un 35 %. Esta reducci\u00f3n del col\u00e1geno en el organismo es la causante principal del envejecimiento prematuro, en forma de p\u00e9rdida de elasticidad y tersura en la piel, cabello y u\u00f1as; aumento de dolores en articulaciones, ligamentos, tendones y m\u00fasculos; incremento de problemas oculares; deficiencias en el sistema cardiovascular y linf\u00e1tico; desarrollo de molestias en dientes y enc\u00edas; enfermedades del tejido conjuntivo o colagenosis. Especialmente en los \u00faltimos a\u00f1os, se ha profundizado mucho en los aspectos concernientes a la relaci\u00f3n entre una dieta adecuada y amino\u00e1cidos, demostr\u00e1ndose a trav\u00e9s de numerosos estudios cient\u00edficos los efectos beneficiosos que producen para la salud. Si consideramos las deficiencias que se han producido en las \u00faltimas d\u00e9cadas en nuestra alimentaci\u00f3n, especialmente en cuanto a la nutrici\u00f3n se refiere, parece l\u00f3gico y conveniente suplementar nuestra alimentaci\u00f3n cotidiana con \u00abComplementos Alimenticios a base de hidrolizados de Col\u00e1geno\u00bb. Por supuesto estos productos deben ser seguros y contrastados, donde sus beneficios se hayan investigado cl\u00ednicamente y sus excelencias se hayan evidenciado en el tiempo, como en el caso de <em>Genacol<\/em> c\u00e1psulas. Los \u00faltimos Ensayos Cl\u00ednicos de Fase III\u00a0 sobre Genacol capsulas, uno realizado en la Universidad de Li\u00e8ge, B\u00e9lgica (200 personas) y otro en el Veterans Memorial Medical Center Institution (113 personas), ambos publicados en la prestigiosa revista <em>Elsevier<\/em>\u00a0 en el a\u00f1o 2012, demostraron resultados positivos.\u00a0 Una vez m\u00e1s, estos dos nuevos estudios demuestran inequ\u00edvocamente que Genacol\u00ae le permite a millones de personas sufrir menos y mejorar sus molestias, probando as\u00ed la calidad irreprochable de los productos de la marca Genacol\u00ae.<\/p>\n<p><strong> <em>Don Julio Alonso Y\u00e1\u00f1ez<\/em> <\/strong>. Natur\u00f3pata y oste\u00f3pata energetista desarrolla la TEI (terapia energ\u00e9tica integrativa) en el 2007,\u00a0m\u00e1s de treinta a\u00f1os de experiencia en los m\u00e9todos de curaci\u00f3n no convencionales, formado en osteopat\u00eda y quiropr\u00e1ctica. Homeopat\u00eda, acupuntura y medicina China, naturopatia y diversas escuelas de medicina energ\u00e9tica. Especialista en auriculomedicina y neuralterapia, director y creador junto con Gema Vidal de los centros Itaka con consultas en Madrid Barcelona y Alicante. Profesor\u00a0 de la\u00a0 TEI en Madrid y Barcelona, asiste regularmente a congresos y cursos de formaci\u00f3n continuada en Europa y Am\u00e9rica.<\/p>\n<p><strong>Sala 3 \u00b7 17:30 \u2013 18:45<\/strong>. <strong>Magnetismo toroidal y vibraci\u00f3n frecuenciada en el reequilibrio de timo \u2013 hip\u00f3fisis \u2013 pineal<\/strong><\/p>\n<p>A\u00f1os de investigaci\u00f3n y pr\u00e1ctica en el campo de armonizaci\u00f3n de los chakras (V\u00f3rtices de Energ\u00eda) dan como resultado la Terapia Biomagn\u00e9tica Pineal. Se da un resultado de armon\u00eda en el Sistema Nervioso muy equilibrado. Mejorando la Ansiedad, Insomnio, Depresi\u00f3n, Angustia, etc. Presentamos una ponencia te\u00f3rico-pr\u00e1ctica muy interesante en la cu\u00e1l tendr\u00e1s la opci\u00f3n de sentir aquello que se ha informado durante la ponencia.<\/p>\n<p><strong> <em>Don Felipe Santiago Granado<\/em> <\/strong>. Profesor de Yoga. Diplomado en Naturopat\u00eda. Heilpraktiker. Director de la Escuela Vasca de Salud Integral. Director de la Revista <em>Biociencia 2000<\/em>. Escritor de Libros de Salud: <em>La cura del C\u00e1ncer<\/em>. <em>Reequilibrio hol\u00edstico del cerebro<\/em>. <em>Reumatismo Bil\u00f3gico<\/em>. <em>Reequilibrio del Colon<\/em>. <em>Biociencia 2000<\/em>. <em>Desintoxicaci\u00f3n del parasitismo<\/em>. Creador del Sistema M.E.D.A. Especialista en Kinesiolog\u00eda, Terapia Biol\u00f3gica, Masaje, Terapia Subliminal,\u00a0Terapia Isop\u00f3tica, Ionocinesis, Terapia Floral, electroacupuntura de Voll, Fotonterapia. Director de la cl\u00ednica Seva Viseu. Director de la Asosici\u00f3n\u00a0Seva.<\/p>\n<p>Fuente: <em>ECONAT<\/em><\/p>\n<p>(8 de mayo de 2014)<\/p>\n","protected":false},"excerpt":{"rendered":"<p>Entre los d\u00edas 23 y 25 de mayo tiene lugar en la estaci\u00f3n de Chamart\u00edn de Madrid <em>Econat 2014<\/em>, s\u00e9ptimo congreso de terapias naturales, cuya presentaci\u00f3n recogemos, extractada, antes de ofrecer el programa, tanto abreviado como en extenso. A destacar, entre otras, las ponencias sobre gimnasia cerebral, psicolog\u00eda ayurveda, infertilidad, risoterapia, c\u00e1ncer, peloterapia, enfermedades cardiovasculares, hidroterapia de colon, detoxificaci\u00f3n, Alzheimer, geopat\u00edas y metales pesados, sistema inmunitario, candidiasis, intestino irritable, hongos nutricionales, col\u00e1geno.<\/p>\n","protected":false},"author":1,"featured_media":2403,"comment_status":"closed","ping_status":"open","sticky":false,"template":"","format":"standard","meta":{"footnotes":""},"categories":[27],"tags":[],"_links":{"self":[{"href":"https:\/\/marina.swarpeca.es\/revista\/wp-json\/wp\/v2\/posts\/2405"}],"collection":[{"href":"https:\/\/marina.swarpeca.es\/revista\/wp-json\/wp\/v2\/posts"}],"about":[{"href":"https:\/\/marina.swarpeca.es\/revista\/wp-json\/wp\/v2\/types\/post"}],"author":[{"embeddable":true,"href":"https:\/\/marina.swarpeca.es\/revista\/wp-json\/wp\/v2\/users\/1"}],"replies":[{"embeddable":true,"href":"https:\/\/marina.swarpeca.es\/revista\/wp-json\/wp\/v2\/comments?post=2405"}],"version-history":[{"count":0,"href":"https:\/\/marina.swarpeca.es\/revista\/wp-json\/wp\/v2\/posts\/2405\/revisions"}],"wp:featuredmedia":[{"embeddable":true,"href":"https:\/\/marina.swarpeca.es\/revista\/wp-json\/wp\/v2\/media\/2403"}],"wp:attachment":[{"href":"https:\/\/marina.swarpeca.es\/revista\/wp-json\/wp\/v2\/media?parent=2405"}],"wp:term":[{"taxonomy":"category","embeddable":true,"href":"https:\/\/marina.swarpeca.es\/revista\/wp-json\/wp\/v2\/categories?post=2405"},{"taxonomy":"post_tag","embeddable":true,"href":"https:\/\/marina.swarpeca.es\/revista\/wp-json\/wp\/v2\/tags?post=2405"}],"curies":[{"name":"wp","href":"https:\/\/api.w.org\/{rel}","templated":true}]}}