{"id":2383,"date":"2013-09-10T02:41:22","date_gmt":"2013-09-10T02:41:22","guid":{"rendered":"https:\/\/marina.swarpeca.es\/revista\/2013\/09\/10\/biocultura-en-bilbao-del-4-al-6-de-octubre-de-2013\/"},"modified":"2013-09-10T02:41:22","modified_gmt":"2013-09-10T02:41:22","slug":"biocultura-en-bilbao-del-4-al-6-de-octubre-de-2013","status":"publish","type":"post","link":"https:\/\/marina.swarpeca.es\/revista\/biocultura-en-bilbao-del-4-al-6-de-octubre-de-2013\/","title":{"rendered":"Biocultura en Bilbao del 4 al 6 de octubre de 2013"},"content":{"rendered":"<p><strong>Biocultura Bilbao<\/strong><\/p>\n<p><strong>No todo van a ser malas noticias<\/strong><\/p>\n<p><em>BioCultura casi ha cumplido treinta a\u00f1os. Y en esta ocasi\u00f3n llega a Bilbao por primera vez. No todo son malas noticias en el mundo. Hay mucha gente que, a pesar de todo, sigue apostando por nuevas formas de producir y de consumir que sean regenerativas, es decir que no le hagan da\u00f1o ni a la Naturaleza ni a las propias sociedades humanas.<\/p>\n<p>Mientras los desastres medioambientales siguen estremeciendo nuestros corazones, mientras los tiburones neoliberales siguen ahogando las econom\u00edas, mientras las grandes farmac\u00e9uticas y las grandes empresas agroalimentarias siguen queriendo envenenarnos lentamente, mientras grandes poderes ocultos en las sombras trabajan incesantemente para convertirnos en sus esclavos, sumisos y c\u00f3mplices de su barbarie, el alba de la regeneraci\u00f3n despunta con la agricultura ecol\u00f3gica como estandarte simb\u00f3lico de un nuevo mundo que est\u00e1 a la vuelta de la esquina.<\/p>\n<p>S\u00ed, todav\u00eda hay guerras por doquier, todav\u00eda hay empresas que sacrifican los recursos de todos en pos del bien de unos pocos, todav\u00eda los usureros y los especuladores dominan el mundo &#8230; Pero tambi\u00e9n es verdad que cada vez hay m\u00e1s<br \/>\ngente que est\u00e1 despertando y que no quiere formar parte de esa locura. Hay otras formas de alimentarse, de sanar, de consumir, de producir, de construir, de educar &#8230; y est\u00e1n en BioCultura.<\/p>\n<p>La agricultura ecol\u00f3gica no deja de crecer y cada vez son m\u00e1s los que, adem\u00e1s, buscan alimentos org\u00e1nicos y locales para cerrar el c\u00edrculo ecol\u00f3gico. Cada vez son m\u00e1s las personas que construyen con productos sanos sin despilfarrar y con sistemas de ahorro de energ\u00eda. Surgen bancos \u00e9ticos. La eco-nom\u00eda local toma fuerza. Son inmensas minor\u00edas ya las personas que saben que hay que tomar las riendas de la salud desde las propias casas, desde las propias familias &#8230;<\/p>\n<p>En fin, un nuevo mundo, m\u00e1s consciente, responsable y solidario, despierta. Lo que hoy es una vanguardia ma\u00f1ana ser\u00e1 algo muy normalizado. No podemos bajar la guardia.<\/p>\n<p>Debemos estar alertas.<\/p>\n<p>Ven a BioCultura<\/em>.<\/p>\n<p><strong>El Equipo de Organizaci\u00f3n<\/strong><\/p>\n<p>(10 de setiembre de 2013)<\/p>\n","protected":false},"excerpt":{"rendered":"<p>En BioCultura Bilbao, m\u00e1s de 150 actividades completar\u00e1n lo que es la feria comercial. Ahora, ya puedes consultar los horarios, salas, ponentes &#8230; <a href=\"http:\/\/marina.swarpeca.es\/IMG\/pdf\/biocultura_bilbao_2013.pdf\">Toda la informaci\u00f3n la tienes aqu\u00ed<\/a>.<\/p>\n","protected":false},"author":1,"featured_media":2382,"comment_status":"closed","ping_status":"open","sticky":false,"template":"","format":"standard","meta":{"footnotes":""},"categories":[27],"tags":[],"_links":{"self":[{"href":"https:\/\/marina.swarpeca.es\/revista\/wp-json\/wp\/v2\/posts\/2383"}],"collection":[{"href":"https:\/\/marina.swarpeca.es\/revista\/wp-json\/wp\/v2\/posts"}],"about":[{"href":"https:\/\/marina.swarpeca.es\/revista\/wp-json\/wp\/v2\/types\/post"}],"author":[{"embeddable":true,"href":"https:\/\/marina.swarpeca.es\/revista\/wp-json\/wp\/v2\/users\/1"}],"replies":[{"embeddable":true,"href":"https:\/\/marina.swarpeca.es\/revista\/wp-json\/wp\/v2\/comments?post=2383"}],"version-history":[{"count":0,"href":"https:\/\/marina.swarpeca.es\/revista\/wp-json\/wp\/v2\/posts\/2383\/revisions"}],"wp:featuredmedia":[{"embeddable":true,"href":"https:\/\/marina.swarpeca.es\/revista\/wp-json\/wp\/v2\/media\/2382"}],"wp:attachment":[{"href":"https:\/\/marina.swarpeca.es\/revista\/wp-json\/wp\/v2\/media?parent=2383"}],"wp:term":[{"taxonomy":"category","embeddable":true,"href":"https:\/\/marina.swarpeca.es\/revista\/wp-json\/wp\/v2\/categories?post=2383"},{"taxonomy":"post_tag","embeddable":true,"href":"https:\/\/marina.swarpeca.es\/revista\/wp-json\/wp\/v2\/tags?post=2383"}],"curies":[{"name":"wp","href":"https:\/\/api.w.org\/{rel}","templated":true}]}}