{"id":2381,"date":"2013-09-10T01:31:07","date_gmt":"2013-09-10T01:31:07","guid":{"rendered":"https:\/\/marina.swarpeca.es\/revista\/2013\/09\/10\/la-invasion-de-las-semillas-transgenicas-con-josep-pamies\/"},"modified":"2013-09-10T01:31:07","modified_gmt":"2013-09-10T01:31:07","slug":"la-invasion-de-las-semillas-transgenicas-con-josep-pamies","status":"publish","type":"post","link":"https:\/\/marina.swarpeca.es\/revista\/la-invasion-de-las-semillas-transgenicas-con-josep-pamies\/","title":{"rendered":"La invasi\u00f3n de las semillas transg\u00e9nicas (con Josep P\u00e0mies)"},"content":{"rendered":"<p>En los \u00faltimos a\u00f1os, el estado espa\u00f1ol ha abierto las puertas a un nuevo tipo de productos agr\u00edcolas proh\u00edbidos en casi toda Europa: los modificados gen\u00e9ticamente. Esto se ha hecho de espaldas a la poblaci\u00f3n, evitando cualquier tipo de debate p\u00fablico. La clase pol\u00edtica espa\u00f1ola, de nuevo ha dejado de lado el inter\u00e9s general y, en vez de aplicar el principio de precauci\u00f3n, ha apostado por implantar una tecnolog\u00eda llena de interrogantes, que ya est\u00e1 causando problemas a nivel social, econ\u00f3mico, ecol\u00f3gico y de salud. En este nuevo reportaje de Miquel Figueroa, el agricultor Josep P\u00e0mies explica su posici\u00f3n respecto a los transg\u00e9nicos agr\u00edcolas, as\u00ed como su participaci\u00f3n en la Iniciativa Legislativa Popular contra los transg\u00e9nicos que fue rechazada por el Parlament de Catalu\u00f1a (Publicado el 30\/08\/2013).<\/p>\n<p><embed src=\"\/\/www.youtube.com\/v\/QthN76WHQR4?version=3&#038;hl=es_ES&#038;rel=0\" type=\"application\/x-shockwave-flash\" width=\"420\" height=\"315\" allowscriptaccess=\"always\" allowfullscreen=\"true\"><\/embed><\/p>\n<p>(10 de setiembre de 2013)<\/p>\n","protected":false},"excerpt":{"rendered":"<p>La modificaci\u00f3n gen\u00e9tica es un experimento global llevado a cabo por grandes compa\u00f1\u00edas sin tener en cuenta las consecuencias. En este nuevo video, P\u00e0mies habla claro. Y no deja t\u00edtere con cabeza. Si usted todav\u00eda ten\u00eda alguna duda, escuche &#8230;<\/p>\n","protected":false},"author":1,"featured_media":2380,"comment_status":"closed","ping_status":"open","sticky":false,"template":"","format":"standard","meta":{"footnotes":""},"categories":[31],"tags":[],"_links":{"self":[{"href":"https:\/\/marina.swarpeca.es\/revista\/wp-json\/wp\/v2\/posts\/2381"}],"collection":[{"href":"https:\/\/marina.swarpeca.es\/revista\/wp-json\/wp\/v2\/posts"}],"about":[{"href":"https:\/\/marina.swarpeca.es\/revista\/wp-json\/wp\/v2\/types\/post"}],"author":[{"embeddable":true,"href":"https:\/\/marina.swarpeca.es\/revista\/wp-json\/wp\/v2\/users\/1"}],"replies":[{"embeddable":true,"href":"https:\/\/marina.swarpeca.es\/revista\/wp-json\/wp\/v2\/comments?post=2381"}],"version-history":[{"count":0,"href":"https:\/\/marina.swarpeca.es\/revista\/wp-json\/wp\/v2\/posts\/2381\/revisions"}],"wp:featuredmedia":[{"embeddable":true,"href":"https:\/\/marina.swarpeca.es\/revista\/wp-json\/wp\/v2\/media\/2380"}],"wp:attachment":[{"href":"https:\/\/marina.swarpeca.es\/revista\/wp-json\/wp\/v2\/media?parent=2381"}],"wp:term":[{"taxonomy":"category","embeddable":true,"href":"https:\/\/marina.swarpeca.es\/revista\/wp-json\/wp\/v2\/categories?post=2381"},{"taxonomy":"post_tag","embeddable":true,"href":"https:\/\/marina.swarpeca.es\/revista\/wp-json\/wp\/v2\/tags?post=2381"}],"curies":[{"name":"wp","href":"https:\/\/api.w.org\/{rel}","templated":true}]}}