{"id":2360,"date":"2013-06-12T00:42:22","date_gmt":"2013-06-12T00:42:22","guid":{"rendered":"https:\/\/marina.swarpeca.es\/revista\/2013\/06\/12\/compromiso-de-los-jovenes-de-la-via-campesina-por-la-agricultura-agroecologica\/"},"modified":"2013-06-12T00:42:22","modified_gmt":"2013-06-12T00:42:22","slug":"compromiso-de-los-jovenes-de-la-via-campesina-por-la-agricultura-agroecologica","status":"publish","type":"post","link":"https:\/\/marina.swarpeca.es\/revista\/compromiso-de-los-jovenes-de-la-via-campesina-por-la-agricultura-agroecologica\/","title":{"rendered":"Compromiso de los j\u00f3venes de La V\u00eda Campesina por la agricultura agroecol\u00f3gica"},"content":{"rendered":"<p>Sinti\u00e9ndose presente y futuro de la agricultura campesina agroecol\u00f3gica, \u201c<em>capaces de enfriar la Madre Tierra<\/em>\u201d los j\u00f3venes han construido un plan de acci\u00f3n, en el que han establecido actuaciones concretas para las regiones y para los j\u00f3venes campesinos de todo el mundo.<\/p>\n<p>La declaraci\u00f3n de la III Asamblea Internacional de J\u00f3venes de La V\u00eda Campesina [[<strong>Declaraci\u00f3n de la segunda Asamblea de J\u00f3venes de la V\u00eda Campesina<\/strong><\/p>\n<p><em> <strong>El campo es nuestra vida<\/p>\n<p>La tierra nos alimenta<\/strong> <\/em><\/p>\n<p><em>Los r\u00edos corren en nuestra sangre<\/p>\n<p>Somos la juventud de La Via Campesina<\/p>\n<p>Hoy declaramos el inicio de un nuevo mundo <\/p>\n<p>Venimos de los cuatro rincones de la tierra<\/p>\n<p>Para unirnos con esp\u00edritu de resistencia<\/p>\n<p>Trabajar creando esperanza<\/p>\n<p>Platicar sobre nuestras luchas<\/p>\n<p>Aprender del trabajo que realizamos<\/p>\n<p>Inspirarnos de nuestras canciones y historias<\/p>\n<p>Construir la solidaridad entre nuestros movimientos<\/p>\n<p>Unificarnos como fuerza para el cambio social.<\/p>\n<p>De aqu\u00ed volveremos a todos los rincones del mundo<\/p>\n<p>Llev\u00e1ndonos un esp\u00edritu de revoluci\u00f3n<\/p>\n<p>Con la convicci\u00f3n de que otro mundo es posible<\/p>\n<p>Y el compromiso para luchar a favor de nuestra manera de vivir<\/p>\n<p>Lucharemos hasta la victoria, hasta que las j\u00f3venes y los j\u00f3venes <\/p>\n<p>de todo el planeta puedan vivir en el campo, como campesinos, en <\/p>\n<p>paz y con prosperidad.<\/p>\n<p>Cuando los estados intenten reprimirnos, nos uniremos en <\/p>\n<p>solidaridad para seguir la lucha.<\/p>\n<p>Cuando una compa\u00f1era caiga, la levantaremos.<\/p>\n<p>Cuando haga fr\u00edo, nos abrazaremos hasta que el fuego de nuestra <\/p>\n<p>lucha nos caliente el coraz\u00f3n.<\/p>\n<p>Y cada d\u00eda comprometeremos a nuestros cuerpos, nuestras <\/p>\n<p>mentes y nuestro coraz\u00f3n en la l\u00ednea del frente para defender la <\/p>\n<p>vida y la lucha por La V\u00eda Campesina<\/em>. <\/p>\n<p>Entre los d\u00edas 16 y 17 de 0ctubre del 2008 j\u00f3venes de m\u00e1s de cuarenta pa\u00edses de los cinco continentes, campesin@s de distintos pueblos y culturas pertenecientes a la V\u00eda Campesina nos reunimos en Maputo (Mozambique) para celebrar nuestra segunda Asamblea Mundial de j\u00f3venes de la Via Campesina. <\/p>\n<p>La juventud de la V\u00eda Campesina aqu\u00ed presente, ante las desigualdades y miserias que se est\u00e1n adue\u00f1ando del mundo, somos y nos sentimos el presente y futuro de una nueva sociedad que sostiene el mundo. Pero tenemos problemas comunes que lo dificultan.<\/p>\n<p>El mayor de nuestros problemas es el sistema capitalista\/neoliberal que, con sus medios de represi\u00f3n, extorsi\u00f3n y propaganda, ha extendido las desigualdades e injusticias por todo el mundo.<\/p>\n<p>Este sistema ha impuesto una agricultura productivista que provoca el abandono del medio rural, migraciones entre regiones, dificulta el acceso a la tierra y a los bienes naturales y fomenta los transg\u00e9nicos, la perdida de la soberan\u00eda alimentaria e impulsa nuevas formas de colonizaci\u00f3n como los agronegocios&#8230; Estos problemas, afectan de manera especial a j\u00f3venes, mujeres y a la clase trabajadora.<\/p>\n<p><strong>Ante esta cruda realidad, las j\u00f3venes y los j\u00f3venes de la V\u00eda Campesina, con fuerza y sentimiento, apostamos por un nuevo modelo social basado en la Soberan\u00eda alimentaria de los pueblos mediante la reforma agraria integral<\/strong>. Y para ello proponemos: <\/p>\n<p>* Acceso a la tierra, con pol\u00edticas de apoyo al retorno y arraigo de la juventud al campo, para poder asegurar la alimentaci\u00f3n y el futuro de nuestro planeta. <\/p>\n<p>* Lucha y acci\u00f3n contra el modelo neoliberal, el imperialismo, las fuerzas de<br \/>\nocupaci\u00f3n, los tratados de libre comercio, las pol\u00edticas agr\u00edcolas impuestas por<br \/>\nla OMC, el FMI, el Banco Mundial, las multinacionales, el consumismo, los<br \/>\norganismos gen\u00e9ticamente modificados, la criminalizaci\u00f3n de las organizaciones sociales y de las migraciones laborales. <\/p>\n<p>* Solidaridad entre las regiones como movimientos sociales que est\u00e1n llevando a cabo modelos alternativos frente al sistema neoliberal, mediante principios de integraci\u00f3n con reciprocidad, complementariedad y cooperaci\u00f3n para superar las desigualdades sociales.<\/p>\n<p>* Formaci\u00f3n pol\u00edtica e ideol\u00f3gica integral de la juventud. Educaci\u00f3n popular.<br \/>\nFormaci\u00f3n campesina en t\u00e9cnicas agroecol\u00f3gicas. <\/p>\n<p>* Mejora de la comunicaci\u00f3n entre las y los j\u00f3venes de diferentes organizaciones y culturas y creaci\u00f3n de redes de comunicaci\u00f3n alternativas<br \/>\ncomo instrumento pol\u00edtico y social para transformar el modelo imperante. <\/p>\n<p>* Profundizaci\u00f3n y avance en el debate de las causas de las migraciones y<br \/>\nsituaci\u00f3n de la clase trabajadora. <\/p>\n<p>* Articulaci\u00f3n de relaciones y alianzas pol\u00edticas, sociales y culturales entre<br \/>\nj\u00f3venes del campo y de la ciudad con vistas a la unidad de los j\u00f3venes del<br \/>\nmundo para el cambio social y la conquista de la soberan\u00eda alimentaria. <\/p>\n<p><strong>Para materializar estas propuestas, nuestro plan de acci\u00f3n es el siguiente:<\/strong> <\/p>\n<p>Crear una comisi\u00f3n provisional de j\u00f3venes durante la V Conferencia para<br \/>\ndinamizar el trabajo de coordinaci\u00f3n. <\/p>\n<p>1. Realizar al menos un encuentro de j\u00f3venes por regiones en el 2009 <\/p>\n<p>2. Realizar un campamento internacional en Espa\u00f1a a finales del 2009. <\/p>\n<p>Otros aspectos que trabajaremos en los pr\u00f3ximos cuatro a\u00f1os: <\/p>\n<p>\u2022 Fomentar la formaci\u00f3n pol\u00edtico-ideol\u00f3gica y t\u00e9cnica en cada regi\u00f3n. Elaborar y socializar materiales formativos ideol\u00f3gicos ligados a las reivindicaciones de la V\u00eda Campesina. Elaboraci\u00f3n de una lista de escuelas de formaci\u00f3n pol\u00edtica a nivel internacional <\/p>\n<p>\u2022 Crear y mejorar la comunicaci\u00f3n entre nuestras organizaciones, crear alianzas con otras organizaciones que luchen por objetivos similares a los de la V\u00eda campesina y abrir y socializar los contenidos de esta asamblea a otras organizaciones amigas y personas j\u00f3venes. <\/p>\n<p>\u2022 Nos comprometemos a construir, desarrollar y fortalecer nuestro espacio como j\u00f3venes en las organizaciones nacionales, regionales e internacionales de la Via Campesina, por lo que pedimos la incorporaci\u00f3n de dos j\u00f3venes un hombre y una mujer en la Comisi\u00f3n Coordinadora Internacional (CCI). <\/p>\n<p>\u2022 Organizar acciones concretas contra el modelo neoliberal y a favor de la<br \/>\nsoberan\u00eda alimentaria en nuestras pr\u00f3ximas reuniones, encuentros o asambleas de j\u00f3venes de la V\u00eda Campesina.<\/p>\n<p><em>Por todo esto, las j\u00f3venes y los j\u00f3venes de la Via Campesina nos comprometemos a continuar la lucha por la soberan\u00eda alimentaria y por los derechos de las campesinas y campesinos de todo el mundo<\/em>.<\/p>\n<p><em>Como dijo Neruda, podr\u00e1n cortar las flores pero no podr\u00e1n detener la primavera<\/em>.<\/p>\n<p><strong>Alerta, alerta, alerta, que camina <\/p>\n<p>la juventud en lucha de la V\u00eda Campesina<\/strong><\/p>\n<p><em>JUVENTUD!!!!!!<\/p>\n<p>Globalicemos la lucha, globalicemos la esperanza!!!!!<\/em><\/p>\n<p><a href=\"https:\/\/www.plataformarural.org\/pdf\/V_Conferencia\/Declaracion_II_Asamblea_Jovenes_LVC.pdf\"><em>plataforma rural<\/em><\/a>. <\/p>\n<p>&#8211; <a href=\"https:\/\/marina.swarpeca.es\/revista\/IMG\/pdf\/ecos-quinta_conferencia_via_campesina.pdf\">GRAIN<\/a>.<\/p>\n<p>&#8211; <a href=\"https:\/\/marina.swarpeca.es\/revista\/IMG\/pdf\/fotos_iii-asamblea-jovenes-via-campesina.pdf\">Fotos de la III Asamblea Internacional de J\u00f3venes de La V\u00eda Campesina &#8211; 8-9\/06\/2013<\/a>.]] aprobada esta ma\u00f1ana en Yakarta identifica cu\u00e1les son los enemigos que impiden el desarrollo sostenible del planeta, tales como el neoliberalismo, el capitalismo y el imperialismo. Asimismo, se comprometen a luchar contra la agricultura industrial y el acaparamiento de tierras, los transg\u00e9nicos, los agrot\u00f3xicos y la privatizaci\u00f3n de los bienes naturales. Los j\u00f3venes hacen un llamamiento a los organismos internacionales como la OMC, FMI y BM para que respeten el derecho de los pueblos a planificar y controlar su sistema alimentario.<\/p>\n<p>El compromiso de la declaraci\u00f3n refrendada hoy incluye fortalecer lazos de solidaridad entre las regiones en las que se desarrollan modelos alternativos, siempre desde la cooperaci\u00f3n para eliminar las desigualdades sociales. Tambi\u00e9n se ha insistido en la importancia de la formaci\u00f3n pol\u00edtica para los j\u00f3venes, la comunicaci\u00f3n y coordinaci\u00f3n, as\u00ed como en la solidaridad con todos los pueblos en resistencia por sus derechos en cualquier parte del mundo. Pero el principal compromiso de la juventud ha sido trabajar para el cambio social y por un retorno a la tierra desde la perspectiva de la producci\u00f3n agroecol\u00f3gica.<\/p>\n<p>Finalmente, los j\u00f3venes han marchado en cortejo desde la clausura de la asamblea hasta la inauguraci\u00f3n del mercado campesino organizado con motivo de la VI Conferencia de La V\u00eda Campesina.<\/p>\n<p><a href=\"https:\/\/viacampesina.org\/es\/index.php\/nuestras-conferencias-mainmenu-28\/6-yakarta-2013\/1757-los-jovenes-de-la-via-campesina-clausuran-su-asamblea-con-el-compromiso-de-garantizar-el-futuro-de-la-agricultura-campesina-agroecologica\"><em>La V\u00eda Campesina<\/em><\/a><\/p>\n<p><strong>M\u00e1s de 200 j\u00f3venes reunidos en el marco de la VI Conferencia Internacional de V\u00eda Campesina<\/strong><\/p>\n<p>Empez\u00f3 este s\u00e1bado la tercera Asamblea Internacional de la Juventud de la V\u00eda Campesina en Jakarta, capital de Indonesia, con una actividad m\u00edstica y alocuciones de integrantes de ese movimiento y de invitados.<\/p>\n<p>En uno de los salones del centro Padepokan Pencak Silak, donde se lleva adelante la VI Conferencia Internacional de la V\u00eda Campesina (6-13 de junio), se reunieron m\u00e1s de 200 j\u00f3venes, que mantendr\u00e1n varias actividades hasta ma\u00f1ana por la tarde.<\/p>\n<p><a href=\"https:\/\/tv.viacampesina.org\/Mas-de-200-jovenes-reunidos-en-el?lang=en\"><strong>Juana Ferrer<\/strong> (audio): <em>La V\u00eda Campesina<\/em><\/a><\/p>\n<p><a href=\"https:\/\/marina.swarpeca.es\/revista\/wp-content\/uploads\/2013\/06\/conferencia_jakarta_via_campesina.pdf\">VI Conferencia Internacional de la V\u00eda Campesina, Indonesia &#8211; Yakarta, 6-13\/06\/2013<\/a><\/p>\n<p>&#8211; <a href=\"https:\/\/marina.swarpeca.es\/revista\/IMG\/pdf\/conferencia_jakarta_via_campesina.pdf\">VI Conferencia Internacional de la V\u00eda Campesina, Indonesia &#8211; Yakarta, 6-13\/06\/2013<\/a><\/p>\n<p>&#8211; <a href=\"https:\/\/marina.swarpeca.es\/revista\/IMG\/pdf\/la_via_campesina_publicaciones.pdf\">Publicaciones La V\u00eda Campesina Internacional<\/a><\/p>\n<p><strong>IV Asamblea Internacional de Mujeres de la V\u00eda Campesina. Jakarta &#8211; Indonesia. 6-7 Junio 2013<\/strong>. from <a href=\"https:\/\/vimeo.com\/viacampesina\">La Via Campesina<\/a>: Con el grito <em>Mujeres Sembradoras de luchas y esperanza por el feminismo y la soberan\u00eda alimentaria<\/em>, se dio inicio a la IV Asamblea Internacional de Mujeres de la V\u00eda Campesina. Cerca de 300 mujeres campesinas de Asia, Europa, Am\u00e9rica y \u00c1frica celebraron este 6 y 7 de junio su asamblea en Yakarta, Indononesia. Desde su nacimiento la V\u00eda Campesina ha buscado estimular la participaci\u00f3n de las mujeres en todos los niveles de actuaci\u00f3n, instancias de poder y representaci\u00f3n, como una forma de reconocer la importancia de las mujeres en el proceso de construcci\u00f3n pol\u00edtica del movimiento y como una forma de erradicar todo tipo de discriminaci\u00f3n de g\u00e9nero. Un video de <em>AlbaTV<\/em> y <em>ZinTV<\/em>:<\/p>\n<p><iframe loading=\"lazy\" src=\"https:\/\/player.vimeo.com\/video\/67873641?byline=0\" width=\"400\" height=\"300\" frameborder=\"0\" webkitAllowFullScreen mozallowfullscreen allowFullScreen><\/iframe><\/p>\n<p>(12 de junio de 2013)<\/p>\n","protected":false},"excerpt":{"rendered":"<p>\u201c<em>Los j\u00f3venes somos las semillas, somos el futuro del movimiento campesino<\/em>\u201d. Con estas palabras se ha clausurado la III Asamblea de J\u00f3venes de La V\u00eda Campesina, que ha reunido a personas de m\u00e1s de setenta pa\u00edses de cinco continentes. Los debates mantenidos durante el 8 y 9 de junio han tocado temas transversales, como la soberan\u00eda alimentaria o los derechos campesinos, pero tambi\u00e9n cuestiones concretas sobre asuntos como salud, migraciones. La consigna defendida durante el encuentro ha sido \u201c<em>Por la soberan\u00eda alimentaria, los j\u00f3venes de La V\u00eda Campesina Luchan<\/em>\u201d.<\/p>\n","protected":false},"author":1,"featured_media":2358,"comment_status":"closed","ping_status":"open","sticky":false,"template":"","format":"standard","meta":{"footnotes":""},"categories":[43],"tags":[],"_links":{"self":[{"href":"https:\/\/marina.swarpeca.es\/revista\/wp-json\/wp\/v2\/posts\/2360"}],"collection":[{"href":"https:\/\/marina.swarpeca.es\/revista\/wp-json\/wp\/v2\/posts"}],"about":[{"href":"https:\/\/marina.swarpeca.es\/revista\/wp-json\/wp\/v2\/types\/post"}],"author":[{"embeddable":true,"href":"https:\/\/marina.swarpeca.es\/revista\/wp-json\/wp\/v2\/users\/1"}],"replies":[{"embeddable":true,"href":"https:\/\/marina.swarpeca.es\/revista\/wp-json\/wp\/v2\/comments?post=2360"}],"version-history":[{"count":0,"href":"https:\/\/marina.swarpeca.es\/revista\/wp-json\/wp\/v2\/posts\/2360\/revisions"}],"wp:featuredmedia":[{"embeddable":true,"href":"https:\/\/marina.swarpeca.es\/revista\/wp-json\/wp\/v2\/media\/2358"}],"wp:attachment":[{"href":"https:\/\/marina.swarpeca.es\/revista\/wp-json\/wp\/v2\/media?parent=2360"}],"wp:term":[{"taxonomy":"category","embeddable":true,"href":"https:\/\/marina.swarpeca.es\/revista\/wp-json\/wp\/v2\/categories?post=2360"},{"taxonomy":"post_tag","embeddable":true,"href":"https:\/\/marina.swarpeca.es\/revista\/wp-json\/wp\/v2\/tags?post=2360"}],"curies":[{"name":"wp","href":"https:\/\/api.w.org\/{rel}","templated":true}]}}