{"id":2318,"date":"2013-05-27T05:24:47","date_gmt":"2013-05-27T05:24:47","guid":{"rendered":"https:\/\/marina.swarpeca.es\/revista\/2013\/05\/27\/facebook-monsanto-dime-con-quien-andas-y-te-dire-quien-eres\/"},"modified":"2013-05-27T05:24:47","modified_gmt":"2013-05-27T05:24:47","slug":"facebook-monsanto-dime-con-quien-andas-y-te-dire-quien-eres","status":"publish","type":"post","link":"https:\/\/marina.swarpeca.es\/revista\/facebook-monsanto-dime-con-quien-andas-y-te-dire-quien-eres\/","title":{"rendered":"Facebook &#8211; Monsanto: D\u00edme con qui\u00e9n andas y te dir\u00e9 qui\u00e9n eres"},"content":{"rendered":"<p>In one of the most devastating acts of destruction of its own credibility, Facebook engaged in yet more censorship of Free Speech with the suspending of an account that posted a photo of children rallying against Monsanto during today&#8217;s global March Against Monsanto.<\/p>\n<p>The picture shows two children of Natural News reader Andrea Lalama. They are carrying hand-drawn signs that read:<\/p>\n<p>\u00abORGANIC FOOD It&#8217;s My Medicine &#8211; Label GMOs &#8211; Say NO to GMO\u00bb<\/p>\n<p>and<\/p>\n<p>\u00abBIOPESTICIDES = AUTISM &#8211; SAY NO TO GMO\u00bb<\/p>\n<p>After this picture was shared on Facebook by Natural News, Andrea&#8217;s account was immediately suspended. Facebook displayed a message on her account which read (see screen capture, below):<\/p>\n<p>\u00abFACEBOOK: You have been restricted from Interacting With Pages until Saturday, June 8, 2013 at 6:47pm.\u00bb<\/p>\n<p>At this point, Andrea can only re-post other people&#8217;s content but is disallowed from posting her own content. Why? Because children with signs are obviously very, very dangerous to the establishment.<\/p>\n<p><strong>See the photo of two children that Facebook says is \u00ababusive\u00bb<\/strong><\/p>\n<p>Here&#8217;s the photo of the children that caused Facebook to suspend her account:<\/p>\n<p><img loading=\"lazy\" decoding=\"async\" class=\" aligncenter size-full wp-image-2314\" src=\"https:\/\/marina.swarpeca.es\/revista\/wp-content\/uploads\/2013\/05\/facebook-censorship-children-gmo2.jpg\" alt=\"facebook-censorship-children-gmo2.jpg\" align=\"center\" width=\"600\" height=\"621\" srcset=\"https:\/\/marina.swarpeca.es\/revista\/wp-content\/uploads\/2013\/05\/facebook-censorship-children-gmo2.jpg 600w, https:\/\/marina.swarpeca.es\/revista\/wp-content\/uploads\/2013\/05\/facebook-censorship-children-gmo2-290x300.jpg 290w\" sizes=\"(max-width: 600px) 100vw, 600px\" \/><\/p>\n<p>And here&#8217;s the account suspension notice screen capture:<\/p>\n<p><img loading=\"lazy\" decoding=\"async\" class=\" aligncenter size-full wp-image-2315\" src=\"https:\/\/marina.swarpeca.es\/revista\/wp-content\/uploads\/2013\/05\/facebook-censorship-monsanto3.jpg\" alt=\"facebook-censorship-monsanto3.jpg\" align=\"center\" width=\"600\" height=\"790\" srcset=\"https:\/\/marina.swarpeca.es\/revista\/wp-content\/uploads\/2013\/05\/facebook-censorship-monsanto3.jpg 600w, https:\/\/marina.swarpeca.es\/revista\/wp-content\/uploads\/2013\/05\/facebook-censorship-monsanto3-228x300.jpg 228w\" sizes=\"(max-width: 600px) 100vw, 600px\" \/><\/p>\n<p><a href=\"https:\/\/www.facebook.com\/andreacausa\">Here&#8217;s a link to Andrea&#8217;s Facebook page<\/a><\/p>\n<p><strong>Another woman, Georgia Gallucci, was also censored by Facebook<\/strong><\/p>\n<p>As the following screen capture shows, another FB user named Georgia Gallucci also had her account suspended by Facebook after \u00abreposting a friend&#8217;s photo from the Monsanto March\u00bb.<\/p>\n<p><img loading=\"lazy\" decoding=\"async\" class=\" aligncenter size-full wp-image-2316\" src=\"https:\/\/marina.swarpeca.es\/revista\/wp-content\/uploads\/2013\/05\/facebook-censorship-georgia-gallucci.jpg\" alt=\"facebook-censorship-georgia-gallucci.jpg\" align=\"center\" width=\"563\" height=\"149\" srcset=\"https:\/\/marina.swarpeca.es\/revista\/wp-content\/uploads\/2013\/05\/facebook-censorship-georgia-gallucci.jpg 563w, https:\/\/marina.swarpeca.es\/revista\/wp-content\/uploads\/2013\/05\/facebook-censorship-georgia-gallucci-300x79.jpg 300w\" sizes=\"(max-width: 563px) 100vw, 563px\" \/><\/p>\n<p>Yet another account called \u00abReversing Autism\u00bb was also suspended by Facebook for posting Monsanto march photos. The following screen capture shows the Reversing Autism account being labeled by Facebook as posting content that is \u00ababusive\u00bb.<\/p>\n<p><img loading=\"lazy\" decoding=\"async\" class=\" aligncenter size-full wp-image-2317\" src=\"https:\/\/marina.swarpeca.es\/revista\/wp-content\/uploads\/2013\/05\/facebook-censorship-monsanto-blocked.jpg\" alt=\"facebook-censorship-monsanto-blocked.jpg\" align=\"center\" width=\"889\" height=\"438\" srcset=\"https:\/\/marina.swarpeca.es\/revista\/wp-content\/uploads\/2013\/05\/facebook-censorship-monsanto-blocked.jpg 889w, https:\/\/marina.swarpeca.es\/revista\/wp-content\/uploads\/2013\/05\/facebook-censorship-monsanto-blocked-300x148.jpg 300w, https:\/\/marina.swarpeca.es\/revista\/wp-content\/uploads\/2013\/05\/facebook-censorship-monsanto-blocked-768x378.jpg 768w\" sizes=\"(max-width: 889px) 100vw, 889px\" \/><\/p>\n<p>Astonishingly, Facebook believes that a corporation growing corn engineered to contain a deadly poison is not abusive, but talking about it IS abusive!<\/p>\n<p><strong>Facebook previously censored Natural News for posting a quote from Gandhi<\/strong><\/p>\n<p>Remember, Facebook previously censored a Gandhi quote infographic, claiming it violated its \u00abcommunity guidelines\u00bb. Facebook hit Natural News with a \u00abfinal warning\u00bb and threatening to permanently delete the Natural News account.<\/p>\n<p>Facebook has also been caught in the outrageous abuse of Free Speech through the censorship of people who have all sorts of non-mainstream views, including people who believe in the Bill of Rights and the U.S. Constitution.<\/p>\n<p>So this Facebook censorship is nothing new, and in light of recent revelations that the U.S. government engaged in an outrageous abuse of power to threaten, intimidate and silence certain groups through the IRS, many people are now questioning whether Facebook actually is part of the government surveillance grid that intentionally suppresses information the government doesn&#8217;t want to be seen.<\/p>\n<p>&#8211; <a href=\"https:\/\/marina.swarpeca.es\/revista\/IMG\/pdf\/facebook_monsanto.pdf\">Related Articles<\/a>:<\/p>\n<p>\u2022 <em>Millions rally around the world in March Against Monsanto &#8211; photos from Austin, Texas<\/em>, Mike Adams, May 25, 2013<\/p>\n<p>\u2022 <em>Facebook bans Gandhi quote as part of revisionist history purge<\/em>, Mike Adams, December 27, 2012<\/p>\n<p>\u2022 <em>More people bailing out of Facebook; is a FB collapse imminent?<\/em>, PF Louis, February 09, 2013<\/p>\n<p>\u2022 <em>Facebook devolves into dark web of anonymous hate speech<\/em>, Mike Adams, August 26, 2010<\/p>\n<p>\u2022 <em>Facebook now threatening to shut down accounts of users who question official narrative on Sandy Hook shooting<\/em>, JD Heyes, December 19, 2012<\/p>\n<p>\u2022 <em>Facebook blocks Jon Rappoport&#8217;s articles<\/em>, Jon Rappoport, February 18, 2013<\/p>\n<p>\u2022 <em>Facebook Blocks Anti-Stimulus Pack Petition<\/em>, Richard Saunders, February 20, 2009<\/p>\n<p><a href=\"https:\/\/www.naturalnews.com\/040484_Facebook_censorship_children_Monsanto_rally.html\">NaturalNews<\/a><\/p>\n<p>(27 de mayo de 2013)<\/p>\n","protected":false},"excerpt":{"rendered":"<p>La credibilidad de facebook sufre un nuevo golpe con estos pen\u00faltimos atentados contra la libertad de expresi\u00f3n, tal y como subraya Mike Adams en NaturalNews, al suspender cuentas de usuarios que hab\u00edan posteado fotograf\u00edas relativas a la masiva movilizaci\u00f3n global desarrollada el s\u00e1bado pasado contra Monsanto. En un caso, en las im\u00e1genes origen de la censura pod\u00eda verse a ni\u00f1os que mostraban textos reivindicativos de la alimentaci\u00f3n ecol\u00f3gica, como aut\u00e9ntica medicina, contra los organismos gen\u00e9ticamente modificados (<em>transg\u00e9nicos<\/em>), para que sean etiquetados como tales, y contra los pesticidas en cuanto que responsables del autismo; en otra de las cuentas censuradas (<em>Revirtiendo el Autismo<\/em>), su contenido fue tildado por facebook de \u00ababusivo\u00bb, calificativo que no se aplica a las empresas que hacen crecer alimentos dise\u00f1ados con venenos letales pero si, en cambio, as\u00ed se etiqueta a quienes lo denuncian. Tras rememorar anteriores ataques de facebook a la libertad de expresi\u00f3n &#8212;censurando una cita infogr\u00e1fica de Gandhi, as\u00ed como a diversos y no convencionales puntos de vista, &#8230;&#8212;, que incluso supondr\u00edan cuestionar en la pr\u00e1ctica la carta de derechos y la constituci\u00f3n estadounidenses, Adams concluye que, a la luz de las \u00faltimas revelaciones sobre los escandalosos abusos gubernamentales (a trav\u00e9s del Servicio de Impuestos Internos, agencia federal del gobierno de los EE. UU. encargada de la recaudaci\u00f3n fiscal y del cumplimientos de las leyes tributarias) para amenazar, intimidar y silenciar a determinados grupos, son cada vez m\u00e1s quienes se preguntan si facebook no constituye m\u00e1s que una parte de la red de vigilancia que intencionadamente elimina cualquier informaci\u00f3n que el gobierno no quiere que se difunda y conozca.<\/p>\n","protected":false},"author":1,"featured_media":2313,"comment_status":"closed","ping_status":"open","sticky":false,"template":"","format":"standard","meta":{"footnotes":""},"categories":[37],"tags":[],"_links":{"self":[{"href":"https:\/\/marina.swarpeca.es\/revista\/wp-json\/wp\/v2\/posts\/2318"}],"collection":[{"href":"https:\/\/marina.swarpeca.es\/revista\/wp-json\/wp\/v2\/posts"}],"about":[{"href":"https:\/\/marina.swarpeca.es\/revista\/wp-json\/wp\/v2\/types\/post"}],"author":[{"embeddable":true,"href":"https:\/\/marina.swarpeca.es\/revista\/wp-json\/wp\/v2\/users\/1"}],"replies":[{"embeddable":true,"href":"https:\/\/marina.swarpeca.es\/revista\/wp-json\/wp\/v2\/comments?post=2318"}],"version-history":[{"count":0,"href":"https:\/\/marina.swarpeca.es\/revista\/wp-json\/wp\/v2\/posts\/2318\/revisions"}],"wp:featuredmedia":[{"embeddable":true,"href":"https:\/\/marina.swarpeca.es\/revista\/wp-json\/wp\/v2\/media\/2313"}],"wp:attachment":[{"href":"https:\/\/marina.swarpeca.es\/revista\/wp-json\/wp\/v2\/media?parent=2318"}],"wp:term":[{"taxonomy":"category","embeddable":true,"href":"https:\/\/marina.swarpeca.es\/revista\/wp-json\/wp\/v2\/categories?post=2318"},{"taxonomy":"post_tag","embeddable":true,"href":"https:\/\/marina.swarpeca.es\/revista\/wp-json\/wp\/v2\/tags?post=2318"}],"curies":[{"name":"wp","href":"https:\/\/api.w.org\/{rel}","templated":true}]}}