{"id":2256,"date":"2013-02-21T05:34:23","date_gmt":"2013-02-21T05:34:23","guid":{"rendered":"https:\/\/marina.swarpeca.es\/revista\/2013\/02\/21\/altos-valores-de-plaguicidas-en-la-leche-de-madres-bonaerenses-gran-peligrosidad-para-la-salud\/"},"modified":"2013-02-21T05:34:23","modified_gmt":"2013-02-21T05:34:23","slug":"altos-valores-de-plaguicidas-en-la-leche-de-madres-bonaerenses-gran-peligrosidad-para-la-salud","status":"publish","type":"post","link":"https:\/\/marina.swarpeca.es\/revista\/altos-valores-de-plaguicidas-en-la-leche-de-madres-bonaerenses-gran-peligrosidad-para-la-salud\/","title":{"rendered":"Altos valores de plaguicidas en la leche de madres bonaerenses: Gran peligrosidad para la salud"},"content":{"rendered":"<p>Los resultados de los estudios del Centro <a href=\"https:\/\/www.inti.gob.ar\/lacteos\/\">Inti-L\u00e1cteos<\/a> encendieron la alarma en los expertos que en los \u00faltimos a\u00f1os estuvieron abocados a investigar las caracter\u00edsticas composicionales de la leche materna y la existencia de plaguicidas organoclorados como indicadores de contaminaci\u00f3n ambiental.<\/p>\n<p>Seg\u00fan public\u00f3 el organismo en su \u00faltimo bolet\u00edn, las futuras madres incorporan estos compuestos por la ingesta de agua, frutas y verduras en su alimentaci\u00f3n.<\/p>\n<p>La investigaci\u00f3n volvi\u00f3 a poner en discusi\u00f3n el preocupante nivel de riesgo de toxicidad que tienen los alimentos que se consumen a diario producto del avance de los plaguicidas en las zonas de cultivo y su alta persistencia en el medio ambiente.<\/p>\n<p>Los pesticidas organoclorados son utilizados para controlar las poblaciones de insectos y plagas, mientras que los expertos explican que la contaminaci\u00f3n de la leche materna por plaguicidas constituye uno de los factores de riesgo que puede influir sobre la salud del feto y el reci\u00e9n nacido provocando problemas en el desarrollo, afecciones en el intelecto y alteraciones a la inmunidad que podr\u00edan causar tumores en la infancia y adultez.<\/p>\n<p>Los estudios del organismo se realizaron conjuntamente con el Hospital Materno Infantil Ram\u00f3n Sard\u00e1 de la ciudad de Buenos Aires, el Hospital Posadas de Haedo y la Maternidad Santa Rosa de Vicente L\u00f3pez, y se centraron en un grupo de madres que hab\u00edan dado a luz en esos establecimientos.<\/p>\n<p>La licenciada Patricia Gatti, integrante de Inti-L\u00e1cteos, explic\u00f3 que \u00ab<em>en los \u00faltimos a\u00f1os encaramos diversos estudios relacionados con la presencia de compuestos pesticidas organoclorados en leche materna, muestreando distintas madres en etapa de amamantamiento<\/em>\u00ab. \u00ab<em>Los trabajos han arrojado la presencia de estos residuos. Pero la frecuencia de aparici\u00f3n y su concentraci\u00f3n depende de la poblaci\u00f3n de estudio que no fue la misma en todos los casos y el grado de exposici\u00f3n a los agrot\u00f3xicos<\/em>\u00ab, explic\u00f3.<\/p>\n<p>En este sentido, Gatti indic\u00f3 que \u00ab<em>la mayor\u00eda de las pacientes, incluso las de la maternidad Sard\u00e1, proven\u00edan del conurbano. En las salas de Vicente L\u00f3pez y Haedo es donde se observ\u00f3 una tasa de prevalencia del orden del 15 por ciento<\/em>\u00ab. \u00ab<em>Para establecer este dato se compararon las muestras con los valores establecidos en el C\u00f3digo Alimentario Argentino<\/em> [[.<a href=\"https:\/\/www.anmat.gov.ar\/alimentos\/normativas_alimentos_caa.asp\">C\u00f3digo Alimentario Argentino<\/a><\/p>\n<p>&#8211; <a href=\"https:\/\/marina.swarpeca.es\/revista\/IMG\/pdf\/ley_18284.pdf\">Ley 18284<\/a> <\/p>\n<p>Decl\u00e1rase vigente en todo el territorio de la Rep\u00fablica, con la denominaci\u00f3n de C\u00f3digo Alimentario Argentino &#8230;<\/p>\n<p>&#8211; <a href=\"https:\/\/marina.swarpeca.es\/revista\/IMG\/pdf\/decreto_2126-71.pdf\">Decreto n\u00ba 2126\/71<\/a><\/p>\n<p>Reglamentario de la Ley 18.284.]] <em>para la leche fluida y hallamos una concentraci\u00f3n de un 15 por ciento m\u00e1s de plaguicida de la recomendada<\/em>\u00ab, agreg\u00f3.<\/p>\n<p>Por \u00faltimo, explic\u00f3 que si bien el uso de este tipo de pesticidas est\u00e1 prohibido, \u00ab<em>quedan residuos en el medio ambiente y en los alimentos que comemos porque son muy resistentes<\/em>\u00ab.<\/p>\n<figure id=\"attachment_2255\" aria-describedby=\"caption-attachment-2255\" style=\"width: 600px\" class=\"wp-caption alignleft\"><img loading=\"lazy\" decoding=\"async\" class=\" alignleft size-full wp-image-2255\" src=\"https:\/\/marina.swarpeca.es\/revista\/wp-content\/uploads\/2013\/02\/como_se_hace_ogm.jpg\" alt=\"C\u00f3mo se hace un OGM\" title=\"C\u00f3mo se hace un OGM\" class=\"caption\" align=\"left\" width=\"600\" height=\"380\" srcset=\"https:\/\/marina.swarpeca.es\/revista\/wp-content\/uploads\/2013\/02\/como_se_hace_ogm.jpg 600w, https:\/\/marina.swarpeca.es\/revista\/wp-content\/uploads\/2013\/02\/como_se_hace_ogm-300x190.jpg 300w\" sizes=\"(max-width: 600px) 100vw, 600px\" \/><figcaption id=\"caption-attachment-2255\" class=\"wp-caption-text\">C\u00f3mo se hace un OGM<\/figcaption><\/figure>\n<p><strong>Transg\u00e9nicos<\/strong><\/p>\n<p>&#8211; <a href=\"https:\/\/marina.swarpeca.es\/revista\/IMG\/pdf\/demanda_colectiva_por_cultivos_transgenicos.pdf\">Por primera vez en el pa\u00eds presentaron una demanda colectiva por el uso de cultivos transg\u00e9nicos, ante la Corte Suprema de Justicia<\/a>.<\/p>\n<p><a href=\"https:\/\/catedralibredesoberaniaalimentaria.blogspot.com.es\/2013\/02\/hallan-altos-valores-de-plaguicidas-en.html\">C\u00e1tedra Libre de Soberan\u00eda Alimentaria<\/a><\/p>\n<p>(21 de febrero de 2013)<\/p>\n","protected":false},"excerpt":{"rendered":"<p>Una investigaci\u00f3n realizada por t\u00e9cnicos del <a href=\"http:\/\/www.inti.gob.ar\/\">Instituto Nacional de Tecnolog\u00eda Industrial (INTI)<\/a> en maternidades del conurbano bonaerense detect\u00f3 en la leche materna de madres de beb\u00e9s valores de plaguicidas superiores en un 15 por ciento a los establecidos en el <a href=\"http:\/\/www.anmat.gov.ar\/alimentos\/normativas_alimentos_caa.asp\">C\u00f3digo Alimentario Argentino<\/a>. Se trata de residuos de pesticidas que alteran la calidad nutricional del alimento y que podr\u00edan causar trastornos en la salud de los beb\u00e9s.<\/p>\n","protected":false},"author":1,"featured_media":2254,"comment_status":"closed","ping_status":"open","sticky":false,"template":"","format":"standard","meta":{"footnotes":""},"categories":[36],"tags":[],"_links":{"self":[{"href":"https:\/\/marina.swarpeca.es\/revista\/wp-json\/wp\/v2\/posts\/2256"}],"collection":[{"href":"https:\/\/marina.swarpeca.es\/revista\/wp-json\/wp\/v2\/posts"}],"about":[{"href":"https:\/\/marina.swarpeca.es\/revista\/wp-json\/wp\/v2\/types\/post"}],"author":[{"embeddable":true,"href":"https:\/\/marina.swarpeca.es\/revista\/wp-json\/wp\/v2\/users\/1"}],"replies":[{"embeddable":true,"href":"https:\/\/marina.swarpeca.es\/revista\/wp-json\/wp\/v2\/comments?post=2256"}],"version-history":[{"count":0,"href":"https:\/\/marina.swarpeca.es\/revista\/wp-json\/wp\/v2\/posts\/2256\/revisions"}],"wp:featuredmedia":[{"embeddable":true,"href":"https:\/\/marina.swarpeca.es\/revista\/wp-json\/wp\/v2\/media\/2254"}],"wp:attachment":[{"href":"https:\/\/marina.swarpeca.es\/revista\/wp-json\/wp\/v2\/media?parent=2256"}],"wp:term":[{"taxonomy":"category","embeddable":true,"href":"https:\/\/marina.swarpeca.es\/revista\/wp-json\/wp\/v2\/categories?post=2256"},{"taxonomy":"post_tag","embeddable":true,"href":"https:\/\/marina.swarpeca.es\/revista\/wp-json\/wp\/v2\/tags?post=2256"}],"curies":[{"name":"wp","href":"https:\/\/api.w.org\/{rel}","templated":true}]}}