{"id":2247,"date":"2013-02-19T12:19:56","date_gmt":"2013-02-19T12:19:56","guid":{"rendered":"https:\/\/marina.swarpeca.es\/revista\/2013\/02\/19\/apicultores-ecologistas-y-ambientalistas-por-la-prohibicion-de-los-plaguicidas-neurotoxicos\/"},"modified":"2021-03-01T22:39:09","modified_gmt":"2021-03-01T22:39:09","slug":"apicultores-ecologistas-y-ambientalistas-por-la-prohibicion-de-los-plaguicidas-neurotoxicos","status":"publish","type":"post","link":"https:\/\/marina.swarpeca.es\/revista\/apicultores-ecologistas-y-ambientalistas-por-la-prohibicion-de-los-plaguicidas-neurotoxicos\/","title":{"rendered":"Apicultores, ecologistas y ambientalistas por la prohibici\u00f3n de los plaguicidas neurot\u00f3xicos"},"content":{"rendered":"<p>&#8211; La <a href=\"https:\/\/marina.swarpeca.es\/revista\/IMG\/pdf\/rppppn.pdf\">Red Para la Prohibici\u00f3n de los Plaguicidas Neurot\u00f3xicos (RPPPN)<\/a> se constituy\u00f3 el pasado jueves 7 de febrero con el objetivo de unir fuerzas para exigir la prohibici\u00f3n total de los plaguicidas peligrosos para las abejas y otros polinizadores en Europa. Esta Red cuenta con el apoyo de las siguientes organizaciones: <strong>Apicultores Ecol\u00f3gicos Asociados<\/strong>, <strong>Asociaci\u00f3n Espa\u00f1ola de Apicultores<\/strong>, <strong>Asociaci\u00f3n Galega de Apicultura<\/strong>, <strong>Confederaci\u00f3n en Defensa de la Abeja en la Cornisa Cant\u00e1brica<\/strong>, <strong>Ecologistas en Acci\u00f3n<\/strong>, <strong>Federaci\u00f3n de Asociaciones de Apicultores de Cantabria<\/strong>, <strong>Greenpeace<\/strong>, <strong>SEO\/BirdLife<\/strong>, <strong>SOS Salvemos la Perdiz Roja<\/strong> y <strong>WWF<\/strong>.<\/p>\n<p>&#8211; La Red recuerda que las poblaciones de abejas y otros polinizadores han decrecido significativamente en los \u00faltimos a\u00f1os y est\u00e1n bajo varias y serias amenazas. Son ya varios los estudios cient\u00edficos que vinculan la desaparici\u00f3n de las abejas con el uso de plaguicidas neurot\u00f3xicos [[- <a href=\"https:\/\/marina.swarpeca.es\/revista\/IMG\/pdf\/common_pesticide.pdf\"><em>A Common Pesticide Decreases Foraging Success and Survivalin Honey Bees<\/em>, Science, April 2012<\/a>; and <a href=\"https:\/\/marina.swarpeca.es\/revista\/IMG\/pdf\/neonicotinoid_pesticide.pdf\"><em>Neonicotinoid Pesticide Reduces Bumble Bee Colony Growth and Queen Production<\/em><\/a>, Science, April 2012.]]. Ante estas evidencias y despu\u00e9s de que la Autoridad Europea de Seguridad Alimentaria (EFSA, por sus siglas en ingl\u00e9s) haya confirmado que <a href=\"https:\/\/marina.swarpeca.es\/revista\/IMG\/pdf\/efsa_bees_neonicotinoids.pdf\">los plaguicidas neonicotinoides presentan riesgos para las abejas<\/a>, <strong>la Comisi\u00f3n Europea present\u00f3 el pasado mes de enero una propuesta para la prohibici\u00f3n parcial de tres de estos plaguicidas<\/strong> (imidacloprid, tiametoxam y clotianidina). Las organizaciones que forman la Red consideran que aunque se trate de un primer e importante paso es insuficiente para proteger de forma adecuada a las abejas y otros polinizadores.<\/p>\n<p>Por este motivo, la Red insta al ministro de Agricultura, Alimentaci\u00f3n y Medio Ambiente, Miguel Arias Ca\u00f1ete, a votar a favor de la propuesta de la Comisi\u00f3n y que, adem\u00e1s, la intente fortalecer pidiendo la prohibici\u00f3n total de los plaguicidas neurot\u00f3xicos. El estado espa\u00f1ol deber\u00eda ser el principal interesado en la protecci\u00f3n de las abejas pues es donde se encuentra la mayor caba\u00f1a ap\u00edcola de la UE y el principal productor de miel y polen de Europa.<\/p>\n<p>&#8211; La importancia de los polinizadores, en particular de las abejas y de la apicultura, es incuestionable y est\u00e1 ampliamente reconocida por organismos internacionales y por el propio Ministerio de Agricultura, por ejemplo [[- <a href=\"https:\/\/marina.swarpeca.es\/revista\/IMG\/pdf\/global_bee_colony_disorder_and_threats_insect_pollinators.pdf\">UNEP<\/a>, <a href=\"https:\/\/marina.swarpeca.es\/revista\/IMG\/pdf\/european_commission_bees.pdf\">Comisi\u00f3n Europea<\/a>, <a href=\"https:\/\/marina.swarpeca.es\/revista\/IMG\/pdf\/pna_2011-2013_espana_tcm7-113504.pdf\">EFSA, Programa Nacional de Medidas de Ayuda a la Apicultura en Espa\u00f1a(2011-2013)<\/a>.]].<\/p>\n<p>&#8211; Las organizaciones que forman la red hacen hincapi\u00e9 en que las abejas aportan mucho m\u00e1s que miel y el valor econ\u00f3mico de la polinizaci\u00f3n supera con creces el valor obtenido del principal producto de las colmenas. Seg\u00fan la FAO, <strong>por cada euro que las abejas producen en forma de miel, polen, cera y propoleo, revierten 20 en forma de polinizaci\u00f3n<\/strong>. Solo para Europa se estima que el valor anual de la polinizaci\u00f3n es de unos <a href=\"https:\/\/marina.swarpeca.es\/revista\/IMG\/pdf\/european_commission_bees.pdf\">22.000 millones de euros<\/a> y unos 153.000 millones de euros a nivel mundial. <a href=\"https:\/\/marina.swarpeca.es\/revista\/IMG\/pdf\/global_bee_colony_disorder_and_threats_insect_pollinators.pdf\">En Europa el 84 % de los 264 principales cultivos dependen de la polinizaci\u00f3n animal<\/a>, principalmente de las abejas. Tienen la misma importancia para los ecosistemas puesto que cerca del 90% de las plantas silvestres tambi\u00e9n dependen de la polinizaci\u00f3n.<\/p>\n<p>Las abejas y dem\u00e1s polinizadores son vitales para la seguridad alimentaria y para la conservaci\u00f3n de los ecosistemas. Los polinizadores son indispensables para la vida en el planeta y hacen falta medidas valientes para protegerlos eficazmente. Son los mejores aliados de la agricultura. Sin embargo, las pr\u00e1cticas de la agricultura industrializada est\u00e1n poniendo en cuesti\u00f3n su sobrevivencia.<\/p>\n<p><a href=\"https:\/\/www.ecologistasenaccion.org\/article25079.html\"><em>ecologistas en acci\u00f3n<\/em><\/a><\/p>\n<p><strong>M\u00e1s Informaci\u00f3n<\/strong><\/p>\n<p>&#8211; <a href=\"https:\/\/marina.swarpeca.es\/revista\/IMG\/pdf\/salud_abejas_meliferas_comision_europea.pdf\">\u00abLa salud de las abejas mel\u00edferas\u00bb<\/a>, Comunicaci\u00f3n de la Comisi\u00f3n al Parlamento Europeo y al Consejo sobre la salud de las abejas mel\u00edferas; Comisi\u00f3n Europea, Direcci\u00f3n General de Sanidad &#038; de los Consumidores, Bruselas, 6.12.2010<\/p>\n<p>&#8211; <a href=\"https:\/\/marina.swarpeca.es\/revista\/IMG\/pdf\/fundacion_amigos_de_las_abejas.pdf\">Fundaci\u00f3n Amigos de las Abejas<\/a><\/p>\n<p>&#8211; <a href=\"https:\/\/marina.swarpeca.es\/revista\/IMG\/pdf\/apicultura_argentina.pdf\">\u00ab(Argentina) Apicultura Cr\u00eda de abejas. Explotaci\u00f3n ap\u00edcola. Colmenares. Comercio de miel. Cera\u00bb<\/a>, Gabriela del R\u00edo, Argentina, El Rinc\u00f3n del vago<\/p>\n<p>&#8211; <a href=\"https:\/\/marina.swarpeca.es\/revista\/IMG\/pdf\/iniciativa_colombiana_de_polinizadores.pdf\">\u00abIniciativa Colombiana de Polinizadores. Cap\u00edtulo Abejas ICPA (Borrador)\u00bb<\/a>, Universidad Nacional de Colombia, Sede Bogot\u00e1, Facultad de Ciencias, Departamento de Biolog\u00eda<\/p>\n<p>&#8211; <a href=\"https:\/\/marina.swarpeca.es\/revista\/IMG\/pdf\/apicultura_costa_rica.pdf\">\u00abSituaci\u00f3n actual y perspectivas de la Apicultura en Costa Rica\u00bb<\/a>, J.W. van Veen &#038; H.G. Arce Arce, (\u00bf1993?)<\/p>\n<p>&#8211; <a href=\"https:\/\/marina.swarpeca.es\/revista\/IMG\/pdf\/apicultura_espana_2009.pdf\">\u00abVisi\u00f3n actual de la apicultura en Espa\u00f1a &#8211; Present View of Beekeeping in Spain\u00bb<\/a>, Vanessa Alviz Mart\u00edn; Lydia Calleja Bueno; Mar\u00eda Pereira Mart\u00edn; Luis Ruiz Abad; Felipe Jos\u00e9 Calahorra Fern\u00e1ndez; Departamento de Producci\u00f3n Animal, Facultad de Veterinaria, Universidad Complutense de Madrid, RCCV Vol. 3 (2). 2009<\/p>\n<p>&#8211; <a href=\"https:\/\/marina.swarpeca.es\/revista\/IMG\/pdf\/apicultura_mexico.pdf\">\u00abSituaci\u00f3n actual y perspectiva de la apicultura en M\u00e9xico\u00bb<\/a>, Claridades Agropecuarias, n\u00ba 99, marzo 2010<\/p>\n<p>&#8211; <a href=\"https:\/\/marina.swarpeca.es\/revista\/IMG\/pdf\/miel_en_nicaragua.pdf\">\u00abCV7 Miel en Nicaragua. An\u00e1lisis de la Cadena de Valor. Parte 1\u00aa: Descripci\u00f3n Potencial Demanda en Europa. Parte 2\u00aa: An\u00e1lisis de la Cadena de Valor\u00bb<\/a>, CBI Ministry of Foreign Affairs of the Netherlands, Rotterdam<\/p>\n<p>&#8211; <a href=\"https:\/\/marina.swarpeca.es\/revista\/IMG\/pdf\/informacion_sobre_polinizacion.pdf\">\u00abInformaci\u00f3n sobre polinizaci\u00f3n de algunos arbustos y \u00e1rboles de importancia agr\u00edcola y ap\u00edcola\u00bb<\/a>, Daniel G. Pesante, Ph.D. Catedr\u00e1tico Apicultura; Colegio Ciencias Agr\u00edcolas, Recinto Universitario de Mayag\u00fcez, Universidad de Puerto Rico, Generado Enero 2002, Revisado Marzo 2011<\/p>\n<p><strong>Relacionados en <em>G\u00e9minis Papeles de Salud<\/em> <\/strong><\/p>\n<p>&#8211; <a href=\"https:\/\/marina.swarpeca.es\/revista\/bruselas-reclama-un-veto-sobre-los-pesticidas-que-matan-a-las-abejas\/\">Bruselas reclama un veto sobre los pesticidas que matan a las abejas<\/a><\/p>\n<p>&#8211; <a href=\"https:\/\/marina.swarpeca.es\/revista\/firmas-por-la-prohibicion-en-la-ue-de-plaguicidas-toxicos-para-las-abejas\/\">Firmas por la prohibici\u00f3n en la UE de plaguicidas t\u00f3xicos para las abejas<\/a><\/p>\n<p>&#8211; <a href=\"https:\/\/marina.swarpeca.es\/revista\/complicidad-y-complacencia-en-la-sistematica-y-silenciosa-mortalidad-de-las-abejas-05-07-09\/\">Complicidad y complacencia en la sistem\u00e1tica y silenciosa mortalidad de las abejas<\/a><\/p>\n<p>&#8211; <a href=\"https:\/\/marina.swarpeca.es\/revista\/la-apicultura-y-los-medios-de-vida-sostenibles-de-nicola-bradbear-2005\/\">\u00abLa apicultura y los medios de vida sostenibles\u00bb, de Nicola Bradbear (2005)<\/a><\/p>\n<p>&#8211; <a href=\"https:\/\/marina.swarpeca.es\/revista\/virus-y-masiva-desaparicion-de-las-abejas-veneno-de-abeja-para-la-artritis\/\">Virus y masiva desaparici\u00f3n de las abejas. Veneno de abeja para la artritis<\/a><\/p>\n<p>&#8211; <a href=\"https:\/\/marina.swarpeca.es\/revista\/efectividad-de-la-apiterapia-junto-con-otros-productos-de-la-colmena-para-tratar-enfermedades-de-la-piel-reumaticas-cardiovasculares-pulmonares\/\">Efectividad de la apiterapia, junto con otros productos de la colmena, para tratar enfermedades de la piel, reum\u00e1ticas, cardiovasculares, pulmonares, &#8230;<\/a><\/p>\n<p>&#8211; <a href=\"https:\/\/marina.swarpeca.es\/revista\/polen\/\">Polen<\/a><\/p>\n<p>&#8211; <a href=\"https:\/\/marina.swarpeca.es\/revista\/jalea-real\/\">Jalea real<\/a><\/p>\n<p>&#8211; <a href=\"https:\/\/marina.swarpeca.es\/revista\/propolis-o-propoleo\/\">Pr\u00f3polis o prop\u00f3leo<\/a><\/p>\n<p>&#8211; <a href=\"https:\/\/marina.swarpeca.es\/revista\/miel-propiedades\/\">Miel: Propiedades<\/a><\/p>\n<p>&#8211; <a href=\"https:\/\/marina.swarpeca.es\/revista\/miel-ecologica\/\">Miel ecol\u00f3gica<\/a><\/p>\n<p><strong>Polinizaci\u00f3n: An\u00e1lisis de los principales mecanismos de polinizaci\u00f3n y los agentes que la favorecen (agua, viento, animales, etc)<\/strong>, <a href=\"https:\/\/www.youtube.com\/user\/educatina?feature=watch\">educatina<\/a>, 27\/11\/2012<\/p>\n<p><embed src=\"https:\/\/www.youtube.com\/v\/CbuoOOgNQAk?hl=es_ES&#038;version=3&#038;rel=0\" type=\"application\/x-shockwave-flash\" width=\"420\" height=\"236\" allowscriptaccess=\"always\" allowfullscreen=\"true\"><\/embed><\/p>\n<p>(19 de febrero de 2013)<\/p>\n","protected":false},"excerpt":{"rendered":"<p>La Red Para la Prohibici\u00f3n de los Plaguicidas Neurot\u00f3xicos (RPPPN) &#8212;que acaba de constitu\u00edrse con la participaci\u00f3n y\/o el apoyo de las principales organizaciones de apicultores del estado espa\u00f1ol, as\u00ed como pr\u00e1cticamente la totalidad de las m\u00e1s representativas asociaciones ecologistas, medioambientalistas y conservacionistas&#8212; exige en una reciente nota de prensa que el ministro de Agricultura, Alimentaci\u00f3n y Medio Ambiente, Miguel Arias Ca\u00f1ete, defienda la prohibici\u00f3n total de los plaguicidas neurot\u00f3xicos: el estado espa\u00f1ol deber\u00eda ser el que m\u00e1s defendiera la protecci\u00f3n de las abejas por contar con la mayor caba\u00f1a ap\u00edcola de la UE y ser el principal productor de miel y polen de Europa.<\/p>\n","protected":false},"author":1,"featured_media":2246,"comment_status":"closed","ping_status":"open","sticky":false,"template":"","format":"standard","meta":{"footnotes":""},"categories":[5],"tags":[],"_links":{"self":[{"href":"https:\/\/marina.swarpeca.es\/revista\/wp-json\/wp\/v2\/posts\/2247"}],"collection":[{"href":"https:\/\/marina.swarpeca.es\/revista\/wp-json\/wp\/v2\/posts"}],"about":[{"href":"https:\/\/marina.swarpeca.es\/revista\/wp-json\/wp\/v2\/types\/post"}],"author":[{"embeddable":true,"href":"https:\/\/marina.swarpeca.es\/revista\/wp-json\/wp\/v2\/users\/1"}],"replies":[{"embeddable":true,"href":"https:\/\/marina.swarpeca.es\/revista\/wp-json\/wp\/v2\/comments?post=2247"}],"version-history":[{"count":11,"href":"https:\/\/marina.swarpeca.es\/revista\/wp-json\/wp\/v2\/posts\/2247\/revisions"}],"predecessor-version":[{"id":3400,"href":"https:\/\/marina.swarpeca.es\/revista\/wp-json\/wp\/v2\/posts\/2247\/revisions\/3400"}],"wp:featuredmedia":[{"embeddable":true,"href":"https:\/\/marina.swarpeca.es\/revista\/wp-json\/wp\/v2\/media\/2246"}],"wp:attachment":[{"href":"https:\/\/marina.swarpeca.es\/revista\/wp-json\/wp\/v2\/media?parent=2247"}],"wp:term":[{"taxonomy":"category","embeddable":true,"href":"https:\/\/marina.swarpeca.es\/revista\/wp-json\/wp\/v2\/categories?post=2247"},{"taxonomy":"post_tag","embeddable":true,"href":"https:\/\/marina.swarpeca.es\/revista\/wp-json\/wp\/v2\/tags?post=2247"}],"curies":[{"name":"wp","href":"https:\/\/api.w.org\/{rel}","templated":true}]}}