{"id":2218,"date":"2013-02-05T16:56:50","date_gmt":"2013-02-05T16:56:50","guid":{"rendered":"https:\/\/marina.swarpeca.es\/revista\/2013\/02\/05\/8-febrero-2013-barcelona-seminario-fotosintesis-humana-bases-y-conceptos-del-dr-arturo-solis-herrera\/"},"modified":"2013-02-05T16:56:50","modified_gmt":"2013-02-05T16:56:50","slug":"8-febrero-2013-barcelona-seminario-fotosintesis-humana-bases-y-conceptos-del-dr-arturo-solis-herrera","status":"publish","type":"post","link":"https:\/\/marina.swarpeca.es\/revista\/8-febrero-2013-barcelona-seminario-fotosintesis-humana-bases-y-conceptos-del-dr-arturo-solis-herrera\/","title":{"rendered":"8 febrero 2013, Barcelona, Seminario \u00abFotos\u00edntesis humana: Bases y Conceptos\u00bb, del Dr. Arturo Sol\u00eds Herrera"},"content":{"rendered":"<p>(imagen: <em>estructura tridimensional aproximada de la melanina<\/em> <a href=\"https:\/\/www.fotosintesishumana.com\/melanina-energia-del-futuro\/\">Fotos\u00edntesis Humana<\/a>).<\/p>\n<p><a href=\"https:\/\/marina.swarpeca.es\/revista\/IMG\/pdf\/seminario_fotosintesis_humana_barcelona_febrero_2013.pdf\">Seminario \u00abFotos\u00edntesis humana: Bases y conceptos\u00bb<\/a> [[<strong>La fotos\u00edntesi humana: bases i conceptes<\/strong><\/p>\n<p><strong>Data i hora<\/strong>: 7 febrer 2013 &#8211; 20.30 hores<\/p>\n<p><strong>Lloc<\/strong>: Sala d&#8217;Actes del COMB Pg. Bonanova, 47 Barcelona<\/p>\n<p><strong>Organitzador<\/strong>: Secci\u00f3 Col\u00b7legial de Metges Naturistes<\/p>\n<p><strong>Contacte<\/strong>: Departament de Congressos del COMB <\/p>\n<p>93 567 88 60<\/p>\n<p><strong>Descripci\u00f3<\/strong>: Confer\u00e8ncia a c\u00e0rrec del Dr. Arturo Sol\u00eds Herrera (oftalm\u00f2leg i farmac\u00e8utic). <\/p>\n<p><em>Tots heu sentit parlar dels qui fan \u00absungazing\u00bb, miren el sol i diuen que obtenen energia i sembla que no necessitin menjar. Aquest \u00e9s un tema controvertit i dif\u00edcil de creure. El Dr. Arturo Sol\u00eds, oftalm\u00f2leg i farmac\u00e8utic mexic\u00e0, estudiant les 3 principals causes de ceguera, ha descobert que el 37% de l\u2019energia que gastem els humans (i mam\u00edfers) prov\u00e9 d\u00b4una reacci\u00f3 semblada a la fotos\u00edntesis, per\u00f2 enlloc d\u2019emprar  clorofil\u00b7la, ho fem amb melanina. I d\u2019aix\u00f2 n\u2019ha tret un tractament senzill i barat per: Parkinson (recordeu que la substancianigra t\u00e9 melanina), Alzheimer, degeneraci\u00f3 macular (la retina t\u00e9 melanina), retinopatia diab\u00e8tica, etc. Creiem que val la pena escoltar aquest professional per tenir m\u00e9s informaci\u00f3 i formar la nostra pr\u00f2pia opini\u00f3 al respecte<\/em>.<\/p>\n<p><a href=\"https:\/\/www.comb.cat\/cat\/actualitat\/agenda\/events_fitxa.aspx?Id=3UQf6RDPsg9EKhzEUyakbw==\">Col\u00b7legi Oficial de Metges de Barcelona<\/a>.]].<\/p>\n<p><a href=\"https:\/\/marina.swarpeca.es\/revista\/IMG\/pdf\/hoja-de-inscripcion.pdf\">Hoja de inscripci\u00f3n<\/a><\/p>\n<p>Previamente, el jueves, 7 de febrero a las 20:30 h, en el Col\u00b7legi de Metges de Barcelona, Passeig de la Bonanova, 47, el propio Dr. Sol\u00eds impartir\u00e1 una conferencia sobre el mismo tema.<\/p>\n<p><em>Plural-21<\/em>, Barcelona<\/p>\n<p><strong>Fotosintesis Humana- Testimonios Qiapi -Nervio Ciatico<\/strong> Subido el 23\/02\/2011: <strong>Testimonio de paciente de nervio ci\u00e1tico tratado con Qiapi-1, en el Centro de Estudios de la Fotosintesis Humana<\/strong>.<\/p>\n<p><iframe loading=\"lazy\" width=\"420\" height=\"315\" src=\"https:\/\/www.youtube.com\/embed\/88ptYEc24UM?list=UUriHT6m1nHqbguPzfHh0NhQ\" frameborder=\"0\" allowfullscreen><\/iframe><\/p>\n<p><strong>Energy without trace december 2009 LEDS and pipes.wmv<\/strong> Subido el 29\/01\/2010: <em>By first time in humakind history, we can produce energy without leave any trace. In this 2 minutes video, we show some examples of the generation of energy in basis to human photosynthesis process. No more CO2, no more disasters Chernobyl&#8217;s-like, no more wasting of Oil, Coal or gas. No more food by energy. Produced by Human Photosynthesis Study Center<\/em>. comagua2000@yahoo.com<\/p>\n<p><embed src=\"https:\/\/www.youtube.com\/v\/x1N4pnqJq24?hl=es_ES&#038;version=3&#038;rel=0\" type=\"application\/x-shockwave-flash\" width=\"420\" height=\"315\" allowscriptaccess=\"always\" allowfullscreen=\"true\"><\/embed><\/p>\n<p><strong>Fotosintesis Humana, La energ\u00eda del futuro<\/strong> de <a href=\"https:\/\/vimeo.com\/visualnetwork\">Visualnetwork<\/a> hace 1 mes: <em> <strong>Hemos logrado, por primera vez, la generaci\u00f3n alterna de energ\u00eda el\u00e9ctrica mediante celdillas fotoelectroqu\u00edmicas autorrenovables que separan y re\u00fanen el hidr\u00f3geno del agua<\/strong> <\/em>.<\/p>\n<p><iframe loading=\"lazy\" src=\"https:\/\/player.vimeo.com\/video\/55377592\" width=\"420\" height=\"315\" frameborder=\"0\" webkitAllowFullScreen mozallowfullscreen allowFullScreen><\/iframe> <\/p>\n<p>&#8211; <a href=\"https:\/\/marina.swarpeca.es\/revista\/IMG\/pdf\/fotosintesis_melanina.pdf\">Para ampliar la informaci\u00f3n:<\/a><\/p>\n<p><strong>\u00ab<em>Fotos\u00edntesis Humana &#8211; Descubrimiento Milagroso<\/em>\u00ab<\/strong>, sungazers foro activo <\/p>\n<p><strong>\u00ab<em>Fotos\u00edntesis Humana Fraude. \u00bfQu\u00e9 fraude?<\/em>\u00ab<\/strong>, Bianca Atwell, 24-02-2012<\/p>\n<p><strong>\u00ab<em>Melanina<\/em>\u00ab<\/strong>, wikipedia <\/p>\n<p><strong>\u00ab<em>Melanina<\/em>\u00ab<\/strong>, MedlinePlus <\/p>\n<p><strong>\u00ab<em>Alteraciones de los pigmentos<\/em>\u00ab<\/strong>, (cap. 2 de &#8216;<em>Manual de Patolog\u00eda General<\/em>&#8216;, Universidad Cat\u00f3lica de Chile <\/p>\n<p><strong>\u00ab<em>\u00bfQu\u00e9 es la melanina?<\/em>\u00ab<\/strong>, Ojo Cient\u00edfico, 22-05-2011<\/p>\n<p>(5 de febrero de 2013)<\/p>\n","protected":false},"excerpt":{"rendered":"<p>El pr\u00f3ximo viernes, 8 de febrero, en el Hotel Medium City, C\/ Nicaragua, 47, 08019 &#8211; Barcelona, tiene lugar el Seminario \u00ab<em>Fotos\u00edntesis humana: Bases y conceptos<\/em>\u00ab, a cargo del Dr. Arturo Sol\u00eds Herrera [[[caption id=\"attachment_2217\" align=\"alignleft\" width=\"410\"]<img loading=\"lazy\" decoding=\"async\" class=\" alignleft size-full wp-image-2217\" src=\"https:\/\/herbogeminis.com\/revistawp-content\/uploads\/2013\/02\/energia_agua.jpg\" alt=\"reacci\u00f3n que produce energ\u00eda a partir del agua\" title=\"reacci\u00f3n que produce energ\u00eda a partir del agua\" class=\"caption\" align=\"left\" width=\"410\" height=\"65\" srcset=\"https:\/\/marina.swarpeca.es\/revista\/wp-content\/uploads\/2013\/02\/energia_agua.jpg 410w, https:\/\/marina.swarpeca.es\/revista\/wp-content\/uploads\/2013\/02\/energia_agua-300x48.jpg 300w\" sizes=\"(max-width: 410px) 100vw, 410px\" \/>reacci\u00f3n que produce energ\u00eda a partir del agua[\/caption]<\/p>\n<p>&#8211; <a href=\"http:\/\/marina.swarpeca.es\/IMG\/pdf\/energia_a_debate_melanina.pdf\">\u00ab<em>Melanina: \u00bfcombustible del futuro?<\/em>\u00ab, Dr. Arturo Sol\u00eds Herrera, pp36-41 &#038; Editorial: \u00ab<em>Hallazgo cient\u00edfico<\/em>\u00ab, David Shields, Director<\/a> energ\u00eda a debate, M\u00e9xico D.F., a\u00f1o 4, n\u00ba 23, Noviembre-Diciembre 2007.<\/p>\n<p>&#8211; <a href=\"http:\/\/marina.swarpeca.es\/IMG\/pdf\/fotosintesis_humana.pdf\">Fotos\u00edntesis Humana, Dr. Arturo Sol\u00eds Herrera<\/a> Biograf\u00eda, QIAPI 1, Testimonios, Melanina energ\u00eda del futuro &#038; \u00ab<em>Photoelectrochemical properties of melanin<\/em>\u00ab, Arturo Solis, Maria E. Lara and Luis E. Rendon, natureprecedings, 12 November 2007.]], Oftalm\u00f3logo y farmac\u00e9utico, y organizado por el C.T.G Montserrat Palac\u00edn. Horario: 9-14h y 16-19h. <\/p>\n","protected":false},"author":1,"featured_media":2216,"comment_status":"closed","ping_status":"open","sticky":false,"template":"","format":"standard","meta":{"footnotes":""},"categories":[27],"tags":[],"_links":{"self":[{"href":"https:\/\/marina.swarpeca.es\/revista\/wp-json\/wp\/v2\/posts\/2218"}],"collection":[{"href":"https:\/\/marina.swarpeca.es\/revista\/wp-json\/wp\/v2\/posts"}],"about":[{"href":"https:\/\/marina.swarpeca.es\/revista\/wp-json\/wp\/v2\/types\/post"}],"author":[{"embeddable":true,"href":"https:\/\/marina.swarpeca.es\/revista\/wp-json\/wp\/v2\/users\/1"}],"replies":[{"embeddable":true,"href":"https:\/\/marina.swarpeca.es\/revista\/wp-json\/wp\/v2\/comments?post=2218"}],"version-history":[{"count":0,"href":"https:\/\/marina.swarpeca.es\/revista\/wp-json\/wp\/v2\/posts\/2218\/revisions"}],"wp:featuredmedia":[{"embeddable":true,"href":"https:\/\/marina.swarpeca.es\/revista\/wp-json\/wp\/v2\/media\/2216"}],"wp:attachment":[{"href":"https:\/\/marina.swarpeca.es\/revista\/wp-json\/wp\/v2\/media?parent=2218"}],"wp:term":[{"taxonomy":"category","embeddable":true,"href":"https:\/\/marina.swarpeca.es\/revista\/wp-json\/wp\/v2\/categories?post=2218"},{"taxonomy":"post_tag","embeddable":true,"href":"https:\/\/marina.swarpeca.es\/revista\/wp-json\/wp\/v2\/tags?post=2218"}],"curies":[{"name":"wp","href":"https:\/\/api.w.org\/{rel}","templated":true}]}}