{"id":2215,"date":"2013-01-31T21:11:07","date_gmt":"2013-01-31T21:11:07","guid":{"rendered":"https:\/\/marina.swarpeca.es\/revista\/2013\/01\/31\/bruselas-reclama-un-veto-sobre-los-pesticidas-que-matan-a-las-abejas\/"},"modified":"2021-03-01T22:39:09","modified_gmt":"2021-03-01T22:39:09","slug":"bruselas-reclama-un-veto-sobre-los-pesticidas-que-matan-a-las-abejas","status":"publish","type":"post","link":"https:\/\/marina.swarpeca.es\/revista\/bruselas-reclama-un-veto-sobre-los-pesticidas-que-matan-a-las-abejas\/","title":{"rendered":"Bruselas reclama un veto sobre los pesticidas que matan a las abejas"},"content":{"rendered":"<p>En torno al 75%-85% de la producci\u00f3n de alimentos y de las especies de plantas dependen de la labor polinizadora de las abejas. Sin ellas, muchos cultivos no existir\u00edan. <\/p>\n<p>Por ello, cuando hace una d\u00e9cada se empez\u00f3 a conocer el problema de la muerte masiva de abejas, saltaron las alarmas en los principales gobiernos del mundo. <\/p>\n<p>Muchos estudios han identificado las distintas causas que provocan su muerte: par\u00e1sitos, sequ\u00edas, especies invasoras \u2026 Y determinados pesticidas. Los neonicotinoides, unos pesticidas neurot\u00f3xicos derivados de la nicotina, han demostrado matar a las abejas. Por eso, la Comisi\u00f3n Europea ha decidido reclamar a los pa\u00edses miembros la suspensi\u00f3n de su uso por dos a\u00f1os en aquellos cultivos que m\u00e1s las da\u00f1an, seg\u00fan informa <em>Reuters<\/em>.<\/p>\n<p>La propuesta se basa en el principio de precauci\u00f3n, tras el informe de la <em>Agencia Europea de Seguridad Alimentaria<\/em> (EFSA, por sus siglas en ingl\u00e9s) que se\u00f1alaba tres plaguicidas que dejan rastro en el polen y el n\u00e9ctar, y que causan en las abejas par\u00e1lisis y hasta la muerte. Eso s\u00ed, no suponen un riesgo para la salud humana, seg\u00fan recalcan desde Bruselas. <\/p>\n<p>La intenci\u00f3n de la Comisi\u00f3n es que se vete su uso en aquellos cultivos que m\u00e1s atraen a las abejas, como el girasol, la colza, el ma\u00edz y el algod\u00f3n, pero no en otros en los que a\u00fan no se han identificado riesgos, como sucede con la remolacha azucarera. Los pa\u00edses miembros votar\u00e1n el pr\u00f3ximo d\u00eda 25 de febrero la propuesta de la Comisi\u00f3n.<\/p>\n<p>Hace dos semanas, la <em>Autoridad Europea de Seguridad Alimentaria<\/em> (EFSA) public\u00f3 tres informes referidos a tres plaguicidas espec\u00edficos, en los que desgranaba los da\u00f1os que estos pod\u00edan causar a las abejas en determinados escenarios. <\/p>\n<p>La EFSA cumpl\u00eda as\u00ed con la misi\u00f3n que se le hab\u00eda encomendado: comprobar si es cierto lo que aseguraban varios estudios publicados en <em>Nature<\/em> y <em>Science<\/em> en los que se se\u00f1alaba a estos insecticidas como responsables de la muerte de millones de abejas. <\/p>\n<p>El s\u00edndrome de despoblamiento de colmenas, como se denomina a este fen\u00f3meno, en el estado espa\u00f1ol mata al 25%-30% de las abejas cada a\u00f1o. La Comisi\u00f3n ha destinado 3,3 millones de euros a estudiar este problema, de los que 205.050 han sido para el estado espa\u00f1ol.<\/p>\n<p>Las principales empresas dedicadas a la producci\u00f3n de los neonicotinoides, \u00abBayer\u00bb y \u00abSyngenta\u00bb, respondieron al trabajo de la EFSA asegurando que sus pesticidas no son da\u00f1inos para las abejas si se utilizan correctamente. <\/p>\n<p>A pesar de ello, dos gigantes del comercio minorista brit\u00e1nico, \u00abB&#038;Q\u00bb y \u00abWickes\u00bb, decidieron eliminar de sus estanter\u00edas los tres insecticidas se\u00f1alados por la autoridad europea como nocivos para estos insectos. <\/p>\n<p>Paralelamente, diversas iniciativas online se hab\u00edan puesto en marcha para reclamar a Europa la eliminaci\u00f3n de los insecticidas, que lograron m\u00e1s de dos millones de firmas, 265.000 en el estado espa\u00f1ol.<\/p>\n<p><a href=\"https:\/\/esmateria.com\/2013\/01\/31\/bruselas-reclama-un-veto-sobre-los-pesticidas-que-matan-a-las-abejas\/\">Materia<\/a><\/p>\n<p><strong>M\u00e1s informaci\u00f3n<\/strong><\/p>\n<p>&#8211; <a href=\"https:\/\/marina.swarpeca.es\/revista\/firmas-por-la-prohibicion-en-la-ue-de-plaguicidas-toxicos-para-las-abejas\/\"><em>Firmas por la prohibici\u00f3n en la UE de plaguicidas t\u00f3xicos para las abejas<\/em><\/a><\/p>\n<p>(31 de enero de 2013)<\/p>\n","protected":false},"excerpt":{"rendered":"<p>La Comisi\u00f3n Europea pide a los estados miembros una moratoria de dos a\u00f1os en el uso de los neonicotinoides, un tipo de plaguicida que da\u00f1a a las abejas. La propuesta se basa en el principio de precauci\u00f3n, tras el informe de la <em>Agencia Europea de Seguridad Alimentaria<\/em> (EFSA, por sus siglas en ingl\u00e9s) que se\u00f1alaba tres plaguicidas que dejan rastro en el polen y el n\u00e9ctar, y que causan en las abejas par\u00e1lisis y hasta la muerte. Los estados miembros de la Uni\u00f3n Europea votar\u00e1n el pr\u00f3ximo d\u00eda 25 de febrero la propuesta de la Comisi\u00f3n.<\/p>\n","protected":false},"author":1,"featured_media":2214,"comment_status":"closed","ping_status":"open","sticky":false,"template":"","format":"standard","meta":{"footnotes":""},"categories":[37],"tags":[],"_links":{"self":[{"href":"https:\/\/marina.swarpeca.es\/revista\/wp-json\/wp\/v2\/posts\/2215"}],"collection":[{"href":"https:\/\/marina.swarpeca.es\/revista\/wp-json\/wp\/v2\/posts"}],"about":[{"href":"https:\/\/marina.swarpeca.es\/revista\/wp-json\/wp\/v2\/types\/post"}],"author":[{"embeddable":true,"href":"https:\/\/marina.swarpeca.es\/revista\/wp-json\/wp\/v2\/users\/1"}],"replies":[{"embeddable":true,"href":"https:\/\/marina.swarpeca.es\/revista\/wp-json\/wp\/v2\/comments?post=2215"}],"version-history":[{"count":1,"href":"https:\/\/marina.swarpeca.es\/revista\/wp-json\/wp\/v2\/posts\/2215\/revisions"}],"predecessor-version":[{"id":3374,"href":"https:\/\/marina.swarpeca.es\/revista\/wp-json\/wp\/v2\/posts\/2215\/revisions\/3374"}],"wp:featuredmedia":[{"embeddable":true,"href":"https:\/\/marina.swarpeca.es\/revista\/wp-json\/wp\/v2\/media\/2214"}],"wp:attachment":[{"href":"https:\/\/marina.swarpeca.es\/revista\/wp-json\/wp\/v2\/media?parent=2215"}],"wp:term":[{"taxonomy":"category","embeddable":true,"href":"https:\/\/marina.swarpeca.es\/revista\/wp-json\/wp\/v2\/categories?post=2215"},{"taxonomy":"post_tag","embeddable":true,"href":"https:\/\/marina.swarpeca.es\/revista\/wp-json\/wp\/v2\/tags?post=2215"}],"curies":[{"name":"wp","href":"https:\/\/api.w.org\/{rel}","templated":true}]}}