{"id":2210,"date":"2013-01-29T19:28:07","date_gmt":"2013-01-29T19:28:07","guid":{"rendered":"https:\/\/marina.swarpeca.es\/revista\/2013\/01\/29\/el-impacto-de-la-crisis-en-las-condiciones-de-vida-de-las-personas-mayores-limpacte-de-la-crisi-en-les-persones-grans\/"},"modified":"2013-01-29T19:28:07","modified_gmt":"2013-01-29T19:28:07","slug":"el-impacto-de-la-crisis-en-las-condiciones-de-vida-de-las-personas-mayores-limpacte-de-la-crisi-en-les-persones-grans","status":"publish","type":"post","link":"https:\/\/marina.swarpeca.es\/revista\/el-impacto-de-la-crisis-en-las-condiciones-de-vida-de-las-personas-mayores-limpacte-de-la-crisi-en-les-persones-grans\/","title":{"rendered":"El impacto de la crisis en las condiciones de vida de las personas mayores \/ L&#8217;impacte de la crisi en les persones grans"},"content":{"rendered":"<p>&#8211; Fundaci\u00f3n 1\u00ba de Mayo [[- <a href=\"https:\/\/marina.swarpeca.es\/revista\/IMG\/pdf\/fundacion_1o_de_mayo.pdf\">Fundaci\u00f3n 1\u00ba de Mayo &#8211; Centro Sindical de Estudios<\/a>: Inicio, Fundaci\u00f3n, Historia del Trabajo, Centro Documentaci\u00f3n Migraciones, Biblioteca FIM]] en su Informe n\u00ba 56 recoge el trabajo sobre <a href=\"https:\/\/marina.swarpeca.es\/revista\/IMG\/pdf\/informecrisismayores-3.pdf\">el impacto de la crisis en las condiciones de vida de las personas mayores<\/a>, realizado por Jes\u00fas Cruces Aguilera, Lu\u00eds de la Fuente Sanz, Alicia Mart\u00ednez Poza y Elvira S. Llopis.  <\/p>\n<p>El progresivo envejecimiento de la sociedad espa\u00f1ola plantea uno de los principales retos socioecon\u00f3micos y pol\u00edticos del Estado de Bienestar, ya que dibuja un escenario de nuevas necesidades sociales a las que dar respuesta para asegurar los derechos democr\u00e1ticos de la ciudadan\u00eda.<\/p>\n<p>El aumento de la proporci\u00f3n de personas mayores en la sociedad implica fortalecer los diferentes pilares sobre los que se sostiene el derecho a un envejecimiento digno y de calidad: las pensiones, la sanidad, la atenci\u00f3n a la diversidad funcional o las medidas de servicios sociales.<\/p>\n<p>El presente informe realiza un an\u00e1lisis de las repercusiones que la crisis econ\u00f3mica que atravesamos y las pol\u00edticas de recortes (con las que, pretendidamente, se le ha querido hacer frente) tienen en la situaci\u00f3n de las personas mayores en Espa\u00f1a.<\/p>\n<p>Para ello, en un primer apartado se analiza la calidad de vida de este segmento de poblaci\u00f3n, a trav\u00e9s de los \u00faltimos datos estad\u00edsticos publicados, que permiten a su vez vislumbrar algunas de las principales tendencias sociales que le afectan.<\/p>\n<p>En un segundo apartado, se realiza una recopilaci\u00f3n de las principales pol\u00edticas p\u00fablicas llevadas a cabo en los \u00faltimos a\u00f1os, a partir de la irrupci\u00f3n de la crisis, y sus efectos en la vida de las personas de 65 y m\u00e1s a\u00f1os.<\/p>\n<p>Finalmente, se apuntan algunas reflexiones sobre la necesidad de fortalecer la solidaridad intergeneracional para asegurar la calidad de vida de nuestra poblaci\u00f3n mayor y poner fin a las injustas pol\u00edticas de austeridad como v\u00eda para una salida de la crisis de manera democr\u00e1tica y sostenible econ\u00f3mica y socialmente.<\/p>\n<p><a href=\"https:\/\/www.1mayo.ccoo.es\/nova\/NPortada\">Fundaci\u00f3n 1\u00ba de Mayo<\/a> Centro Sindical de Estudios.<\/p>\n<p><a href=\"https:\/\/marina.swarpeca.es\/revista\/wp-content\/uploads\/2013\/01\/cruz_roja_boletin_20.pdf\">Creu Roja, Bolet\u00edn n\u00ba 20, Diciembre 2012<\/a><\/p>\n<p><strong>Cuando la pobreza no reh\u00faye la edad<\/strong><\/p>\n<p>En el Estado del Bienestar, tal como lo entienden las sociedades desarrolladas occidentales, y m\u00e1s espec\u00edficamente las socialdemocracias europeas, hay dos grupos sociales que suelen gozar de mayor protecci\u00f3n atendido su mayor grado de vulnerabilidad: la infancia y la vejez.<\/p>\n<p>Por una parte, la infancia tiene un estatus de protecci\u00f3n m\u00e1s espec\u00edfico encarado a proteger a los individuos menores de edad de aquellos entornos menos propicios que puedan dificultar su propio desarrollo futuro como individuos libres y con plenas oportunidades.<\/p>\n<p>Por otra parte, es compartida la idea que la gente de la tercera edad debe poder gozar con plenitud de garant\u00edas en el tramo final de la vida, un derecho que (bien gracias a su trabajo, bien fruto de su implicaci\u00f3n activa en el avance social, o bien a causa de un estado de salud general m\u00e1s d\u00e9bil) la sociedad de la cual forman parte debe garantizar mediante f\u00f3rmulas diversas, como por ejemplo el sistema de protecci\u00f3n social mediante el sistema p\u00fablico de pensiones o la sanidad p\u00fablica universal.<\/p>\n<p><strong>El rostro oculto de la nueva pobreza<\/strong><\/p>\n<p>Ahora bien, que estos dos grupos de edad gocen a priori de una protecci\u00f3n social m\u00e1s concreta y, por lo tanto, m\u00e1s efectiva, no significa que no puedan seguir sufriendo m\u00e1s f\u00e1cilmente situaciones de vulnerabilidad fruto de las variaciones del contexto social y econ\u00f3mico. De esta forma, en el contexto de crisis actual, las pensiones bajas, las dificultades econ\u00f3micas de la descendencia y los problemas de vivienda han sido algunas de las principales causas de vulnerabilidad de dicho colectivo invisibilizado. En referencia a este colectivo, la Cruz Roja utilitza la expresi\u00f3n el rostro oculto de la nueva pobreza.<\/p>\n<p>Eso es lo que se ha podido vislumbrar gracias al <strong>estudio sobre el impacto de la crisis en las personas mayores<\/strong> que ha realizado la Cruz Roja en Catalu\u00f1a sobre 588 individuos catalanes de 82 a\u00f1os de media usuarios de sus proyectos para personas mayores y atenci\u00f3n a la dependencia, presentado a mediados de julio. En este documento se destaca que cerca del 70% de los encuestados se han visto afectados en mayor o menor grado por la crisis, mientras que 1 de cada 4 manifiesta que les ha afectado mucho o bastante. Adem\u00e1s, el 22,1% del total de la muestra han tenido que ayudar a alg\u00fan familiar, sobre todo a nivel econ\u00f3mico (60%), dando de comer o alg\u00fan otro tipo de producto necesario (14%), acogiendo a alg\u00fan familiar (12%), haciendo de canguro de nietos (10%), o en otros asuntos (4%) [[<strong>Una de cada tres personas mayores han ayudado por primera vez a alg\u00fan familiar en los \u00faltimos dos a\u00f1os<\/strong><\/p>\n<p><strong>7 de cada 10 personas piensan que esta crisis es m\u00e1s grave que las anteriores y est\u00e1n angustiadas por su futuro y por el de sus hijos. Creen que las generaciones m\u00e1s j\u00f3venes vivir\u00e1n peor por el deterioro del Estado del Bienestar.<\/strong><\/p>\n<p>El apoyo de las personas mayores constituye un pilar de contenci\u00f3n imprescindible para paliar el impacto social de la crisis sobre su entorno familiar. Seg\u00fan el tercer estudio del Observatorio de Vulnerabilidad de la Cruz Roja en Catalu\u00f1a, una de cada tres personas mayores usuarias de la instituci\u00f3n humanitaria han ayudado por primera vez a alg\u00fan familiar durante los \u00faltimos dos a\u00f1os. <\/p>\n<p>Bajo el t\u00edtulo &#8216;<strong>El impacto de la crisis en las personas mayores<\/strong>&#8216;, el presidente de la Cruz Roja en Catalu\u00f1a, Josep Marqu\u00e8s, ha presentado el estudio el jueves, 14 de junio, en la Casa del Mar de Barcelona durante la III Conferencia T\u00e9cnica de Crisis de la Cruz Roja en Catalu\u00f1a. Para realizarlo, el Observatorio de Vulnerabilidad ha encuestado a 674 personas mayores de 65 a\u00f1os usuarias de la Cruz Roja entre mediados de marzo y finales de abril. <\/p>\n<p>Las personas encuestadas corresponden a todos los proyectos y servicios de la Cruz Roja dirigidos a las personas mayores (que el a\u00f1o pasado atendieron a 45.031 usuarios) y 164 de ellas son usuarias de proyectos de lucha contra la pobreza como los kits de apoyo social o el Programa de Alimentos. <strong>Las mujeres viudas de 70 a 80 a\u00f1os representan el perfil mayoritario entre las personas encuestadas, el 60% de las cuales viven acompa\u00f1adas y el 40% solas.<\/strong> <\/p>\n<p>Una de las principales conclusiones del estudio es que se est\u00e1n invirtiendo los flujos de solidaridad intergeneracional propios del Estado del Bienestar, por los cuales las generaciones m\u00e1s j\u00f3venes contribuyen al bienestar de las personas mayores financiando el sistema de pensiones. Seg\u00fan el Observatorio de Vulnerabilidad, ahora son cada vez m\u00e1s las personas mayores las que apoyan a las generaciones m\u00e1s j\u00f3venes. Del total de personas encuestadas, <strong>un 20% presta ayuda econ\u00f3mica a sus hijos, un 10% les proporcionan ayuda alimentaria y un 6,5% ha acogido a alg\u00fan familiar en casa<\/strong>. Por eso, el estudio de la Cruz Roja remarca que cualquier medida o pol\u00edtica p\u00fablica referente a las personas mayores tambi\u00e9n puede tener repercusiones sobre el resto de la red familiar y social. <\/p>\n<p>El apoyo que han tenido que prestar a sus hijos\u00a0y familiares y, sobre todo, el encarecimiento de los precios, explican que haya disminuido la capacidad de ahorro de 7 de cada 10 personas mayores. Por eso, <strong>el 57% de las personas encuestadas dicen estar muy o bastante afectadas por el contexto econ\u00f3mico actual<\/strong>, a pesar de que, a diferencia de otras franjas de edad, el 65,7% vive en una vivienda de propiedad y el 90% cuenta con una pensi\u00f3n que le proporciona una fuente de ingresos fijas. El tramo que va de los 550 a los 900 euros de ingresos mensuales concentra el mayor grupo de personas encuestadas y representa el 36% del total. <\/p>\n<p>Las personas mayores con un perfil m\u00e1s vulnerable son las usuarias de los proyectos de lucha contra la pobreza (Grupo de Pobreza), entre las cuales <strong>el 90% recurre a la Cruz Roja para recibir ayuda alimentaria<\/strong>. A\u00fan as\u00ed, el impacto de la crisis econ\u00f3mica se est\u00e1 extendiendo cada vez m\u00e1s entre los usuarios de todos los programas de personas mayores y atenci\u00f3n a la dependencia de la Cruz Roja, un 11% de los cuales ha solicitado ayuda alimentaria o b\u00e1sica durante el 2011. <\/p>\n<p>El impacto de la crisis econ\u00f3mica tiene consecuencias sobre la alimentaci\u00f3n, puesto que, a pesar de que un 78,2% del total de personas encuestadas sigue una alimentaci\u00f3n variada, <strong>el 19% no puede comprar con regularidad ni pescado ni carne<\/strong>. Adem\u00e1s, en el caso del Grupo de Pobreza, la mitad no puede comprar habitualmente fruta, verdura o l\u00e1cteos. <\/p>\n<p>Las medidas de ahorro adoptadas por las personas mayores tambi\u00e9n las ha privado de productos o servicios fundamentales para su calidad de vida. Un 30% no puede ir al dentista o a revisarse la vista, porcentajes que se elevan por encima del 50% entre los beneficiarios de los proyectos de lucha contra la pobreza. <\/p>\n<p>Otro fen\u00f3meno frecuente entre las personas encuestadas es la pobreza energ\u00e9tica. Del conjunto de personas encuestadas, <strong>un 25% no pueden mantener su hogar a una temperatura adecuada (un 54,3% en el Grupo de Pobreza)<\/strong>. En estas circunstancias, la mayor\u00eda de personas encuestadas, hasta el 80%, tampoco pueden permitirse ning\u00fan gasto en ocio. <\/p>\n<p><strong>Un 13% ha dejado de recibir alguna ayuda en los \u00faltimos dos a\u00f1os<\/strong> <\/p>\n<p>A pesar de las dificultades que est\u00e1n sufriendo las personas mayores, un 13% ha dejado de recibir alguna ayuda durante los \u00faltimos dos a\u00f1os (el 31% en el Grupo de Pobreza). No obstante, el 44% de las personas mayores sigue contando con la ayuda de sus hijos, o bien de los servicios sociales. Un 50% recibe apoyo econ\u00f3mico, el 20% ha ido a vivir en casa de alg\u00fan familiar y la misma proporci\u00f3n recibe ayuda de la administraci\u00f3n p\u00fablica. <\/p>\n<p>En cuanto a sus perspectivas de futuro, <strong>7 de cada 10 personas mayores est\u00e1n angustiadas sobre cu\u00e1l ser\u00e1 su situaci\u00f3n y la de sus familiares y consideran que esta crisis es peor que las que han vivido anteriormente<\/strong>. Las personas mayores perciben que, a consecuencia de la ruptura del progreso social y el deterioro el Estado del Bienestar, sus hijos y nietos vivir\u00e1n peor que ellos. <\/p>\n<p>Cruz Roja Madrid &#8211; Barcelona, 15\/06\/2012<\/p>\n<p><iframe loading=\"lazy\" src=\"https:\/\/www.slideshare.net\/slideshow\/embed_code\/13322676\" width=\"479\" height=\"511\" frameborder=\"0\" marginwidth=\"0\" marginheight=\"0\" scrolling=\"no\" style=\"border:1px solid #CCC;border-width:1px 1px 0;margin-bottom:5px\" allowfullscreen webkitallowfullscreen mozallowfullscreen> <\/iframe>]].<\/p>\n<p>En conjunto, las mujeres son el colectivo que m\u00e1s ayuda ha tenido que dar a familiares. El estudio muestra que el 27,9% de los encuestados han tenido que pedir alguno tipo de apoyo para hacer alguna actividad cotidiana, ya sea externamente o con la ayuda de alg\u00fan familiar, como por ejemplo el apoyo a la persona (35,2%), el apoyo dentro del domicilio (32%), o el apoyo fuera del domicilio (18,2%).<\/p>\n<p><strong>La crisis incide negativamente en el colectivo de personas mayores<\/strong><\/p>\n<p>Con todo, el estudio muestra que la situaci\u00f3n econ\u00f3mica que viven los ancianos, as\u00ed como tambi\u00e9n su demanda de apoyo en las actividades diarias, se ven directamente afectadas por el contexto socioecon\u00f3mico. As\u00ed, se desprende que la gente de la tercera edad se ha tenido que adaptar a la nueva situaci\u00f3n social para poder ayudar a alg\u00fan familiar, o bien han tenido que prescindir de alguno tipo de ayuda que recib\u00edan de su entorno m\u00e1s pr\u00f3ximo.<\/p>\n<p>Seg\u00fan las conclusiones del estudio el responsable de estudios y consultor\u00eda del <em>Instituto del Envejecimiento de la Universitat Aut\u00f2noma de Barcelona<\/em>, <strong>Toni Rivero<\/strong>, se pone de manifiesto que la crisis afecta a las personas activas en el mercado de trabajo, pero tambi\u00e9n incide negativamente en el colectivo de las personas mayores, a las cuales el sistema de pensiones les garantiza las rentas econ\u00f3micas, pero ven afectada su red informal, ya que \u201c<em>hay ancianos que han dejado de recibir parte del apoyo de sus familiares, normalmente los hijos y las hijas<\/em>\u201d, o  \u201c<em>hay ancianos que se han convertido en refugio econ\u00f3mico de los otros, apoyando a los familiares con problemas econ\u00f3micos<\/em>\u201d.<\/p>\n<p><strong>El efecto del trabajador a\u00f1adido<\/strong><\/p>\n<p>Seg\u00fan Rivero, en principio \u201c<em>no tendr\u00edamos que esperar que la crisis econ\u00f3mica incida de forma significativa sobre la capacidad de las personas mayores para la realizaci\u00f3n de las actividades de la vida diaria<\/em>\u201d, a pesar de que introduce un factor diferente para analizar las posibles causas del incremento de vulnerabilidad de la gente mayor, conocido como el efecto del trabajador a\u00f1adido, que se origina cuando la principal fuente de ingresos del hogar pierde su ocupaci\u00f3n y otro miembro del hogar (normalmente las hijas o las nueras que hacen de cuidadoras no profesionales de la gente grande) se incorpora al mercado de trabajo para compensar el impacto econ\u00f3mico. Rivero reconoce que \u201c<em>\u00e9sta es una situaci\u00f3n que a nuestro pa\u00eds ya se ha dado en otras crisis econ\u00f3micas, afectando de manera muy significativa la tasa de ocupaci\u00f3n de las mujeres<\/em>\u201d.<\/p>\n<p>As\u00ed pues, concluye que se pondr\u00eda de manifiesto que hay una \u201c<em>falta de corresponsabilidad<\/em>\u00bb entre hombres y mujeres en el cuidado familiar. De manera que \u00ab<em>una parte de los hombres en situaci\u00f3n de paro tender\u00edan a no sustituir las mujeres, que se incorporan al mercado de trabajo, en el apoyo a las personas mayores en las actividades de la vida diaria<\/em>\u201d.<\/p>\n<p><a href=\"https:\/\/marina.swarpeca.es\/revista\/wp-content\/uploads\/2013\/01\/creu_roja_boletin_18.pdf\">Toni Rivero, Creu Roja, Bolet\u00edn n\u00ba 18, Junio 2012<\/a><\/p>\n<p><a href=\"https:\/\/crisi.creuroja.org\/notBoletin.asp?id_rep=1600&#038;tipo=R&#038;orig=W\">Creu Roja<\/a>.<\/p>\n<p><strong>Informaci\u00f3n complementaria<\/strong><\/p>\n<p>&#8211; <a href=\"https:\/\/marina.swarpeca.es\/revista\/IMG\/pdf\/crisis_economica_salud_y_sistema_sanitario.pdf\">\u00ab<em>Crisis Econ\u00f3mica, Salud y Sistema Sanitario<\/em>\u00ab, Emili Ferrer Ingl\u00e9s, Economistas Frente a la Crisis, 29-08-2012 &#038; Manifiesto de Economistas Frente a la Crisis<\/a>.<\/p>\n<p>(29 de enero de 2013)<\/p>\n","protected":false},"excerpt":{"rendered":"<p>Nos hacemos eco de sendos informes relativos a las consecuencias que sobre las personas mayores est\u00e1 teniendo la denominada crisis econ\u00f3mica. De la Fundaci\u00f3n 1\u00ba de Mayo el primero, aparecido a mediados de este mes de enero, y de Creu Roja el 2\u00ba, que vi\u00f3 la luz a mediados del a\u00f1o 2012. Recogemos tambi\u00e9n un an\u00e1lisis sobre la crisis, la salud y el sistema sanitario, as\u00ed como el Manifiesto de Economistas Frente a la Crisis.<\/p>\n","protected":false},"author":1,"featured_media":2207,"comment_status":"closed","ping_status":"open","sticky":false,"template":"","format":"standard","meta":{"footnotes":""},"categories":[35],"tags":[],"_links":{"self":[{"href":"https:\/\/marina.swarpeca.es\/revista\/wp-json\/wp\/v2\/posts\/2210"}],"collection":[{"href":"https:\/\/marina.swarpeca.es\/revista\/wp-json\/wp\/v2\/posts"}],"about":[{"href":"https:\/\/marina.swarpeca.es\/revista\/wp-json\/wp\/v2\/types\/post"}],"author":[{"embeddable":true,"href":"https:\/\/marina.swarpeca.es\/revista\/wp-json\/wp\/v2\/users\/1"}],"replies":[{"embeddable":true,"href":"https:\/\/marina.swarpeca.es\/revista\/wp-json\/wp\/v2\/comments?post=2210"}],"version-history":[{"count":0,"href":"https:\/\/marina.swarpeca.es\/revista\/wp-json\/wp\/v2\/posts\/2210\/revisions"}],"wp:featuredmedia":[{"embeddable":true,"href":"https:\/\/marina.swarpeca.es\/revista\/wp-json\/wp\/v2\/media\/2207"}],"wp:attachment":[{"href":"https:\/\/marina.swarpeca.es\/revista\/wp-json\/wp\/v2\/media?parent=2210"}],"wp:term":[{"taxonomy":"category","embeddable":true,"href":"https:\/\/marina.swarpeca.es\/revista\/wp-json\/wp\/v2\/categories?post=2210"},{"taxonomy":"post_tag","embeddable":true,"href":"https:\/\/marina.swarpeca.es\/revista\/wp-json\/wp\/v2\/tags?post=2210"}],"curies":[{"name":"wp","href":"https:\/\/api.w.org\/{rel}","templated":true}]}}