{"id":2170,"date":"2012-12-19T21:36:40","date_gmt":"2012-12-19T21:36:40","guid":{"rendered":"https:\/\/marina.swarpeca.es\/revista\/2012\/12\/19\/el-tribunal-constitucional-avala-la-atencion-sanitaria-a-todas-las-personas-migrantes\/"},"modified":"2021-03-01T22:39:09","modified_gmt":"2021-03-01T22:39:09","slug":"el-tribunal-constitucional-avala-la-atencion-sanitaria-a-todas-las-personas-migrantes","status":"publish","type":"post","link":"https:\/\/marina.swarpeca.es\/revista\/el-tribunal-constitucional-avala-la-atencion-sanitaria-a-todas-las-personas-migrantes\/","title":{"rendered":"El Tribunal Constitucional avala la atenci\u00f3n sanitaria a todas las personas migrantes"},"content":{"rendered":"<p>CEAR y todas las organizaciones sociales que trabajan con poblaci\u00f3n migrante celebran esta noticia, apoya a las comunidades aut\u00f3nomas que han continuado prestando atenci\u00f3n sanitaria a estas personas migrantes (Pa\u00eds Vasco, Andaluc\u00eda, Asturias y Catalu\u00f1a) e insta a que el Gobierno retire las medidas de exclusi\u00f3n de la atenci\u00f3n sanitaria de las personas en situaci\u00f3n administrativa irregular.<\/p>\n<p>El derecho a la salud es un derecho humano del que no se puede excluir a ninguna persona, y situaciones de crisis o recesi\u00f3n econ\u00f3mica no pueden ser la excusa para seguir limitando derechos b\u00e1sicos que no solo afectan en el plano individual sino que es una cuesti\u00f3n de salud p\u00fablica colectiva.<\/p>\n<p>Saludos a tod@s.<\/p>\n<figure id=\"attachment_2169\" aria-describedby=\"caption-attachment-2169\" style=\"width: 200px\" class=\"wp-caption alignleft\"><img loading=\"lazy\" decoding=\"async\" class=\" alignleft size-full wp-image-2169\" src=\"https:\/\/marina.swarpeca.es\/revista\/wp-content\/uploads\/2012\/12\/lazo_contra_el_racismo.jpg\" alt=\"Ponte el lazo contra el racismo\" title=\"Ponte el lazo contra el racismo\" class=\"caption\" align=\"left\" width=\"200\" height=\"200\" srcset=\"https:\/\/marina.swarpeca.es\/revista\/wp-content\/uploads\/2012\/12\/lazo_contra_el_racismo.jpg 200w, https:\/\/marina.swarpeca.es\/revista\/wp-content\/uploads\/2012\/12\/lazo_contra_el_racismo-150x150.jpg 150w\" sizes=\"(max-width: 200px) 100vw, 200px\" \/><figcaption id=\"caption-attachment-2169\" class=\"wp-caption-text\">Ponte el lazo contra el racismo<\/figcaption><\/figure>\n<p><strong>Comunicado<\/strong> <a href=\"www.cear.es\"><em>CEAR<\/em><\/a> <strong>Auto del TC que avala la atenci\u00f3n sanitaria<\/strong><\/p>\n<p><strong>Comunicado<\/strong><\/p>\n<p><em>18 de diciembre de 2012<\/em><\/p>\n<p><strong>CEAR celebra el auto del Tribunal Constitucional<\/strong> [[*<a href=\"https:\/\/www.tribunalconstitucional.es\/es\/Paginas\/Home.aspx\">Tribunal Constitucional<\/a>.]] <strong>que avala la atenci\u00f3n sanitaria a todas las personas migrantes.<\/strong><\/p>\n<p><strong>Aunque recuerda que a\u00fan queda mucho por hacer en el reconocimiento de los derechos de las personas migrantes en el D\u00eda Internacional del Migrante<\/strong>.<\/p>\n<p>En espera de la sentencia, el auto anuncia una doctrina que reconocer\u00e1 el derecho a todas las personas residentes en Espa\u00f1a a acceder a la sanidad p\u00fablica. Noticia que CEAR celebra enormemente por garantizar el derecho a la salud a todas las personas, independientemente de su procedencia o situaci\u00f3n administrativa.<\/p>\n<p>Aunque el auto avala la decisi\u00f3n del Gobierno Vasco de dar atenci\u00f3n sanitaria a las personas inmigrantes sin papeles, su alcance es mayor e implica la obligaci\u00f3n de garantizar el derecho a la salud en todo el territorio del Estado Espa\u00f1ol. En este sentido, CEAR ha apoyado a las comunidades aut\u00f3nomas, que junto al Pa\u00eds Vasco, han continuado prestando atenci\u00f3n sanitaria a las personas migrantes en situaci\u00f3n de irregularidad (Andaluc\u00eda, Asturias y Catalu\u00f1a) e insta a que se garantice el acceso a la sanidad p\u00fablica del colectivo en el resto de autonom\u00edas y a que el Gobierno retire las medidas de exclusi\u00f3n de las personas sin papeles.<\/p>\n<p>CEAR coincide con el Alto Tribunal en considerar que el derecho a la salud debe prevalecer sobre el supuesto beneficio econ\u00f3mico que supondr\u00eda para las arcas p\u00fablicas el ahorro de no atender a sin papeles. El derecho a la salud es un derecho humano del que no se puede excluir a ninguna persona. Sin embargo, estamos asistiendo a un momento hist\u00f3rico d\u00f3nde muchos derechos se ven limitados, recortados o negados con la excusa de salir de la crisis econ\u00f3mica, siendo las personas migrantes uno de los colectivos m\u00e1s golpeados.<\/p>\n<p>Los denominados sin papeles son personas en situaci\u00f3n de vulnerabilidad, muchos procedentes de pa\u00edses africanos, que son utilizados como chivos expiatorios para justificar recortes en el gasto social ante un supuesto abuso del sistema de salud. Un abuso inexistente, cuando la media de personas migrantes que acuden a los servicios de salud es menor que la del resto de la ciudadan\u00eda.<\/p>\n<p>Precisamente hoy es el D\u00eda Internacional del Migrante, efem\u00e9ride que nos recuerda que la inmensa mayor\u00eda de los pa\u00edses desarrollados, entre los que se encuentra Espa\u00f1a, se niegan a ratificar la <em>Convenci\u00f3n de la ONU sobre la protecci\u00f3n de los derechos de todos los trabajadores migratorios y de sus familiares<\/em> [[- <a href=\"https:\/\/marina.swarpeca.es\/revista\/IMG\/pdf\/convencion_proteccion_derechos_migrantes.pdf\">\u00ab<em>Convenci\u00f3n internacional sobre la protecci\u00f3n de los derechos de todos los trabajadores migratorios y de sus familiares<\/em>\u00ab, Adoptada por la Asamblea General en su resoluci\u00f3n 45\/158, de 18 de diciembre de 1990, &#038; Organo de vigilancia: Comit\u00e9 de Protecci\u00f3n de los Derechos de todos los Trabajadores Migrantes y de sus Familiares (CMW) &#038; Situaci\u00f3n de ratificaci\u00f3n, Reservas y declaraciones<\/a>, Oficina del Alto Comisionado de las Naciones Unidas para los Derechos Humanos]], [[- <a href=\"https:\/\/marina.swarpeca.es\/revista\/IMG\/pdf\/derechos_migrantes.pdf\">\u00ab<em>La Convenci\u00f3n de las Naciones Unidas sobre los Derechos de los Migrantes<\/em>\u00ab<\/a>, UNESCO &#8211; Organizaci\u00f3n de las Naciones Unidas para la Educaci\u00f3n, la Ciencia y la Cultura]]. Una convenci\u00f3n que posibilitar\u00eda un m\u00ednimo de vida digna para las personas migrantes, frente a las situaciones de discriminaci\u00f3n y desigualdad de derechos que sufren en tantos pa\u00edses. Los derechos humanos no son negociables.<\/p>\n<p><strong>M\u00e1s informaci\u00f3n<\/strong>: Jos\u00e9 Antonio Rubio: 692 636 514<\/p>\n<p><strong>Comisi\u00f3n Espa\u00f1ola de Ayuda al Refugiado. <em>CEAR<\/em>.<\/p>\n<p>Declarada de Utilidad P\u00fablica. G 28651529<\/strong><\/p>\n<p><a href=\"https:\/\/madridcontraracismo.wordpress.com\/\"><em>madridcontraracismo<\/em><\/a><\/p>\n<p><strong>Relacionados en <em>G\u00e9minis Papeles de Salud<\/h2>\n<p>&#8211; <a href=\"https:\/\/marina.swarpeca.es\/revista\/organizacion-medica-colegial-limitar-la-sanidad-a-inmigrantes-sin-papeles-traera-problemas-economicos-e-infecciosos\/\">Organizaci\u00f3n M\u00e9dica Colegial: \u00ab<em>Limitar la Sanidad a inmigrantes sin papeles traer\u00e1 problemas econ\u00f3micos e infecciosos<\/em>\u00ab<\/a><\/p>\n<p>&#8211; <a href=\"https:\/\/marina.swarpeca.es\/revista\/para-la-abogacia-espanola-limitar-el-derecho-a-la-salud-colisiona-con-la-constitucion\/\">Para la Abogac\u00eda espa\u00f1ola limitar el derecho a la salud colisiona con la Constituci\u00f3n<\/a><\/p>\n<p>&#8211; <a href=\"https:\/\/marina.swarpeca.es\/revista\/cuando-la-salud-duele\/\">Cuando la salud duele<\/a><\/p>\n<p>&#8211; <a href=\"https:\/\/marina.swarpeca.es\/revista\/efectos-sobre-la-salud-de-la-reforma-laboral-aprobada-por-el-gobierno-espanol-en-febrero-2012-manifiesto-en-defensa-de-la-sanidad-publica-sobre-la-contrarreforma-laboral\/\">Efectos sobre la salud de la reforma laboral aprobada por el gobierno espa\u00f1ol en febrero 2012 &#8211; Manifiesto en Defensa de la Sanidad P\u00fablica \/ Sobre la contrarreforma laboral<\/a><\/p>\n<p>&#8211; <a href=\"https:\/\/marina.swarpeca.es\/revista\/el-sistema-sanitario-es-sostenible-las-grandes-empresas-defraudan-mas-de-42-700-millones-de-euros-al-ano-el-fraude-total-de-cerca-de-60-000-millones-de-e-es-similar-al-gasto-sanitario-publico-tota\/\">El sistema sanitario es sostenible: Las grandes empresas defraudan m\u00e1s de 42.700 millones de euros al a\u00f1o. El fraude total, de cerca de 60.000 millones de \u20ac, es similar al gasto sanitario publico total<\/a><\/p>\n<p>&#8211; <a href=\"https:\/\/marina.swarpeca.es\/revista\/contra-la-implantacion-de-copago-tasas-o-tickets-moderadores-en-la-sanidad-publica\/\">Contra la implantaci\u00f3n de copago, tasas o \u00abtickets moderadores\u00bb en la Sanidad P\u00fablica<\/a><\/p>\n<p>&#8211; <a href=\"https:\/\/marina.swarpeca.es\/revista\/alemania-el-numero-de-enfermos-se-duplica-entre-los-desempleados\/\">Alemania: el n\u00famero de enfermos se duplica entre los desempleados<\/a><\/p>\n<p>(19 de diciembre de 2012)<\/p>\n","protected":false},"excerpt":{"rendered":"<p><em>Ayer, D\u00eda Internacional de las personas Migrantes, celebramos el auto que avala la decisi\u00f3n del Gobierno Vasco de dar atenci\u00f3n sanitaria a las personas inmigrantes sin papeles [[- <a href=\"http:\/\/marina.swarpeca.es\/IMG\/pdf\/tc_avala_atencion_sanitaria_sin_papeles.pdf\">\u00ab<em>El Tribunal Constitucional avala la atenci\u00f3n sanitaria a los sin papeles<\/em>\u00ab, El Pa\u00eds, 17-12-2012 &#038; \u00ab<em>El TC avala la asistencia sanitaria a inmigrantes sin papeles<\/em>\u00ab, Madrid Diario, 17-12-2012<\/a>.]]. En espera de la sentencia, esto implicar\u00eda la obligaci\u00f3n de garantizar el derecho a la salud en todo el territorio del Estado Espa\u00f1ol<\/em> [[Por aquello del respeto a la separaci\u00f3n de poderes y del estado de de(\u00bfs?)recho en que, se supone, vivimos, la respuesta del gobierno espa\u00f1ol ha sido n\u00edtida: <\/p>\n<p>&#8211; <a href=\"http:\/\/marina.swarpeca.es\/IMG\/pdf\/gobierno_desoye_varapalo_justicia_exclusion_sanitaria.pdf\">El Gobierno desoye el varapalo de la justicia a la exclusi\u00f3n sanitaria. \u201c<em>Seguimos pensando que el decreto vasco es anticonstiticional<\/em>\u201d, indica Mato (actual ministra de Sanidad). M\u00e9dicos, ONG, juristas e inmigrantes piden que se restituya la cobertura<\/a>, El Pa\u00eds, 19-12-2012]].<\/p>\n","protected":false},"author":1,"featured_media":2168,"comment_status":"closed","ping_status":"open","sticky":false,"template":"","format":"standard","meta":{"footnotes":""},"categories":[40],"tags":[],"_links":{"self":[{"href":"https:\/\/marina.swarpeca.es\/revista\/wp-json\/wp\/v2\/posts\/2170"}],"collection":[{"href":"https:\/\/marina.swarpeca.es\/revista\/wp-json\/wp\/v2\/posts"}],"about":[{"href":"https:\/\/marina.swarpeca.es\/revista\/wp-json\/wp\/v2\/types\/post"}],"author":[{"embeddable":true,"href":"https:\/\/marina.swarpeca.es\/revista\/wp-json\/wp\/v2\/users\/1"}],"replies":[{"embeddable":true,"href":"https:\/\/marina.swarpeca.es\/revista\/wp-json\/wp\/v2\/comments?post=2170"}],"version-history":[{"count":7,"href":"https:\/\/marina.swarpeca.es\/revista\/wp-json\/wp\/v2\/posts\/2170\/revisions"}],"predecessor-version":[{"id":3373,"href":"https:\/\/marina.swarpeca.es\/revista\/wp-json\/wp\/v2\/posts\/2170\/revisions\/3373"}],"wp:featuredmedia":[{"embeddable":true,"href":"https:\/\/marina.swarpeca.es\/revista\/wp-json\/wp\/v2\/media\/2168"}],"wp:attachment":[{"href":"https:\/\/marina.swarpeca.es\/revista\/wp-json\/wp\/v2\/media?parent=2170"}],"wp:term":[{"taxonomy":"category","embeddable":true,"href":"https:\/\/marina.swarpeca.es\/revista\/wp-json\/wp\/v2\/categories?post=2170"},{"taxonomy":"post_tag","embeddable":true,"href":"https:\/\/marina.swarpeca.es\/revista\/wp-json\/wp\/v2\/tags?post=2170"}],"curies":[{"name":"wp","href":"https:\/\/api.w.org\/{rel}","templated":true}]}}