{"id":2149,"date":"2012-12-07T07:50:35","date_gmt":"2012-12-07T07:50:35","guid":{"rendered":"https:\/\/marina.swarpeca.es\/revista\/2012\/12\/07\/petition-science-et-conscience\/"},"modified":"2021-03-01T22:39:09","modified_gmt":"2021-03-01T22:39:09","slug":"petition-science-et-conscience","status":"publish","type":"post","link":"https:\/\/marina.swarpeca.es\/revista\/petition-science-et-conscience\/","title":{"rendered":"P\u00e9tition: Science et conscience"},"content":{"rendered":"<p><em>D&#8217;une part, les scientifiques qui se sont exprim\u00e9s sur ce sujet l&#8217;ont fait en leur nom propre et ne peuvent pr\u00e9tendre repr\u00e9senter la communaut\u00e9 scientifique dans son ensemble. Le fait qu&#8217;un groupe d&#8217;une douzaine de personnes pr\u00e9tendant repr\u00e9senter six acad\u00e9mies ait d\u00e9cid\u00e9 d&#8217;un communiqu\u00e9 commun sans d\u00e9bat est contraire au fonctionnement normal de ces institutions et interroge sur la vision de la science et de la technologie (et de leur utilit\u00e9 sociale) ayant pr\u00e9sid\u00e9 \u00e0 une telle d\u00e9cision (au contraire, par exemple, du d\u00e9bat organis\u00e9 par l&#8217;Acad\u00e9mie des sciences dans le cadre de la pol\u00e9mique sur le changement climatique, \u00e0 l&#8217;issue duquel la responsabilit\u00e9 de l&#8217;homme a \u00e9t\u00e9 av\u00e9r\u00e9e). Nous saluons sur ce point la r\u00e9action salutaire du seul statisticien de l&#8217;Acad\u00e9mie des sciences, <strong>Paul Deheuvels<\/strong> <\/em> [[- <a href=\"https:\/\/marina.swarpeca.es\/revista\/IMG\/pdf\/cv-deheuvels_2010.pdf\">Curriculum Vitae de Paul Deheuvels \u2013 2010<\/a>.]], [[<strong>L&#8217;\u00e9tude de S\u00e9ralini sur les OGM, pomme de discorde \u00e0 l&#8217;Acad\u00e9mie des sciences<\/strong><\/p>\n<p><em>Modifi\u00e9 le 19-10-2012 \u00e0 17h10<\/em><\/p>\n<figure id=\"attachment_2146\" aria-describedby=\"caption-attachment-2146\" style=\"width: 130px\" class=\"wp-caption alignleft\"><img loading=\"lazy\" decoding=\"async\" class=\" alignleft size-full wp-image-2146\" src=\"https:\/\/marina.swarpeca.es\/revista\/wp-content\/uploads\/2012\/12\/pd.jpg\" alt=\"Paul Deheuvels\" title=\"Paul Deheuvels\" class=\"caption\" align=\"left\" width=\"130\" height=\"130\" \/><figcaption id=\"caption-attachment-2146\" class=\"wp-caption-text\">Paul Deheuvels<\/figcaption><\/figure>\n<p>Par <strong>Paul Deheuvels<\/strong><\/p>\n<p>Membre de l&#8217;Acad\u00e9mie des Sciences<\/p>\n<p>&#8211; LE PLUS. Ce vendredi, les Acad\u00e9mies nationales d\u2019Agriculture, de M\u00e9decine, de Pharmacie, des Sciences, des Technologies, et V\u00e9t\u00e9rinaire ont publi\u00e9 <a href=\"https:\/\/marina.swarpeca.es\/revista\/IMG\/pdf\/communique.pdf\">un communiqu\u00e9<\/a> au sujet de l&#8217;\u00e9tude de Gilles-Eric S\u00e9ralini sur l&#8217;OGM NK 603 de Monsanto. Leur verdict? Elle contient \u00abde nombreuses insuffisances de m\u00e9thodologie et d\u2019interpr\u00e9tation\u00bb. Paul Deheuvels, lui-m\u00eame membre de l&#8217;Acad\u00e9mie des sciences, s&#8217;indigne.<\/p>\n<p>\u00c9dit\u00e9 par H\u00e9l\u00e8ne Decommer.   Auteur parrain\u00e9 par Guillaume Malaurie<\/p>\n<figure id=\"attachment_2147\" aria-describedby=\"caption-attachment-2147\" style=\"width: 420px\" class=\"wp-caption alignleft\"><img loading=\"lazy\" decoding=\"async\" class=\" alignleft size-full wp-image-2147\" src=\"https:\/\/marina.swarpeca.es\/revista\/wp-content\/uploads\/2012\/12\/seralini-2.jpg\" alt=\"Des rats avec tumeurs \u00e0 la suite de l\u2019exp\u00e9rimentation de S\u00e9ralini sur l\u2019OGM MONSANTO (CRIIGEN\/AFP)\" title=\"Des rats avec tumeurs \u00e0 la suite de l\u2019exp\u00e9rimentation de S\u00e9ralini sur l\u2019OGM MONSANTO (CRIIGEN\/AFP)\" class=\"caption\" align=\"left\" width=\"420\" height=\"240\" srcset=\"https:\/\/marina.swarpeca.es\/revista\/wp-content\/uploads\/2012\/12\/seralini-2.jpg 420w, https:\/\/marina.swarpeca.es\/revista\/wp-content\/uploads\/2012\/12\/seralini-2-300x171.jpg 300w\" sizes=\"(max-width: 420px) 100vw, 420px\" \/><figcaption id=\"caption-attachment-2147\" class=\"wp-caption-text\">Des rats avec tumeurs \u00e0 la suite de l\u2019exp\u00e9rimentation de S\u00e9ralini sur l\u2019OGM MONSANTO (CRIIGEN\/AFP)<\/figcaption><\/figure>\n<p>&#8211; Je viens d&#8217;apprendre qu&#8217;un tout petit nombre de repr\u00e9sentants des six Acad\u00e9mies (Sciences, M\u00e9decine, Technologies, &#8230;) se sont r\u00e9unis pour publier <a href=\"https:\/\/marina.swarpeca.es\/revista\/IMG\/pdf\/communique.pdf\">un communiqu\u00e9 commun<\/a> concernant <a href=\"https:\/\/marina.swarpeca.es\/revista\/IMG\/pdf\/ogm_le_scandale.pdf\">l&#8217;\u00e9tude du professeur S\u00e9ralini<\/a> (\u00e9dit\u00e9e r\u00e9cemment dans la revue \u00ab<em>Food and Chemical Toxicology<\/em>\u00ab).<\/p>\n<p><strong>Les Acad\u00e9mies ne sont pas engag\u00e9es dans leur ensemble<\/strong><\/p>\n<p>Sans m\u00eame avoir lu leur d\u00e9claration, je me dois d&#8217;attirer l&#8217;attention du public sur le fait que le dit communiqu\u00e9 ne peut engager l&#8217;une ou l&#8217;autre de ces acad\u00e9mies dans leur ensemble. En effet, un groupe d&#8217;experts a \u00e9t\u00e9 convoqu\u00e9 en urgence, on ne sait par qui, on ne sait comment, dans une absence totale de transparence concernant le choix de ses membres, et sur la base de 2 repr\u00e9sentants par acad\u00e9mie. Ces personnes ont cru bon de r\u00e9diger dans un espace de temps tr\u00e8s bref un avis tr\u00e8s critique sur cette \u00e9tude. Elles ne peuvent pr\u00e9tendre \u00e0 elles seules incarner l&#8217;avis de l&#8217;ensemble du monde scientifique fran\u00e7ais, et ce serait une forfaiture que de le laisser croire.<\/p>\n<p>\u00c9tant le seul membre de l&#8217;Acad\u00e9mie des sciences repr\u00e9sentant la discipline des statistiques en tant que telle, il aurait \u00e9t\u00e9 normal que je sois consult\u00e9, et tel n&#8217;a pas \u00e9t\u00e9 v\u00e9ritablement le cas.<\/p>\n<p>&#8211; Il ressort des conversations que j&#8217;ai eues \u00e0 post\u00e9riori sur ce communiqu\u00e9 que les repr\u00e9sentants des cinq acad\u00e9mies mentionn\u00e9s plus haut y aient critiqu\u00e9 la partie descriptive de l&#8217;\u00e9tude du professeur S\u00e9ralini, concernant les tumeurs, en lui reprochant de ne pas \u00eatre significative sur le plan statistique. Ils auraient, par contre, ignor\u00e9 la partie toxicologique de l&#8217;article, trait\u00e9e avec sophistication <a href=\"https:\/\/marina.swarpeca.es\/revista\/IMG\/pdf\/seralini-2.pdf\">par des m\u00e9thodes modernes<\/a> (dites de PLS). Notons que l&#8217;article de Gilles-Eric S\u00e9ralini est, justement, publi\u00e9 dans une revue de toxicologie.<\/p>\n<p><strong>Un mauvais proc\u00e8s fait \u00e0 l&#8217;\u00e9tude de S\u00e9ralini<\/strong><\/p>\n<p>Dans tout texte du genre, la partie descriptive se contente de d\u00e9crire, sans pour autant en tirer de conclusion d\u00e9montr\u00e9e. C&#8217;est bien ce qui se passe ici, et je ne trouve rien \u00e0 redire sur le plan professionnel \u00e0 cette composante, quoi que puisse en dire le petit groupe de signataires de la motion.<\/p>\n<p>A l&#8217;inverse, la composante de toxicologie de l&#8217;article a l&#8217;immense m\u00e9rite d&#8217;\u00e9tudier la cohorte de donn\u00e9es compl\u00e8te des analyses r\u00e9alis\u00e9e sur une dur\u00e9e d&#8217;environ 16 mois. Cette partie de l&#8217;article aboutit, quant \u00e0 elle, \u00e0 la mise en \u00e9vidence de diff\u00e9rences significatives sur le plan statistique, sous r\u00e9serve, bien entendu, que leur traitement ait \u00e9t\u00e9 correctement r\u00e9alis\u00e9, et je ne vois aucune raison de penser que ce n&#8217;ait pas \u00e9t\u00e9 le cas.<\/p>\n<p>On pourra m&#8217;objecter que ce sont pr\u00e9cis\u00e9ment ces parties descriptives de l&#8217;article de S\u00e9ralini qui ont attir\u00e9 l&#8217;attention des m\u00e9dias, puisqu&#8217;elles parlent des tumeurs dont les animaux d&#8217;exp\u00e9rience ont \u00e9t\u00e9 victimes. Ce n&#8217;est pas la question. Je pense qu&#8217;on fait \u00e0 cette \u00e9tude un mauvais proc\u00e8s, par de mauvais arguments, et avec un acharnement parfaitement suspect compte tenu des immenses int\u00e9r\u00eats financiers qui sont en jeu. Il ne s&#8217;agit pas de savoir ce qu&#8217;en pensent les m\u00e9dias, mais plut\u00f4t de juger la qualit\u00e9 technique de ce travail.<\/p>\n<p>Je tiens \u00e0 dire, avec force, que l&#8217;article du professeur S\u00e9ralini se situe \u00e0 un niveau \u00e9lev\u00e9 de qualit\u00e9 parmi les articles de m\u00eame cat\u00e9gorie. On ne peut lui reprocher sa valeur scientifique qui est ind\u00e9niable. On ne peut l&#8217;attaquer sur sa partie descriptive qui ne cherche pas \u00e0 \u00e9tablir des preuves, au sens statistique du terme, mais \u00e0 donner une pr\u00e9sentation lisible, purement factuelle, des r\u00e9sultats obtenus. Il est d&#8217;autant plus anormal que le communiqu\u00e9 des cinq acad\u00e9mies ne s&#8217;int\u00e9resse gu\u00e8re (si mes renseignements sont corrects) \u00e0 la composante toxicologique de l&#8217;analyse, qui, elle, fait usage de niveaux de confiance \u00e9tablis selon les r\u00e8gles habituelles de la statistique.<\/p>\n<p><strong>Pour une saine confrontation des id\u00e9es<\/strong><\/p>\n<p>Je r\u00e9cuse donc par avance tout texte qui serait pr\u00e9sent\u00e9 au nom de cinq acad\u00e9mies sur ce sujet, partant du fait \u00e9vident que le comit\u00e9 qui l&#8217;a sign\u00e9 ne repr\u00e9sente que lui-m\u00eame, ind\u00e9pendamment de l&#8217;\u00e9minence de ses membres.<\/p>\n<p>C&#8217;est d&#8217;ailleurs un proc\u00e9d\u00e9 \u00e0 la limite du scandale de vouloir parler au nom de tous lorsqu&#8217;on est peu nombreux. Quelle que soit la qualit\u00e9 des signataires, ils expriment un avis qui ne peut pr\u00e9tendre constituer une v\u00e9rit\u00e9 universelle, tant que le probl\u00e8me n&#8217;aura pas \u00e9t\u00e9 v\u00e9ritablement discut\u00e9 ouvertement, et sur le fond.<\/p>\n<p>L&#8217;article du professeur S\u00e9ralini a l&#8217;immense m\u00e9rite de mettre en \u00e9vidence qu&#8217;il n&#8217;y a pas suffisamment d&#8217;\u00e9tudes portant sur les effets \u00e0 long terme des alimentations \u00e0 base d&#8217;OGM. Au lieu de critiquer dans cette \u00e9tude ce qui ne peut pas l&#8217;\u00eatre, tout en omettant de l&#8217;appr\u00e9cier pour sa composante authentiquement innovatrice, les organismes \u00e9tablis comme l&#8217;INRA ou l&#8217;ANSES, devraient entreprendre des \u00e9tudes approfondies sur des \u00e9chantillons plus nombreux. Celles-ci permettraient de sortir par le haut d&#8217;une querelle aux param\u00e8tres \u00e9videmment biais\u00e9s. Il faut que le d\u00e9bat d&#8217;id\u00e9es ait lieu, dans le calme, et sans avoir \u00e0 subir les pressions des lobbys qui s&#8217;expriment pour ou contre des opinions, sans m\u00eame prendre le temps de les discuter.<\/p>\n<p>J&#8217;exprime un avis personnel, bas\u00e9e sur mon exp\u00e9rience professionnelle, et je n&#8217;insulte pas ceux qui ont une opinion contraire. L&#8217;int\u00e9r\u00eat de la science se situe, avant tout, dans une saine confrontation des id\u00e9es et des arguments, qui soit, si possible, sans parti pris. On est, semble-t-il, tr\u00e8s loin d&#8217;une telle situation, je le crains.<\/p>\n<p>&#8211; <a href=\"https:\/\/marina.swarpeca.es\/revista\/IMG\/pdf\/ogm.pdf\">Sur le m\u00eame sujet:<\/a><\/p>\n<p>\u00bb <strong>Les OGM sont des plantes pesticides: ils nous conduisent tout droit au d\u00e9sastre<\/strong><\/p>\n<p>\u00bb <strong>Etude sur les OGM: une controverse qui n\u00e9cessite de se poser les bonnes questions<\/strong><\/p>\n<p>\u00bb <strong>OGM: de qui se moque l&#8217;EFSA en \u00e9touffant le d\u00e9bat lanc\u00e9 par S\u00e9ralini?<\/strong><\/p>\n<p>\u00bb <strong>Les OGM et les tumeurs: l&#8217;\u00e9tude de S\u00e9ralini d\u00e9range car elle oblige \u00e0 douter<\/strong> <\/p>\n<p>&#8211; <a href=\"https:\/\/marina.swarpeca.es\/revista\/IMG\/pdf\/seralini-2.pdf\">Du m\u00eame auteur:<\/a><\/p>\n<p>\u00bb <strong>\u00c9tude sur les OGM: une m\u00e9thodologie statistiquement bonne<\/strong><\/p>\n<p><a href=\"https:\/\/leplus.nouvelobs.com\/\"><em>Le nouvel Observateur<\/em> &#8211; <em>Le Plus<\/em><\/a>.]], [[<figure id=\"attachment_2148\" aria-describedby=\"caption-attachment-2148\" style=\"width: 387px\" class=\"wp-caption alignleft\"><img loading=\"lazy\" decoding=\"async\" class=\" alignleft size-full wp-image-2148\" src=\"https:\/\/marina.swarpeca.es\/revista\/wp-content\/uploads\/2012\/12\/99_vs_monsanto.jpg\" alt=\"The 99% vs MON$ANTO\" title=\"The 99% vs MON$ANTO\" class=\"caption\" align=\"left\" width=\"387\" height=\"120\" srcset=\"https:\/\/marina.swarpeca.es\/revista\/wp-content\/uploads\/2012\/12\/99_vs_monsanto.jpg 387w, https:\/\/marina.swarpeca.es\/revista\/wp-content\/uploads\/2012\/12\/99_vs_monsanto-300x93.jpg 300w\" sizes=\"(max-width: 387px) 100vw, 387px\" \/><figcaption id=\"caption-attachment-2148\" class=\"wp-caption-text\">The 99% vs MON$ANTO<\/figcaption><\/figure><\/p>\n<p>&#8211; <a href=\"https:\/\/marina.swarpeca.es\/revista\/IMG\/pdf\/stop_monsanto-4.pdf\"><strong>L\u2019acad\u00e9mic?ien des sciences Paul Deheuvels d\u00e9nonce le communiqu\u00e9 de six acad\u00e9mies<\/strong><\/a>, <em>Stop Monsanto<\/em> &#038; <em>Scoop<\/em> &#038; <em>Altermonde sans fronti\u00e8res<\/em>, 24-10-2012]].<\/p>\n<p><em>D&#8217;autre part, le protocole suivi dans cette \u00e9tude pr\u00e9sente des d\u00e9fauts qui font d\u00e9bat au sein de la communaut\u00e9 scientifique. Mais en tout \u00e9tat de cause, disqualifier le protocole suivi dans le cadre de cette \u00e9tude revient \u00e0 disqualifier du m\u00eame coup les donn\u00e9es ayant fond\u00e9 les d\u00e9cisions d&#8217;acceptation des OGM par les experts. Il est remarquable de voir ces m\u00eames experts accepter (m\u00eame s&#8217;ils le critiquent parfois) un protocole exp\u00e9rimental quand il donne des r\u00e9sultats qui vont dans le sens de l&#8217;acceptation d&#8217;une technique et le d\u00e9molir aussi ardemment quand les r\u00e9sultats vont dans le sens oppos\u00e9. Ceci est \u00e0 notre avis totalement contraire \u00e0 toute d\u00e9ontologie scientifique. Nous affirmons donc que, si les observations en d\u00e9bat m\u00e9ritent d&#8217;\u00eatre confirm\u00e9es par des exp\u00e9riences de plus grande ampleur, cela s&#8217;applique \u00e9galement aux tests qui ont servi \u00e0 autoriser toutes les plantes transg\u00e9niques actuellement sur le march\u00e9. Si toute cette histoire aboutit au moins \u00e0 ce r\u00e9sultat, elle aura \u00e9t\u00e9 utile<\/em>.<\/p>\n<p><em>Nous sommes profond\u00e9ment choqu\u00e9s de l&#8217;image de notre communaut\u00e9 que cette pol\u00e9mique donne aux citoyens. L&#8217;expertise des risques pour la sant\u00e9 humaine ou l&#8217;environnement est une activit\u00e9 difficile qui doit faire face \u00e0 de nombreuses incertitudes. Beaucoup des menaces qui p\u00e8sent sur notre plan\u00e8te ont \u00e9t\u00e9 r\u00e9v\u00e9l\u00e9es par des scientifiques isol\u00e9s puis confirm\u00e9es par des \u00e9tudes nombreuses venues de la communaut\u00e9 scientifique. En l&#8217;occurrence, il serait bien plus efficace de mettre en \u0153uvre des recherches sur les risques sanitaires et environnementaux des OGM et des pesticides, d&#8217;am\u00e9liorer les protocoles toxicologiques utilis\u00e9s pour leur mise sur le march\u00e9 et de financer une diversit\u00e9 de chercheurs dans ce domaine que de cr\u00e9er des affrontements entre deux camps nourris de pr\u00e9jug\u00e9s et d&#8217;id\u00e9ologies. Nous pensons que notre communaut\u00e9 doit garder le souvenir d&#8217;erreurs pass\u00e9es, concernant l&#8217;amiante par exemple<\/em>.<\/p>\n<p><em>Enfin, nous tenons \u00e0 assurer \u00e0 nos concitoyens qu&#8217;il existe \u00e9galement, dans la communaut\u00e9 scientifique, un nombre important de chercheurs qui sont convaincus qu&#8217;il faut prendre au s\u00e9rieux les risques associ\u00e9s aux technologies et qui estiment que, si les chercheurs d&#8217;une part, et les applications sociales de la science d&#8217;autre part, sont par construction li\u00e9s \u00e0 des id\u00e9ologies, des croyances et\/ou des int\u00e9r\u00eats, la d\u00e9marche scientifique doit, elle, s&#8217;efforcer de rester aussi ind\u00e9pendante que possible pour jouer pleinement son r\u00f4le dans la soci\u00e9t\u00e9<\/em>.<\/p>\n<p><strong>Cette p\u00e9tition est ouverte aux scientifiques uniquement \u00e0 qui nous demandons d&#8217;indiquer leur institution de recherche de rattachement<\/strong> <\/p>\n<p><strong>Premiers Signataires<\/strong><\/p>\n<p>Andalo Christophe MC UPS Toulouse;<\/p>\n<p>Arnaud-Haond Sophie Chercheuse IFREMER;<\/p>\n<p>Atlan Anne CR CNRS;<\/p>\n<p>Auclair Daniel DR INRA ;<\/p>\n<p>Austerlitz Fr\u00e9d\u00e9ric DR CNRS;<\/p>\n<p>Barot S\u00e9bastien DR IRD;<\/p>\n<p>Bancal Marie-Odile MC AgroParisTech;<\/p>\n<p>Becker Nathalie MC MNHN;<\/p>\n<p>Bell\u00e9 Robert Pr UPMC;<\/p>\n<p>B\u00e9rard S\u00e8verine MC U Montpellier 2;<\/p>\n<p>Blondel Jacques DR CNRS;<\/p>\n<p>Bo\u00ebte Christophe CR IRD;<\/p>\n<p>Boistard Pierre DR INRA;<\/p>\n<p>Bonhomme Fran\u00e7ois DR CNRS;<\/p>\n<p>Bonhomme Vincent Institut Fran\u00e7ais de Pondich\u00e9ry;<\/p>\n<p>Bonnet Timoth\u00e9e Doctorant U Zurich;<\/p>\n<p>Bonneuil Christophe CR CNRS;<\/p>\n<p>Bonnin Isabelle CR INRA;<\/p>\n<p>Bosc Pierre-Marie Chercheur CIRAD;<\/p>\n<p>Boudouresque Charles Pr U Aix-Marseille;<\/p>\n<p>Bourdineaud Jean-Paul Pr U Bordeaux;<\/p>\n<p>Boyen Catherine DR CNRS;<\/p>\n<p>Br\u00e8thes Daniel DR CNRS;<\/p>\n<p>Casas J\u00e9r\u00f4me Pr U Tours;<\/p>\n<p>C\u00e9zilly Franck Pr U Bourgogne;<\/p>\n<p>Chabert Mich\u00e8le MC EPHE;<\/p>\n<p>Champagnon Jocelyn Post Doc;<\/p>\n<p>Charpentier Anne MC U Montpellier 2;<\/p>\n<p>Charmantier Anne CR CNRS;<\/p>\n<p>Chikhi Loun\u00e8s DR CNRS;<\/p>\n<p>Cochard Herv\u00e9 DR INRA, Correspondant de l&#8217;Acad\u00e9mie d&#8217;Agriculture;<\/p>\n<p>Colas Bruno MC U Paris Diderot;<\/p>\n<p>Combes Claude Pr U. Perpignan, Membre de l&#8217;Acad\u00e9mie des Sciences;<\/p>\n<p>Da Lage Jean-Luc DR CNRS;<\/p>\n<p>David-Benz H\u00e9l\u00e8ne Chercheuse CIRAD;<\/p>\n<p>Darlu Pierre DR CNRS;<\/p>\n<p>De Decker Sophie Post-Doctorante, NOAA, US;<\/p>\n<p>De Foresta Hubert CR IRD;<\/p>\n<p>De Reviers Bruno Prof MNHN;<\/p>\n<p>Dedeine Franck MC U Fran\u00e7ois Rabelais Tours;<\/p>\n<p>Delesalle Bruno MC EPHE;<\/p>\n<p>Destombe Christophe Prof UPMC;<\/p>\n<p>Devaux C\u00e9line MC U. Montpellier 2;<\/p>\n<p>Djikeussi El\u00e9onore CH Niort;<\/p>\n<p>Dorin Bruno Chercheur CIRAD;<\/p>\n<p>Dufumier Marc Pr AgroParisTech;<\/p>\n<p>Dugue Patrick Chercheur CIRAD;<\/p>\n<p>Dulcire Michel Chercheur CIRAD;<\/p>\n<p>Dutech Cyril CR INRA;<\/p>\n<p>Elias Marianne CR CNRS;<\/p>\n<p>Enjalbert J\u00e9r\u00f4me CR INRA;<\/p>\n<p>Fabre Pierre Chercheur CIRAD;<\/p>\n<p>Fady Bruno DR INRA;<\/p>\n<p>Ferdy Jean-Baptiste Pr U Toulouse 3;<\/p>\n<p>Ferri\u00e8re R\u00e9gis Pr ENS Ulm;<\/p>\n<p>Figui\u00e9 Muriel Chercheuse CIRAD;<\/p>\n<p>Frascaria Nathalie Pr AgroParisTech;<\/p>\n<p>Fort Philippe DR CNRS;<\/p>\n<p>Gautier Christian Pr U Lyon;<\/p>\n<p>Gavotte Laurent MC U Montpellier 2;<\/p>\n<p>Gerber Sophie CR INRA;<\/p>\n<p>Grandcolas Philippe Prof MNHN;<\/p>\n<p>Goldringer Isabelle DR INRA;<\/p>\n<p>Gouyon Pierre-Henri Pr MNHN;<\/p>\n<p>Hautekeete Nina MC U Lille 1;<\/p>\n<p>Heams Thomas MC AgroParisTech;<\/p>\n<p>Herbette St\u00e9phane MC U Clermont-Ferrand;<\/p>\n<p>Henry Claude Pr Columbia University;<\/p>\n<p>Heyer Evelyne Pr MNHN Hospital;<\/p>\n<p>Fr\u00e9d\u00e9ric DR INRA;<\/p>\n<p>Huet Sylvie DR INRA;<\/p>\n<p>Humbert Jean-Fran\u00e7ois DR INRA;<\/p>\n<p>Jeandel Catherine DR CNRS;<\/p>\n<p>Jarne Philippe DR CNRS;<\/p>\n<p>Joron Mathieu CR CNRS;<\/p>\n<p>Juff\u00e9 Michel Pr PontsParisTech;<\/p>\n<p>Kjellberg Finn DR CNRS;<\/p>\n<p>Lachi\u00e8ze Rey Marc DR CNRS;<\/p>\n<p>Lan\u00e7on Fr\u00e9d\u00e9ric Chercheur CIRAD;<\/p>\n<p>Laurans Marilyne Chercheuse CIRAD;<\/p>\n<p>Laurenti Patrick MC U Diderot;<\/p>\n<p>Lavigne Claire DR INRA;<\/p>\n<p>Lemeilleur Sylvaine Chercheuse CIRAD;<\/p>\n<p>Le Gall Line MC MNHN;<\/p>\n<p>Le Mogu\u00e9dec Gilles Chercheur CIRAD;<\/p>\n<p>L\u00e9vy-Leblond Jean-Marc Pr U Nice;<\/p>\n<p>Lipinski Marc DR CNRS;<\/p>\n<p>Loeuille Nicolas Pr UPMC;<\/p>\n<p>Londe Sylvain Doctorant UPMC;<\/p>\n<p>Lorand Isabelle Chirurgienne;<\/p>\n<p>Louchart Antoine CR CNRS;<\/p>\n<p>Machon Nathalie Pr MNHN;<\/p>\n<p>Mallefet J\u00e9r\u00f4me Pr U Catholique de Louvain;<\/p>\n<p>Mariojouls Catherine Pr AgroParistech;<\/p>\n<p>Maris Virginie CR CNRS;<\/p>\n<p>Mignot Agn\u00e8s Pr Universit\u00e9 Montpellier 2;<\/p>\n<p>Millier Claude Pr AgroParisTech;<\/p>\n<p>Mirleau Pascal MC U Aix-Marseille;<\/p>\n<p>Moulia Catherine Pr U Montpellier 2;<\/p>\n<p>Morin Edgar DR CNRS;<\/p>\n<p>Nabholz Benoit MC U Montpellier 2;<\/p>\n<p>Nicolas Val\u00e9rie IR INSERM;<\/p>\n<p>Nieberding Caroline Pr U Catholique de Louvain;<\/p>\n<p>Oberlin Guy, ex DR1 Irstea et IRD<\/p>\n<p>Olivieri Isabelle Pr U Montpellier 2;<\/p>\n<p>Paillet Yoan IR IRSTEA;<\/p>\n<p>Palka Laurent MC MNHN;<\/p>\n<p>Pape Moller Anders DR CNRS;<\/p>\n<p>Papy Fran\u00e7ois DR INRA;<\/p>\n<p>Pasqualini Vanina Pr U Corse;<\/p>\n<p>Petit \u00c9ric MC U Rennes 1;<\/p>\n<p>Poirier Florence IR U Paris 13;<\/p>\n<p>Ponsard Sergine Pr U Toulouse;<\/p>\n<p>Potin Philippe DR CNRS;<\/p>\n<p>Quilichini Ang\u00e9lique MC d\u00e9tach\u00e9e CNRS;<\/p>\n<p>Raymond Michel DR CNRS;<\/p>\n<p>Refr\u00e9gier Guislaine MC UPS Orsay;<\/p>\n<p>Reynaud &#8211; Yann Post-Doctorant, NOAA, US;<\/p>\n<p>Rognon Xavier MC AgroParisTech;<\/p>\n<p>Rousseau Denis-Didier DR CNRS Ulm;<\/p>\n<p>Rousset Fran\u00e7ois DR CNRS;<\/p>\n<p>Saatkamp Arne MC U Aix-Marseille;<\/p>\n<p>Saint-James Emmanuel MC UPMC;<\/p>\n<p>Salmona Jordi Doctorant U Lisbonne;<\/p>\n<p>Sartor Pierre CR CNRS;<\/p>\n<p>Selosse Marc-Andr\u00e9 Pr U Montpellier 2;<\/p>\n<p>Sicard Mathieu MC U Poitiers;<\/p>\n<p>Shykoff Jacqui DR CNRS;<\/p>\n<p>Testart Jacques DR INSERM;<\/p>\n<p>Thomas Mathieu PostDoc INRA;<\/p>\n<p>Tully Thomas MC U Paris 4 (CNRS);<\/p>\n<p>Valero Myriam DR CNRS;<\/p>\n<p>Van Vliet Geert Chercheur CIRAD;<\/p>\n<p>Vela Errol MC U Montpellier 2;<\/p>\n<p>Velot Christian MC U Psud Orsay;<\/p>\n<p>Verlaque Marc CR CNRS;<\/p>\n<p>Verrier Etienne Pr AgroParisTech;<\/p>\n<p>Volovitch Michel Pr ENS Ulm;<\/p>\n<p>Vriz Sophie Pr U Paris Diderot;<\/p>\n<p>Warlop Fran\u00e7ois CR GRAB;<\/p>\n<p>Weill Myl\u00e8ne DR CNRS.<\/p>\n<p><a href=\"https:\/\/www.cyberacteurs.org\/cyberactions\/presentation-science-conscience-535.html\">p\u00e9tition: Science et conscience<\/a><\/p>\n<p><strong>Gilles-\u00c9ric S\u00e9ralini en <em>G\u00e9minis Papeles de Salud<\/em> <\/strong><\/p>\n<p>&#8211; <a href=\"https:\/\/marina.swarpeca.es\/revista\/seralini-e-investigadores-responden-a-las-criticas-realizadas-al-estudio-sobre-el-maiz-transgenico-de-monsanto\/\">S\u00e9ralini e investigadores responden a las cr\u00edticas realizadas al estudio sobre el ma\u00edz transg\u00e9nico de Monsanto<\/a><\/p>\n<p>&#8211; <a href=\"https:\/\/marina.swarpeca.es\/revista\/gilles-eric-seralini-pesticidas-transgenicos-y-enfermedades-cronicas-occidentales\/\">Gilles-\u00c9ric S\u00e9ralini: Pesticidas, transg\u00e9nicos y enfermedades cr\u00f3nicas \u201coccidentales\u201d<\/a><\/p>\n<p>&#8211; <a href=\"https:\/\/marina.swarpeca.es\/revista\/gilles-eric-seralini-y-andres-carrasco-confirman-que-el-glifosato-es-letal-para-la-vida-humana\/\">Gilles-Eric Seralini y Andr\u00e9s Carrasco confirman que el glifosato es letal para la vida humana<\/a><\/p>\n<p>&#8211; <a href=\"https:\/\/marina.swarpeca.es\/revista\/argentina-efecto-del-glifosato-en-el-desarrollo-embrionario-de-xenopus-laevis\/\">Argentina: Efecto del glifosato en el desarrollo embrionario de \u00abXenopus laevis\u00bb<\/a><\/p>\n<p>&#8211; <a href=\"https:\/\/marina.swarpeca.es\/revista\/aspartamo-polemico-peligroso-y-producto-transgenico\/\">Aspartamo: pol\u00e9mico, peligroso y producto transg\u00e9nico<\/a><\/p>\n<p>&#8211; <a href=\"https:\/\/marina.swarpeca.es\/revista\/epidemia-de-dengue-por-los-cultivos-de-soja-de-monsanto\/\">Epidemia de dengue por los cultivos de soja de Monsanto<\/a><\/p>\n<p>(7 de diciembre de 2012)<\/p>\n","protected":false},"excerpt":{"rendered":"<p><em>Devant l&#8217;incroyable lev\u00e9e de boucliers suscit\u00e9e par la publication de Gilles-Eric S\u00e9ralini et de son \u00e9quipe dans le journal<\/em> Food and Chemical Toxicology [[- <a href=\"http:\/\/marina.swarpeca.es\/IMG\/pdf\/roundup_toxicity_seralini-2.pdf\">\u00ab<em>Long term toxicity of a Roundup herbicide and a Roundup-tolerant genetically modified maize<\/em>\u00ab<\/a>, Gilles-Eric S\u00e9ralini, Emilie Clair, Robin Mesnage, Steeve Gress, Nicolas Defarge, Manuela Malatesta, Didier Hennequin, Jo\u00ebl Spiroux de Vend\u00f4mois, <em>Food and Chemical Toxicology<\/em>, Volume 50, Issue 11, November 2012]]<em>, nous, membres de la communaut\u00e9 scientifique<\/em> [[<strong>Plus d&#8217;infos<\/strong><\/p>\n<p>Cette p\u00e9tition est ouverte aux scientifiques uniquement: nous leur demandons d&#8217;indiquer leur institution de recherche de rattachement: pour cela il faut utiliser la formule signature sans inscription et pr\u00e9ciser l&#8217;unit\u00e9 de recherche dans la rubrique profession<\/p>\n<p>&#8211; (une autre p\u00e9tition de <a href=\"http:\/\/marina.swarpeca.es\/IMG\/pdf\/ogm_sante_publique-4.pdf\">soutien \u00e0 GE S\u00e9ralini \u00e0 l&#8217;initiative de 130 ONG est disponible<\/a>)<\/p>\n<p><a href=\"http:\/\/www.cyberacteurs.org\/cyberactions\/presentation-lettre-ouverte-ministres-ogm-sante-publique-516.html\">p\u00e9tition: Lettre ouverte aux Ministres: OGM &#8211; Sant\u00e9 publique<\/a>]]<em>, tenons \u00e0 affirmer les points suivants<\/em>:<\/p>\n","protected":false},"author":1,"featured_media":2145,"comment_status":"closed","ping_status":"open","sticky":false,"template":"","format":"standard","meta":{"footnotes":""},"categories":[5],"tags":[],"_links":{"self":[{"href":"https:\/\/marina.swarpeca.es\/revista\/wp-json\/wp\/v2\/posts\/2149"}],"collection":[{"href":"https:\/\/marina.swarpeca.es\/revista\/wp-json\/wp\/v2\/posts"}],"about":[{"href":"https:\/\/marina.swarpeca.es\/revista\/wp-json\/wp\/v2\/types\/post"}],"author":[{"embeddable":true,"href":"https:\/\/marina.swarpeca.es\/revista\/wp-json\/wp\/v2\/users\/1"}],"replies":[{"embeddable":true,"href":"https:\/\/marina.swarpeca.es\/revista\/wp-json\/wp\/v2\/comments?post=2149"}],"version-history":[{"count":6,"href":"https:\/\/marina.swarpeca.es\/revista\/wp-json\/wp\/v2\/posts\/2149\/revisions"}],"predecessor-version":[{"id":3366,"href":"https:\/\/marina.swarpeca.es\/revista\/wp-json\/wp\/v2\/posts\/2149\/revisions\/3366"}],"wp:featuredmedia":[{"embeddable":true,"href":"https:\/\/marina.swarpeca.es\/revista\/wp-json\/wp\/v2\/media\/2145"}],"wp:attachment":[{"href":"https:\/\/marina.swarpeca.es\/revista\/wp-json\/wp\/v2\/media?parent=2149"}],"wp:term":[{"taxonomy":"category","embeddable":true,"href":"https:\/\/marina.swarpeca.es\/revista\/wp-json\/wp\/v2\/categories?post=2149"},{"taxonomy":"post_tag","embeddable":true,"href":"https:\/\/marina.swarpeca.es\/revista\/wp-json\/wp\/v2\/tags?post=2149"}],"curies":[{"name":"wp","href":"https:\/\/api.w.org\/{rel}","templated":true}]}}