{"id":2085,"date":"2012-10-23T14:47:27","date_gmt":"2012-10-23T14:47:27","guid":{"rendered":"https:\/\/marina.swarpeca.es\/revista\/2012\/10\/23\/guia-de-actividades-de-biocultura-2012-madrid-8-a-11-de-noviembre\/"},"modified":"2012-10-23T14:47:27","modified_gmt":"2012-10-23T14:47:27","slug":"guia-de-actividades-de-biocultura-2012-madrid-8-a-11-de-noviembre","status":"publish","type":"post","link":"https:\/\/marina.swarpeca.es\/revista\/guia-de-actividades-de-biocultura-2012-madrid-8-a-11-de-noviembre\/","title":{"rendered":"Gu\u00eda de actividades de Biocultura 2012, Madrid, 8 a 11 de noviembre"},"content":{"rendered":"\n<p><strong>Madrid &#8211; General Information<\/strong><\/p>\n<p><em>BioCultura<\/em><\/p>\n<p>International Organic products fair and Responsible Consumption<\/p>\n<p>Hall 4 &#8211; Feria de Madrid &#8211; IFEMA<\/p>\n<p>Campo de las Naciones. Madrid<\/p>\n<p>From 8 to 11 November 2012<\/p>\n<p>28 th Edition                                                                                      <\/p>\n<p>The  largest Spanish&#8217;s fair of organic product and responsible consumption is waiting for this occasion in its 28 th edition in Madrid, more than 700 exhibitors and 80,000 visitors.<\/p>\n<p>More than 18,000 references of organic food products are the largest segment of the show, along with other sectors such as hygiene products and cosmetics with certified ingredients, organic textile, eco-materials, furniture and decorations for the home, renewable energy therapies and complementary medicine, saving and recycling, ecology, environment, rural tourism and nursing homes, toys, crafts, music, books and magazines.<\/p>\n<figure id=\"attachment_2084\" aria-describedby=\"caption-attachment-2084\" style=\"width: 128px\" class=\"wp-caption aligncenter\"><img loading=\"lazy\" decoding=\"async\" class=\" aligncenter size-full wp-image-2084\" src=\"https:\/\/marina.swarpeca.es\/revista\/wp-content\/uploads\/2012\/10\/prensa.png\" alt=\"Acreditaciones prensa BioCultura\" title=\"Acreditaciones prensa BioCultura\" class=\"caption\" align=\"center\" width=\"128\" height=\"128\" \/><figcaption id=\"caption-attachment-2084\" class=\"wp-caption-text\">Acreditaciones prensa BioCultura<\/figcaption><\/figure>\n<p>Ahora, todo se desmorona, todo se cae. Y, cuando algo falla, cuando saltan todas las alarmas, lo prudente es pararse a reflexionar sobre qu\u00e9 es lo que hemos hecho<br \/>\nmal. Pero se han hecho muchas, muchas cosas mal.<\/p>\n<p>El cambio tiene que ser total. \u00bfY vamos a esperar a que los pol\u00edticos, sean del color que sean, se den cuenta de lo que ocurre, del caos definitivo de este sistema? \u00bfNo deber\u00edamos de empezar nosotros mismos a actuar?<\/p>\n<p>Desde las cimas del stablishment nos aseguran que todo est\u00e1 controlado, que no pasa nada. Pero nuestra intuici\u00f3n nos dice que estamos al borde de un gran colapso en todos los sentidos. No vamos a claudicar ni a bajar la guardia: no queremos energ\u00eda nuclear, ni transg\u00e9nicos, ni pesticidas, ni nanotecnolog\u00edas, ni m\u00e1s usura, ni m\u00e1s econom\u00eda basura, ni m\u00e1s burbujas inmobiliarias que no nos han hecho m\u00e1s<br \/>\nfelices, no queremos m\u00e1s degradaci\u00f3n medioambiental, tampoco queremos seguir agotando los recursos para nada &#8230; Hay que empezar a dar los pasos en un camino<br \/>\nradicalmente opuesto.<\/p>\n<p>&#8211; As\u00ed es que volvemos con alegr\u00eda y con BioCultura a ofrecer esperanza con fundamentos t\u00e9cnicos y cient\u00edficos, tambi\u00e9n morales y \u00e9ticos. Y aqu\u00ed les mostramos este <a href=\"https:\/\/marina.swarpeca.es\/revista\/IMG\/pdf\/actividades_biocultura_2012_madrid.pdf\"><strong>programa de actividades<\/strong><\/a> que nos ayudar\u00e1n sin duda a lograr cambios necesarios de conducta y de pensamiento.<\/p>\n<p>La feria sigue creciendo porque cada vez m\u00e1s gente se da cuenta de que nuestra sociedad se encuentra en completa decadencia, de que el camino que llevamos pone en peligro la vida futura en nuestro planeta. <em>BioCultura<\/em> es la feria de las<br \/>\npersonas ilusionadas con ese otro mundo que es posible.<\/p>\n<p>Pero, m\u00e1s all\u00e1 de las teor\u00edas, <em>BioCultura<\/em> es la feria de los individuos que han empezado a actuar.<\/p>\n<p>Gracias a todas las personas y entidades que hacen posible <em>BioCultura<\/em> &#8230;<\/p>\n<p>Bienvenidos a la 28 edici\u00f3n en Madrid<\/p>\n<p><em> <strong>El Equipo de Organizaci\u00f3n<\/strong> <\/em><\/p>\n<p><a href=\"https:\/\/biocultura.org\/index.php?option=com_content&#038;view=article&#038;id=238&#038;Itemid=36\">Publicaciones de <em>BioCultura<\/em><\/a><\/p>\n<p><a href=\"https:\/\/biocultura.org\/index.php?option=com_content&#038;view=article&#038;id=412&#038;Itemid=36\">Novedades en <em>BioCultura<\/em><\/a><\/p>\n<p><a href=\"https:\/\/biocultura.org\/index.php?option=com_content&#038;view=category&#038;layout=blog&#038;id=51&#038;Itemid=36\">Notas de prensa<\/a><\/p>\n<p><a href=\"https:\/\/biocultura.org\/index.php?option=com_content&#038;view=article&#038;id=237&#038;Itemid=36\">Actividades<\/a><\/p>\n<p><a href=\"https:\/\/biocultura.org\/index.php?option=com_content&#038;view=article&#038;id=239&#038;Itemid=36\">V\u00eddeos <em>BioCultura<\/em> 2012<\/a><\/p>\n<p><strong>Los Desarreglos Digestivos <em>BioCultura<\/em> 2012.mp4<\/strong> <\/p>\n<p><embed src=\"https:\/\/www.youtube.com\/v\/FhxR2bbTk6A?version=3&#038;hl=es_ES\" type=\"application\/x-shockwave-flash\" width=\"345\" height=\"194\" allowscriptaccess=\"always\" allowfullscreen=\"true\"><\/embed><\/p>\n<p>Publicado el <em>25\/05\/2012<\/em> por <a href=\"https:\/\/www.youtube.com\/user\/montsebradfordbort\">montsebradfordbort<\/a>: <em>Los Desarreglos Digestivos, sus causas y soluciones<\/em>. Charla por Montse Bradford Bort en <em>BioCultura<\/em> 2012. Barcelona del 3 al 6 de mayo.<\/p>\n<p>(23 de octubre de 2012)<\/p>\n","protected":false},"excerpt":{"rendered":"<p>&#8211; La 28\u00aa edici\u00f3n de <em>BioCultura<\/em> de Madrid, feria de productos ecol\u00f3gicos y consumo responsable que comienza el 8 de noviembre de 2012, prolonga sus actividades hasta el 11, en el pabell\u00f3n 4 del IFEMA, Campo de las Naciones. Sus organizadores esperan reunir en esos 4 d\u00edas a m\u00e1s de 700 <a href=\"http:\/\/marina.swarpeca.es\/IMG\/pdf\/listado_expositores_madrid_2012.pdf\">expositores<\/a> y 80.000 visitantes. M\u00e1s de 18.000 referencias de productos de alimentaci\u00f3n ecol\u00f3gica forman el mayor sector de la feria, acompa\u00f1ado de otros sectores como son productos para la higiene y la cosm\u00e9tica con ingredientes certificados; textil org\u00e1nico; ecomateriales, muebles y decoraci\u00f3n para la vivienda; energ\u00edas renovables; terapias y medicinas complementarias; ahorro y reciclaje; ecolog\u00eda; medio ambiente; turismo rural y casas de reposo; juguetes; artesan\u00edas; m\u00fasica; libros y revistas.<\/p>\n","protected":false},"author":1,"featured_media":2083,"comment_status":"closed","ping_status":"open","sticky":false,"template":"","format":"standard","meta":{"footnotes":""},"categories":[27],"tags":[],"_links":{"self":[{"href":"https:\/\/marina.swarpeca.es\/revista\/wp-json\/wp\/v2\/posts\/2085"}],"collection":[{"href":"https:\/\/marina.swarpeca.es\/revista\/wp-json\/wp\/v2\/posts"}],"about":[{"href":"https:\/\/marina.swarpeca.es\/revista\/wp-json\/wp\/v2\/types\/post"}],"author":[{"embeddable":true,"href":"https:\/\/marina.swarpeca.es\/revista\/wp-json\/wp\/v2\/users\/1"}],"replies":[{"embeddable":true,"href":"https:\/\/marina.swarpeca.es\/revista\/wp-json\/wp\/v2\/comments?post=2085"}],"version-history":[{"count":0,"href":"https:\/\/marina.swarpeca.es\/revista\/wp-json\/wp\/v2\/posts\/2085\/revisions"}],"wp:featuredmedia":[{"embeddable":true,"href":"https:\/\/marina.swarpeca.es\/revista\/wp-json\/wp\/v2\/media\/2083"}],"wp:attachment":[{"href":"https:\/\/marina.swarpeca.es\/revista\/wp-json\/wp\/v2\/media?parent=2085"}],"wp:term":[{"taxonomy":"category","embeddable":true,"href":"https:\/\/marina.swarpeca.es\/revista\/wp-json\/wp\/v2\/categories?post=2085"},{"taxonomy":"post_tag","embeddable":true,"href":"https:\/\/marina.swarpeca.es\/revista\/wp-json\/wp\/v2\/tags?post=2085"}],"curies":[{"name":"wp","href":"https:\/\/api.w.org\/{rel}","templated":true}]}}