{"id":1887,"date":"2012-10-09T14:48:55","date_gmt":"2012-10-09T14:48:55","guid":{"rendered":"https:\/\/marina.swarpeca.es\/revista\/2012\/10\/09\/el-neoliberalismo-se-consolida-en-el-litoral-aprobada-la-privatizacion-de-la-costa-espanola\/"},"modified":"2021-03-01T22:39:08","modified_gmt":"2021-03-01T22:39:08","slug":"el-neoliberalismo-se-consolida-en-el-litoral-aprobada-la-privatizacion-de-la-costa-espanola","status":"publish","type":"post","link":"https:\/\/marina.swarpeca.es\/revista\/el-neoliberalismo-se-consolida-en-el-litoral-aprobada-la-privatizacion-de-la-costa-espanola\/","title":{"rendered":"El neoliberalismo se consolida en el litoral: Aprobada la privatizaci\u00f3n de la costa espa\u00f1ola"},"content":{"rendered":"<p>(imagen <em>Greenpeace gana una demanda a los responsables del hotel del Algarrobico<\/em>, <a href=\"https:\/\/www.enciezadigital.com\/detallenoticia.asp?Idnoticia=7594\"><em>enCiezaDigital<\/em><\/a> 17\/01\/2009).<\/p>\n<p>Todas las versiones de este art\u00edculo: <a href=\"https:\/\/www.ecologistasenaccion.org\/article24209.html\">Catal\u00e0<\/a>, <a href=\"https:\/\/www.ecologistasenaccion.org\/article24210.html\">Galego<\/a><\/p>\n<p>El aumento de la concesi\u00f3n de ocupaci\u00f3n del Dominio P\u00fablico Mar\u00edtimo Terrestre (DPMT) a 75 a\u00f1os supone tener en propiedad una zona p\u00fablica de por vida, abriendo paso a la especulaci\u00f3n. Los intereses privados se ponen por delante de los p\u00fablicos, de los de toda la ciudadan\u00eda.<\/p>\n<p>Adem\u00e1s, <em>Ecologistas en Acci\u00f3n<\/em> critica que se excluyan del DPMT un total de 11 zonas asociadas a la costa sin ning\u00fan criterio cient\u00edfico ni justificaci\u00f3n t\u00e9cnica. Es una medida que abunda en la privatizaci\u00f3n del litoral y en su desprotecci\u00f3n.<\/p>\n<p>La reducci\u00f3n de la servidumbre de 100 a 20 metros en lugares como las r\u00edas es una medida totalmente alejada de la verdadera din\u00e1mica de estos ecosistemas y a la previsible subida del nivel del mar derivada del cambio clim\u00e1tico. Ignorar esta realidad acarrear\u00e1 grandes perjuicios sociales y econ\u00f3micos a las poblaciones asociadas a las costas y a las r\u00edas.<\/p>\n<p>&#8211; <em>Ecologistas en Acci\u00f3n<\/em> subraya que la reforma aprobada no trae soluciones, sino que genera nuevos problemas por el cambio de rumbo que supone con respecto a la <a href=\"https:\/\/marina.swarpeca.es\/revista\/IMG\/pdf\/ley_de_costas-2.pdf\">anterior ley<\/a>. Tampoco incrementar\u00e1 la seguridad jur\u00eddica, pese a lo que argumente el Ministerio de Agricultura, Alimentaci\u00f3n y Medio Ambiente. La gran cantidad de excepciones, casu\u00edsticas infinitas y desigualdades de tratamiento que recoge tendr\u00e1 el efecto contrario: la incertidumbre jur\u00eddica.<\/p>\n<p>Si el contenido de la reforma es censurable, tambi\u00e9n lo es el modo en el que se ha llevado a cabo su aprobaci\u00f3n, sin la necesaria participaci\u00f3n social. Desde el Ministerio de Medio Ambiente se adquiri\u00f3 hace pocas semanas el compromiso verbal de debatir la reforma con organizaciones ecologistas y dar espacio para recoger sus alegaciones. Esta promesa ha sido incumplida con la inesperada aprobaci\u00f3n de hoy en el Consejo de Ministros.<\/p>\n<p><em>Ecologistas en Acci\u00f3n<\/em> teme que el Ministerio de Medio Ambiente pretenda desmantelar la legislaci\u00f3n ambiental. El primer paso es la modificaci\u00f3n de la Ley de Costas de 1988, privando a la sociedad de un uso p\u00fablico de la costa y de la protecci\u00f3n de la misma.<\/p>\n<p><a href=\"https:\/\/www.ecologistasenaccion.org\/article24208.html\"><em>Ecologistas en Acci\u00f3n<\/em><\/a><\/p>\n<div class=\"VideoContainer\"  data-sust=\"false\" data-permaLink=\"https:\/\/www.rtve.es\/alacarta\/videos\/telediario\/aprobada-consejo-ministros-reforma-ley-costas\/1544857\/\" data-assetID=\"1544857_es_videos\" data-location=\"embed_videos\" data-idManager=\"\" itemprop=\"Video\" itemscope itemtype=\"https:\/\/schema.org\/VideoObject\"><span class=\"hddn\" style=\"display: none; \" itemprop=\"name\">Aprobada por el Consejo de Ministros la reforma de la ley de Costas<\/span><meta itemprop=\"duration\" content=\"T1M50S\" \/><meta itemprop=\"thumbnail\" content=\"https:\/\/img.irtve.es\/imagenes\/nueva-reforma-ley-costas\/1349467594826.jpg\" \/><meta itemprop=\"description\" content=\"El Consejo de Ministros ha aprobado hoy la reforma de la ley de Costas que data de 1988. Esta nueva norma, dice el gobierno, proteger\u00e1 m\u00e1s nuestro litoral de excesos urban\u00edsticos, excluye del dominio p\u00fablico una decena de n\u00facleos hist\u00f3ricos, y entre otras, alarga las concesiones legales que caducan en 2018.\" \/><object type=\"application\/x-shockwave-flash\" id=\"\"  height=\"239\" width=\"425\"data=\"https:\/\/www.rtve.es\/swf\/4.1.14\/RTVEPlayerVideo.swf\"><param name=\"movie\" value=\"https:\/\/www.rtve.es\/swf\/4.1.14\/RTVEPlayerVideo.swf\"><param name=\"allowScriptAccess\" value=\"always\"><param name=\"allowFullScreen\" value=\"true\"><param name=\"bgcolor\" value=\"#000000\"><!--  solo video--><param name=\"wmode\" value=\"opaque\"><param name=\"quality\" value=\"high\"><param name=\"flashvars\" value=\"assetID=1544857_es_videos&#038;location=embed_videos\"><a href=\"https:\/\/www.rtve.es\/alacarta\/videos\/telediario\/aprobada-consejo-ministros-reforma-ley-costas\/1544857\/\" itemprop=\"url\"><span class=\"videoplay\"><strong>Ver v\u00eddeo<\/strong><\/span><img decoding=\"async\" class=\" size-full wp-image-1884\" width=\"425\" src=\"https:\/\/marina.swarpeca.es\/revista\/wp-content\/uploads\/2012\/10\/1349467594826.jpg\" alt=\"Aprobada por el Consejo de Ministros la reforma de la ley de Costas\" title=\"Aprobada por el Consejo de Ministros la reforma de la ley de Costas\" itemprop=\"Image\" srcset=\"https:\/\/marina.swarpeca.es\/revista\/wp-content\/uploads\/2012\/10\/1349467594826.jpg 768w, https:\/\/marina.swarpeca.es\/revista\/wp-content\/uploads\/2012\/10\/1349467594826-300x169.jpg 300w\" sizes=\"(max-width: 768px) 100vw, 768px\" \/><\/a><\/object><\/div>\n<ul style=\"padding:4px 0 8px 5%;width:95%;display:block;font-size:10px;text-align:left;border-bottom:1px solid #999;background:url('https:\/\/www.rtve.es\/favicon.ico') no-repeat left 2px;\">\n<li style=\"display:inline;\"><a href=\"https:\/\/www.rtve.es\/alacarta\/showEmbeddedCode.shtml?contentID=1544857&#038;urlLocation=https:\/\/www.rtve.es\/alacarta\/videos\/telediario\/aprobada-consejo-ministros-reforma-ley-costas\/1544857.shtml\" title=\"Aprobada por el Consejo de Ministros la reforma de la ley de Costas\"><strong>Aprobada por el Consejo de Ministros la reforma de la ley de Costas<\/strong><\/a><\/li>\n<\/ul>\n<p><strong>Relacionados en <em>G\u00e9minis Papeles de Salud<\/em> <\/strong><\/p>\n<p>&#8211; <a href=\"https:\/\/marina.swarpeca.es\/revista\/el-hotel-de-el-algarrobico-contraviene-la-ley-de-costas-segun-sentencia-del-tribunal-supremo-espanol\/\">El hotel de El Algarrobico contraviene la Ley de Costas seg\u00fan sentencia del Tribunal Supremo espa\u00f1ol<\/a><\/p>\n<p>&#8211; <a href=\"https:\/\/marina.swarpeca.es\/revista\/urbanismo-infraestructuras-y-contaminacion-amenazan-el-litoral-en-el-estado-espanol-segun-greenpeace\/\">Urbanismo, infraestructuras y contaminaci\u00f3n amenazan el litoral en el estado espa\u00f1ol seg\u00fan Greenpeace<\/a><\/p>\n<p><img loading=\"lazy\" decoding=\"async\" class=\" alignleft size-full wp-image-1885\" src=\"https:\/\/marina.swarpeca.es\/revista\/wp-content\/uploads\/2012\/10\/no_a_nuestra_costa.jpg\" alt=\"no_a_nuestra_costa.jpg\" align=\"left\" width=\"250\" height=\"100\" \/><\/p>\n<p><strong>Plataforma No a nuestra costa<\/strong><\/p>\n<p>18-04-2012, por Mar<\/p>\n<p>La Plataforma \u201c<em>No a Nuestra Costa<\/em>\u201d es una iniciativa puesta en marcha por <em>Amigos de la Tierra<\/em>, <em>Ecologistas en Acci\u00f3n<\/em>, <em>Greenpeace<\/em>, <em>GOB<\/em>, <em>SEO\/BirdLife<\/em> y <em>WWF<\/em> por la defensa de la Ley de Costas, ante los reiterados intentos de reforma de la misma.<\/p>\n<p>Para las casi 100 organizaciones que forman de momento la Plataforma \u201c<em>No a Nuestra Costa<\/em>\u201d <strong>La Ley de Costas es una garant\u00eda para la conservaci\u00f3n de los ecosistemas litorales, el uso p\u00fablico en la costa y el freno a la especulaci\u00f3n urban\u00edstica<\/strong>.<\/p>\n<p>La Plataforma est\u00e1 formada por decenas de organizaciones ecologistas, del sector social y econ\u00f3mico, y re\u00fane a empresas de turismo activo y naturaleza, asociaciones de vecinos del litoral, departamentos de diferentes universidades, la <em>Asociaci\u00f3n de Jueces para la Democracia<\/em>, formada por m\u00e1s de 500 jueces, el <em>Observatorio de Responsabilidad Social Corporativa<\/em>, el <em>Foro de Turismo Responsable<\/em>, <em>ATTAC<\/em> (Asociaci\u00f3n por la Tasaci\u00f3n de las Transacciones Financieras y por la Ayuda a los Ciudadanos), o sindicatos como <em>UGT<\/em>, <em>CCOO<\/em> o <em>CGT<\/em>, entre otras.<\/p>\n<p>\u201c<em>No a nuestra costa<\/em>\u201d desea convertirse en un movimiento ciudadano y apartidista, que sume fuerzas y voces para garantizar el uso p\u00fablico y libre de nuestra costa, as\u00ed como la conservaci\u00f3n del litoral. Desde la plataforma esto es fundamental para la actividad econ\u00f3mica sostenible a largo plazo e insiste en que la aplicaci\u00f3n correcta de la Ley de Costas, sin duda, ha de conjugar la conservaci\u00f3n y el desarrollo econ\u00f3mico.<\/p>\n<p>Con la presentaci\u00f3n de la Plataforma, las organizaciones han lanzado tambi\u00e9n una campa\u00f1a de movilizaci\u00f3n ciudadana para que a t\u00edtulo personal apoyen la validez de la actual Ley de Costas en www.noanuestracosta.orgVentana nueva<\/p>\n<p><strong>La situaci\u00f3n de nuestra costa actualmente<\/strong><\/p>\n<p>La entrada en vigor de la Ley de Costas, en 1988, avanz\u00f3 decisivamente en la conservaci\u00f3n de los recursos naturales. Se establecieron claros l\u00edmites al proceso de desfiguraci\u00f3n de la costa (iniciado hace 60 a\u00f1os), haciendo patente el uso p\u00fablico de la costa para todos los ciudadanos que recoge el art\u00edculo 132 de la Constituci\u00f3n espa\u00f1ola. Adem\u00e1s, salvaguarda los derechos leg\u00edtimos de particulares y empresas, dando un plazo de 30 a\u00f1os, que termina en 2018, y prorrogables otros 30 m\u00e1s para buscar otra ubicaci\u00f3n al gran n\u00famero de industrias altamente contaminantes que se asientan en la costa.<\/p>\n<p>En dos d\u00e9cadas, nuestra costa ha perdido una superficie similar a ocho campos de f\u00fatbol cada d\u00eda. Una costa mal conservada nos cuesta miles de millones de euros cada a\u00f1o, dinero p\u00fablico que se destina a la restauraci\u00f3n de paseos mar\u00edtimos, playas, infraestructuras costeras y al control de vertidos en una espiral de gasto sin fin.<\/p>\n<p>Desde la plataforma se considera que la aplicaci\u00f3n de la Ley de Costas tiene que ser estricta, sin rebajas, eliminando las construcciones ilegales y compensando a aquellos propietarios v\u00edctimas de la mala gesti\u00f3n administrativa (estudiando caso por caso). Una reforma de la Ley de Costas, en los t\u00e9rminos planteados por el Gobierno, donde solo unos pocos se ver\u00edan favorecidos, implicar\u00eda un enorme coste que pagar\u00edamos todos con el dinero de nuestros impuestos.<\/p>\n<p>La mejor pol\u00edtica que se debe realizar es favorecer la conservaci\u00f3n del entorno. El respeto a los procesos ecol\u00f3gicos no es un freno al progreso, sino el camino para salir de la crisis.<\/p>\n<p><strong>Diez motivos para defender la Ley de Costas<\/strong><\/p>\n<p>En dos d\u00e9cadas, cada d\u00eda se ha perdido una superficie de nuestra costa similar a ocho campos de f\u00fatbol. La Ley de Costas no debe ser reformada, sino aplicarla correctamente ya que:<\/p>\n<p>La Ley de Costas garantiza el uso p\u00fablico y libre de la costa. Defender nuestras playas, calas, dunas, acantilados y r\u00edas es proteger un bien com\u00fan.<\/p>\n<p>La Ley de Costas debe ser un seguro contra la especulaci\u00f3n y contra la corrupci\u00f3n en nuestro litoral.<\/p>\n<p>La Ley de Costas salvaguarda el valor econ\u00f3mico del litoral. Una costa bien conservada genera beneficios de unos 8.000 millones de euros al a\u00f1o y m\u00e1s puestos de trabajo que una costa degradada.<\/p>\n<p>La Ley de Costas asegura el buen estado del litoral. Una costa saludable es la base para la pesca y el marisqueo, ya que es el vivero de especies cruciales para el futuro del sector.<\/p>\n<p>La Ley de Costas permite la instalaci\u00f3n en nuestras playas de establecimientos, como restaurantes, terrazas, etc, siempre que cumplan la legislaci\u00f3n.<\/p>\n<p>La Ley de Costas avala nuevos modelos de desarrollo tur\u00edstico, invirtiendo en reformar las infraestructuras existentes, sin necesidad de construir otras nuevas.<\/p>\n<p>La Ley de Costas vela por la seguridad ciudadana, evitando que se edifique en zonas peligrosas por riesgo de inundaci\u00f3n o temporales.<\/p>\n<p>La Ley de Costas evita que se produzca una amnist\u00eda para aquellos que han da\u00f1ado el litoral.<\/p>\n<p>La Ley de Costas est\u00e1 alineada con la Uni\u00f3n Europea, que exige transparencia urban\u00edstica y lucha contra la corrupci\u00f3n.<\/p>\n<p>La Ley de Costas cuenta con el respaldo de los tribunales espa\u00f1oles, que han fallado en el 95% de los casos a favor del inter\u00e9s general y no de intereses particulares.<\/p>\n<p><a href=\"www.noanuestracosta.org\"><em>Plataforma No a nuestra costa<\/em><\/a><\/p>\n<p><img loading=\"lazy\" decoding=\"async\" class=\" alignleft size-full wp-image-1886\" src=\"https:\/\/marina.swarpeca.es\/revista\/wp-content\/uploads\/2012\/10\/no_a_nuestra_costa.png\" alt=\"no_a_nuestra_costa.png\" align=\"left\" width=\"200\" height=\"91\" \/><\/p>\n<p><strong>Rueda prensa Plataforma No a nuestra costa<\/strong>, 19\/04\/2012, <a href=\"https:\/\/www.youtube.com\/user\/Greenpeacespain\">Greenpeacespain<\/a><embed src=\"https:\/\/www.youtube.com\/v\/S2C3oR-N9Yg?version=3&#038;hl=es_ES&#038;rel=0\" type=\"application\/x-shockwave-flash\" width=\"340\" height=\"191\" allowscriptaccess=\"always\" allowfullscreen=\"true\"><\/embed>(9 de octubre de 2012)<\/p>\n","protected":false},"excerpt":{"rendered":"<p>&#8211; <em>Ecologistas en Acci\u00f3n<\/em> rechaza rotundamente la <a href=\"http:\/\/marina.swarpeca.es\/IMG\/pdf\/costas_consejo_ministros_05102012.pdf\">modificaci\u00f3n de la Ley de Costas aprobada en el Consejo de Ministros de hoy<\/a>. El proyecto de ley reduce peligrosamente la protecci\u00f3n del litoral existente hasta ahora, favorece la privatizaci\u00f3n y la especulaci\u00f3n urban\u00edstica incontrolada en buena parte de la costa y establece infinidad de excepciones sin justificaci\u00f3n. Se trata de una <a href=\"http:\/\/marina.swarpeca.es\/IMG\/pdf\/proyecto_ley_costas.pdf\">ley<\/a> aprobada sin la necesaria participaci\u00f3n social, hecha a la medida de intereses particulares, que olvida el cambio clim\u00e1tico y su efecto sobre la costa.<\/p>\n","protected":false},"author":1,"featured_media":1883,"comment_status":"closed","ping_status":"open","sticky":false,"template":"","format":"standard","meta":{"footnotes":""},"categories":[5],"tags":[],"_links":{"self":[{"href":"https:\/\/marina.swarpeca.es\/revista\/wp-json\/wp\/v2\/posts\/1887"}],"collection":[{"href":"https:\/\/marina.swarpeca.es\/revista\/wp-json\/wp\/v2\/posts"}],"about":[{"href":"https:\/\/marina.swarpeca.es\/revista\/wp-json\/wp\/v2\/types\/post"}],"author":[{"embeddable":true,"href":"https:\/\/marina.swarpeca.es\/revista\/wp-json\/wp\/v2\/users\/1"}],"replies":[{"embeddable":true,"href":"https:\/\/marina.swarpeca.es\/revista\/wp-json\/wp\/v2\/comments?post=1887"}],"version-history":[{"count":2,"href":"https:\/\/marina.swarpeca.es\/revista\/wp-json\/wp\/v2\/posts\/1887\/revisions"}],"predecessor-version":[{"id":3340,"href":"https:\/\/marina.swarpeca.es\/revista\/wp-json\/wp\/v2\/posts\/1887\/revisions\/3340"}],"wp:featuredmedia":[{"embeddable":true,"href":"https:\/\/marina.swarpeca.es\/revista\/wp-json\/wp\/v2\/media\/1883"}],"wp:attachment":[{"href":"https:\/\/marina.swarpeca.es\/revista\/wp-json\/wp\/v2\/media?parent=1887"}],"wp:term":[{"taxonomy":"category","embeddable":true,"href":"https:\/\/marina.swarpeca.es\/revista\/wp-json\/wp\/v2\/categories?post=1887"},{"taxonomy":"post_tag","embeddable":true,"href":"https:\/\/marina.swarpeca.es\/revista\/wp-json\/wp\/v2\/tags?post=1887"}],"curies":[{"name":"wp","href":"https:\/\/api.w.org\/{rel}","templated":true}]}}