{"id":1882,"date":"2012-10-03T22:05:18","date_gmt":"2012-10-03T22:05:18","guid":{"rendered":"https:\/\/marina.swarpeca.es\/revista\/2012\/10\/03\/el-94-de-la-poblacion-respira-aire-contaminado-en-el-estado-espanol\/"},"modified":"2012-10-03T22:05:18","modified_gmt":"2012-10-03T22:05:18","slug":"el-94-de-la-poblacion-respira-aire-contaminado-en-el-estado-espanol","status":"publish","type":"post","link":"https:\/\/marina.swarpeca.es\/revista\/el-94-de-la-poblacion-respira-aire-contaminado-en-el-estado-espanol\/","title":{"rendered":"El 94% de la poblaci\u00f3n respira aire contaminado en el estado espa\u00f1ol"},"content":{"rendered":"<p>Todas las versiones de este art\u00edculo: <a href=\"https:\/\/www.ecologistasenaccion.org\/article24186.html\"https:\/\/marina.swarpeca.es\/revista\/>Asturianu<\/a>, <a href=\"https:\/\/www.ecologistasenaccion.org\/article24181\">Catal\u00e0<\/a>, <a href=\"https:\/\/www.ecologistasenaccion.org\/article24180\">Galego<\/a>.<\/p>\n<p>&#8211; <a href=\"https:\/\/marina.swarpeca.es\/revista\/IMG\/pdf\/informe_calidad_aire_2011.pdf\">Informe sobre la calidad del aire en el Estado espa\u00f1ol durante 2011<\/a><\/p>\n<p><em>Ecologistas en Acci\u00f3n<\/em> ha presentado su informe sobre la calidad del aire en el Estado espa\u00f1ol durante 2011. Entre las conclusiones m\u00e1s relevantes del trabajo, se desprende que un 94% de la poblaci\u00f3n respira aire que supera los \u00edndices recomendados por la Organizaci\u00f3n Mundial de la Salud. <\/p>\n<p>Si nos atenemos a los l\u00edmites de contaminaci\u00f3n que marca la legislaci\u00f3n, el porcentaje de poblaci\u00f3n afectado ser\u00eda del 22%, 10,4 millones de personas. La situaci\u00f3n, a pesar de su gravedad, se mantiene en unos niveles estables en los \u00faltimos a\u00f1os, sobre todo por el efecto de la crisis. <strong>El principal agente contaminador del aire es el tr\u00e1fico en las zonas metropolitanas<\/strong>. Las Administraciones no est\u00e1n adoptando las medidas necesarias para solucionar este serio problema de salud p\u00fablica.<\/p>\n<p>El estudio, realizado como cada a\u00f1o por <em>Ecologistas en Acci\u00f3n<\/em>, analiza la calidad del aire que respira la pr\u00e1ctica totalidad de la poblaci\u00f3n espa\u00f1ola (47,02 millones de personas en enero de 2011). Los datos utilizados provienen de los que facilitan las Administraciones auton\u00f3micas a partir de sus redes de medici\u00f3n de la contaminaci\u00f3n.<\/p>\n<p><strong>Resultados m\u00e1s relevantes del estudio<\/strong> <\/p>\n<p>* Los contaminantes que m\u00e1s problemas de salud originan en el estado espa\u00f1ol durante 2011 son las part\u00edculas en suspensi\u00f3n (PM10 y PM2,5), el ozono troposf\u00e9rico (O3), el di\u00f3xido de azufre (SO2) y el di\u00f3xido de nitr\u00f3geno (NO2). Para la valoraci\u00f3n del porcentaje de poblaci\u00f3n espa\u00f1ola que respira aire contaminado se han tenido en cuenta todos estos contaminantes.<\/p>\n<p>&#8211; * La poblaci\u00f3n que respira aire contaminado en el estado espa\u00f1ol, seg\u00fan los valores l\u00edmite establecidos por la <a href=\"https:\/\/marina.swarpeca.es\/revista\/IMG\/pdf\/directiva_2008_50.pdf\">Directiva 2008\/50\/CE<\/a>, es de 10,4 millones de personas. Esto es, un 22% de la poblaci\u00f3n respira un aire cuya contaminaci\u00f3n supera los l\u00edmites legales.<\/p>\n<p>* Si se tienen en cuenta los valores recomendados por la OMS, la poblaci\u00f3n que respira aire malsano se incrementa hasta los 44,3 millones de personas. Es decir, un 94% de la poblaci\u00f3n. <\/p>\n<p>A destacar que el informe publicado la semana pasada sobre la calidad del aire en Europa por la <em>Agencia Europea del Medio Ambiente<\/em> ha utilizado esta misma metodolog\u00eda de an\u00e1lisis [[<em>25 de septiembre de 2012<\/em><\/p>\n<p>&#8211; <a href=\"https:\/\/marina.swarpeca.es\/revista\/IMG\/pdf\/air-quality-in-europe-2012.pdf\">AEMA: <em>Calidad del Aire en Europa. Informe 2012<\/em><\/a><\/p>\n<p><img loading=\"lazy\" decoding=\"async\" class=\" alignleft size-full wp-image-1881\" src=\"https:\/\/marina.swarpeca.es\/revista\/wp-content\/uploads\/2012\/10\/calidad_aire_europa_2012-2.jpg\" alt=\"calidad_aire_europa_2012-2.jpg\" align=\"left\" width=\"226\" height=\"320\" srcset=\"https:\/\/marina.swarpeca.es\/revista\/wp-content\/uploads\/2012\/10\/calidad_aire_europa_2012-2.jpg 226w, https:\/\/marina.swarpeca.es\/revista\/wp-content\/uploads\/2012\/10\/calidad_aire_europa_2012-2-212x300.jpg 212w\" sizes=\"(max-width: 226px) 100vw, 226px\" \/><\/p>\n<p>Este informe, elaborado por la Agencia Europea de Medio Ambiente (AEMA), presenta una visi\u00f3n general y un an\u00e1lisis de la situaci\u00f3n y tendencias de la calidad del aire en Europa, bas\u00e1ndose en las mediciones de las concentraciones de contaminantes en el aire ambiente y en los datos de emisiones antropog\u00e9nicas y tendencias de 2001 a 2010. <\/p>\n<p><a href=\"https:\/\/blog.troposfera.org\/2012\/09\/aema-calidad-del-aire-en-europa-informe.html\"><em>Troposfera<\/em><\/a>.]] \u2013referida a las recomendaciones de la OMS\u2013 que viene usando <em>Ecologistas en Acci\u00f3n<\/em> desde hace a\u00f1os.<\/p>\n<p>* La principal fuente de contaminaci\u00f3n en \u00e1reas urbanas (donde vive la mayor parte de la poblaci\u00f3n) es el tr\u00e1fico rodado.<\/p>\n<p>* Al igual que en los a\u00f1os siguientes a 2007, durante 2011 se registra una peque\u00f1a reducci\u00f3n de los niveles de contaminaci\u00f3n con respecto a a\u00f1os precedentes, algo que \u2013como viene apuntando esta organizaci\u00f3n ecologista\u2013 sigue ocurriendo m\u00e1s por razones coyunturales que por la aplicaci\u00f3n de medidas planificadas y orientadas a mejorar la calidad del aire. <\/p>\n<p>Entre las causas de esta situaci\u00f3n destacan: la reducci\u00f3n de la movilidad originada por la crisis (el consumo de combustibles de automoci\u00f3n en 2011 es un 14,8% inferior al de 2007, aunque se ha experimentado un repunte en 2011); la disminuci\u00f3n de la actividad industrial debido a la coyuntura econ\u00f3mica; y por \u00faltimo, la evoluci\u00f3n del parque automovil\u00edstico hacia veh\u00edculos m\u00e1s peque\u00f1os y eficientes y, por tanto, menos contaminadores.<\/p>\n<p><em>Ecologistas en Acci\u00f3n<\/em> quiere destacar que la contaminaci\u00f3n del aire es un asunto muy grave: estudios de la Comisi\u00f3n Europea cifran en 19.940 fallecimientos prematuros al a\u00f1o en Espa\u00f1a por esta causa [[- Direcci\u00f3n General de Medio Ambiente, Comisi\u00f3n Europea, 2005: <a href=\"https:\/\/marina.swarpeca.es\/revista\/IMG\/pdf\/cafe_cba.pdf\">CAFE CBA: Baseline Analysis 2000 to 2020. p\u00e1g 105<\/a>.]]. <\/p>\n<p>A pesar de ello, <strong>las Administraciones no est\u00e1n tomando las medidas necesarias para solucionarlo<\/strong>. En particular:<\/p>\n<p>* Las superaciones de los l\u00edmites legales se vienen repitiendo de forma sistem\u00e1tica en los \u00faltimos a\u00f1os. La Comisi\u00f3n Europea inici\u00f3, en enero de 2009, un procedimiento de infracci\u00f3n contra Espa\u00f1a por el incumplimiento de la normativa sobre calidad del aire que est\u00e1 a punto de llevarnos al Tribunal de Justicia Europeo.<\/p>\n<p>* La informaci\u00f3n al ciudadano no es ni adecuada ni ajustada a la gravedad del problema.<\/p>\n<p>* Los Planes de Mejora de la Calidad del Aire y los Planes de Acci\u00f3n para reducir esta contaminaci\u00f3n, obligatorios seg\u00fan la legislaci\u00f3n vigente, en muchos casos no existen, y en otros apenas si tienen efectividad por falta de voluntad pol\u00edtica de acometer medidas estructurales. Estos planes son responsabilidad de las Comunidades Aut\u00f3nomas y de los Ayuntamientos.<\/p>\n<p>&#8211; * El anterior Ministerio de Medio Ambiente y Medio Rural y Marino aprob\u00f3 in extremis un <a href=\"https:\/\/marina.swarpeca.es\/revista\/IMG\/pdf\/plan_nacional_mejora_calidad_aire.pdf\">Plan Nacional de Mejora de la Calidad del Aire<\/a> que no se ha puesto en marcha. <\/p>\n<p>&#8211; Por su parte, el actual Ministerio de Agricultura, Alimentaci\u00f3n y Medio Ambiente ha se\u00f1alado que pretende modificar dicho plan y la <a href=\"https:\/\/marina.swarpeca.es\/revista\/IMG\/pdf\/ley_de_calidad_del_aire.pdf\">Ley de Calidad del Aire<\/a> para hacerlos \u201c<em>m\u00e1s realistas<\/em>\u201d, algo que no invita al optimismo sobre la ambici\u00f3n para reducir la contaminaci\u00f3n.<\/p>\n<p><em>Ecologistas en Acci\u00f3n<\/em> recuerda que las principales v\u00edas de actuaci\u00f3n para reducir la contaminaci\u00f3n del aire pasan por la disminuci\u00f3n del tr\u00e1fico motorizado, la reducci\u00f3n de la necesidad de movilidad y la potenciaci\u00f3n del transporte p\u00fablico (en especial el el\u00e9ctrico), adem\u00e1s de dar facilidades a los medios no motorizados en las ciudades. <\/p>\n<p>Por su lado, para mejorar el aire de las zonas industriales la mejor estrategia es la adopci\u00f3n generalizada de las mejores tecnolog\u00edas industriales disponibles y la reducci\u00f3n dr\u00e1stica de la generaci\u00f3n el\u00e9ctrica por centrales t\u00e9rmicas.<\/p>\n<p><a href=\"https:\/\/www.ecologistasenaccion.org\/\"><em>Ecologistas en Acci\u00f3n<\/em><\/a><\/p>\n<p>(3 de octubre de 2012)<\/p>\n","protected":false},"excerpt":{"rendered":"<p>&#8211; <em>Ecologistas en Acci\u00f3n<\/em> ha presentado su informe sobre la calidad del aire en el Estado espa\u00f1ol durante 2011. Entre las conclusiones m\u00e1s relevantes del trabajo, se desprende que un 94% de la poblaci\u00f3n respira aire que supera los <a href=\"http:\/\/marina.swarpeca.es\/IMG\/pdf\/calidad_del_aire_y_salud_oms.pdf\">\u00edndices recomendados por la <em>Organizaci\u00f3n Mundial de la Salud<\/em><\/a>. <\/p>\n","protected":false},"author":1,"featured_media":1880,"comment_status":"closed","ping_status":"open","sticky":false,"template":"","format":"standard","meta":{"footnotes":""},"categories":[5],"tags":[],"_links":{"self":[{"href":"https:\/\/marina.swarpeca.es\/revista\/wp-json\/wp\/v2\/posts\/1882"}],"collection":[{"href":"https:\/\/marina.swarpeca.es\/revista\/wp-json\/wp\/v2\/posts"}],"about":[{"href":"https:\/\/marina.swarpeca.es\/revista\/wp-json\/wp\/v2\/types\/post"}],"author":[{"embeddable":true,"href":"https:\/\/marina.swarpeca.es\/revista\/wp-json\/wp\/v2\/users\/1"}],"replies":[{"embeddable":true,"href":"https:\/\/marina.swarpeca.es\/revista\/wp-json\/wp\/v2\/comments?post=1882"}],"version-history":[{"count":0,"href":"https:\/\/marina.swarpeca.es\/revista\/wp-json\/wp\/v2\/posts\/1882\/revisions"}],"wp:featuredmedia":[{"embeddable":true,"href":"https:\/\/marina.swarpeca.es\/revista\/wp-json\/wp\/v2\/media\/1880"}],"wp:attachment":[{"href":"https:\/\/marina.swarpeca.es\/revista\/wp-json\/wp\/v2\/media?parent=1882"}],"wp:term":[{"taxonomy":"category","embeddable":true,"href":"https:\/\/marina.swarpeca.es\/revista\/wp-json\/wp\/v2\/categories?post=1882"},{"taxonomy":"post_tag","embeddable":true,"href":"https:\/\/marina.swarpeca.es\/revista\/wp-json\/wp\/v2\/tags?post=1882"}],"curies":[{"name":"wp","href":"https:\/\/api.w.org\/{rel}","templated":true}]}}