{"id":1879,"date":"2012-09-28T18:54:52","date_gmt":"2012-09-28T18:54:52","guid":{"rendered":"https:\/\/marina.swarpeca.es\/revista\/2012\/09\/28\/info-biocultura-todo-sobre-la-proxima-edicion-de-madrid-8-11-noviembre-2012\/"},"modified":"2012-09-28T18:54:52","modified_gmt":"2012-09-28T18:54:52","slug":"info-biocultura-todo-sobre-la-proxima-edicion-de-madrid-8-11-noviembre-2012","status":"publish","type":"post","link":"https:\/\/marina.swarpeca.es\/revista\/info-biocultura-todo-sobre-la-proxima-edicion-de-madrid-8-11-noviembre-2012\/","title":{"rendered":"Info Biocultura: Todo sobre la pr\u00f3xima edici\u00f3n de Madrid (8-11 noviembre 2012)"},"content":{"rendered":"<p>Este \u00faltimo n\u00famero nos pone al d\u00eda de los sectores y expositores que tomar\u00e1n parte, haciendo hincapi\u00e9 en el momento que vive el mercado \u201c<em>bio<\/em>\u201d en nuestro pa\u00eds, de lo que sin duda la feria ser\u00e1 el mejor escaparate. <\/p>\n<p>Como ocurre con cada nueva edici\u00f3n, el programa de actividades paralelas es m\u00e1s amplio que la vez anterior y, lejos de decrecer, <em>BioCultura<\/em> se mantiene con m\u00e1s fuerza que nunca, resistiendo el sector mientras otros sectores se desploman.<\/p>\n<p>Como es habitual en la publicaci\u00f3n Info BioCultura, recogemos la opini\u00f3n de numerosos profesionales y firmas conocidas que nos ayudan a ponernos al d\u00eda en temas de lo m\u00e1s variados.<\/p>\n<p>&#8211; <a href=\"https:\/\/marina.swarpeca.es\/revista\/IMG\/pdf\/infobio_51.pdf\"><em>InfoBioCultura<\/em> n\u00ba 51<\/a>.<\/p>\n<p><a href=\"https:\/\/vidasana.org\/noticias-vidasana\/info-biocultura-todo-sobre-la-proxima-edicion-madrid.html\"><em>Vida Sana<\/em><\/a><\/p>\n<p>(28 de setiembre de 2012)<\/p>\n","protected":false},"excerpt":{"rendered":"<p>Coincidiendo con cada nueva edici\u00f3n de la feria <em>BioCultura<\/em> (Feria internacional de productos ecol\u00f3gicos y consumo responsable), en este caso la de Madrid (del 8 al 11 de noviembre), se ha publicado un nuevo n\u00famero de <em>Info BioCultura<\/em> (el n\u00ba 51), que recoge lo m\u00e1s interesante que podremos ver en este pr\u00f3ximo certamen, que tendr\u00e1 lugar en el pabell\u00f3n 4 de Ifema (Campo de las Naciones).<\/p>\n","protected":false},"author":1,"featured_media":1878,"comment_status":"closed","ping_status":"open","sticky":false,"template":"","format":"standard","meta":{"footnotes":""},"categories":[37],"tags":[],"_links":{"self":[{"href":"https:\/\/marina.swarpeca.es\/revista\/wp-json\/wp\/v2\/posts\/1879"}],"collection":[{"href":"https:\/\/marina.swarpeca.es\/revista\/wp-json\/wp\/v2\/posts"}],"about":[{"href":"https:\/\/marina.swarpeca.es\/revista\/wp-json\/wp\/v2\/types\/post"}],"author":[{"embeddable":true,"href":"https:\/\/marina.swarpeca.es\/revista\/wp-json\/wp\/v2\/users\/1"}],"replies":[{"embeddable":true,"href":"https:\/\/marina.swarpeca.es\/revista\/wp-json\/wp\/v2\/comments?post=1879"}],"version-history":[{"count":0,"href":"https:\/\/marina.swarpeca.es\/revista\/wp-json\/wp\/v2\/posts\/1879\/revisions"}],"wp:featuredmedia":[{"embeddable":true,"href":"https:\/\/marina.swarpeca.es\/revista\/wp-json\/wp\/v2\/media\/1878"}],"wp:attachment":[{"href":"https:\/\/marina.swarpeca.es\/revista\/wp-json\/wp\/v2\/media?parent=1879"}],"wp:term":[{"taxonomy":"category","embeddable":true,"href":"https:\/\/marina.swarpeca.es\/revista\/wp-json\/wp\/v2\/categories?post=1879"},{"taxonomy":"post_tag","embeddable":true,"href":"https:\/\/marina.swarpeca.es\/revista\/wp-json\/wp\/v2\/tags?post=1879"}],"curies":[{"name":"wp","href":"https:\/\/api.w.org\/{rel}","templated":true}]}}