{"id":1877,"date":"2012-09-28T17:34:22","date_gmt":"2012-09-28T17:34:22","guid":{"rendered":"https:\/\/marina.swarpeca.es\/revista\/2012\/09\/28\/programa-del-vi-congreso-internacional-de-terapias-naturales-eco-nat-2012-madrid-5-7-de-octubre\/"},"modified":"2012-09-28T17:34:22","modified_gmt":"2012-09-28T17:34:22","slug":"programa-del-vi-congreso-internacional-de-terapias-naturales-eco-nat-2012-madrid-5-7-de-octubre","status":"publish","type":"post","link":"https:\/\/marina.swarpeca.es\/revista\/programa-del-vi-congreso-internacional-de-terapias-naturales-eco-nat-2012-madrid-5-7-de-octubre\/","title":{"rendered":"Programa del VI Congreso Internacional de Terapias Naturales &#8216;Eco Nat 2012&#8217;, Madrid 5-7 de octubre"},"content":{"rendered":"<p>(imagen: <em>EcoNat 2012. La sexta edici\u00f3n del Congreso Internacional de Medicina Natural<\/em> <a href=\"https:\/\/www.madrid.mobi\/portales\/munimadrid\/es\/Inicio\/Ayuntamiento\/Consumo-y-Comercio\/Comercio\/EcoNat-2012.-La-sexta-edicion-del-Congreso-Internacional-de-Medicina-Natural?vgnextfmt=default&#038;vgnextoid=36691b203b808310VgnVCM1000000b205a0aRCRD&#038;vgnextchannel=1cfa9ad016e07010VgnVCM100000dc0ca8c0RCRD&#038;idioma=es&#038;idiomaPrevio=es\">Ayuntamiento de Madrid<\/a>).<\/p>\n<p><strong>Ponencias EcoNat 2012<\/strong> <\/p>\n<p>&#8211; <strong>Viernes 5 Octubre<\/strong><\/p>\n<p><strong>Sala 1 \u2022 10 a 10:30: Acto inaugural<\/strong><\/p>\n<p><strong>Sala 1 \u2022 10:45 a 12: Ayurveda: Tratamiento Shirodhara<\/strong><\/p>\n<p>El objetivo de la Ayurveda es b\u00e1sicamente el favorecimiento, prolongaci\u00f3n y mantenimiento de la vida humana sana y feliz. Tambi\u00e9n procura la prevenci\u00f3n y curaci\u00f3n de las enfermedades. La Ayurveda es uno de los grandes regalos que hicieron los sabios de la antigua India a la humanidad. Es uno de los sistemas m\u00e9dico-cient\u00edficos m\u00e1s antiguos del mundo, con una larga tradici\u00f3n y experiencia cl\u00ednica en su haber. No obstante, no es s\u00f3lo un sistema de medicina en el sentido convencional de curar enfermedades, tambi\u00e9n es un modo de vida que ense\u00f1a c\u00f3mo mantener y proteger la salud. C\u00f3mo curar las enfermedades y aumentar la longevidad. La Ayurveda trata al ser humano como un \u00ab<em>conjunto<\/em>\u00bb, aunque al mismo tiempo le ve como una combinaci\u00f3n de cuerpo, mente y alma. Por lo tanto es un sistema m\u00e9dico realmente hol\u00edstico e integral. La palabra \u00ab<em>ayu<\/em>\u00bb significa todos los aspectos de la vida, desde el nacimiento hasta la muerte. La palabra \u00ab<em>veda<\/em>\u00bb significa conocimiento o aprendizaje. As\u00ed pues, \u00ab<em>Ayurveda<\/em>\u00bb indica la ciencia que explica la vida en su conjunto. Es una ciencia que indica todo lo que el hombre debe saber para entender su cuerpo, su mente y tambi\u00e9n su alma, para as\u00ed lograr la salud y obtener la felicidad. El Shirodhara estimula la producci\u00f3n de serotonina por la gl\u00e1ndula pineal de forma natural y sin efectos secundarios. Es el proceso de dejar caer un fino caudal de aceite templado sobre la cabeza o sobre la frente. Es una de las terapias ideales para las enfermedades relacionadas con la cabeza, el cuello, los ojos, los o\u00eddos, la nariz, la garganta y el sistema nervioso. Su utilidad terap\u00e9utica est\u00e1 demostrada en la reducci\u00f3n del \u00ab<em>vata<\/em>\u00bb y en pacientes que sufren enfermedades \u00ab<em>vata<\/em>\u00bb como el insomnio, estr\u00e9s, ansiedad, perdida de cabello, memoria, migra\u00f1as, depresi\u00f3n, des\u00f3rdenes alimentarios y diversos trastornos mentales.<\/p>\n<p><strong> <em>Sisupalan Kuttappan (Vaidya)<\/em> <\/strong>: <em>Vaidya en medicina ayurveda y diplomado especializado en masaje y tratamientos ayurv\u00e9dicos de Kerala (India). Diplomado en Marma Massage, Chakra Massage y Chavitti Thirummu. Tratamientos especializados del sur de la India. Perteneciente a la \u00abAsociaci\u00f3n Internacional de la Cultura y Medicina Ayurveda\u00bb en Espa\u00f1a. Profesor de la Escuela Internacional de la Cultura Ayurveda (1\u00aa Escuela de Ayurveda en Espa\u00f1a). Ha realizado varios cursos como profesor en Ayurveda en diferentes centros e institutos en India, Maldivas y Europa. Conferencia traducida al castellano<\/em>.<\/p>\n<p><strong>Sala 2 \u2022 10:45 a 12: Sesi\u00f3n de sonido: \u00ab<em>El viaje sonoro<\/em>\u00bb con instrumentos ancestrales y canto de arm\u00f3nico. Otro modo de experimentarnos desde la vibraci\u00f3n<\/strong><\/p>\n<p>Explorar desde la quietud y silencio corporal los sonidos sutiles y vibraciones procedentes de instrumentos poderosos y ancestrales nos puede facilitar un espacio de b\u00fasqueda personal donde conectar la apertura, la emoci\u00f3n, la sensaci\u00f3n, la trasformaci\u00f3n, la fluidez, la armonizaci\u00f3n, etc., con lo que a cada uno le resuena: su propio ritmo y vibraci\u00f3n. Es un espacio de experimentaci\u00f3n que encuentra un \u00ab<em>nosotros<\/em>\u00bb inclusivo, en la presencia del aqu\u00ed y del ahora. Podemos permitir que el sonido nos inunde y vaya donde tenga que ir, sin oponernos, sin mente, con el coraz\u00f3n y alma abierta a la experiencia. Cuencos tibetanos, campanas, cuencos de cristal de cuarzo, flautas, sonajas, panderos, gongs, etc., instrumentos sagrados y la voz del canto de arm\u00f3nico. Y entre todos creamos el espacio sonoro.<\/p>\n<p><strong> <em>Do\u00f1a \u00c1ngeles Sanz Vicario<\/em> <\/strong>: <em>Terapeuta de sonido y gestora de salud integral. Especialista en terapia de sonido, terapeuta floral, medicina tradicional china, kinesiolog\u00eda, masajista, maestra de reiki y otras t\u00e9cnicas<\/em>.<\/p>\n<p><strong>Sala 3 \u2022 10:45 a 12: Programa taller de Autobiograf\u00eda: Coaching integral para mayores de 60<\/strong><\/p>\n<p>Los 60 a\u00f1os son la cifra aproximada que marca el comienzo de un nuevo ciclo vital. Algunas personas llegan a esta etapa despu\u00e9s de la jubilaci\u00f3n, de la marcha de los hijos, de enfrentarse con la soledad, de sentirse m\u00e1s fr\u00e1giles a nivel f\u00edsico o de enviudar. Cada persona tiene su momento y no hay reglas fijas pero lo que es seguro es que llega el momento en que la persona se siente al inicio de un nuevo proceso en d\u00f3nde dejan de tener sentido muchas de las actividades que hasta ahora ven\u00eda realizando. El Programa Taller de Autobiograf\u00eda es una metodolog\u00eda de Coaching integral para mayores de 60 a\u00f1os que cuenta con m\u00e1s de siete a\u00f1os de experiencia que ha ayudado a cientos de personas a afrontar la etapa de la madurez con plenitud. Ofrece las claves y las herramientas necesarias para afrontar con \u00e9xito esta, hasta ahora desconocida y dif\u00edcil, etapa de la vida. Utiliza modernas t\u00e9cnicas audiovisuales y de Coaching para lograr objetivos de desarrollo personal y planificaci\u00f3n de la propia vida adaptada a las necesidades personales de cada asistente. Entre las materias que se abordan en este programa se encuentran las gu\u00edas de c\u00f3mo afrontar la soledad, c\u00f3mo mejorar la autoestima y la seguridad en uno mismo, c\u00f3mo lograr ocupar el tiempo libre, c\u00f3mo mejorar las relaciones familiares, c\u00f3mo llevarse bien con uno mismo y c\u00f3mo encontrar un estilo y la imagen con la que podamos sentirnos a gusto delante de los dem\u00e1s. Tambi\u00e9n se establecen pautas para revertir el envejecimiento y gozar el mayor tiempo posible de una buena salud afrontando los desequilibrios emocionales y el pensamiento negativo.<\/p>\n<p><em> <strong>Do\u00f1a Ana Casta\u00f1o Narbona<\/strong> <\/em>: <em>Ana Casta\u00f1o es Terapeuta y Coach de Vida, titulada con un M\u00e1ster en Coaching Estrat\u00e9gico y Resoluci\u00f3n de Conflictos. Ha recibido formaci\u00f3n en Estados Unidos en donde residi\u00f3 por ocho a\u00f1os y en Berl\u00edn (Alemania) en donde ha trabajado por tres a\u00f1os en distintos programas para mayores. Desde hace siete a\u00f1os es Directora del Programa Taller de Autobiograf\u00eda, una innovadora metodolog\u00eda de Coaching Integral para mayores de 60 a\u00f1os que se imparte con \u00e9xito en los Estados Unidos<\/em>.<\/p>\n<p><strong>Sala 1 \u2022 12:15 a 13:30: Jin Shin Jyutsu<\/strong><\/p>\n<p>Jin Shin Jyutsu significa \u00ab<em>El arte del Creador para el hombre de conocimiento<\/em>\u00bb. \u00ab<em>El arte de conocerse y ayudarse a s\u00ed mismo<\/em>\u00bb. Es un arte antiguo de armonizaci\u00f3n de la energ\u00eda vital en el cuerpo, nacido de la sabidur\u00eda innata y transmitido oralmente de generaci\u00f3n en generaci\u00f3n durante siglos. El arte estaba casi olvidado, cuando el maestro japon\u00e9s Jiro Murai lo rescat\u00f3 a principios del siglo XX. Hay una energ\u00eda vital que no puede destruirse, es nuestra Fuente de vida. Esta energ\u00eda revitaliza nuestros circuitos energ\u00e9ticos para todas las funciones del cuerpo. Jin Shin Jyutsu utiliza 26 cerraduras de energ\u00eda de seguridad situadas en el cuerpo. Cuando uno o varios circuitos est\u00e1n bloqueados, el estancamiento resultante puede afectar una zona del cuerpo y desarmonizar los flujos energ\u00e9ticos en su totalidad.<\/p>\n<p><em> <strong>Do\u00f1a M\u00aa Jes\u00fas Arias Cabezudo<\/strong> <\/em>: <em>Licenciada en Medicina y Cirug\u00eda Universidad Complutense de Madrid. Diploma en Medicina Tradicional China y Acupuntura South African Medical Acupuncture Society. Cape Town, South Africa. Kinesiologia: Toque para salud I-II-III International Kinesiology College, Zurich, Switzerland. Diploma en Reflexolog\u00eda y Terapia de Meridianos The International School of Reflexology and Meridian Therapy East London, South Africa. Formaci\u00f3n en Jin Shin Jytsu desde 1996 hasta la actualidad. En este momento forma parte del programa de formaci\u00f3n de instructores de la Jin Shin Jyutsu Faculty en Scottsdale, Arizona. El objetivo de este programa es formar instructores que ense\u00f1en Jin Shin Jyutsu por todo el mundo<\/em>.<\/p>\n<p><strong>Sala 2 \u2022 12:15 a 13:30: El Dr. Edward Bach \u00bfQu\u00e9 tiene que decirnos en 2012? Un modelo esencial. Su vida como paradigma de trabajo terap\u00e9utico. Su enfoque de las crisis<\/strong><\/p>\n<p>Hay valores humanos y formas de ser que sirven de modelo y orientaci\u00f3n a los profesionales que trabajan dentro de un campo de la salud. Son ejemplo a honrar por lo tanto. Tambi\u00e9n son referencia de qu\u00e9 debe hacerse y qu\u00e9 no y de qu\u00e9 manera atender a los pacientes y de c\u00f3mo transitar momentos dif\u00edciles, cr\u00edticos, para los colectivos humanos. En la actualidad es dif\u00edcil encontrar un profesional de este campo alternativo que no trabaje con sus flores, cada vez hay m\u00e1s m\u00e9dicos y psic\u00f3logos que lo hacen, laboratorios que manufacturan sus remedios florales. \u00bfQu\u00e9 les dir\u00eda el Dr. Edward Bach? \u00bfCu\u00e1l es la formaci\u00f3n\/orientaci\u00f3n id\u00f3nea para ello? El objetivo de esta ponencia es hacer patente para el profesional de la salud natural o convencional los principios que reg\u00edan la vida de este profesional de la medicina convencional que opt\u00f3 por generar un modelo natural y alternativo con toda una l\u00f3gica que hoy en d\u00eda podr\u00edamos denominar ecol\u00f3gica. Tambi\u00e9n se explicar\u00e1 c\u00f3mo ve\u00eda aspectos concretos de la curaci\u00f3n vinculada a la espiritualidad humana. Algo muy importante en \u00e9pocas donde el materialismo se desliza casi sin que nos demos cuenta.<\/p>\n<p><em> <strong>Don Jos\u00e9 Salmer\u00f3n Pascual<\/strong> <\/em>: <em>Licenciado en Psicolog\u00eda por la Universidad Complutense de Madrid. Dirige desde hace 20 a\u00f1os el Centro Edward Bach, la Instituci\u00f3n m\u00e1s longeva de Espa\u00f1a en Materia de Flores de Bach. Elaborador de Flores de Bach y autor de varios libros sobre el tema<\/em>.<\/p>\n<p><strong>Sala 3 \u2022 12:15 a 13:30: El descubrimiento de la Regeneraci\u00f3n Celular Natural<\/strong><\/p>\n<p>Ser\u00eda posible observar c\u00f3mo vuelve a crecer un trozo de materia cerebral previamente destruido? O bien ver c\u00f3mo desaparecen tumores y se regeneran tejidos sanos, c\u00f3mo desaparecen la mayor parte de sus s\u00edntomas y recupera un bienestar integral, el mismo que tenia el d\u00eda de su nacimiento? \u00c9stos son algunos de los resultados de esta investigaci\u00f3n independiente de m\u00e1s de 20 a\u00f1os realizada por Laurent Schidler, autor del libro \u201c<em>La F\u00f3rmula de la Vida y la Salud<\/em>\u201d. En realidad, las enfermedades no existen, son todas s\u00edntomas de una alteraci\u00f3n del entorno celular, bien por virus, bacterias, hongos, par\u00e1sitos, o bien pat\u00f3genos. En resumidas cuentas, debido a \u201c<em>elementos interferentes<\/em>\u201d que tambi\u00e9n pueden ser emocionales. Al devolver el entorno celular adecuado y descartar <strong>Todos<\/strong> los elementos interferentes, el organismo aprende a organizarse nuevamente, regenerarse como el primer d\u00eda, pues todos los seres vivos un d\u00eda hemos sido una sola c\u00e9lula, y de ella salieron todas las dem\u00e1s. La F\u00f3rmula descubierta por L. Schidler permite restablecer todo su potencial natural de regeneraci\u00f3n celular, haciendo desaparecer para siempre la inmensa mayor\u00eda de los s\u00edntomas, sean los que sean. Trabaja con la combinaci\u00f3n de 6 elementos naturales de la vida, algunos son aparatos m\u00e9dicos que trabajan con 100.000 voltios\/cm, y su uso repetitivo induce un antienvejecimiento notable como podr\u00e1 observar en decenas de casos que se presentar\u00e1n, incluyendo estudios cl\u00ednicos.<\/p>\n<p><em> <strong>D. Laurent Schidler<\/strong> <\/em>: <em>Investigador m\u00e9dico, Natur\u00f3pata por la Escuela Abierta de Estudios Universitarios, Licenciado ICADE \u2013 CESEM Francia, Director y fundador de varias cl\u00ednicas, consulta oncolog\u00eda, Premiado Con El  Galard\u00f3n Internacional a La Innovaci\u00f3n, Fundaci\u00f3n Excelsis 2011, Nueva York \u2013 M\u00e9xico, Autor del Doctorado en Medicina Ondas Magn\u00e9ticas e Hipertermia, Funiber, 2009, Universidad De Le\u00f3n (Espa\u00f1a). Autor Del Libro: \u201c<em>La F\u00f3rmula de la Vida y la Salud, 2012<\/em>\u201d, Publicado por la Universidad de Alicante, Espa\u00f1a. Ponente en II Congreso Internacional Discovery Salud sobre Tratamientos del C\u00e1ncer, 2006, Congreso Mundial de Medicina 2009, Quito, Ecuador, 52 Congreso Internacional Actualizaciones Medicas Salud P\u00fablica, Ecuador, Guayaquil, 2009, Ponente en los Congresos del Instituto Mexicano de Seguridad Social, 3\u00ba hasta 7\u00ba Congreso Internacional Therese D\u2019ilor, Un Nuevo Concepto de Salud, 2008-2012<\/em>.<\/p>\n<p><strong>Sala 1 \u2022 13:45 a 15: \u00bfPor qu\u00e9 no funcionan muchas veces los tratamientos con plantas medicinales?<\/strong><\/p>\n<p>Muchas veces dentro de la Fitoterapia, nos encontramos con numerosos pacientes y terapeutas que se encuentran con que muchos de los tratamientos que reciben y preparan no terminan de causar de forma eficiente los efectos pretendidos. \u00bfPor qu\u00e9 no funcionan muchas veces los tratamientos con plantas medicinales? A lo largo de esta ponencia desarrollaremos la relaci\u00f3n entre plantas medicinales y est\u00edmulos naturales y daremos respuesta a esta importante cuesti\u00f3n.<\/p>\n<p><em> <strong>Don Jaume Garrit i Torrabadella<\/strong> <\/em>: <em>Fisioterapeuta y Natur\u00f3pata. Exprofesor de la Escola Universitaria Gimbernat, Ramon Llull y de la escuela de Fisioterapia Blanquerna. Venia docente, concedida por el Rector de la Universidad de Bellaterra. Miembro fundador de la Asociaci\u00f3n de Bioelectr\u00f3nica de Espa\u00f1a<\/em>.<\/p>\n<p><strong>Sala 2 \u2022 13:45 a 15: Hidroterapia de colon y depuraci\u00f3n intestinal<\/strong><\/p>\n<p>La Hidroterapia de Colon. Funcionamiento. Indicaciones. Contraindicaciones. Sesiones. Curiosidades. Necesidad de una depuraci\u00f3n. Depuraci\u00f3n intestinal. Fases. La importancia de la ves\u00edcula, el est\u00f3mago y el p\u00e1ncreas. Casos cl\u00ednicos. Demostraci\u00f3n cient\u00edfica antes y despu\u00e9s de una depuraci\u00f3n intestinal con anal\u00edticas de microbiolog\u00eda intestinal y minerales (metales pesados).<\/p>\n<p><em> <strong>Don David Granizo Bermejo<\/strong> <\/em>: <em>Titulado Superior en Osteopat\u00eda, Naturopat\u00eda, Certificado de Extensi\u00f3n Universitaria de Quiromasaje. Certificado de Extensi\u00f3n Universitaria de R.C.P. y primeros auxilios, de Integraci\u00f3n Cl\u00ednica Osteop\u00e1tica, de Nutrici\u00f3n y Diet\u00e9tica. Diet\u00e9tica naturista y suplementos. Certificado de Extensi\u00f3n Universitaria de T\u00e9cnica de Integraci\u00f3n Neuroestructural (T.I.N.), de Reiki, de Fitoterapia, de Herbodiet\u00e9tica, de Kinesiolog\u00eda Hol\u00edstica (Real Centro Universitario Mar\u00eda Cristina). Profesor titular de Transcom, empresa l\u00edder de equipos de Hidroterapia de Colon. Responsable de la Comisi\u00f3n Nacional de Hidroterapia de Colon de APTN-Cofenat<\/em>.<\/p>\n<p><strong>Sala 3 \u2022 13:45 a 15: Recursos Terap\u00e9uticos de la Hipnosis profesional<\/strong><\/p>\n<p><strong>1\u00aa parte: Abordamientos de los trastornos de Ansiedad en Hipnosis<\/strong><\/p>\n<p><em> <strong>Don Jes\u00fas de Gracia Mu\u00f1oz<\/strong> <\/em>: <em>Profesional de la Hipnosis, profesor adjunto de la Sociedad de Hipnosis Profesional, M\u00e1ster en Hipnopatologia, M\u00e1ster en Hipnosis profesional, M\u00e1ster en Hipnoanalgesia, Tecnicas de Integracion Cerebral (TIC), Restauracion Bioenergetica, Director del Centro de Hipnosis JDG en Madrid<\/em>.<\/p>\n<p><strong>2\u00aa parte: Parto natural sin dolor<\/strong>; El Ministerio de Sanidad impulsa una reforma del sistema de atenci\u00f3n al parto con la colaboraci\u00f3n de matronas, ginec\u00f3logos y asociaciones de madres para humanizar y desmedicalizar el nacimiento. En los \u00faltimos a\u00f1os, un n\u00famero creciente de profesionales y de madres se ha mostrado partidario de incorporarse a la tendencia europea de asistir los partos del modo m\u00e1s natural posible, tal como recomienda la OMS (Organizaci\u00f3n Mundial de la Salud), hacer un parto natural es la vivencia m\u00e1s maravillosa que una mujer puede tener y para que sea la experiencia m\u00e1s positiva que pueda ser ponemos en tus manos una de las herramientas m\u00e1s efectivas la Hipnoanalgesia.<\/p>\n<p><em> <strong>Don Claudio Kutzwor<\/strong> <\/em>: <em>Hipn\u00f3logo. M\u00e1ster en Hipnopatologia, M\u00e1ster en Hipnosis Profesional, Psicoterapeuta certificado por la EFPA. Analista Transaccional, miembro especial de AESPHAT (Asociaci\u00f3n Espa\u00f1ola de Psicolog\u00eda Humanista y An\u00e1lisis Transaccional). M\u00e1ster Universitario en Counseling por la Fundaci\u00f3 Pere Tarr\u00e9s \u2013 Universitat Ramon Perez Llull. Terapeuta con t\u00e9cnica Restauraci\u00f3n Bioenerg\u00e9tica, T\u00e9cnica de Integraci\u00f3n Cerebral (Tic), EFT. Director del centro de Hipnosis Hipnocentro en Madrid<\/em>.<\/p>\n<p><strong>Sala 1 \u2022 16:30 a 17:45: La alimentaci\u00f3n energ\u00e9tica<\/strong><\/p>\n<p>Ante el profundo cambio que est\u00e1 experimentando la Humanidad en el siglo XXI, el cual no es ajeno a las transformaciones energ\u00e9ticas de nuestro Planeta, es necesario hacer una reflexi\u00f3n sobre la calidad de los alimentos que consumimos ya que de ello depende en gran parte nuestra salud. Es por tanto necesario dar un giro a la visi\u00f3n cl\u00e1sica del alimento-nutriente al concepto alimento-energ\u00eda-informaci\u00f3n. Debemos utilizar para ello los recientes hallazgos de la f\u00edsica cu\u00e1ntica que de alguna manera avalan los antiguos preceptos de las culturas m\u00e1s antiguas. El objetivo de esta ponencia es encontrar las fuentes de energ\u00eda alimenticias m\u00e1s simples, m\u00e1s cercanas y saludables. Para ello analizaremos el Sol y el Agua como elementos esenciales para la regeneraci\u00f3n energ\u00e9tica del ser humano. Trabajaremos asimismo la importancia de la vitalidad de los alimentos a partir de su integridad biol\u00f3gica. Mostraremos las diferencias entre comestibles, alimentos integrales, biol\u00f3gicos, y alimentos de primera o de segunda mano energ\u00e9tica. \u00bfEs un riesgo comer y qu\u00e9 consecuencias puede producir en nuestro organismo si no lo hacemos adecuadamente?<\/p>\n<p><em> <strong>Don Josep M\u00aa Villagrasa Pedret<\/strong> <\/em>: <em>Licenciado en Derecho y Diplomado en Filosof\u00eda. M\u00e1ster y Pionero de la Macrobi\u00f3tica en Espa\u00f1a, Experto en Geobiolog\u00eda, Feng Shui y Radi\u00f3nica. Natur\u00f3pata, Acupuntor, creador de la Sicoanalog\u00eda y la Espinoanalog\u00eda. Director de Estudios de Foratman<\/em>.<\/p>\n<p><strong>Sala 2 \u2022 16:30 a 17:45: Ho\u2019oponopono, una terapia de autosanaci\u00f3n ancestral<\/strong><\/p>\n<p>El Ho\u2019oponopono es un antiguo m\u00e9todo de sanaci\u00f3n Hawaiano, una herramienta de autosanaci\u00f3n para la conciliaci\u00f3n y la resoluci\u00f3n de conflictos a trav\u00e9s del poder de las palabras, que se utiliza para alcanzar la paz interior y la armon\u00eda en las relaciones, basado en el amor y el perd\u00f3n. Es un m\u00e9todo de limpieza de las memorias dolorosas que se encuentran alojadas en nuestra mente inconsciente, en forma de pensamientos, programas, creencias y prejuicios que nos causan malestar o sufrimiento, por medio del arrepentimiento, el perd\u00f3n y la transmutaci\u00f3n. La pr\u00e1ctica Ho\u2019oponopono nos capacita con una herramienta asombrosamente \u00fatil para solucionar de verdad los problemas y los pensamientos y sentimientos de miedo y ansiedad que los acompa\u00f1an, de manera que podemos mejorar realmente la calidad de nuestra vida y relaciones. Ho\u2019oponopono nos ense\u00f1a a ser responsables por todo lo que se presenta en nuestra vida tanto en el \u00e1mbito familiar como laboral. De tal manera que al practicarlo, somos capaces de cambiar todo aquello que no se encuentra en armon\u00eda en nuestra existencia cotidiana. En esta ponencia se incluye una pr\u00e1ctica grupal.<\/p>\n<p><em> <strong>Dra. Do\u00f1a M\u00aa Carmen Mart\u00ednez Tom\u00e1s<\/strong> <\/em>: <em>Licenciada en Medicina y Cirug\u00eda por la Universidad de Barcelona, M\u00e9dico Home\u00f3pata y Enfermera de profesi\u00f3n, practica la Medicina y Enfermer\u00eda Hol\u00edstica, Consciente y Naturista. Profesora titular de la Universidad de Barcelona. Imparte Cursos de: Medicina Consciente, Autogesti\u00f3n Emocional, T\u00e9cnica Metam\u00f3rfica, Esencias Florales para la Salud, Estructura energ\u00e9tica del ser humano y Ho\u2019oponopono, en la Universidad, Colegios Profesionales de Enfermer\u00eda en Catalu\u00f1a y Espa\u00f1a, y en las Entidades y Empresas p\u00fablicas y privadas que se lo solicitan. Profesora del M\u00e1ster de Medicina y Enfermer\u00eda Naturista de la Universidad de Barcelona y la Universidad Aut\u00f3noma. Profesora de Postgrado del Colegio Oficial de Enfermer\u00eda de Barcelona. Ponente y organizadora de los Congresos de T\u00e9cnica Metam\u00f3rfica en Barcelona 2009 y Galicia 2010 y del Primer Encuentro Metam\u00f3rfico en Barcelona 2012. Autora del libro: <em>Ho\u2019oponopono, lo siento, perd\u00f3name, te amo<\/em>. Colabora con Catalu\u00f1a Radio, en el programa L\u2019Ofici de Viure en la divulgaci\u00f3n de la conciencia en el cuidado de la salud<\/em>.<\/p>\n<p><strong>Sala 3 \u2022 16:30 a 17:45: Ponencia doble<\/strong><\/p>\n<p><strong>Recupera tu equilibrio a nivel f\u00edsico, mental y emocional con aceites esenciales de grado terap\u00e9utico de Young Living<\/strong><\/p>\n<p>Si est\u00e1s buscando soluciones que trascendiendo lo f\u00edsico se dirijan a la ra\u00edz del problema y que a la vez no produzcan efectos secundarios, estoy segura de que esta Conferencia despertar\u00e1 en ti un gran inter\u00e9s. Hoy se sabe que los aceites esenciales fueron la primera medicina del hombre y que los grandes Maestros del conocimiento, propiedades y usos de estos aceites fueron los Egipcios. Es fundamental conocer que no todos los aceites esenciales son iguales, de hecho la mayor\u00eda son aceites comerciales que ni se pueden ingerir ni se pueden administrar v\u00eda intravenosa, como se hace en la cl\u00ednica del Dr. Gary Young con resultados que hablan por s\u00ed solos. La gran diferencia radica en que los aceites esenciales de Young Living son aceites de grado 100% terap\u00e9uticos y sus sinergias son \u00abexclusivas\u00bb. Te invitamos a que vengas a conocer el amplio abanico de posibilidades que hoy d\u00eda nos ofrece esta sabidur\u00eda ancestral, incluyendo una breve introducci\u00f3n a la revolucionaria Terapia Gotas de Lluvia \u00abRaindrop Therapy\u00bb.<\/p>\n<p><em> <strong>Do\u00f1a Eva Franklin<\/strong> <\/em>: <em>Espa\u00f1ola residente en California. Terapeuta experta en aceites esenciales. Pionera responsable de la introducci\u00f3n de los aceites esenciales de Young Living en Espa\u00f1a. Certificada en Terapia Gotas de Lluvia \u00abRaindrop Therapy &#038; Vitaflex\u00bb por Care International USA en 2006. Impartiendo este curso en distintas capitales durante las giras por Espa\u00f1a. Holistic Health Counselor por IIN New York (Institute of Integrative Nutrition)<\/em>.<\/p>\n<p><strong>Aromaterapia para animales: aplicaciones emocionales y usos a nivel veterinario<\/strong><\/p>\n<p>\u00daltimamente su uso se ha expandido a los animales, ellos generalmente responden de la misma forma que los seres humanos, aunque la mayor\u00eda son m\u00e1s sensibles a sus efectos, siendo tambi\u00e9n m\u00e1s sensibles a las alteraciones y diluciones presentes en el mercado que pueden ser altamente t\u00f3xicas para ellos. Durante miles de a\u00f1os los aceites esenciales se han utilizado para curar y equilibrar el organismo, sin embargo \u00e9sto ha llevado a que existan en el mercado innumerables presentaciones de aceites esenciales y que no sepamos cu\u00e1l es el adecuado para nuestros animales ni para el uso veterinario. Los aceites esenciales de grado terap\u00e9utico, prestan un apoyo importante en la medicina veterinaria, presentando r\u00e1pidos resultados, sobre todo en algunos casos en los que ya no hay respuesta desde el tratamiento cl\u00e1sico. Equilibran r\u00e1pidamente a los animales y ayudan a disminuir el uso de qu\u00edmicos y f\u00e1rmacos tan t\u00f3xicos para ellos. Son muy efectivos en enfermedades graves, donde el sistema inmunitario est\u00e1 deprimido como el c\u00e1ncer, alivia r\u00e1pidamente s\u00edntomas emocionales, como depresi\u00f3n, cansancio extremo, estr\u00e9s y problemas de comportamiento. Puede ser aplicado como m\u00e9todo para reducir el estr\u00e9s dado que limpia y revitaliza. Los aceites esenciales de grado terap\u00e9utico nos ofrecen un mundo de bienestar y salud en beneficio de todos los animales, puesto que no s\u00f3lo aportan resultados f\u00edsicos sino que ayudan a su equilibrio emocional.<\/p>\n<p><em> <strong>Dra. Do\u00f1a Lina Mar\u00eda Lamos<\/strong> <\/em>: <em>Espa\u00f1ola residente en California. Terapeuta experta en aceites Cofundadora de Aromaterapia para animales. Fundadora Animal\u00b4s Universe Terapias para animales y Esencias y Terapias para el alma. Terapeuta Animal \u00abAnimal Communicator\u00bb. Odont\u00f3loga Ms. en Biolog\u00eda Molecular y Biof\u00edsica. Especialista en Docencia e Investigaci\u00f3n Universitaria. Especialista en Gerencia de Recursos Humanos. Coach Nutricional y entrenamientos en Plataformas Vibratorias. Coach en Terapias de Evoluci\u00f3n personal. Terapeuta M\u00e9todo de Unidad Esencial, Esencias Triunidad. Terapeuta Floral, Aromaterapia Hol\u00edstica y Zoofarmacognosia. Young Living Essentials Oils. Raindrop Thenique Practicioner<\/em>.<\/p>\n<p><strong>Sala 1 \u2022 18 a 19:15: Neurobiolog\u00eda de la depresi\u00f3n y otros trastornos ps\u00edquico-neurol\u00f3gicos ligados a metales pesados y desequilibrios aminoac\u00eddicos<\/strong><\/p>\n<p>Los des\u00f3rdenes neurol\u00f3gicos con frecuencia tienen factores concomitantes de tipo neuroqu\u00edmico adem\u00e1s de factores psicol\u00f3gicos end\u00f3genos o ex\u00f3genos. Mediante el estudio de cientos de casos de metalogramas de pacientes para dilucidar niveles elevados de metales pesados hemos encontrado correlaciones concordantes entre niveles altos de \u00e9stos y des\u00f3rdenes neurol\u00f3gicos f\u00e1cilmente tratables mediante quelaci\u00f3n de metales t\u00f3xicos y correcci\u00f3n de minerales esenciales distorsionados por los anteriores. Del mismo modo, el estudio en paralelo de los niveles de amino\u00e1cidos y neurotransmisores en los mismos pacientes nos muestra desequilibrios en \u00e9stos que son repetitivos y f\u00e1cilmente subsanables a trav\u00e9s de dietas espec\u00edficas o por suplementaci\u00f3n. El empleo de esta t\u00e9cnica nos ha permitido encontrar m\u00e9todos de diagn\u00f3stico que correlacionan estos factores de forma muy fiable y que aportan datos muy precisos para poder establecer soluciones terap\u00e9uticas que est\u00e1n demostrando ser muy eficaces en diversos trastornos neurol\u00f3gicos como la depresi\u00f3n, ansiedad, alteraciones de sue\u00f1o, hiperactividad infantil, trastorno de d\u00e9ficit de atenci\u00f3n, autismo, etc. En la ponencia expondremos cu\u00e1les son estas anal\u00edticas, los resultados, correlaciones en las patolog\u00edas mencionadas y los tratamientos espec\u00edficos para cada caso.<\/p>\n<p><em> <strong>Don Te\u00f3filo Calvo Barquillo<\/strong> <\/em>: <em>Farmac\u00e9utico, bioqu\u00edmico, investigador, terapeuta, formulista, conferenciante, fundador y director t\u00e9cnico de Laboratorios Taxon. Su formaci\u00f3n profesional se especializ\u00f3, entre otras cosas, en cultivos celulares y gal\u00e9nica. Como Director cient\u00edfico de la Asociaci\u00f3n de medicina biol\u00f3gica espa\u00f1ola, en su tiempo colabor\u00f3 con m\u00faltiples m\u00e9dicos y cient\u00edficos con perfil internacional en los proyectos de promoci\u00f3n de biomedicina en Espa\u00f1a. Actualmente investiga en el campo de las neurociencias mediante el estudio del bioelectromagnetismo cerebral y su aplicaci\u00f3n en las ciencias de la salud y con sus propios pacientes. Dedica una gran parte de su trabajo a la formaci\u00f3n de los profesionales de medicina biol\u00f3gica, colabora con los proyectos de ayuda en la India y Africa<\/em>.<\/p>\n<p><strong>Sala 2 \u2022 18 a 19:15: Beneficios del Agua Estructurada<\/strong><\/p>\n<p>Vivimos en el \u00fanico planeta del universo conocido, hasta hoy, cuya superficie est\u00e1 cubierta en su mayor parte por agua. El agua es la fuente de la vida en nuestro planeta. En la conferencia descubriremos lo que la ciencia conoce y lo que la ciencia desconoce actualmente sobre el agua y haremos tambi\u00e9n un acercamiento a las energ\u00edas sutiles del agua, a la magia del agua. La excepcionalidad de nuestro planeta: el agua. La excepcionalidad de sus habitantes: el agua. Hacia una nueva visi\u00f3n del agua en el cuerpo humano. Una Aproximaci\u00f3n cient\u00edfica al agua. Una aproximaci\u00f3n a su naturaleza sutil.<\/p>\n<p><em> <strong>Dr. Don Antonio Lozano Dom\u00e8nech<\/strong> <\/em>: <em>Quince a\u00f1os de experiencia en el sector del Tratamiento del Agua. M\u00e1ster en Administraci\u00f3n de Empresas por la Universidad Polit\u00e9cnica de Catalu\u00f1a, Doctor en Sociolog\u00eda por la Universidad Complutense de Madrid. Miembro del Grupo Nayadel<\/em>.<\/p>\n<p><strong>Sala 3 \u2022 18 a 19:15: La Cura Depurativa como v\u00eda de Autoconocimiento y Desarrollo Personal. (Programa de Salud Integral de 28 d\u00edas)<\/strong><\/p>\n<p>La mayor\u00eda de las enfermedades y trastornos emocionales son s\u00edntomas que indican el nivel de toxicidad de nuestro cuerpo debido a un estilo de vida inadecuado. Salud radiante deber\u00eda ser un estado de alegr\u00eda f\u00edsica, emocional y mental en el que hay ganas de vivir, reir, jugar y de abrirse a la vida y al amor. La Cura Depurativa 21 d\u00edas + 7 es una de las mejores formas de purificar nuestro organismo y clarificar la mente, as\u00ed como el m\u00e9todo m\u00e1s eficaz y natural para liberar el cuerpo de toxinas acumuladas. Una desintoxicaci\u00f3n y revitalizaci\u00f3n del organismo significa la recuperaci\u00f3n de nuestra salud, as\u00ed como la prevenci\u00f3n de los procesos degenerativos celulares. El cuerpo se reconstituye y con ello nuestra apariencia experimenta una transformaci\u00f3n radical, hay un rejuvenecimiento general y se potencia la salud radiante. Aunque es ideal para un tratamiento de reducci\u00f3n de peso, debemos tener siempre presente que los beneficios de esta pr\u00e1ctica van m\u00e1s all\u00e1, la cura depurativa ha demostrado ser altamente eficaz para la sanaci\u00f3n de todo tipo de dolencias y enfermedades cr\u00f3nicas ya que permite al cuerpo restaurar de forma natural su sistema inmune incrementando notablemente la energ\u00eda vital y el poder regenerador del organismo. Se obtienen excelentes resultados en trastornos digestivos e intestinales, alergias, asma, reumas y artritis, afecciones cardiovasculares y cualquier enfermedad que a\u00fan no llegue a un punto determinado de irreversibilidad. El Programa de Salud Integral de 28 d\u00edas, adem\u00e1s de una depuraci\u00f3n org\u00e1nica nos debe llevar a una toma de conciencia de los diferentes factores de nuestra vida que nos producen un desgaste de energ\u00eda vital para aplicar. Aprender a conocer y a confiar en nuestro cuerpo es una situaci\u00f3n muy especial, una ocasi\u00f3n para aprender mucho sobre la vida y sobre la salud. En efecto, pronto nos damos cuenta de que nuestro organismo es nuestro mejor maestro y mejor aliado, en el firme prop\u00f3sito de vivir una vida realmente sana. La Cura Depurativa supone tomar las riendas en la autogesti\u00f3n de nuestra salud y marca el inicio hacia un cambio de vida de mayor calidad.<\/p>\n<p><em> <strong>Dr. Don Jos\u00e9 Antonio Garc\u00eda Garc\u00eda<\/strong> <\/em>: <em>Morfopsic\u00f3logo titulado por la Soci\u00e9t\u00e9 Fran\u00e7aise de Morphopsychologie, Cofundador y Presidente del Instituto de Morfosicolog\u00eda y Desarrollo Humano. Su visi\u00f3n Hol\u00edstica de la salud le ha llevado a completar su formaci\u00f3n en diferentes \u00e1reas tales como la medicina psicosom\u00e1tica, la psicolog\u00eda cognitiva-conductual as\u00ed como a practicar y profundizar en el yoga y la meditaci\u00f3n como v\u00eda de integraci\u00f3n psico-corporal. Imparte cursos y talleres de Morfopsicolog\u00eda en el Instituto de Morfopsicolog\u00eda y Desarrollo Humano del que es fundador y presidente. Desde hace 10 a\u00f1os ha colaborado en congresos y ferias impartiendo multitud de conferencias en Madrid, Barcelona, M\u00e1laga y Marbella y participado en programas de radio y televisi\u00f3n<\/em>.<\/p>\n<p>&#8211; <strong>S\u00e1bado 6 Octubre<\/strong><\/p>\n<p><strong>Sala 1 \u2022 10 a 11:15: La Terapia Neural: una t\u00e9cnica inespec\u00edfica e integrativa<\/strong><\/p>\n<p>La Terapia Neural es un procedimiento terap\u00e9utico que act\u00faa directamente sobre el sistema neurovegetativo y la matriz extracelular, reordenando el funcionamiento de ambos, y simult\u00e1neamente, el estado bioenerg\u00e9tico de la membrana celular. El intercambio de informaciones y la elaboraci\u00f3n de est\u00edmulos, se efect\u00faan por medio de las v\u00edas del sistema nervioso vegetativo y la matriz extracelular. A veces, esos sistemas se ven sometidos a est\u00edmulos excesivamente fuertes que interfieren y hasta bloquean el reparto correcto de la \u00ab<em>energ\u00eda<\/em>\u00bb nerviosa (impulsos bioel\u00e9ctricos nerviosos) hasta su destino en los centros integradores y reguladores. La Terapia Neural corrige dichos bloqueos que act\u00faan afectando a determinados \u00f3rganos, mediante la aplicaci\u00f3n de microdosis de medicamentos denominados \u00ab<em>neuralterap\u00e9uticos<\/em>\u00bb, que inyectados en puntos espec\u00edficos, logran restablecer el orden perturbado. Las bases cient\u00edficas de la Terapia Neural tienen sus inicios en las investigaciones de los rusos Pavlov y Speransky, y m\u00e1s tarde en la de los hermanos alemanes Huneke.<\/p>\n<p><em> <strong>Dr. Don Jos\u00e9 Luis Cid\u00f3n Madrigal<\/strong> <\/em>: <em>Doctor en Medicina y Cirug\u00eda por la Universidad de Salamanca. Doctor en Ciencias Biol\u00f3gicas por la Universidad Polit\u00e9cnica de Madrid. Profesor de la Facultad de Medicina de la Universidad de Alcal\u00e1 de Henares. Director del Curso de Experto Universitario en Terapia Neural de la Universidad de Alcal\u00e1 de Henares. Presidente de la Asociaci\u00f3n Espa\u00f1ola en Medicina Biorreguladora<\/em>.<\/p>\n<p><strong>Sala 2 \u2022 10 a 11:15: Transformando las emociones negativas producidas por los est\u00e1ndares de belleza; una aproximaci\u00f3n pr\u00e1ctica<\/strong><\/p>\n<p>Una gran cantidad de emociones negativas se producen por las presiones socio-culturales vinculadas con alcanzar los est\u00e1ndares actuales de belleza. A trav\u00e9s de los medios de comunicaci\u00f3n; las revistas de moda, la televisi\u00f3n o el cine recibimos mensajes que establecen un modelo de belleza que no se adapta al patr\u00f3n corporal normal de la poblaci\u00f3n. Esta situaci\u00f3n genera un conflicto ya que, en muchas ocasiones, tratamos de ajustarnos a ese canon mediante enfoques poco saludables, que adem\u00e1s producen frustraci\u00f3n, enfado, rabia o p\u00e9rdida de autoestima. En la ponencia se aborda desde una perspectiva fundamentalmente pr\u00e1ctica, a trav\u00e9s de una din\u00e1mica de relajaci\u00f3n y de visualizaci\u00f3n, una nueva estrategia para buscar nuestra propia belleza a partir de un objetivo saludable.<\/p>\n<p><em> <strong>Do\u00f1a Sonia G\u00f3mez Mart\u00ednez<\/strong> <\/em>: <em>Psic\u00f3loga por la Universidad Pontificia de Comillas, colegiada desde el a\u00f1o 1997, master en psicoterapia, consultora y especialista en oratoria. Ha desarrollado su carrera profesional en el \u00e1mbito terap\u00e9utico as\u00ed como directiva en diferentes compa\u00f1\u00edas privadas, como la empresa de salud Sanitas. Es socia fundadora del Instituto de Integraci\u00f3n de Habilidades para el Desarrollo, donde a trav\u00e9s del Programa Adamas aporta una visi\u00f3n diferente para alcanzar un peso saludable y la belleza<\/em>.<\/p>\n<p><strong>Sala 3 \u2022 10 a 11:15: Moxibusti\u00f3n Japonesa. Tratamiento de la tendinitis<\/strong><\/p>\n<p>Una patolog\u00eda como es la tendinitis en sus diferentes \u00e1reas de expresi\u00f3n y en su dificultad de tratamiento suele ser una patolog\u00eda recidivante y de dif\u00edcil resoluci\u00f3n. Una estrategia poderosa ante un problema como \u00e9ste es la moxibusti\u00f3n japonesa. La herramienta de tratamiento principal es la moxibusti\u00f3n directa con conos de artemisa del tama\u00f1o de un grano de arroz, esta t\u00e9cnica es conocida como \u00ab<em>okyu<\/em>\u00bb. El \u00ab<em>okyu<\/em>\u00bb permite regular la situaci\u00f3n energ\u00e9tica, sangu\u00ednea y linf\u00e1tica de los puntos \u00ab<em>vivos<\/em>\u00bb y en consecuencia de todo el cuerpo. La particularidad de este estilo reside, entre otras cosas, en la forma de entender el cuerpo y el tratamiento del mismo, es decir, toda la t\u00e9cnica est\u00e1 dirigida a tratar la situaci\u00f3n que sufre el paciente en tiempo real. No hay supuestos ni especulaciones, sino evidencias claras de cu\u00e1l es la situaci\u00f3n y cu\u00e1les son los cambios que vamos provocando mediante el tratamiento en el cuerpo del paciente. Los puntos \u00ab<em>vivos<\/em>\u00bb son los que definen cu\u00e1l es la necesidad de tratamiento del paciente. En el caso de la tendinitis, el practicante debe desarrollar su sensibilidad t\u00e1ctil para poder encontrar los puntos derivados de la adaptaci\u00f3n tisular ante el proceso inflamatorio. A trav\u00e9s de esta t\u00e9cnica de moxibusti\u00f3n provocamos un reequilibrio en las tensiones de los tejidos y en todo el sistema meridiano que a su vez regular\u00e1 cualquier trastorno org\u00e1nico o funcional. La remisi\u00f3n del dolor y de los casos complicados suele ser muy espectacular por su rapidez y confort. El maestro Isaburo Fukaya supo optimizar su efecto mediante el uso del tubo o ca\u00f1a de Fukaya que permite que el calor de la moxa sea m\u00e1s profundo e intenso a la vez que mucho m\u00e1s agradable para el paciente. La moxibusti\u00f3n de Fukaya resulta muy atractiva para los practicantes y pacientes a los que no les gusten las agujas pues no requiere de ellas.<\/p>\n<p><em> <strong>Don Felip Caudet Pi\u00f1ana<\/strong> <\/em>: <em>Fisioterapeuta diplomado por la Universidad Ram\u00f3n Llull (Bcn). Postgrado en M\u00e9todo M\u00e9zi\u00e8res por la UIC (Barcelona). Graduado en acupuntura (CENAC) (Barcelona). Formado en Shiatsu. Acupuntura Japonesa m\u00e9todos Keiraku Chiryo con Stephen Birch (Bcn), Sawada y Fukaya con Antonio Augusto Cunha (Rio de Janeiro). Autor de varios art\u00edculos en revistas y publicaciones<\/em>.<\/p>\n<p><strong>Sala 1 \u2022 11:30 a 12:45: La Hipnosis como instrumento de cambio y amplificador de recursos<\/strong><\/p>\n<p>En las \u00faltimas d\u00e9cadas cada vez son m\u00e1s los profesionales de la salud, psic\u00f3logos cl\u00ednicos, m\u00e9dicos, psiquiatras y psicoterapeutas de distintas disciplinas, que vienen usando la hipnosis con m\u00e1s frecuencia en su labor profesional. En los a\u00f1os 80\/90 diferentes estudios de meta an\u00e1lisis (Smith, Sapierstein, Kirsch, etc.) demuestran que los distintos modelos de intervenci\u00f3n mejoran su eficacia si son administrados en un contexto hipn\u00f3tico. \u00bfQu\u00e9 hace de la hipnosis un instrumento tan \u00fatil? Recordemos a Edmonson, cuando ya en 1986 dec\u00eda: \u00ab<em>La hipnosis, como procedimiento terap\u00e9utico, puede ser considerada como una de las t\u00e9cnicas m\u00e1s antiguas que se conocen para provocar cambios en los procesos cognitivos, psicofisiol\u00f3gicos, perceptuales y conductuales<\/em>\u00bb. Al final se invitar\u00e1 a los asistentes a participar de un ejercicio de autohipnosis, para el estr\u00e9s y malestares menores.<\/p>\n<p><em> <strong>Don Horacio Ruiz Iglesias<\/strong> <\/em>: <em>Ha sido galardonado con el \u00abPremio Ciencia y Humanidad 2004 a la mejor labor como terapeuta en la utilizaci\u00f3n de la Hipnoterapia\u00bb (en su labor en prensa, radio y televisi\u00f3n). Premio otorgado por la Asociaci\u00f3n Profesional Libre de Periodistas y Reporteros en el IV Congreso Internacional \u00abEnigmas sobre las Nuevas Ciencias\u00bb, patrocinado por el Ayuntamiento y Diputaci\u00f3n de C\u00e1ceres. Actualmente es Presidente de la Asociaci\u00f3n Espa\u00f1ola de Hipnosis Cl\u00e1sica y Ericksoniana. Est\u00e1 formado en Hipnosis Ericksoniana y Patrones de Cambio DBM por la Universidad de Valencia<\/em>.<\/p>\n<p><strong>Sala 2 \u2022 11:30 a 12:45: Resistencias bacterianas e inmunoestimulaci\u00f3n<\/strong><\/p>\n<p>En los albores del siglo XXI, no podemos negar y adem\u00e1s debemos reconocer que los antibi\u00f3ticos supusieron un hito, una revoluci\u00f3n en la historia de la medicina, y por ende de la humanidad, debi\u00e9ndoseles a ellos que se hayan podido salvar numerosas vidas. Sin embargo, el abuso y mal uso que se ha hecho de \u00e9stos en estos a\u00f1os ha provocado numerosos problemas, el mayor, la aparici\u00f3n de resistencias bacterianas, lo que ha generado una profunda preocupaci\u00f3n entre la comunidad cient\u00edfica internacional por la posibilidad de una vuelta a la \u00abera preantibi\u00f3tica\u00bb, donde las infecciones bacterianas carec\u00edan de tratamiento, como advierte la OMS. Por lo pronto, muchas infecciones ya no se pueden curar f\u00e1cilmente, lo que ocasiona un tratamiento prolongado y caro, y un mayor riesgo de muerte, ante enfermedades que f\u00e1cilmente se curaban a\u00f1os atr\u00e1s. Esta situaci\u00f3n se vuelve m\u00e1s dram\u00e1tica si consideramos los \u00faltimos datos sobre algunas causas del c\u00e1ncer que apuntan a que uno de cada seis se debe a una infecci\u00f3n. Este fen\u00f3meno en el que las bacterias se hacen resistentes a los antibi\u00f3ticos, est\u00e1 causado por la capacidad que tienen estos g\u00e9rmenes para mutar y adaptarse a las nuevas situaciones, ya que cuando se utilizan masivamente los antibi\u00f3ticos, las que mutan y desarrollan la capacidad de hacerse fuerte a estos tratamientos, quedan seleccionadas y empiezan a multiplicarse y expandirse sin control, apareciendo ciertas bacterias resistentes a casi todos los antibi\u00f3ticos, lo que podr\u00eda dar lugar a situaciones de hace 50 a\u00f1os, con riesgo de brotes epid\u00e9micos que den lugar a pandemias, debidas a esta selecci\u00f3n natural. Los datos de la Uni\u00f3n Europea son escalofriantes, ya que cada a\u00f1o mueren en esta zona del mundo 25.000 personas por infecciones que no respondieron a los tratamientos antibi\u00f3ticos al estar causadas por bacterias multirresistentes, muertes que pod\u00edan ser evitables, y esta cifra va en aumento, situ\u00e1ndonos por encima de las muertes causadas por VIH o por accidentes de tr\u00e1fico. Cada vez son m\u00e1s los antibi\u00f3ticos que dejan de tener eficacia y cada vez mayor el n\u00famero de bacterias que adquieren resistencias frente a estos f\u00e1rmacos. Frente a este panorama desolador que constituye un aut\u00e9ntico problema de salud p\u00fablica que tarde o temprano si siguen as\u00ed las cosas nos alcanzar\u00e1 a todos, la medicina natural se erige como posible soluci\u00f3n a este sinsentido motivado por el abuso de unos f\u00e1rmacos que realmente son eficaces. Durante la ponencia adem\u00e1s de analizar las causas que nos han llevado a esta ca\u00f3tica situaci\u00f3n, se har\u00e1 tambi\u00e9n un repaso a las distintas propuestas que desde la Medicina Natural ofrecemos para dar una soluci\u00f3n eficaz y permanente y acorde con nuestra Naturaleza.<\/p>\n<p><em> <strong>Dr. Don Joaqu\u00edn Out\u00f3n Ruiz<\/strong> <\/em>: <em>Licenciado en Medicina y Cirug\u00eda por la Universidad de C\u00e1diz. Experto Universitario en Homeopat\u00eda por la Universidad de Valladolid. M\u00e9dico Puericultor, experto en Salud Infantil por la Sociedad Espa\u00f1ola de Puericultura. Profesor de Acupuntura en el Curso de Experto Universitario de la Universidad de C\u00e1diz. Director m\u00e9dico del Laboratorio Vital 2000<\/em>.<\/p>\n<p><strong>Sala 3 \u2022 11:30 a 12:45: Presentaci\u00f3n de Equisalud y Avances sobre la nueva Medicina Alternativa<\/strong><\/p>\n<p>Descripci\u00f3n y concepto de las frecuencias vibracionales aplicadas a los productos terap\u00e9uticos naturales, que constituyen una nueva dimensi\u00f3n terap\u00e9utica en las medicinas alternativas de hoy en d\u00eda. Vibroextract como producto final presenta una novedad importante en las terapias modernas con Fitoterapia. Los cultivos de plantas medicinales: ensayos informacionales.<\/p>\n<p><em> <strong>Don Antonio Vega Ortega<\/strong> <\/em>: <em>Licenciado en Biolog\u00eda y Farmacia por la Universidad de Navarra. Toda su dilatada trayectoria profesional la ha dedicado al estudio de la fitoterapia y su aplicaci\u00f3n pr\u00e1ctica. Fundador de Laborartorios Equisalud y actualmente su presidente. Ha sido pionero en formulaciones espec\u00edficas a base de plantas cuando en Espa\u00f1a no exist\u00edan dichos preparados, introduciendo en el mercado muchos productos naturales. Ha combinado su dedicaci\u00f3n al estudio y la creatividad en cuanto a formulaciones nuevas, con impartici\u00f3n de charlas, consultas gratuitas sobre la salud durante 30 a\u00f1os, cursos al aire libre sobre el conocimiento de las plantas y escritor de diversos libros, sobre senderismo en diversas zonas de Espa\u00f1a y fitoterapia aplicada. Fot\u00f3grafo de la naturaleza, actualmente prepara un libro de bot\u00e1nica y diversos trabajos sobre las tradiciones en el uso de las plantas y otros<\/em>.<\/p>\n<p><strong>Sala 1 \u2022 13 \u2013 14:15: Terapia vibracional con cuencos de cuarzo<\/strong><\/p>\n<p>La conferencia ir\u00e1 enfocada a una parte te\u00f3rica explicando las bases y principios del tratamiento con los cuencos de cuarzo, seguido de una pr\u00e1ctica para los congresistas y el efecto que han experimentado, as\u00ed como la aplicaci\u00f3n sobre alguna zona corporal de alguna persona que salga para la demostraci\u00f3n. La conferencia seguir\u00e1 un orden desde el material utilizado y sus propiedades, conceptos de sonido y su influencia f\u00edsica, as\u00ed como su respuesta auditiva y la influencia sobre el estado de conciencia desde la zona del rel\u00e9 de informaci\u00f3n cerebral (cortical). Utilizaci\u00f3n de los cuencos siguiendo los par\u00e1metros del estado agudo o cr\u00f3nico (proceso f\u00edsico o mental) con un punto de partida como es la frecuencia seg\u00fan el tono, que nos permite adaptarnos de forma personalizada con sonidos agudos (mayor frecuencia) y sonidos graves (menor frecuencia). Bases sobre las escalas musicales y resonadores. Relajaci\u00f3n como ayuda para mejorar el estado de consciencia. Influencia del sonido con los cuencos de cuarzo sobre las ondas cerebrales y el estado de consciencia. Valoraci\u00f3n y tratamiento utilizando como base las zonas de localizaci\u00f3n de los chakras seg\u00fan la fase en que se encuentra. Distintos procedimientos en el tratamiento con cuencos de cuarzo, tanto corporales como emocionales.<\/p>\n<p><em> <strong>Dr. Don P. Medina Ortega<\/strong> <\/em>: <em>Director de la Escuela Gaia. Profesor de Osteopat\u00eda desde 1984. Natur\u00f3pata, Acupuntor, Home\u00f3pata, Kinesi\u00f3logo y Masajista<\/em>.<\/p>\n<p><strong>Sala 2 \u2022 13 a 14:15: Tratamiento natural de las alergias<\/strong><\/p>\n<p>Esta ponencia ser\u00e1 una ayuda inestimable para todos aquellos terapeutas que bien a nivel personal o a trav\u00e9s de sus pacientes sufren asma, fiebre, intolerancia alimentaria a causa de una alergia, dermatitis, etc. El Dr. V\u00e1zquez Colomina presenta las terapias naturales m\u00e1s efectivas para llegar a una curaci\u00f3n total, adem\u00e1s de las pruebas m\u00e1s fiables para determinar las alergias.<\/p>\n<p><em> <strong>Dr. Don Jos\u00e9 Luis V\u00e1zquez Colomina<\/strong> <\/em>: <em>Licenciado en Farmacia por la Universidad Complutense de Madrid. Doctor en Homeopat\u00eda por la Universidad de Bornemouth (Gran Breta\u00f1a). Diplomado en Sanidad por la Facultad de Medicina de la Universidad Complutense de Madrid. Presidente de la Plataforma para la Defensa de la Salud Natural de Espa\u00f1a. Autor de importantes libros sobre distintas terapias naturales. Director del programa de radio \u00ab<em>Salud para todos<\/em>\u00bb. Premio a la investigaci\u00f3n y desarrollo de la Medicina Natural 1996<\/em>.<\/p>\n<p><strong>Sala 3 \u2022 13 a 14:15: L\u00ednea Numckatos de Naturlider. Alternativas naturales eficaces para patolog\u00edas invernales<\/strong><\/p>\n<p>Naturlider presenta su l\u00ednea de invierno Numckatos. Gracias a la combinaci\u00f3n de extractos de alta calidad de <em>Pelargonium sidoides<\/em>, <em>Sambucus nigra<\/em>, <em>Andrographis panniculta<\/em>, se obtienen alternativas naturales para superar las afecciones de v\u00edas respiratorias, como el caso de gripes, resfriados, bronquitis, faringitis y otros procesos infecciosos. La l\u00ednea Numckatos se compone de tres productos: Numckatos: extracto hidroalcoh\u00f3lico de <em>Pelargonium sidoides<\/em>, que se presenta en envases de 50 y 100 ml. Numckatos Plus: combinaci\u00f3n de extractos secos de <em>Pelargonium sidoides<\/em> y <em>Sambucus nigra<\/em> con KalmColdTM (extracto estandarizado de <em>Andrographis paniculata<\/em>). Se presenta en envase de 15 y 60 c\u00e1psulas. Numckatos Kids: jarabe para ni\u00f1os de 250 ml que combina zumo concentrado de bayas de sauco con extracto de <em>Pelargonium sidoides<\/em> y con KalmColdTM (extracto estandarizado de <em>Andrographis paniculata<\/em>).<\/p>\n<p><em> <strong>Don Marco A. Peralta Arjonilla<\/strong> <\/em> y <em> <strong>Do\u00f1a Natalia S\u00e1nchez<\/strong> <\/em>: <em>Direcci\u00f3n T\u00e9cnico Farmac\u00e9utico Grupo Casta\u00f1eda S.L.<\/em><\/p>\n<p><strong>Sala 1 \u2022 15:45 a 17: Aceites esenciales para el dolor y su aplicaci\u00f3n<\/strong><\/p>\n<p>Conocemos el dolor desde la infancia, mientras crecemos intentamos dominarlo y en muchas ocasiones acabamos conviviendo con \u00e9l. Pero, \u00bfes posible eliminarlo? Algunas veces s\u00ed, sin duda. El tratamiento que m\u00e1s se demanda a los terapeutas manuales es el del dolor localizado en alguna parte de la espalda. El uso de los aceites esenciales es muy efectivo para calmar el dolor en los casos de debilidad y tensiones musculares. Pero tambi\u00e9n patolog\u00edas como el reuma, artritis o artrosis presentan una notable mejor\u00eda si se tratan con aceites esenciales. Utilizar las propiedades de la aromaterapia en los tratamientos manuales contra el dolor es muy efectivo por dos razones. Por un lado algunos aceites esenciales son calmantes, anti-inflamatorios, drenantes, regenerantes, estimulan el crecimiento celular, y aceleran la eliminaci\u00f3n de c\u00e9lulas muertas y productos de desecho a trav\u00e9s del sistema linf\u00e1tico. Por otro lado, muchas personas que sufren dolor tambi\u00e9n presentan un estado de ansiedad que, en algunas ocasiones conduce a una tensi\u00f3n muscular que aumenta el dolor y la respuesta emocional y as\u00ed sucesivamente, cada una perpetu\u00e1ndose en la otra en un c\u00edrculo vicioso que puede volverse un proceso en espiral que, incluso puede desencadenar en una depresi\u00f3n. Por eso ser\u00e1 muy interesante utilizar el efecto relajante de los aromas que desprenden algunos aceites esenciales. Como la percepci\u00f3n del olor va directamente ligado al hipot\u00e1lamo, que es el principal regulador de muchas de nuestras actividades corporales, el masaje con esencias resulta muy eficaz, pues conseguir\u00e1 relajar intensamente y equilibrar el sistema nervioso. En esta ponencia se explicar\u00e1 los mejores aceites esenciales para el dolor y su aplicaci\u00f3n junto a la arcilla, hip\u00e9rico y otros productos naturales.<\/p>\n<p><em> <strong>Don Joan Cano Carreras<\/strong> <\/em>: <em>Director t\u00e9cnico de diferentes marcas cosm\u00e9ticas, en 1997 fund\u00f3 CV Primary Essence, que cuenta con m\u00e1s de 10.000 clientes en todo el mundo. Imparte seminarios y cursos en Europa, Asia y Centro-Am\u00e9rica. Colabora con diversas revistas de salud y est\u00e9tica escribiendo mensualmente art\u00edculos sobre belleza, masaje y est\u00e9tica natural. Autor del libro \u00abGu\u00eda pr\u00e1ctica de la Aromaterapia\u00bb y de v\u00eddeos de formaci\u00f3n de Aromaterapia y Masaje<\/em>.<\/p>\n<p><strong>Sala 2 \u2022 15:45 a 17: Permeabilidad intestinal, ecosistema intestinal, candidiasis, par\u00e1sitos intestinales<\/strong><\/p>\n<p>Gran parte de las enfermedades denominadas autoinmunes que padecemos en la actualidad tienen relaci\u00f3n con el aumento de permeabilidad intestinal, y con los procesos infecciosos que afectan al ecosistema intestinal, ya que el 80% de nuestro sistema inmunol\u00f3gico reside en unas estructuras denominadas \u00ab<em>placas de peyer<\/em>\u00bb situadas en el intestino. Exposici\u00f3n del an\u00e1lisis de liberaci\u00f3n de histamina, frente a los alimentos que se consumen de forma habitual y que afectan precisamente a estas extructuras y a las c\u00e9lulas \u00ab<em>M<\/em>\u00bb del intestino.<\/p>\n<p><em> <strong>Dr. Don Domingo P\u00e9rez Le\u00f3n<\/strong> <\/em>: <em>Director m\u00e9dico del Instituto biol\u00f3gico de la salud de Madrid. Especialista universitario en Medicina Biorreguladora. M\u00e1ster Universitario en Medicina Biol\u00f3gia y Antienvejecimiento<\/em>.<\/p>\n<p><strong>Sala 3 \u2022 15:45 a 17: La terapia marina de Ren\u00e9 Quinton<\/strong><\/p>\n<p>Hace m\u00e1s de 100 a\u00f1os, Ren\u00e9 Quinton tras los excelentes resultados obtenidos en la experimentaci\u00f3n animal previa, empez\u00f3 a administrar agua de mar isot\u00f3nica a pacientes con la m\u00e1s variada patolog\u00eda, con resultados sorprendentes incluso desde nuestro punto de vista actual. Sin embargo, a pesar de los datos cl\u00ednicos obtenidos en el tratamiento de, literalmente, miles de pacientes, la terapia marina fue releg\u00e1ndose en la pr\u00e1ctica cotidiana hasta casi caer en el olvido. Los terapeutas que permitieron su supervivencia basaban su aplicaci\u00f3n en la experiencia acumulada durante a\u00f1os de praxis, pero carec\u00edan de explicaciones claras del porqu\u00e9 se obten\u00edan los resultados observados. La ciencia carec\u00eda de las herramientas necesarias para dilucidar los posibles mecanismos de acci\u00f3n del agua de mar. En la \u00faltima d\u00e9cada del siglo XX un peque\u00f1o n\u00famero de investigadores vuelven a mostrar su inter\u00e9s por el agua de mar y en sus observaciones incluyen la medici\u00f3n de mediadores, hormonas, enzimas de los que apenas cinco o diez a\u00f1os atr\u00e1s nada se sab\u00eda. En la actualidad esas investigaciones est\u00e1n empezando a rendir frutos esperanzadores que, en muchas ocasiones no hacen sino confirmar las observaciones de Ren\u00e9 Quinton y sus disc\u00edpulos, abriendo las puertas a nuevas aplicaciones terap\u00e9uticas del agua de mar. En la ponencia veremos algunas de estas investigaciones.<\/p>\n<p><em> <strong>Don Juan J. Alberola Jover<\/strong> <\/em>: <em>Director Farmac\u00e9utico de Laboratorios Quinton. Licenciado en Farmacia por la Facultad de Farmacia de la Universidad de Valencia. M\u00e1ster Universitario en Medicinas Alternativas del Departamento de Farmacolog\u00eda de la Facultad de Medicina de la Universidad de Murcia. T\u00edtulo de Especialista en Homeospagyria por la Sociedad de Estudios e Investigaciones Spagyricas. Diplomado en Homeopat\u00eda por el CEDH. Cursos en An\u00e1lisis coprol\u00f3gico parasitario, Fitoterapia pr\u00e1ctica, Fitocosm\u00e9tica, Homeopat\u00eda para oficinas de farmacia, etc. Autor de numerosas publicaciones y reconocido docente en numerosos congresos del sector<\/em>.<\/p>\n<p><strong>Sala 1 \u2022 17:15 a 18:30: Un nuevo campo: la Biocu\u00e1ntica humana<\/strong><\/p>\n<p>Mientras la F\u00edsica Cu\u00e1ntica nos habla del contenido del vac\u00edo en el universo y la Biolog\u00eda de los procesos celulares que sostienen nuestra vida org\u00e1nica, la Biocu\u00e1ntica nos muestra c\u00f3mo avanzar en un estado de salud diferente, sanando lo org\u00e1nico y liberando los flujos cu\u00e1nticos del ser humano. Ponencia con proyecci\u00f3n de v\u00eddeos del Cuerpo Cu\u00e1ntico y de casos reales.<\/p>\n<p><em> <strong>Don Marcel Vega Villar<\/strong> <\/em>: <em>Psicoterapeuta y Coach. Veinticinco a\u00f1os de trabajo e investigaci\u00f3n en Energ\u00e9tica. Formaci\u00f3n en Osteopat\u00eda, Acupuntura, Reflexolog\u00eda, Naturopat\u00eda, Auriculomedicina, Energ\u00e9tica Hologr\u00e1mica, Psicodrama, etc. Formador de gran prestigio como descubridor de esta potente t\u00e9cnica en cursos en Madrid y Barcelona<\/em>.<\/p>\n<p><strong>Sala 2 \u2022 17:15 a 18:30: El c\u00e1ncer de Pr\u00f3stata y su tratamiento<\/strong><\/p>\n<p>En la poblaci\u00f3n masculina, las enfermedades de la gl\u00e1ndula prost\u00e1tica, con frecuencia, ocupan el segundo lugar, inmediatamente despu\u00e9s de las afecciones del aparato respiratorio. El adenofibromioma de pr\u00f3stata lo padecen bastantes hombres a los 30 a\u00f1os; a los 50 a\u00f1os, la incidencia aumenta r\u00e1pidamente, hasta el punto que los que superan los 65 a\u00f1os de edad, el 70% aproximadamente, ya est\u00e1n afectados de dicha patolog\u00eda. El c\u00e1ncer de pr\u00f3stata es uno de los m\u00e1s frecuentes en los varones, ya que lo suelen padecer un 35% de los que alcanzan los 65 a\u00f1os. Por lo comunes que son estas enfermedades, es de inter\u00e9s abordarlas desde la Medicina Natural, Biol\u00f3gica, Homeop\u00e1tica, etc.<\/p>\n<p><em> <strong>Profesor Hermano Jos\u00e9<\/strong> <\/em> (Jos\u00e9 Luis Carbonell Mu\u00f1oz): <em>Especialista en Medicinas Naturales: Homeopat\u00eda, Medicina Tradicional China y Ayurveda. Profesor de: Homeopat\u00eda, Terapia Floral, Aromaterapia y Terapias Manuales. Miembro fundador del Consejo General de Colegios de M\u00e9dicos Naturistas de Espa\u00f1a. Presidente del Congreso de Terapias Naturales EcoNat 2008 y 2010. Vicepresidente del Comit\u00e9 Cient\u00edfico de ExpoMasaje<\/em>.<\/p>\n<p><strong>Sala 3 \u2022 17:15 a 18:30: Haloterapia: inhalaci\u00f3n de macropart\u00edculas de sal para el tratamiento de enfermedades respiratorias y dermatol\u00f3gicas<\/strong><\/p>\n<p>La Haloterapia, espeleoterapia o salterapia se inicia en la segunda mitad del siglo XIX y tiene su origen en la minas de sal de Polonia. Est\u00e1 especialmente indicada en el tratamiento de enfermedades del aparato respiratorio (asma, bronquitis, gripe com\u00fan, resfriado, alergias, etc)  y dermatol\u00f3gicas (dermatitis, acn\u00e9, psoriasis, etc). Tambi\u00e9n se utiliza como elemento coadyuvante en el tratamiento de ronquidos, mejora de los exfumadores y en el rendimiento deportivo. Es novedosa en nuestro pa\u00eds donde existen a\u00fan pocos centros y s\u00f3lo uno, a trav\u00e9s de nuestra Compa\u00f1\u00eda, Saltium, que ofrece el tratamiento con tecnolog\u00eda de 4\u00aa generaci\u00f3n, que permite conseguir un nivel de micropart\u00edculas capaz de obtener los mejores resultados en los tratamientos que se ofertan. Junto con el know-how acerca de los tratamientos y su grado de eficacia, expondremos todo lo relativo a la historia, evoluci\u00f3n, tecnolog\u00eda e implementaci\u00f3n de los centros de Haloterapia, as\u00ed como las posibles modalidades de instalaci\u00f3n, para culminar con la presentaci\u00f3n de nuestro centro en Madrid.<\/p>\n<p><em> <strong>Dr. Don Juan Alc\u00e1zar Ruiz<\/strong> <\/em>: <em>Licenciado en Medicina y Cirug\u00eda, m\u00e9dico titular de Saltium. Su trayectoria comenz\u00f3 hace ya m\u00e1s de 20 a\u00f1os y ha estado dedicada a la pr\u00e1ctica de la Medicina Est\u00e9tica y Tratamiento del Dolor, recorriendo un largo camino y teniendo siempre como objetivo ofrecer los mejores tratamientos m\u00e9dicos, en continua evoluci\u00f3n, con las t\u00e9cnicas m\u00e1s vanguardistas y la tecnolog\u00eda m\u00e1s avanzada. La experiencia de todos estos a\u00f1os le ha permitido la combinaci\u00f3n de las t\u00e9cnicas cl\u00e1sicas de la Medicina Natural, como Homeopat\u00eda o Acupuntura, con las m\u00e1s modernas y de tecnolog\u00eda punta, como es el caso de la Haloterapia<\/em>.<\/p>\n<p><strong>Sala 1 \u2022 18:45 a 20: Introducci\u00f3n al curso \u201c<em>C\u00f3digo de Curaci\u00f3n: Lib\u00e9rate del Estr\u00e9s Inconsciente<\/em>\u201d<\/strong><\/p>\n<p>En esta conferencia introductoria al posterior curso que realizara el Domingo 7 sobre conocimiento y aplicaci\u00f3n pr\u00e1ctica de los C\u00f3digos de Curaci\u00f3n, el Dr. Alexander Loyd contar\u00e1 su experiencia personal y profesional con las terapias naturales. A trav\u00e9s de su propio testimonio, el Dr. Loyd compartir\u00e1 las circunstancia que le llevaron al descubrimiento de su sistema capaz de eliminar el estr\u00e9s inconsciente, el origen del 95% de todas las dolencias, que ha transformado la vida de miles de personas. En su charla el Dr. Loyd contar\u00e1 c\u00f3mo durante 12 a\u00f1os estuvo estudiando y viajando por todo el mundo en busca de un tratamiento adecuado para curar la grave depresi\u00f3n cr\u00f3nica de su esposa Tracey. Esta b\u00fasqueda le llev\u00f3 a conocer y aplicar todas las t\u00e9cnicas ortodoxas y heterodoxas conocidas sin conseguir solucionar el problema. Tras entregarse al estudio de la energ\u00eda y de la f\u00edsica cu\u00e1ntica, Loyd descubri\u00f3 su sistema, con el que consigui\u00f3 la completa curaci\u00f3n de su mujer en menos de tres semanas. Durante esta charla introductoria el Doctor Loyd nos hablara de otros interesantes testimonios y experiencias relacionadas con su m\u00e9todo. Un a\u00f1o y medio despu\u00e9s de su descubrimiento, someti\u00f3 los c\u00f3digos al test del Heart Rate Variability, la m\u00e1s consistente prueba m\u00e9dica para la comprobaci\u00f3n del estado del sistema nervioso aut\u00f3nomo. En un 86% de los casos se lograba equilibrar el sistema nervioso aut\u00f3nomo en 20 minutos o menos, cuando la terapia con m\u00e1s \u00e9xito registrada en los informes m\u00e9dicos de los \u00faltimos 30 a\u00f1os hab\u00eda requerido seis semanas.<\/p>\n<p><em> <strong>Dr. Don Alexander Loyd<\/strong> <\/em>: <em>Autor l\u00edder en ventas por su libro \u201dEl C\u00f3digo de la Curaci\u00f3n\u201c e invitado habitual en programas de televisi\u00f3n de los canales de televisi\u00f3n norteamericana NBC, ABC, CBS, Fox y los programas de PBS News (televisi\u00f3n divulgativa de EE.UU.) como experto en terapias alternativas para el estr\u00e9s inconsciente. Es Doctor en Psicolog\u00eda y en Medicina Natural. Vive en Tennessee (EE.UU.) con su esposa, Esperanza, y sus hijos Harry y George<\/em>.<\/p>\n<p><strong>Sala 2 \u2022 18:45 a 20: El Masaje celular y su aplicaci\u00f3n en la Educaci\u00f3n Especial<\/strong><\/p>\n<p>El Masaje celular es la terapia en la cual se armonizan los cuidados f\u00edsicos de las manos del terapeuta sobre cuatro zonas espec\u00edficas del cuerpo, con nuestra actitud para ayudar a mejorar a la persona que lo recibe, en su evoluci\u00f3n f\u00edsica, emocional, mental y de sus sentimientos m\u00e1s elevados. Se basa en los trabajos realizados por el Dr. Robert St. Jhon, centr\u00e1ndose especialmente en zonas de la cabeza, manos y pies y que denomin\u00f3 \u00ab<em>Terapia Metam\u00f3rfica<\/em>\u00bb, uni\u00e9ndolos a los cuidados que aplicamos tambi\u00e9n sobre la columna vertebral. Los Objetivos de esta ponencia son los de ayudar a las personas de este colectivo a mejorar de forma emocional y f\u00edsica, apoy\u00e1ndonos en la personalidad y el nivel de evoluci\u00f3n que cada una de ellas tiene. Dar a conocer a sus familiares y al colectivo de profesionales de Educaci\u00f3n Especial la sencillez de esta terapia y sus beneficios. Ense\u00f1arles a aplicarlos en las personas que est\u00e1n a su cuidado, y animarles a recibirlo ellos mismos, padres y profesionales, comparti\u00e9ndolos con sus familiares y compa\u00f1eros de trabajo. Descubrir las ventajas de esta terapia al aplicarla con una actitud de confianza, comunicaci\u00f3n y respeto, siendo igualmente conscientes del potencial que cada uno de nosotros lleva en su interior.<\/p>\n<p><em> <strong>Don Miguel \u00c1ngel Alfonso Velasco<\/strong> <\/em>: <em>Maestro de Educaci\u00f3n Especial. Actualmente desarrolla la labor de Educador en un CADP de la Comunidad de Madrid<\/em>.<\/p>\n<p><strong>Sala 3 \u2022 18:45 a 20: Inhibici\u00f3n de las colineseterasas humanas por la actividad de Bacomind y sus combinaciones. Aplicaci\u00f3n en la mejora cognitiva de pacientes de edad avanzada<\/strong><\/p>\n<p>Bacomind, extracto estandarizado de <em>Bacopa monnieri<\/em>, utilizada en medicina ayurv\u00e9dica como \u00ab<em>t\u00f3nico cerebral<\/em>\u00bb, presenta estudios que sugieren que Bacomind mejora las funciones cognitivas, como la atenci\u00f3n y la memoria verbal en personas de edad avanzada, con alto grado de tolerabilidad. La acetilcolinesterasa (ACE) es una enzima, de la familia de las colinesterasas, que juega un papel importante en los sistemas nerviosos central y perif\u00e9rico, junto con el receptor de la acetilcolina, en la transmisi\u00f3n del potencial de acci\u00f3n a trav\u00e9s de los nervios y las sinapsis neuromusculares. En los gl\u00f3bulos rojos constituye un ant\u00edgeno celular llamado Yt2. La funci\u00f3n b\u00e1sica de la ACE es la destrucci\u00f3n hidrol\u00edtica del neurotransmisor acetilcolina. Debido al papel fundamental que la ACE juega en el sistema nervioso, ha sido durante mucho tiempo un objetivo atractivo para el dise\u00f1o racional y el descubrimiento de inhibidores de la base del mecanismo. Algunos inhibidores de la ACE se han mostrado como maniobras terap\u00e9uticas \u00fatiles basadas en mejorar las funciones cognitivas de pacientes que padecen Alzheimer, demencia senil, ataxia y para la mejora de los procesos de la memoria a largo plazo mediante la mejora de la actividad colin\u00e9rgica. La butirilcolinesterasa (BuChE) es una enzima que est\u00e1 relacionada con la ACE. Se expresa en c\u00e9lulas gliales, c\u00e9lulas endoteliales, y en las neuronas en determinadas \u00e1reas de los sistemas nerviosos central y perif\u00e9rico. Participa en la hidr\u00f3lisis de la acetilcolina, aunque su mecanismo de acci\u00f3n no est\u00e1 claramente definido, su inhibici\u00f3n conduce a mayores niveles del neurotransmisor a nivel cerebral.<\/p>\n<p><em> <strong>Dr. Don Domingo P\u00e9rez Le\u00f3n<\/strong> <\/em>: <em>Director m\u00e9dico del Instituto biol\u00f3gico de la salud de Madrid. Especialista universitario en Medicina Biorreguladora. M\u00e1ster Universitario en Medicina Biol\u00f3gia y Antienvejecimiento<\/em>.<\/p>\n<p>&#8211; <strong>Domingo 7 Octubre<\/strong><\/p>\n<p><strong>Sala UNESCO \u2022 9:30 a 14:30: Curso: \u201c<em>El c\u00f3digo de Curaci\u00f3n. Lib\u00e9rate del estr\u00e9s inconsciente<\/em>\u201d. \u00a1Por primera vez en Espa\u00f1a!. Tras el \u00e9xito de su libro \u201c<em>El C\u00f3digo de Curaci\u00f3n<\/em>\u201d con 170.000 ejemplares vendidos en todo el mundo<\/strong>.<\/p>\n<p>Para la <a href=\"https:\/\/www.ucm.es\/info\/seas\/\">Sociedad Espa\u00f1ola para el Estudio de la Ansiedad y el Estr\u00e9s<\/a>, <strong>el desempleo es el factor de riesgo m\u00e1s grave para sufrir problemas de salud<\/strong>. Seg\u00fan sus estudios, en Espa\u00f1a los desempleados tienen una probabilidad mayor de padecer alg\u00fan trastorno de ansiedad (la probabilidad se multiplica por 2,2), un trastorno depresivo (2,2 m\u00e1s probables), o un trastorno por consumo de sustancias (1,8 veces). Para erradicar el estr\u00e9s inconsciente, y partiendo de la premisa de que \u201c<em>el cuerpo est\u00e1 dise\u00f1ado para curarse a s\u00ed mismo de forma natural<\/em>\u201d, el psic\u00f3logo y m\u00e9dico natur\u00f3pata norteamericano, Dr. Alexander Loyd, ha desarrollado una terapia que permite, a trav\u00e9s de sencillos ejercicios, canalizar la energ\u00eda del propio cuerpo para liberarlo de los problemas causantes del estr\u00e9s. Seg\u00fan el Dr. Loyd, el estr\u00e9s inconsciente almacenado a nivel celular es la base de nuestros desequilibrios f\u00edsicos y ps\u00edquicos.<\/p>\n<p><strong>La curaci\u00f3n comienza al conocer las causas<\/strong><\/p>\n<p>El C\u00f3digo de Curaci\u00f3n se presenta como una terapia que consiste en estimular energ\u00e9ticamente dos puntos chakra del cuerpo y otros dos puntos que se trabajan en la acupuntura (sienes, entrecejo, mand\u00edbulas y nuez de Ad\u00e1n) para as\u00ed eliminar la carga energ\u00e9tica del estr\u00e9s inconsciente. En la terapia se recomienda realizar los ejercicios durante 6 minutos, al menos, dos veces al d\u00eda. Los trabajos del Dr. Loyd cuentan que las causas del malestar f\u00edsico o ps\u00edquico, responden en un 95% a estr\u00e9s sufrido en el pasado, que pervive en nuestro cuerpo energ\u00e9tico en forma de cargas de energ\u00eda da\u00f1ina: \u201c<em>El C\u00f3digo de Curaci\u00f3n no act\u00faa sobre las consecuencias f\u00edsicas que tiene el estr\u00e9s, sino sobre las emociones que lo generan, sobre la ra\u00edz del problema<\/em>\u201d comenta el autor. Gracias al workshop interactivo que incluye ejercicios pr\u00e1cticos y materiales para aplicar los conocimientos en casa, los asistentes aprender\u00e1n a tratarse limpiando as\u00ed la energ\u00eda negativa y generando una respuesta curativa relacionada con los sentimientos que causaron el estr\u00e9s.<\/p>\n<p><em> <strong>Dr. Alexander Loyd<\/strong> <\/em>: <em>Autor l\u00edder en ventas por su libro El C\u00f3digo de la Curaci\u00f3n e invitado habitual en programas de televisi\u00f3n de los canales de televisi\u00f3n NBC, ABC, CBS, Fox y los programas de PBS News como experto en terapias alternativas para el estr\u00e9s inconsciente. Es Doctor en Psicolog\u00eda y en Medicina Natural. Vive en Tennessee (EEUU) con su esposa, Esperanza, y sus hijos Harry y George<\/em>.<\/p>\n<p><strong>Sala 1 \u2022 10 a 11:15: El tratamiento de problemas psicol\u00f3gicos con la Homeopat\u00eda cl\u00e1sica<\/strong><\/p>\n<p>Hoy en d\u00eda cada vez hay m\u00e1s personas con problemas psicol\u00f3gicos que buscan la ayuda tanto de psic\u00f3logos como de medicinas naturales que ayuden a conseguir m\u00e1s equilibrio personal o a curar trastornos psicol\u00f3gicos concretos. La homeopat\u00eda es una de ellas. Hace unos 200 a\u00f1os Hahnemann ya di\u00f3 claras indicaciones sobre como afrontar estos casos y \u00e9stas se han ido perfeccionando y ampliando a lo largo de los siglos por los diversos home\u00f3patas en todo el mundo. En esta ponencia, despu\u00e9s de una peque\u00f1a introducci\u00f3n en la homeopat\u00eda, se ir\u00e1 explicando cu\u00e1l es el enfoque homeop\u00e1tico para tratar estos problemas psicol\u00f3gicos y c\u00f3mo se encuentra el s\u00edmil, el remedio homeop\u00e1tico adecuado, para tratar casos como la depresi\u00f3n, la ansiedad o simplemente, desequilibrios emocionales. Se presentar\u00e1n tambi\u00e9n algunas caracter\u00edsticas breves de los remedios m\u00e1s importantes para este fin.<\/p>\n<p><em> <strong>Don Frank Ohlenschlaeger<\/strong> <\/em>: <em>Ingeniero Agr\u00f3nomo por la Universidad de G\u00f6ttingen (Alemania). Diplomado en el Institut Homeop\u00e0tic de Catalunya y M\u00e1ster en Homeopat\u00eda en la Academia Europea de Naturopat\u00eda en M\u00e1laga. Experto Universitario en Homeopat\u00eda por la Universidad de Le\u00f3n. Terapeuta de Shiatsu en la Escuela Europea de Shiatsu en M\u00e1laga cuyas ense\u00f1anzas est\u00e1n coordinadas a nivel europeo por la Federaci\u00f3n Europea de Shiatsu. Un a\u00f1o de formaci\u00f3n en Terapia Gestalt. Director y fundador del Centro Ki de Homeopat\u00eda y Shiatsu en Alfacar (Granada)<\/em>.<\/p>\n<p><strong>Sala 2 \u2022 10 a 11:15: Profilaxis del envejecimiento con probiosis intestinal<\/strong><\/p>\n<p>El intestino es el \u00f3rgano m\u00e1s extenso que se enfrenta a todas las agresiones del mundo externo a trav\u00e9s de la ingesta alimenticia. Tiene una superficie de contacto con el exterior de 300 m2 y en el mismo se asienta el primer sistema inmunitario del organismo, que a la vez es el m\u00e1s eficiente y complejo de nuestras defensas frente a agresiones moleculares. La integridad f\u00edsica y funcional del intestino es fundamental para la salud y el proceso de envejecimiento con bienestar; de la misma depende que los nutrientes sean absorbidos correctamente y que las mol\u00e9culas t\u00f3xicas o antig\u00e9nicas que puedan causar patolog\u00edas no sean absorbidas. El envejecimiento es un proceso natural del ser humano del que ninguno de nosotros podemos escapar, pero al que s\u00ed podemos contener, moderar y controlar para que el paso de los a\u00f1os no afecte considerablemente nuestra salud. Es decir, podemos contribuir con una mayor expectativa de vida y con una mejor calidad de la misma. Dos son los aspectos m\u00e1s influyentes en el proceso de envejecimiento, la dieta muy variada y la armon\u00eda con probiosis de la flora intestinal, pues entre ambos con su equilibrio pueden favorecer la salud integral para vivir m\u00e1s y mejor.<\/p>\n<p><em> <strong>Don Rafael Labhat Rodr\u00edguez<\/strong> <\/em>: <em>Natur\u00f3logo, Experto en Naturopat\u00eda Funcional y Microbiolog\u00eda L\u00e1ctica Intestinal, investigador y estudioso de las Sales de Sch\u00fcssler, Homeopat\u00eda, Nutrici\u00f3n ortomolecular y Trofolog\u00eda. Director de INSNAT, Instituto Sch\u00fcssler de Salud Integral y Presidente de SESBI, Sociedad Espa\u00f1ola de Sales Bioqu\u00edmicas de Sch\u00fcssler<\/em>.<\/p>\n<p><strong>Sala 3 \u2022 10 a 11:15: La importancia del silicio y sus interacciones con las esencias florales<\/strong><\/p>\n<p>El papel del silicio en el cuerpo es en gran parte desconocido y lleno de sorpresas. Patrick Martini, f\u00edsico franc\u00e9s, prescriptor de Flores de Bach y director del Laboratorio de MINT-e compartir\u00e1 apasionadamente su conocimiento \u00edntimo del silicio a trav\u00e9s de ejemplos y experiencias. La presentaci\u00f3n mostrar\u00e1 tambi\u00e9n la interacci\u00f3n entre el silicio y las energ\u00edas sutiles de la Homeopat\u00eda y Flores de Bach que son fundamentales para el Laboratorio MINT-e.<\/p>\n<p><em> <strong>Don Patrick Martini<\/strong> <\/em>: <em>M\u00e1ster en F\u00edsica Te\u00f3rica y Cu\u00e1ntica. Diplomado por la Escuela de plantas medicinales de Lyon. Experto en terapias florales. Director Ejecutivo de MINT-e Health Laboratories, Francia<\/em>.<\/p>\n<p><strong>Sala 1 \u2022 11:30 a 12:45: Tratamiento de ci\u00e1ticas y lumbalgias con biomagnetismo y el percutor estructural<\/strong><\/p>\n<p>Una terapia para el tratamiento de Lumbalgias y Ci\u00e1ticas sin disociar la Energ\u00eda de la Estructura, en una misma sesi\u00f3n. Antes de iniciar la terapia, valoramos con pruebas manuales (Lasegue, Bragard, Valsalva, etc.) el alcance de la lesi\u00f3n, si \u00e9sta es debida a un problema de tipo neuromuscular, discal, \u00f3seo, visceral, energ\u00e9tico, etc. La primera parte del tratamiento se realiza aplicando magnetos de potencia media en la zona lumbar y el recorrido del nervio ci\u00e1tico. Terminamos el tratamiento energ\u00e9tico aplicando la t\u00e9cnica de las dos puertas (T2P) en los miembros inferiores. La finalidad de la aplicaci\u00f3n de los magnetos es la de anti-inflamatorio y regular el pH de los tejidos da\u00f1ados. La segunda parte de la terapia ser\u00e1 la de regular la estructura con el percutor neurol\u00f3gico. Esta herramienta tiene la finalidad de cambiar la polaridad de los axones de tipo ib encargados de la contracci\u00f3n-distensi\u00f3n muscular, de la propiocepci\u00f3n y estructura corporal. Seg\u00fan Dejarnette, las ci\u00e1ticas de categor\u00eda III son de origen craneal cuando Lasegue y Bragard son positivos. Entonces es obvio que hay que regular toda la estructura corporal incluyendo el cr\u00e1neo.<\/p>\n<p><em> <strong>Don Manuel Fern\u00e1ndez Seiva<\/strong> <\/em>: <em>Primeros Auxilios Sanitarios. Masaje Terap\u00e9utico. Masaje Deportivo. Fitoterapia, Kinesiolog\u00eda y Acupuntura. Vendaje Funcional y Lesiones Deportivas. Osteopat\u00eda Estructural. Quiropraxia T\u00e9cnica Holder and Thompson. Especialista en diagn\u00f3stico Arm Reflex. Diplomado en Osteopat\u00eda Estructural, Visceral y Craneal. Diplomado en Terapia Tradicional China (Acupuntura, Bioenerg\u00e9tica, Moxibusti\u00f3n y Auriculoterapia) por el Centro Universitario Reina Cristina. Proyecto Tesina. Universidad Reina Cristina del Escorial con el tema: Esclerosis M\u00faltiple, \u00abMejorando tu calidad de vida\u00bb. Oligoelementos en Reumatolog\u00eda y Deportivo. Terapeuta, colaborador de la Asociaci\u00f3n de Fibromialgia de Torrej\u00f3n de Ardoz (A.F.T.A.) Creador del M\u00e9todo BI\u2022OS. Sistema creado para el tratamiento del dolor osteo-muscular y afecciones generales<\/em>.<\/p>\n<p><strong>Sala 2 \u2022 11:30 a 12:45: Shiatsu Emocional como tratamiento coadyuvante para la ansiedad y depresi\u00f3n<\/strong><\/p>\n<p>Durante siete a\u00f1os he aplicado shiatsu cl\u00ednico combinado con shiatsu emocional a aquellas personas pertenecientes a grupos de duelo por la muerte de familiares cercanos y se ha conseguido tanto una mejora f\u00edsica como un fortalecimiento psicol\u00f3gico de las personas tratadas. Cuadros de ansiedad y depresi\u00f3n con manifestaciones de dolor restroesternal, insomnio, cansancio, contracturas, mala digesti\u00f3n, taquicardias, sudoraci\u00f3n, nerviosismo, irratabilidad, aislamiento, abulia, desmotivaci\u00f3n, hipertensi\u00f3n, etc., fueron desapareciendo en el transcurso de un a\u00f1o de sesiones semanales junto a las reuniones de trabajo grupal sobre el duelo. Las separaciones de pareja tambi\u00e9n generan cuadros de ansiedad y depresi\u00f3n dependiendo de la intensidad con la que se vive la ruptura. El shiatsu emocional aplicado en pocas sesiones avanza el proceso de superaci\u00f3n de las crisis. Los despidos y tensiones laborales generan cuadros de estr\u00e9s y ansiedad en el que el Shiatsu emocional se convierte en un veh\u00edculo de canalizaci\u00f3n de la frustraci\u00f3n e impotencia ante situaciones que nos desbordan. Cuadros de depresi\u00f3n, ansiedad y psicomatizaciones en aquellas personas que han sufrido abusos sexuales en la ni\u00f1ez pueden recobrar el equilibrio y la desaparici\u00f3n de s\u00edntomas en el transcurso de una o dos sesiones de Shiatsu emocional.<\/p>\n<p><em> <strong>Don Emilio Estivill Mart\u00ednez<\/strong> <\/em>: <em>Diplomado en Magisterio Espa\u00f1ol y Ciencias Sociales. Diplomado en Acupuntura. Diplomado en Shiatsu y Terapias Orientales. Diplomado en Medicina Tradicional China en ISMET. Instructor de Shiatsu Namikoshi. Director de estudios y terapeuta cl\u00ednico de Shiatsu y Tui-na del centro Naturopat\u00eda y Medicina China: CENAC en Barcelona Vicepresidente de COFENAT-Catalunya desde 1996 hasta la actualidad<\/em>.<\/p>\n<p><strong>Sala 3 \u2022 11:30 a 12:45: El tratamiento sintom\u00e1tico del dolor leve y moderado con PNL<\/strong><\/p>\n<p>Sin duda alguna todos los profesionales de la salud tenemos, entre otras, la misi\u00f3n y el deseo de aliviar el dolor y la enfermedad de nuestros semejantes. En el caso concreto de dolores leves y moderados (musculares, de cabeza, extremidades, etc.) la pr\u00e1ctica y aplicaci\u00f3n de diferentes t\u00e9cnicas de Programaci\u00f3n Neuroling\u00fc\u00edstica (PNL) demuestran que es posible un alivio de los mismos de una forma r\u00e1pida y no invasiva. El tratamiento con PNL facilita mediante un lenguaje de representaciones (VAK) y s\u00edmbolos que el propio paciente verbaliza en estado de relajaci\u00f3n profunda genere el alivio o incluso la eliminaci\u00f3n del dolor. Aspecto psicoterap\u00e9utico de la intervenci\u00f3n: paralelamente al trabajo centrado en representaciones y s\u00edmbolos, completamos el tratamiento proponiendo al paciente la exploraci\u00f3n sobre las posibles causas psicol\u00f3gicas que han desencadenado ese dolor f\u00edsico y encontrar la intenci\u00f3n positiva y el aprendizaje que proporciona. Experiencia pr\u00e1ctica: la parte final de la conferencia se dedicar\u00e1 a realizar una experiencia pr\u00e1ctica con un voluntario del p\u00fablico para aliviar alg\u00fan dolor muscular o dolor de cabeza. Si da tiempo y a discreci\u00f3n del conferenciante se realizar\u00e1 una experiencia a nivel grupal.<\/p>\n<p><em> <strong>Don Juan Ignacio Gasta\u00f1aga Holguera<\/strong> <\/em>: <em>Terapeuta con t\u00e9cnicas de PNL y profesor de PNL. Director del Instituto de Coaching y Mentoring y del Centro de Meditaci\u00f3n Miramadrid. Miembro de la Asociaci\u00f3n Espa\u00f1ola de PNL. AEPNL<\/em>.<\/p>\n<p><strong>Sala 1 \u2022 13 a 14:15: Beneficios del agua enriquecida con ox\u00edgeno para nuestra salud<\/strong><\/p>\n<p>El ox\u00edgeno y el agua son los principales protagonistas de los procesos metab\u00f3licos y son los elementos b\u00e1sicos para la vida. El envejecimiento de la membrana celular, as\u00ed como el estilo de vida poco saludable (falta de ejercicio f\u00edsico, mala alimentaci\u00f3n, tabaquismo, consumo de alcohol, estr\u00e9s, etc.) afectan al suministro de ox\u00edgeno de las c\u00e9lulas y pueden llevar a una alteraci\u00f3n del metabolismo celular. Es sabido que captamos ox\u00edgeno a trav\u00e9s de los pulmones y de la piel, pero tambi\u00e9n podemos utilizarlo enriqueciendo el agua que bebemos. En esta ponencia, explicaremos c\u00f3mo con el agua enriquecida con ox\u00edgeno se pueden prevenir y tratar diversas afecciones. Se mostrar\u00e1 un m\u00e9todo para que cada uno pueda enriquecer el agua en su casa, sin necesidad de comprarla ya envasada, y demostraremos con casos pr\u00e1cticos \u00abin situ\u00bb c\u00f3mo act\u00faa con rapidez en las personas.<\/p>\n<p><em> <strong>Don Jos\u00e9 Luis Carbonell S\u00e1nchez<\/strong> <\/em>: <em>Diplomado en Diet\u00e9tica y Nutrici\u00f3n, Fitoterapia, Fisiopatolog\u00eda y Dietoterapia por la Escuela T\u00e9cnica de Ense\u00f1anzas Especializadas. Nutrici\u00f3n infantil por el \u00c1rea de Salud P\u00fablica del Ayuntamiento de Madrid. Herbodiet\u00e9tica por el \u00c1rea de Sanidad y Consumo del Ayuntamiento de Madrid. Kinesiolog\u00eda por la Asociaci\u00f3n Touch for Health, Pasadena, California. Touch for Health, Espa\u00f1a. Quiromasaje. Reflexoterapia. Homeopat\u00eda. Terapia Floral<\/em>.<\/p>\n<p><strong>Sala 2 \u2022 13 a 14:15: M\u00e9todo de Liberaci\u00f3n de Corazas (MLC) \u00ab<em>Un m\u00e9todo para nacer a s\u00ed mismo<\/em>\u00bb<\/strong><\/p>\n<p>En todo proceso de nacimiento hay un movimiento, una muerte simb\u00f3lica. Este nacimiento se vive en los tres planos de conciencia que nos habitan: el cuerpo, el coraz\u00f3n y el Alma. El M\u00e9todo de Liberaci\u00f3n de las Corazas ha sido creado por Marie-Lise Labont\u00e9, que se inspir\u00f3 en su propio proceso de autosanaci\u00f3n y en muchos a\u00f1os de b\u00fasqueda y experimentaci\u00f3n en psicosom\u00e1tica y energ\u00e9tica. El MLC es una aproximaci\u00f3n global al cuerpo por los movimientos de despertar corporal. La herramienta base para experimentar esta aproximaci\u00f3n es nuestro cuerpo. Lleva al individuo a entrar en un di\u00e1logo con su cuerpo, a escucharle, a restablecer ese v\u00ednculo profundo que un d\u00eda pudo haberse escindido. Cuando nos separamos de nuestro cuerpo, nos separamos de nuestros instintos. A medida que vamos creciendo, ante experiencias que hemos interpretado y vivido como peligrosas, nuestro cuerpo se va cerrando, se va protegiendo y es as\u00ed como se van formando las corazas, esas corazas van a permanecer inconscientes o preconscientes para la mayor\u00eda de las personas adultas y las percibimos como: rigideces en nuestro cuerpo f\u00edsico, dolores cr\u00f3nicos, en nuestra psique, como creencias limitativas y limitaciones internas, depresiones, angustia, dificultad de vivir, permaneciendo en la supervivencia. Las herramientas utilizadas en los movimientos de despertar corporal son pelotas de tenis, de espuma, bastones forrados de espuma, etc., estos instrumentos ayudan a masajear los lugares estrat\u00e9gicos y a penetrar en las diferentes capas musculares (desde la superficial a la profunda), con el fin de ir liberando y flexibilizando las corazas.<\/p>\n<p><em> <strong>Do\u00f1a Lurdes Reina Mart\u00edn<\/strong> <\/em>: <em>Diplomada en MLC con Marie-Lise Labont\u00e9. Natur\u00f3pata. Terapeuta Psico-corporal. Diplomada en Relaciones P\u00fablicas, Planificaci\u00f3n y Direcci\u00f3n de Comunicaci\u00f3n Empresarial<\/em>.<\/p>\n<p><strong>Sala 3 \u2022 13 a 14:15: Morfopsicolog\u00eda Aplicada<\/strong><\/p>\n<p>La Morfopsicolog\u00eda es una disciplina que a\u00fana ciencias tales como la biolog\u00eda, la fisiolog\u00eda y la psicolog\u00eda y nos capacita para interpretar el car\u00e1cter y la personalidad de cualquier persona con asombrosa fiabilidad y detalle a partir de la observaci\u00f3n de sus rasgos faciales. Su conocimiento nos permite llevar a cabo an\u00e1lisis precisos interpretando los rasgos de la personalidad en el rostro: el temperamento, las aptitudes, las habilidades, el tipo de inteligencia, la predisposici\u00f3n emocional, las tendencias an\u00edmicas, etc \u2026 La cara es la zona de nuestro cuerpo en donde se concentra casi toda nuestra percepci\u00f3n del mundo exterior, pero tambi\u00e9n es el espejo del Alma ya que es la expresi\u00f3n de nuestro mundo interior, el rostro de una persona es, por tanto, su fenotipo y la define psicol\u00f3gicamente, nos permite descifrar adem\u00e1s el tipo de experiencias vitales que han influido en el individuo ya que \u00e9stas siempre dejan su huella en el rostro. Ya seas psic\u00f3logo, terapeuta de cualquier especialidad, sanador, coacher, educador social, profesor, te dediques a la selecci\u00f3n de personal, a cualquier actividad relacionada con los recursos humanos o est\u00e9s de cara al p\u00fablico, seas un negociador de conflictos laborales, padre de familia, asesor, intermediario o s\u00f3lo seas un amante del conocimiento humano, la morfopsicolog\u00eda se convertir\u00e1 en una completa y productiva herramienta que te abrir\u00e1 las puertas a la verdad que se oculta detr\u00e1s de un rostro.<\/p>\n<p><em> <strong>Dr. Don Jos\u00e9 A. Garc\u00eda<\/strong> <\/em>: <em>Morfopsic\u00f3logo titulado por la Soci\u00e9t\u00e9 Fran\u00e7aise de Morphopsychologie, Cofundador y Presidente del Instituto de Morfosicolog\u00eda y Desarrollo Humano. Su visi\u00f3n Hol\u00edstica de la salud le ha llevado a completar su formaci\u00f3n en diferentes \u00e1reas tales como la medicina psicosom\u00e1tica, la psicolog\u00eda cognitiva-conductual as\u00ed como a practicar y profundizar en el yoga y la meditaci\u00f3n como v\u00eda de integraci\u00f3n psico-corporal. Imparte cursos y talleres de Morfopsicolog\u00eda en el Instituto de Morfopsicolog\u00eda y Desarrollo Humano del que es fundador y presidente. Desde hace 10 a\u00f1os ha colaborado en congresos y ferias impartiendo multitud de conferencias en Madrid, Barcelona, M\u00e1laga y Marbella y participado en programas de radio y televisi\u00f3n<\/em>.<\/p>\n<p><strong>Sala 1 \u2022 16 a 17:15: Remedios homeop\u00e1ticos para lesiones deportivas<\/strong><\/p>\n<p>Existen remedios Homeop\u00e1ticos que pueden llegar a incrementar el rendimiento deportivo, no \u00fanicamente siendo remedios paliativos, sino en particular empezando a utilizarlos de manera preventiva. Cualquier masajista o fisioterapeuta que se dedique a cuidar a deportistas sabe que existen un cierto n\u00famero de profesionales que tienen tendencia a recaer en ciertas molestias de manera continuada, como por ejemplo luxaciones, inflamaci\u00f3n de tendones, bursitis, problema de cart\u00edlago, etc. Es precisamente este deportista el que m\u00e1s requiere de tratamiento homeop\u00e1tico, no \u00fanicamente por su efectividad, sino tambi\u00e9n por el hecho que nuestros remedios pueden fortalecer y erradicar esa tendencia a padecer un cierto tipo de lesi\u00f3n.<\/p>\n<p><em> <strong>Don Joan M. S\u00e1nchez i Gaspar\u00edn<\/strong> <\/em>: <em>Director del Institut Homeop\u00e0tic de Catalunya. Presidente de la Sociedad Espa\u00f1ola de Homeopat\u00eda Cl\u00e1sica. Home\u00f3pata de gran prestigio a nivel internacional<\/em>.<\/p>\n<p><strong>Sala 2 \u2022 16 a 17:15: Resoluci\u00f3n de conflictos internos y liberaci\u00f3n de patrones limitadores del crecimiento<\/strong><\/p>\n<p>Venimos al mundo con una serie de condicionamientos que nos llegan a trav\u00e9s del entorno, principalmente de las figuras parentales (padre y madre o sustitutos). Cuando somos ni\u00f1os principalmente lo que afloran son las emociones (los ni\u00f1os entienden el mundo a trav\u00e9s de lo que sienten). Cuando somos adultos nos encontramos con la tarea de conciliar lo que aprendimos de nuestros padres con lo que sentimos, \u00e9sta es la clave para afrontar y resolver los conflictos que habitan en nosotros y liberar as\u00ed la energ\u00eda bloqueada para comenzar a vivir felizmente, en sinton\u00eda con nuestro propio Ser.<\/p>\n<p><em> <strong>Do\u00f1a Eva Medina Rodr\u00edguez<\/strong> <\/em>: <em>Psic\u00f3loga Psicoterapeuta Humanista Integrativa en Centro de Psicoterapia Escosura y colaboradora del Gabinete de Psicoterapia Integramente. M\u00e1ster en Psicoterapia Humanista Integrativa. Experta en Psicopatolog\u00eda y Psicodiagn\u00f3stico. Formaci\u00f3n en An\u00e1lisis Transaccional. Especialista en Psicoterapia Infantil Gest\u00e1ltica. M\u00e1ster en Psicoterapia de Ni\u00f1os y Adolescentes. Formaci\u00f3n y experiencia en procesos de acompa\u00f1amiento terap\u00e9utico a mujeres v\u00edctimas de violencia de g\u00e9nero. Facilitadora de talleres de crecimiento personal<\/em>.<\/p>\n<p><strong>Sala 3 \u2022 16 a 17:15: Presentaci\u00f3n Way Diet<\/strong><\/p>\n<p>Laboratorios j.M. Nat es una empresa que fundamenta su filosof\u00eda de trabajo en dos pilares: Materias primas de alt\u00edsima calidad y gal\u00e9nica innovadora que optimice la disponibilidad de estas materias primas por el organismo. En lab. J.M. Nat formulamos y desarrollamos complementos alimenticios seg\u00fan normas farmac\u00e9uticas gmp (Good Manufacturing Practices), estos productos se comercializan con la marca Way Diet Natural Products\u00ae. En nuestra gama de productos se incluyen Microgr\u00e1nulos, plantas medicinales y oligoelementos. Gal\u00e9nica bifase, regucol, redugluk, oligojal. L\u00ednea articular flextr\u00f3n. L\u00ednea diet\u00e9tica Way Diet line. Oil fish, Omega3 altamente concentrado. Menoconfort, confort durante la menopausia (sin isoflavonas de soja). Por nuestro compromiso con la calidad, el desarrollo, la seguridad y comodidad de administraci\u00f3n son cada vez m\u00e1s los profesionales de la salud que se interesan y recomiendan los productos Way Diet. Conozca nuestros productos en profundidad.<\/p>\n<p><em> <strong>Don Jes\u00fas Chic\u00f3n Garc\u00eda<\/strong> <\/em>: <em>Licenciado en Medicina y Cirug\u00eda por la Universidad de Alcal\u00e1 de Henares. Profesor de la Universidad Alfonso X (UAX ). Diplomado Universitario en Homeopat\u00eda por CEDH. Diplomado en Terapias Biol\u00f3gicas<\/em>.<\/p>\n<p><strong>Sala 1 \u2022 17:30 a 18:45: El Buen Humor: la mejor terapia<\/strong><\/p>\n<p>La Risoterapia moderna como terapia preventiva y resolutiva. Se comentan los avances dentro de la Risoterapia llevados a cabo por profesores em\u00e9ritos de universidades americanas, como William Fry o Rod A. Martin, que demuestran qu\u00e9 sustancias generamos los seres humanos cuando re\u00edmos a carcajada o que la Risa mueve 420 m\u00fasculos del cuerpo. Desde esta \u00f3ptica se analizan los tipos de Risa existentes, y cu\u00e1les son los beneficios para el ser humano en sus distintos \u00e1mbitos de la vida, como el personal, social y profesional. Adem\u00e1s de sus beneficios corporales, mentales y emocionales. Se realizar\u00e1 una pr\u00e1ctica con los asistentes para reconocer a nivel propio la eficacia de esta maravillosa terapia.<\/p>\n<p><strong>Don Jos\u00e9 El\u00edas Fern\u00e1ndez Gonz\u00e1lez<\/strong>: <em>Psic\u00f3logo. M\u00e1ster en Psicolog\u00eda en el Deporte (UAM). Especialista en Hipnosis Cl\u00ednica (UCM) y Pionero en Risoterapia. Ha impartido conferencias en diversos hospitales y universidades<\/em>.<\/p>\n<p><strong>Sala 2 \u2022 17:30 a 18:45: Reequilibrio Energ\u00e9tico y Bienestar Emocional (R.E.&#038; B.E.) \u00a1Una terapia psicoenerg\u00e9tia excelente!<\/strong><\/p>\n<p>El Universo (lugar en que vivimos), es pura energ\u00eda manifestada en m\u00faltiples formas y frecuencias vibratorias. El Ser Humano, como parte integrante del Universo, tambi\u00e9n es pura energ\u00eda vibratoria manifestada en m\u00faltiples formas y frecuencias. Dicho esto, es f\u00e1cil entender que: cada alimento que tomamos, cada pensamiento que tenemos, cada emoci\u00f3n y sentimiento que experimentamos, es una manifestaci\u00f3n diferente de energ\u00eda con su particular frecuencia vibratoria la cual repercute en nuestra Energ\u00eda Vital, afecta al Sistema Energ\u00e9tico y a todas las c\u00e9lulas del cuerpo. Despu\u00e9s de veinte a\u00f1os trabajando con R.E. &#038; B. E. he podido comprobar, no una, sino cientos de veces, que en la gran mayor\u00eda de problemas de salud como: asma, c\u00e1ncer, diarreas, alergias, alteraciones de la regla, cistitis, dolores musculares, de cabeza, ci\u00e1ticas, y todo un largo etc., el origen del problema era un Conflicto Emocional no resuelto. R.E. &#038; B.E., es una terapia psicoenerg\u00e9tica que ha demostrado ser muy \u00fatil a la hora de ayudarnos a gestionar positivamente las emociones y la salud, ya que es muy efectiva a la hora de liberar todo tipo de emociones negativas ya sean del presente, o est\u00e9n atrapadas desde hace tiempo; demoler Muros Emocionales, cambiar nuestros Patrones de Conducta Negativos; Crecer Interiormente, incrementar nuestra Bolsa de Valores Personales, mejorar todo tipo de Relaciones, etc. Ven a conocerla, es la primera presentaci\u00f3n en Madrid.<\/p>\n<p><em> <strong>Don Clemente Santos P\u00e9rez<\/strong> <\/em>: <em>Gerente del Centro Kinesalud (Salamanca), Diplomado en Quiromasaje, Kinesiolog\u00eda y Tapping, Fitoterapia, Reflexolog\u00eda Podal, Profesor de Yoga y T\u00e9cnicas de Relajaci\u00f3n, Diet\u00e9tica (Elaboraci\u00f3n de Dietas y Dietoterapia), Ponente en Biocultura con temas como \u00abEl Valor Terap\u00e9utico de los Alimentos en el C\u00e1ncer\u00bb. Tambi\u00e9n  ha desarrollado varios programas y talleres de Educaci\u00f3n para la Salud como \u00abAutoestima, Kinesiologia y Tapping\u00bb, \u00abLa Dieta Educativa y Dietorepia\u00bb, etc<\/em>.<\/p>\n<p><strong>Sala 3 \u2022 17:30 a 18:45: Programa Adamas: \u00a1Conquista tu belleza!<\/strong><\/p>\n<p>\u00bfTe gustar\u00eda conquistar todo tu potencial de belleza? Dentro de ti existe un ilimitado potencial de belleza. Mucho m\u00e1s de lo que puedas imaginar. \u00danicamente est\u00e1 esperando que le permitan despertar. Es tu propia belleza, que es diferente de la de cualquier otra persona. Y esa singularidad est\u00e1 a punto de brillar con toda su fuerza. Con mucha m\u00e1s fuerza de lo que ahora puedas concebir. Incluso si ya te consideras una persona bella. En esta ponencia, eminentemente pr\u00e1ctica, se har\u00e1 un recorrido por el Programa Adamas\u00ae; en qu\u00e9 consiste, los siete principios b\u00e1sicos, los cuatro pilares maestros, las siete herramientas y los diez beneficios que te ayudar\u00e1n a alcanzar todo tu potencial de belleza de una forma saludable, aumentando tu bienestar f\u00edsico y emocional. Asimismo, se realizar\u00e1 una din\u00e1mica como muestra del desarrollo de una sesi\u00f3n del Programa Adamas\u00ae.<\/p>\n<p><em> <strong>Do\u00f1a Sonia G\u00f3mez Mart\u00ednez<\/strong> <\/em>: <em>Psic\u00f3loga por la Universidad Pontificia de Comillas, colegiada desde el a\u00f1o 1997, master en psicoterapia, consultora y especialista en oratoria. Ha desarrollado su carrera profesional en el \u00e1mbito terap\u00e9utico as\u00ed como directiva en diferentes compa\u00f1\u00edas privadas, como la empresa de salud Sanitas. Es socia fundadora del Instituto de Integraci\u00f3n de Habilidades para el Desarrollo, donde a trav\u00e9s del Programa Adamas aporta una visi\u00f3n diferente para alcanzar un peso saludable y la belleza<\/em>.<\/p>\n<p><a href=\"https:\/\/www.econatural.es\/programa\/programa-2012\/\"><em>Econatural<\/em><\/a><\/p>\n<p>(28 de setiembre de 2012)<\/p>\n","protected":false},"excerpt":{"rendered":"<p>Entre los d\u00edas 5 y 7 de octubre de 2012 tiene lugar, en el Palacio Municipal de Congresos de Madrid (Paseo de la Castellana, 99; Autobuses: L\u00edneas 14, 27, 40, 43, 120, 126, 147 y 150; Metro: L\u00ednea 10 estaci\u00f3n Santiago Bernabeu, L\u00ednea 8 estaci\u00f3n Nuevos Ministerios), Eco Nat, 6\u00aa edici\u00f3n del <em>Congreso Internacional de Terapias Naturales<\/em>, que desarrolla aspectos de inter\u00e9s en Naturopat\u00eda, Homeopat\u00eda, Acupuntura, Nutrici\u00f3n, Diet\u00e9tica, Fitoterapia, Medicina Biol\u00f3gica, Medicina Cu\u00e1ntica, Medicina tradicional China, Medicina Ayurv\u00e9dica, Psicoterapia, Hipnosis, Aromaterapia, Flores de Bach, Kinesiolog\u00eda, Bionerg\u00e9tica, Tai chi, Shiatsu, Yoga, &#8230; Presentamos el <a href=\"http:\/\/marina.swarpeca.es\/IMG\/pdf\/programa-econat-2012.pdf\">programa<\/a>, con una peque\u00f1a introducci\u00f3n de cada una de las ponencias as\u00ed como breves referencias a sus respectivos ponentes. <\/p>\n","protected":false},"author":1,"featured_media":1876,"comment_status":"closed","ping_status":"open","sticky":false,"template":"","format":"standard","meta":{"footnotes":""},"categories":[27],"tags":[],"_links":{"self":[{"href":"https:\/\/marina.swarpeca.es\/revista\/wp-json\/wp\/v2\/posts\/1877"}],"collection":[{"href":"https:\/\/marina.swarpeca.es\/revista\/wp-json\/wp\/v2\/posts"}],"about":[{"href":"https:\/\/marina.swarpeca.es\/revista\/wp-json\/wp\/v2\/types\/post"}],"author":[{"embeddable":true,"href":"https:\/\/marina.swarpeca.es\/revista\/wp-json\/wp\/v2\/users\/1"}],"replies":[{"embeddable":true,"href":"https:\/\/marina.swarpeca.es\/revista\/wp-json\/wp\/v2\/comments?post=1877"}],"version-history":[{"count":0,"href":"https:\/\/marina.swarpeca.es\/revista\/wp-json\/wp\/v2\/posts\/1877\/revisions"}],"wp:featuredmedia":[{"embeddable":true,"href":"https:\/\/marina.swarpeca.es\/revista\/wp-json\/wp\/v2\/media\/1876"}],"wp:attachment":[{"href":"https:\/\/marina.swarpeca.es\/revista\/wp-json\/wp\/v2\/media?parent=1877"}],"wp:term":[{"taxonomy":"category","embeddable":true,"href":"https:\/\/marina.swarpeca.es\/revista\/wp-json\/wp\/v2\/categories?post=1877"},{"taxonomy":"post_tag","embeddable":true,"href":"https:\/\/marina.swarpeca.es\/revista\/wp-json\/wp\/v2\/tags?post=1877"}],"curies":[{"name":"wp","href":"https:\/\/api.w.org\/{rel}","templated":true}]}}