{"id":1869,"date":"2012-09-15T19:41:21","date_gmt":"2012-09-15T19:41:21","guid":{"rendered":"https:\/\/marina.swarpeca.es\/revista\/2012\/09\/15\/el-tratamiento-del-cancer-es-ademas-de-cuestionable-economicamente-insostenible\/"},"modified":"2021-03-01T22:39:08","modified_gmt":"2021-03-01T22:39:08","slug":"el-tratamiento-del-cancer-es-ademas-de-cuestionable-economicamente-insostenible","status":"publish","type":"post","link":"https:\/\/marina.swarpeca.es\/revista\/el-tratamiento-del-cancer-es-ademas-de-cuestionable-economicamente-insostenible\/","title":{"rendered":"El tratamiento del c\u00e1ncer es, adem\u00e1s de cuestionable, econ\u00f3micamente insostenible"},"content":{"rendered":"<p>&#8211; El Dr. Pedro Pablo Uriarte Astarloa, subdirector de Planificaci\u00f3n de <a href=\"https:\/\/www.osalan.euskadi.net\/s94-osalan\/es\/\">OSALAN<\/a> [[<strong>Lecciones magistrales impartidas por el Dr. Pedro Pablo Uriarte Astarloa en el auditorium de la Mutua Universal en Sevilla, 2 y 3 de febrero de 2012<\/strong><\/p>\n<p>El Subdirector de Planificaci\u00f3n de Osalan, Dr. Pedro Pablo Uriarte Astarloa, imparti\u00f3 dos lecciones magistrales en Sevilla en el audit\u00f3rium de la Mutua Universal, los d\u00edas 2 y 3 de Febrero de 2012, en el \u00e1mbito de la \u201c<em>VII Reuni\u00f3n Cient\u00edfica de la Unidad Docente y VI encuentro de Tutores de la Unidad Docente Multiprofesional de Salud Laboral de Andaluc\u00eda<\/em>\u201d.<\/p>\n<p>&#8211; Las dos lecciones magistrales versaron sobre los siguientes temas: en la del d\u00eda 2 de Febrero hizo referencia a: <a href=\"https:\/\/marina.swarpeca.es\/revista\/IMG\/pdf\/pedro-pablo-uriarte.pdf\">\u201c<em>La Medicina Basada en la Evidencia en la elaboraci\u00f3n de protocolos espec\u00edficos de Vigilancia de la Salud de los trabajadores<\/em>\u201d<\/a>, y la del d\u00eda 3 vers\u00f3 sobre un estudio de investigaci\u00f3n de Osalan: <a href=\"https:\/\/marina.swarpeca.es\/revista\/IMG\/pdf\/pedro-pablo-uriarte_2.pdf\">\u201c<em>La Carga de Enfermedad atribuible al trabajo y su coste sanitario en el Pa\u00eds Vasco<\/em>\u201d<\/a>.]], ha abierto la ma\u00f1ana del segundo y \u00faltimo d\u00eda del <a href=\"https:\/\/www.industria.ejgv.euskadi.net\/r44-ikus0004\/es\/contenidos\/informacion\/jt_120903_uk2012\/es_jt120903\/ponencias\">II Curso de Verano de Seguridad y Salud en el trabajo<\/a>, en colaboraci\u00f3n con el Instituto Vasco de Seguridad y Salud Laboral, con la conferencia: <a href=\"https:\/\/marina.swarpeca.es\/revista\/IMG\/pdf\/cancer-y-trabajo.pdf\">\u201c<em>El cancer relacionado con el trabajo, una asignatura pendiente en la Salud Laboral<\/em>\u201d<\/a>.<\/p>\n<p><a href=\"https:\/\/www.osalan.euskadi.net\/s94-osa0001\/es\/contenidos\/informacion\/conocenos_bienvenida\/es_bienveni\/bienvenida.html\">Pilar Collantes<\/a>, directora de OSALAN y del curso, expuso el Lunes que \u201c<em>La enfermedad profesional es la gran desconocida. Falta investigaci\u00f3n, estudios y vigilancia epidemiol\u00f3gica sistem\u00e1tica en los casos<\/em>\u201d. <\/p>\n<p>En este escenario gen\u00e9rico de la enfermedad, se ha profundizado especialmente en el c\u00e1ncer laboral, en el que a pesar de los esfuerzos por hacer aflorar su situaci\u00f3n real, sigue estando sumergido y poco reconocido por las instituciones implicadas en ello.<\/p>\n<p>Despu\u00e9s de definir la cuesti\u00f3n principal: \u201c<em>\u00bfQu\u00e9 es el c\u00e1ncer?<\/em>\u201d, como el conjunto de enfermedades con divisi\u00f3n de c\u00e9lulas normales sin control (que) invaden otros tejidos cercanos por la sangre, el Dr. Pedro Pablo Uriarte ha sentenciado que: \u201c<em>En muchos casos se nos est\u00e1 ocultando una realidad que llama insistentemente a nuestra puerta ante la verdadera situaci\u00f3n que vamos a tener que vivir en los a\u00f1os venideros<\/em>\u201d.<\/p>\n<p>A partir de la industrializaci\u00f3n en el siglo XIX se desarrollaron gran cantidad de tipos de c\u00e1nceres que se han relacionado con el aumento de la esperanza de vida, y la reciente presencia en el medio ambiente industrial de nuevos productos cancer\u00edgenos. Se sit\u00faan entre 80.000 y 100.000 agentes perjudiciales, y tan s\u00f3lo mil est\u00e1n estudiados.<\/p>\n<p>El c\u00e1ncer causa la muerte aproximadamente del 13% de la poblaci\u00f3n a nivel mundial, es decir, 7,6 millones de personas murieron por este motivo en 2007, a pesar de que se distribuyan territorialmente de forma desigual. <\/p>\n<p>EEUU tuvo un 110% de \u00edndice de incidencia respecto a 100.000 trabajadores en c\u00e1ncer pulmonar, mientras que en la India no lleg\u00f3 al 6%. <\/p>\n<p>El 25% de los casos est\u00e1n acumulados en Europa, a pesar de que tan s\u00f3lo represente el 10,3% de la poblaci\u00f3n mundial. <\/p>\n<p>La exposici\u00f3n simult\u00e1nea a dichos agentes perjudiciales ha provocado un aumento extraordinario de los c\u00e1nceres en los \u00faltimos 50 a\u00f1os no explicable por el factor gen\u00e9tico, siendo patente una acumulaci\u00f3n de casos en entornos industriales. <\/p>\n<p>Tambi\u00e9n es destacable la aparici\u00f3n de sustancias cancer\u00edgenas sin estudiar en el mercado, que denota una falta de control. <\/p>\n<p>En opini\u00f3n del Dr. Uriarte: \u201c<em>Se da demasiada importancia al tratamiento y no a la prevenci\u00f3n, tratamiento que va a ser econ\u00f3micamente insostenible con toda seguridad, ya que las \u00faltimas estimaciones se sit\u00faan entre 50 y 60 mil euros por paciente<\/em>\u201d.<\/p>\n<p>La IARC (<em>International Agency for Research on Cancer<\/em>), ha creado una lista clasificando los distintos <a href=\"https:\/\/monographs.iarc.fr\/ENG\/Classification\/index.php\">grados de peligrosidad<\/a>. <\/p>\n<p>De los 298 elementos supuestamente cancer\u00edgenos estudiados, 30 pertenecen a los perjudiciales, 29 a la categor\u00eda de probablemente cancer\u00edgenos, 114 agentes no clasificables y 19 no entra\u00f1ar\u00edan peligro alguno para el ser humano. <\/p>\n<p>No obstante, en el ranking de los c\u00e1nceres m\u00e1s frecuentes el de pulm\u00f3n ostenta el primer puesto (86%), debido a que la mayor\u00eda de los agentes son respirados, seguido por el c\u00e1ncer de mesotelioma, vejiga urinaria, fosas nasales, angiosarcoma hep\u00e1tico y leucemias. <\/p>\n<p>En el estado espa\u00f1ol m\u00e1s de 3 millones de trabajadores tienen una historia laboral de exposici\u00f3n a cancer\u00edgenos, a pesar de que tan s\u00f3lo un 0,03% est\u00e9n reconocidos como enfermedad profesional, mientras que en el estado franc\u00e9s por ejemplo lleguen al 10,4%.<\/p>\n<p>Es destacable la larga latencia de \u00e9stos despu\u00e9s de la jubilaci\u00f3n. <\/p>\n<p>El Dr. Uriarte ha expuesto que hay \u201c<em>poca o nula implicaci\u00f3n de los higienistas. Parece que nos da miedo introducirnos en este \u00e1mbito<\/em>\u201d. <\/p>\n<p>En el estado espa\u00f1ol se diagnostican 160.000 nuevos casos de c\u00e1ncer en el a\u00f1o y mueren unos 100.000 ciudadanos. Un 35% de los trabajadores est\u00e1n expuestos a elementos cancer\u00edgenos, siendo la segunda causa global de muerte tras las enfermedades cardiovasculares, y la primera en el sexo masculino. Se calcula que 6.000 personas mueren por c\u00e1ncer de origen laboral, y la tasa de mortalidad se sit\u00faa en torno al 6% en hombres y 0,9% en mujeres.<\/p>\n<p>No obstante es rese\u00f1able la reducci\u00f3n del n\u00famero de c\u00e1nceres a nivel estatal que ha tenido lugar desde 2008 a hoy, y que Euskadi ha experimentado una ligera curva creciente en los \u00faltimos a\u00f1os, a pesar de que tan s\u00f3lo un 2% de los afectados masculinos de c\u00e1ncer supera los cinco a\u00f1os.<\/p>\n<p>\u201c<em>No debemos ignorar, negar la evidencia, manipular datos, ni valorar el problema bajo la \u00f3ptica econ\u00f3mica<\/em>\u201d, concluy\u00f3.<\/p>\n<p><a href=\"https:\/\/www.izaronews.info\/euskadi\/category\/ciencia\"><em>Izaro News<\/em><\/a><\/p>\n<p><strong>M\u00e1s informaci\u00f3n en <em>G\u00e9minis Papeles de Salud<\/em> <\/strong><\/p>\n<p>&#8211; <a href=\"https:\/\/marina.swarpeca.es\/revista\/cancer-prevencion-e-inmunidad\/\">C\u00e1ncer, prevenci\u00f3n e inmunidad<\/a><\/p>\n<p>&#8211; <a href=\"https:\/\/marina.swarpeca.es\/revista\/curcuma\/\">C\u00farcuma<\/a><\/p>\n<p>&#8211; <a href=\"https:\/\/marina.swarpeca.es\/revista\/equinacea-purpurea\/\">Equinacea<\/a><\/p>\n<p>&#8211; <a href=\"https:\/\/marina.swarpeca.es\/revista\/una-de-gato\/\">U\u00f1a de gato<\/a><\/p>\n<p>&#8211; <a href=\"https:\/\/marina.swarpeca.es\/revista\/aloe-vera-o-sabila\/\">Aloe vera o S\u00e1bila<\/a><\/p>\n<p>&#8211; <a href=\"https:\/\/marina.swarpeca.es\/revista\/cartilago-de-tiburon\/\">Cart\u00edlago de tibur\u00f3n<\/a><\/p>\n<p>&#8211; <a href=\"https:\/\/marina.swarpeca.es\/spip.php?page=recherche&#038;recherche=c%C3%A1ncer&#038;debut_articles=60#pagination_articles\">C\u00e1ncer<\/a><\/p>\n<p>(15 de setiembre de 2012)<\/p>\n","protected":false},"excerpt":{"rendered":"<p>Adem\u00e1s de cuestionable, y cada vez m\u00e1s cuestionado incluso por un n\u00famero creciente de onc\u00f3logos, el tratamiento del c\u00e1ncer es econ\u00f3micamente insostenible: \u00ab<em>Las \u00faltimas estimaciones se sit\u00faan entre 50.000 y 60.000 euros por paciente<\/em>\u00ab, en palabras del Dr. Pedro Pablo Uriarte Astarloa (subdirector de Osalan &#8211; Instituto Vasco de Seguridad y Salud Laborales) en el marco del II Curso de Verano de seguridad y salud en el trabajo, recientemente desarrollado en la UPV (Universidad del Pa\u00eds Vasco) &#8211; EHU. M\u00e1xime al considerar que, en el estado espa\u00f1ol, cada a\u00f1o se diagnostican 160.000 nuevos casos de c\u00e1ncer y mueren unas 100.000 personas por dicho motivo; asimismo, que un 35% de trabajadores est\u00e1n expuestos a elementos cancer\u00edgenos, y que el c\u00e1ncer es la segunda causa global de muerte tras las enfermedades cardiovasculares y la primera en el sexo masculino. Como el propio Uriarte subraya, la soluci\u00f3n radica en conceder una atenci\u00f3n preferente a la prevenci\u00f3n.<\/p>\n","protected":false},"author":1,"featured_media":1868,"comment_status":"closed","ping_status":"open","sticky":false,"template":"","format":"standard","meta":{"footnotes":""},"categories":[11],"tags":[],"_links":{"self":[{"href":"https:\/\/marina.swarpeca.es\/revista\/wp-json\/wp\/v2\/posts\/1869"}],"collection":[{"href":"https:\/\/marina.swarpeca.es\/revista\/wp-json\/wp\/v2\/posts"}],"about":[{"href":"https:\/\/marina.swarpeca.es\/revista\/wp-json\/wp\/v2\/types\/post"}],"author":[{"embeddable":true,"href":"https:\/\/marina.swarpeca.es\/revista\/wp-json\/wp\/v2\/users\/1"}],"replies":[{"embeddable":true,"href":"https:\/\/marina.swarpeca.es\/revista\/wp-json\/wp\/v2\/comments?post=1869"}],"version-history":[{"count":6,"href":"https:\/\/marina.swarpeca.es\/revista\/wp-json\/wp\/v2\/posts\/1869\/revisions"}],"predecessor-version":[{"id":3338,"href":"https:\/\/marina.swarpeca.es\/revista\/wp-json\/wp\/v2\/posts\/1869\/revisions\/3338"}],"wp:featuredmedia":[{"embeddable":true,"href":"https:\/\/marina.swarpeca.es\/revista\/wp-json\/wp\/v2\/media\/1868"}],"wp:attachment":[{"href":"https:\/\/marina.swarpeca.es\/revista\/wp-json\/wp\/v2\/media?parent=1869"}],"wp:term":[{"taxonomy":"category","embeddable":true,"href":"https:\/\/marina.swarpeca.es\/revista\/wp-json\/wp\/v2\/categories?post=1869"},{"taxonomy":"post_tag","embeddable":true,"href":"https:\/\/marina.swarpeca.es\/revista\/wp-json\/wp\/v2\/tags?post=1869"}],"curies":[{"name":"wp","href":"https:\/\/api.w.org\/{rel}","templated":true}]}}