{"id":1856,"date":"2012-08-21T04:31:50","date_gmt":"2012-08-21T04:31:50","guid":{"rendered":"https:\/\/marina.swarpeca.es\/revista\/2012\/08\/21\/organizacion-medica-colegial-limitar-la-sanidad-a-inmigrantes-sin-papeles-traera-problemas-economicos-e-infecciosos\/"},"modified":"2012-08-21T04:31:50","modified_gmt":"2012-08-21T04:31:50","slug":"organizacion-medica-colegial-limitar-la-sanidad-a-inmigrantes-sin-papeles-traera-problemas-economicos-e-infecciosos","status":"publish","type":"post","link":"https:\/\/marina.swarpeca.es\/revista\/organizacion-medica-colegial-limitar-la-sanidad-a-inmigrantes-sin-papeles-traera-problemas-economicos-e-infecciosos\/","title":{"rendered":"Organizaci\u00f3n M\u00e9dica Colegial: \u00abLimitar la Sanidad a inmigrantes sin papeles traer\u00e1 problemas econ\u00f3micos e infecciosos\u00bb"},"content":{"rendered":"<p>Seraf\u00edn Romero se ha pronunciado as\u00ed, en declaraciones a <em>Europa Press<\/em>, despu\u00e9s de que se conociera que el departamento que dirige Ana Mato est\u00e9 planteando la posibilidad de hacer pagar mediante convenios 710 euros a los inmigrantes menores de 65 a\u00f1os y 1.864 euros a los mayores de esa edad, para obtener asistencia en la sanidad publica [[- <a href=\"https:\/\/marina.swarpeca.es\/revista\/IMG\/pdf\/sanidad_sin-papeles_710-euros-ano.pdf\">Sanidad exige 710 euros al a\u00f1o a los sin papeles por ser atendidos<\/a> (Mi salud no es un negocio, 09-08-2012)<\/p>\n<p><img loading=\"lazy\" decoding=\"async\" class=\" alignleft size-full wp-image-1854\" src=\"https:\/\/marina.swarpeca.es\/revista\/wp-content\/uploads\/2012\/08\/sanidad-exige-710-euros-ano.jpg\" alt=\"sanidad-exige-710-euros-ano.jpg\" align=\"left\" width=\"150\" height=\"102\" \/><\/p>\n<p>El lunes se supo que el Ministerio de Sanidad hab\u00eda perge\u00f1ado un intento de soluci\u00f3n: que suscriban una especie de p\u00f3liza con la sanidad p\u00fablica, previo pago de 59,20 euros al mes para los menores de 65 a\u00f1os y 155,4 para el resto. Pero la idea s\u00f3lo la apoya el PP.]].<\/p>\n<p>A su entender, disminuir la accesibilidad de este colectivo social a la Atenci\u00f3n Primaria puede generar que estos ciudadanos dejen de acudir a los servicios sanitarios cuando lo necesiten y, adem\u00e1s, se produzca una \u00ab<em>demora<\/em>\u00bb en algunos tipos de diagn\u00f3stico o de prevenci\u00f3n de alg\u00fan tipo de enfermedad.<\/p>\n<p>As\u00ed, se ha sorprendido de que el Departamento que dirige Ana Mato pretenda que los inmigrantes sin papeles paguen para acceder al Sistema Nacional de Salud (SNS) y ha criticado que sea un \u00ab<em>copago claro y contundente<\/em>\u00bb impuesto a un colectivo que \u00ab<em>ya de por s\u00ed tiene serias dificultades<\/em>\u00ab.<\/p>\n<p><strong>Pide al Gobierno que agilice la regularizaci\u00f3n de los &#8216;<em>sin papeles<\/em>&#8216;<\/strong><\/p>\n<p>Dicho esto, Romero ha pedido al Gobierno que agilice, \u00ab<em>en el menor tiempo posible<\/em>\u00ab, los tr\u00e1mites para que los inmigrantes sin papeles consigan la nacionalidad espa\u00f1ola y que, de esta forma, no tengan que llevar un a\u00f1o empadronados para poder acceder a la Sanidad.<\/p>\n<p>\u00ab<em>No tiene ning\u00fan sentido que mantengamos ciertos tipos de situaciones de irregularidad de hasta un a\u00f1o. Lo que habr\u00eda es que regularizarlos en la medida de lo posible, en el menor tiempo posible, para que en el momento en el que se regulariza no tener la necesidad de llevar un a\u00f1o para tener la prestaci\u00f3n de asistencia<\/em>\u00ab, ha recalcado.<\/p>\n<p>As\u00ed, el secretario general de la OMC ha insistido en la necesidad de que estas regularizaciones se hagan \u00ab<em>lo antes posible<\/em>\u00bb para evitar que se tenga que entrar en un sistema de copago. \u00ab<em>Desde la Organizaci\u00f3n vamos a seguir defendiendo que tenemos derecho todos los ciudadanos a la asistencia sanitaria<\/em>\u00ab, ha zanjado.<\/p>\n<p><a href=\"https:\/\/misaludnoesunnegocio.net\/actualidad.php?p=9850&#038;more=1&#038;c=1&#038;tb=1&#038;pb=1\"><em>Mi salud no es un negocio<\/em><\/a><\/p>\n<figure id=\"attachment_1855\" aria-describedby=\"caption-attachment-1855\" style=\"width: 222px\" class=\"wp-caption aligncenter\"><img loading=\"lazy\" decoding=\"async\" class=\" aligncenter size-full wp-image-1855\" src=\"https:\/\/marina.swarpeca.es\/revista\/wp-content\/uploads\/2012\/08\/protestaesperanzaguemes.jpg\" alt=\"Trabajadores de los nuevos centros de salud protestan ante la presidenta de la CAM, Esperanza Aguirre, y el ex-consejero de Sanidad Juan Jos\u00e9 G\u00fcemes\" title=\"Trabajadores de los nuevos centros de salud protestan ante la presidenta de la CAM, Esperanza Aguirre, y el ex-consejero de Sanidad Juan Jos\u00e9 G\u00fcemes\" class=\"caption\" align=\"center\" width=\"222\" height=\"137\" \/><figcaption id=\"caption-attachment-1855\" class=\"wp-caption-text\">Trabajadores de los nuevos centros de salud protestan ante la presidenta de la CAM, Esperanza Aguirre, y el ex-consejero de Sanidad Juan Jos\u00e9 G\u00fcemes<\/figcaption><\/figure>\n<p>(imagen: <em>Trabajadores de los nuevos centros de salud protestan ante la presidenta de la CAM, Esperanza Aguirre, y el ex-consejero de Sanidad Juan Jos\u00e9 G\u00fcemes<\/em>).<\/p>\n<p><strong>\u00bfQu\u00e9 es la privatizaci\u00f3n?<\/strong><\/p>\n<p>La sanidad, como todos los servicios p\u00fablicos, es deficitaria por naturaleza. Al ser gratuita, no produce beneficios econ\u00f3micos; y al estar cada vez m\u00e1s tecnificada y desarrollada, es cada vez m\u00e1s cara. Los gobiernos, sin ingresos procedentes de la sanidad, tienen que hacer frente a un gasto sanitario (en m\u00e9todos diagn\u00f3sticos, tratamientos, sueldos de profesionales, etc.) cada vez mayor, ya que a su vez la poblaci\u00f3n crece.<\/p>\n<p>Adem\u00e1s, la sanidad p\u00fablica es una fuente de conflictos constantes para esos gobiernos. La ciudadan\u00eda protesta por su ineficacia, por las listas de espera \u2026 y los profesionales de la sanidad protestan por la escasez de personal, la precariedad de sus condiciones laborales, la masificaci\u00f3n de sus servicios, etc.<\/p>\n<p>En los \u00faltimos a\u00f1os, los gobiernos estatales y regionales han encontrado la manera de librarse de ambos problemas, el econ\u00f3mico y el de la conflictividad social: ceder la gesti\u00f3n de la sanidad p\u00fablica a empresas privadas (constructoras, bancos, multinacionales, empresas de capital riesgo, aseguradoras, etc.), pag\u00e1ndoles un dinero fijo que depende del tama\u00f1o de la poblaci\u00f3n atendida para que se hagan cargo de la atenci\u00f3n sanitaria de esa poblaci\u00f3n. Pero las empresas, obviamente, entran en el negocio esperando obtener beneficios.<\/p>\n<p>El problema es que (de momento) la sanidad p\u00fablica sigue siendo gratuita, no genera beneficios, por lo que las empresas s\u00f3lo tienen una forma de ganar dinero: ahorrar parte del dinero que reciben de los gobiernos.<\/p>\n<p>Es entonces cuando las empresas comienzan a incentivar al personal sanitario para que solicite menos pruebas diagn\u00f3sticas a sus pacientes, para que les prescriba tratamientos m\u00e1s baratos, para que reduzca la duraci\u00f3n de sus bajas laborales, para que env\u00eden menos pacientes al hospital, para que los pacientes permanezcan menos tiempo hospitalizados, para se hagan menos revisiones, \u2026 etc. Es entonces cuando, para que las empresas aumenten sus cuentas de beneficios, la calidad de la atenci\u00f3n que recibimos los ciudadanos empeora.<\/p>\n<p>Y es por eso que las empresas contratan a menos personal de limpieza, a menos personal administrativo y de inform\u00e1tica, prescinden de celadores y auxiliares, disminuyen la contrataci\u00f3n de enfermeras y m\u00e9dicos, y precarizan al m\u00e1ximo las condiciones laborales de los trabajadores de la sanidad.<\/p>\n<p>Los gobiernos se quitan un problema de encima privatizando la sanidad. Empresas sumidas en la crisis global reflotan gracias a su entrada en un mercado inagotable (todo el mundo es potencialmente cliente de su negocio porque todo el mundo necesita la sanidad en alg\u00fan momento). El dinero entra a espuertas en los despachos de las grandes multinacionales. Pero los usuarios de la sanidad vemos c\u00f3mo cada vez hay menos personal sanitario, como la atenci\u00f3n que se nos brinda es peor, c\u00f3mo tenemos que esperar mas, c\u00f3mo se nos racanean pruebas, tratamientos, d\u00edas de estancia en el hospital, c\u00f3mo cada vez conocemos menos a nuestros terapeutas porque \u00e9stos cambian de puesto, desaparecen, son trasladados a otros servicios, etc.<\/p>\n<p>Asistimos a un momento hist\u00f3rico, en el que el derecho a la atenci\u00f3n sanitaria universal, gratuita, y en igualdad de condiciones, que conquistaron nuestros antepasados, est\u00e1 si\u00e9ndonos arrebatado para engordar las cuentas de resultados de un pu\u00f1ado de empresarios.<\/p>\n<p>&#8211; <a href=\"https:\/\/marina.swarpeca.es\/revista\/IMG\/pdf\/claves_proceso_privatizacion_sanidad.pdf\">Las claves del proceso de privatizaci\u00f3n de la sanidad<\/a><\/p>\n<p><strong>01<\/strong> \u00bfEn qu\u00e9 consiste la privatizaci\u00f3n de la Sanidad P\u00fablica?<\/p>\n<p><strong>02<\/strong> El camino hacia la privatizaci\u00f3n<\/p>\n<p><strong>03<\/strong> La privatizaci\u00f3n de la Sanidad P\u00fablica<\/p>\n<p><strong>04<\/strong> Los nuevos hospitales \u00abp\u00fablicos\u00bb de la Comunidad de Madrid<\/p>\n<p><strong>05<\/strong> El truco de la Ley de Libre Elecci\u00f3n y \u00c1rea \u00danica<\/p>\n<p><strong>Dossiers para comprender mejor el proceso<\/strong><\/p>\n<p>&#8211; <a href=\"https:\/\/marina.swarpeca.es\/revista\/IMG\/pdf\/privatizacion_sanidad_madrid.pdf\">An\u00e1lisis del modelo de privatizaci\u00f3n de la sanidad elegido por la Comunidad de Madrid: El modelo ingl\u00e9s, la iniciativa de financiaci\u00f3n privada en el Nacional Health Service<\/a>.<\/p>\n<p>&#8211; <a href=\"https:\/\/marina.swarpeca.es\/revista\/IMG\/pdf\/cosp.pdf\">La privatizaci\u00f3n de la sanidad p\u00fablica: un proceso devastador desarroll\u00e1ndose en todo el estado<\/a>.<\/p>\n<p>(21 de agosto de 2012)<\/p>\n","protected":false},"excerpt":{"rendered":"<p>El secretario general de la Organizaci\u00f3n M\u00e9dica Colegial (OMC), Seraf\u00edn Romero, ha avisado de que limitar a los inmigrantes sin papeles el acceso a la sanidad p\u00fablica puede provocar, \u00ab<em>a medio y largo plazo<\/em>\u00ab, problemas econ\u00f3micos e infecciosos y ha recordado que para los profesionales sanitarios es un \u00ab<em>deber deontol\u00f3gico<\/em>\u00bb atender a \u00ab<em>cualquier ciudadano<\/em>\u00ab.<\/p>\n","protected":false},"author":1,"featured_media":1853,"comment_status":"closed","ping_status":"open","sticky":false,"template":"","format":"standard","meta":{"footnotes":""},"categories":[40],"tags":[],"_links":{"self":[{"href":"https:\/\/marina.swarpeca.es\/revista\/wp-json\/wp\/v2\/posts\/1856"}],"collection":[{"href":"https:\/\/marina.swarpeca.es\/revista\/wp-json\/wp\/v2\/posts"}],"about":[{"href":"https:\/\/marina.swarpeca.es\/revista\/wp-json\/wp\/v2\/types\/post"}],"author":[{"embeddable":true,"href":"https:\/\/marina.swarpeca.es\/revista\/wp-json\/wp\/v2\/users\/1"}],"replies":[{"embeddable":true,"href":"https:\/\/marina.swarpeca.es\/revista\/wp-json\/wp\/v2\/comments?post=1856"}],"version-history":[{"count":0,"href":"https:\/\/marina.swarpeca.es\/revista\/wp-json\/wp\/v2\/posts\/1856\/revisions"}],"wp:featuredmedia":[{"embeddable":true,"href":"https:\/\/marina.swarpeca.es\/revista\/wp-json\/wp\/v2\/media\/1853"}],"wp:attachment":[{"href":"https:\/\/marina.swarpeca.es\/revista\/wp-json\/wp\/v2\/media?parent=1856"}],"wp:term":[{"taxonomy":"category","embeddable":true,"href":"https:\/\/marina.swarpeca.es\/revista\/wp-json\/wp\/v2\/categories?post=1856"},{"taxonomy":"post_tag","embeddable":true,"href":"https:\/\/marina.swarpeca.es\/revista\/wp-json\/wp\/v2\/tags?post=1856"}],"curies":[{"name":"wp","href":"https:\/\/api.w.org\/{rel}","templated":true}]}}