{"id":1828,"date":"2012-08-09T18:54:18","date_gmt":"2012-08-09T18:54:18","guid":{"rendered":"https:\/\/marina.swarpeca.es\/revista\/2012\/08\/09\/revista-soberania-alimentaria-biodiversidad-y-culturas-n-10-julio-2012\/"},"modified":"2012-08-09T18:54:18","modified_gmt":"2012-08-09T18:54:18","slug":"revista-soberania-alimentaria-biodiversidad-y-culturas-n-10-julio-2012","status":"publish","type":"post","link":"https:\/\/marina.swarpeca.es\/revista\/revista-soberania-alimentaria-biodiversidad-y-culturas-n-10-julio-2012\/","title":{"rendered":"Revista &#8216;Soberan\u00eda Alimentaria, Biodiversidad y Culturas&#8217; n\u00b0 10, julio 2012"},"content":{"rendered":"<p>Encontramos tambi\u00e9n, en este n\u00famero de la revista, un art\u00edculo de Jeromo Aguado que, desde su trayectoria en la Plataforma Rural, plantea una mirada cr\u00edtica y reflexiva sobre el qu\u00e9 hacer desde estos espacios colectivos, abriendo un debate que se espere encuentre continuidad.<\/p>\n<p>En la secci\u00f3n \u2018de un vistazo y muchas aristas\u2019 se encuentra un collage conformado por opiniones de muchas personas sobre lo que la Soberan\u00eda Alimentaria representa para ellas; por ejemplo, las de Rosa Reg\u00e0s, Alberto Acosta o Peru Sasia entre otras muchas.<\/p>\n<p>En la secci\u00f3n En pi\u00e9 de espiga hay dos lecturas muy interesantes: Un an\u00e1lisis sobre el modelo de turismo rural que se promociona y que hace dif\u00edcil el futuro de la agricultura y sus gentes; y las acciones en favor de otra agricultura como respuesta a la crisis en Grecia y sus paralelismos con el estado espa\u00f1ol.<\/p>\n<p>\u00a1Y adem\u00e1s algunos art\u00edculos de urgente lectura!: sobre el proyecto Eurovegas y sus repercusiones sobre la agricultura local; la lucha por la defensa de las escuelas rurales, y la denuncia de los proyectos de ordenaci\u00f3n territorial que ningunean a las peque\u00f1as poblaciones rurales.<\/p>\n<p>&#8211; <a href=\"https:\/\/marina.swarpeca.es\/revista\/IMG\/pdf\/revista_soberania_alimentaria_no_10.pdf\">Revista Soberan\u00eda Alimentaria, n\u00ba 10, julio 2012<\/a><\/p>\n<p><a href=\"https:\/\/www.biodiversidadla.org\/Principal\/Secciones\/Documentos\/Revista_Soberania_alimentaria_biodiversidad_y_culturas_N_10\">Biodiversidad en Am\u00e9rica Latina y el Caribe<\/a><\/p>\n<p>(9 de agosto de 2012)<\/p>\n","protected":false},"excerpt":{"rendered":"<p>N\u00famero especial dedicado a revisar y actualizar el significado de la Soberan\u00eda Alimentaria en el estado espa\u00f1ol. De su contenido destaca un art\u00edculo central para viajar hacia la Soberan\u00eda Alimentaria asi como un conversatorio entre personas campesinas del estado espa\u00f1ol que se cuestionan sobre este paradigma en el propio medio rural, complementado con una definida visi\u00f3n del consejo editorial sobre los pasos que se requieren para avanzar en la construcci\u00f3n de la Soberan\u00eda Alimentaria.<\/p>\n","protected":false},"author":1,"featured_media":1827,"comment_status":"closed","ping_status":"open","sticky":false,"template":"","format":"standard","meta":{"footnotes":""},"categories":[35],"tags":[],"_links":{"self":[{"href":"https:\/\/marina.swarpeca.es\/revista\/wp-json\/wp\/v2\/posts\/1828"}],"collection":[{"href":"https:\/\/marina.swarpeca.es\/revista\/wp-json\/wp\/v2\/posts"}],"about":[{"href":"https:\/\/marina.swarpeca.es\/revista\/wp-json\/wp\/v2\/types\/post"}],"author":[{"embeddable":true,"href":"https:\/\/marina.swarpeca.es\/revista\/wp-json\/wp\/v2\/users\/1"}],"replies":[{"embeddable":true,"href":"https:\/\/marina.swarpeca.es\/revista\/wp-json\/wp\/v2\/comments?post=1828"}],"version-history":[{"count":0,"href":"https:\/\/marina.swarpeca.es\/revista\/wp-json\/wp\/v2\/posts\/1828\/revisions"}],"wp:featuredmedia":[{"embeddable":true,"href":"https:\/\/marina.swarpeca.es\/revista\/wp-json\/wp\/v2\/media\/1827"}],"wp:attachment":[{"href":"https:\/\/marina.swarpeca.es\/revista\/wp-json\/wp\/v2\/media?parent=1828"}],"wp:term":[{"taxonomy":"category","embeddable":true,"href":"https:\/\/marina.swarpeca.es\/revista\/wp-json\/wp\/v2\/categories?post=1828"},{"taxonomy":"post_tag","embeddable":true,"href":"https:\/\/marina.swarpeca.es\/revista\/wp-json\/wp\/v2\/tags?post=1828"}],"curies":[{"name":"wp","href":"https:\/\/api.w.org\/{rel}","templated":true}]}}