{"id":1788,"date":"2012-07-14T12:57:09","date_gmt":"2012-07-14T12:57:09","guid":{"rendered":"https:\/\/marina.swarpeca.es\/revista\/2012\/07\/14\/la-pobreza-en-el-estado-espanol-afecto-en-2011-al-26-de-ninos-y-ninas\/"},"modified":"2012-07-14T12:57:09","modified_gmt":"2012-07-14T12:57:09","slug":"la-pobreza-en-el-estado-espanol-afecto-en-2011-al-26-de-ninos-y-ninas","status":"publish","type":"post","link":"https:\/\/marina.swarpeca.es\/revista\/la-pobreza-en-el-estado-espanol-afecto-en-2011-al-26-de-ninos-y-ninas\/","title":{"rendered":"La pobreza en el estado espa\u00f1ol afect\u00f3 en 2011 al 26% de ni\u00f1os y ni\u00f1as"},"content":{"rendered":"<p>Estas cifras indican tambi\u00e9n que el de los ni\u00f1os es el grupo de edad m\u00e1s pobre, al situarse su \u00edndice de pobreza casi cinco puntos por encima de la media nacional en 2011.<\/p>\n<p>Adem\u00e1s de haber m\u00e1s ni\u00f1os pobres, el nivel de pobreza de cada uno es tambi\u00e9n mayor, al haberse reducido los ingresos medios de los hogares en Espa\u00f1a. As\u00ed, para una familia de 2 adultos con dos ni\u00f1os, el umbral de pobreza ha pasado de 16.684 euros, en 2009, a 15.820, en 2011.<\/p>\n<p>El porcentaje de ni\u00f1os en hogares con un nivel de pobreza alta (menores de 18 a\u00f1os que viven en hogares con un nivel de ingresos por debajo del 40% de la mediana) fue del 13,7% en 2010, la tercera tasa m\u00e1s alta de los pa\u00edses de la Europa de los 27, tan s\u00f3lo por debajo de Ruman\u00eda y Bulgaria.<\/p>\n<p>En cuanto a la pobreza cr\u00f3nica infantil (aquellos que llevan tres de los \u00faltimos cuatro a\u00f1os bajo el umbral de la pobreza), se sit\u00faa en el 16,7%, casi seis puntos m\u00e1s que en 2007.<\/p>\n<p>El porcentaje de ni\u00f1os y ni\u00f1as que est\u00e1n en \u201criesgo de pobreza o exclusi\u00f3n social\u201d, tambi\u00e9n ha aumentado en un solo a\u00f1o, de 2009 a 2010, de un 26,2% a un 29,8%.<\/p>\n<p>El n\u00famero de hogares con ni\u00f1os que tienen a todos sus miembros adultos sin trabajo ha pasado de 324.000 en 2007 a 714.000 en 2010, lo que supone un crecimiento del 120% en hogares con ni\u00f1os.<\/p>\n<p><a href=\"https:\/\/www.tercerainformacion.es\/spip.php?article37746\">Tercera informaci\u00f3n<\/a><\/p>\n<p>(14 de julio de 2012)<\/p>\n","protected":false},"excerpt":{"rendered":"<p>El \u00edndice de pobreza infantil en el estado espa\u00f1ol ha llegado al 26,2%, su m\u00e1ximo hist\u00f3rico (desde 2004, a\u00f1o en que se obtienen los primeros datos), seg\u00fan el informe de UNICEF <a href=\"http:\/\/marina.swarpeca.es\/IMG\/pdf\/infancia_espana_2012-13_unicef.pdf\"><em>La infancia en Espa\u00f1a 2012-2013<\/em><\/a> [[<strong>Cada vez hay m\u00e1s pobreza infantil en Espa\u00f1a<\/strong><\/p>\n<p><strong>El 26% de los ni\u00f1os espa\u00f1oles est\u00e1 por debajo del umbral de la pobreza<\/strong><\/p>\n<p><em>20\/10\/2011<\/em> <\/p>\n<p><strong>Gabriel Gonz\u00e1lez-Bueno Uribe<\/strong>, Responsable de Pol\u00edticas de Infancia de UNICEF Espa\u00f1a<\/p>\n<p>El Instituto Nacional de Estad\u00edstica (INE) public\u00f3 ayer los datos provisionales de la Encuesta de Condiciones de Vida de 2011, que mide, entre otras cosas, el nivel de riesgo de pobreza de la poblaci\u00f3n.<\/p>\n<p>Los datos de pobreza para los menores de 16 a\u00f1os son especialmente llamativos, y as\u00ed lo remarca el propio INE en su nota de prensa. Los ni\u00f1os son el grupo de edad que m\u00e1s porcentaje de pobreza sufre, el 26% (frente el 20% de los adultos en edad de trabajar y el 21% de los mayores de 65 a\u00f1os), y su exposici\u00f3n a la pobreza ha crecido sensiblemente m\u00e1s, desde 2009, que la del total de la poblaci\u00f3n.<\/p>\n<p>Estos datos, por desgracia, confirman que la crisis econ\u00f3mica se est\u00e1 cebando especialmente en los hogares con ni\u00f1os y, que los efectos del desempleo y de los ajustes presupuestarios de las administraciones, est\u00e1n provocando un especial impacto en la infancia.<\/p>\n<p>En las \u00faltimas semanas UNICEF Espa\u00f1a ha estado trasladando a los partidos pol\u00edticos la propuesta de que incluyan en sus programas electorales la formulaci\u00f3n y puesta en pr\u00e1ctica de un Plan nacional contra la pobreza infantil.<\/p>\n<p>A la vista de la evoluci\u00f3n de los datos estad\u00edsticos, esta propuesta se hace cada vez m\u00e1s ineludible si queremos vernos como un pa\u00eds que cuida del bienestar de su infancia y realiza una apuesta real por su futuro.<\/p>\n<p><strong>M\u00e1s informaci\u00f3n<\/strong><\/p>\n<p><a href=\"http:\/\/marina.swarpeca.es\/IMG\/pdf\/politicas_infancia_espana_unicef_2011.pdf\">\u00ab<em>Las pol\u00edticas p\u00fablicas y la infancia en Espa\u00f1a: Evoluci\u00f3n, impactos y percepciones. Propuestas para la reflexi\u00f3n<\/em>\u00ab<\/a>, Lourdes Gait\u00e1n Mu\u00f1oz, Olga Cant\u00f3 y Bego\u00f1a Leyra Fatou, UNICEF, Madrid, febrero 2011.<\/p>\n<p><a href=\"http:\/\/marina.swarpeca.es\/IMG\/pdf\/infancia_espana_2010_unicef.pdf\">\u00ab<em>La infancia en Espa\u00f1a 2010-2011. 20 a\u00f1os de la Convenci\u00f3n sobre los Derechos del Ni\u00f1o: retos pendientes<\/em>\u00ab<\/a>, Marta Arias, Armando Bello, Mar\u00eda von Bredow y Gabriel Gonz\u00e1lez-Bueno, UNICEF, Madrid, 2\u00aa ed., diciembre 2010.<\/p>\n<p><a href=\"https:\/\/www.unicef.es\/actualidad-documentacion\/noticias\/cada-evz-mas-pobreza-infantil-en-espana\">UNICEF<\/a>.]], lo que supone un incremento del 10% respecto a 2008. Esto quiere decir que dos millones doscientos mil ni\u00f1os viven en hogares que se encuentran por debajo del umbral de la pobreza.<\/p>\n","protected":false},"author":1,"featured_media":1787,"comment_status":"closed","ping_status":"open","sticky":false,"template":"","format":"standard","meta":{"footnotes":""},"categories":[5],"tags":[],"_links":{"self":[{"href":"https:\/\/marina.swarpeca.es\/revista\/wp-json\/wp\/v2\/posts\/1788"}],"collection":[{"href":"https:\/\/marina.swarpeca.es\/revista\/wp-json\/wp\/v2\/posts"}],"about":[{"href":"https:\/\/marina.swarpeca.es\/revista\/wp-json\/wp\/v2\/types\/post"}],"author":[{"embeddable":true,"href":"https:\/\/marina.swarpeca.es\/revista\/wp-json\/wp\/v2\/users\/1"}],"replies":[{"embeddable":true,"href":"https:\/\/marina.swarpeca.es\/revista\/wp-json\/wp\/v2\/comments?post=1788"}],"version-history":[{"count":0,"href":"https:\/\/marina.swarpeca.es\/revista\/wp-json\/wp\/v2\/posts\/1788\/revisions"}],"wp:featuredmedia":[{"embeddable":true,"href":"https:\/\/marina.swarpeca.es\/revista\/wp-json\/wp\/v2\/media\/1787"}],"wp:attachment":[{"href":"https:\/\/marina.swarpeca.es\/revista\/wp-json\/wp\/v2\/media?parent=1788"}],"wp:term":[{"taxonomy":"category","embeddable":true,"href":"https:\/\/marina.swarpeca.es\/revista\/wp-json\/wp\/v2\/categories?post=1788"},{"taxonomy":"post_tag","embeddable":true,"href":"https:\/\/marina.swarpeca.es\/revista\/wp-json\/wp\/v2\/tags?post=1788"}],"curies":[{"name":"wp","href":"https:\/\/api.w.org\/{rel}","templated":true}]}}