{"id":1778,"date":"2012-07-11T12:52:57","date_gmt":"2012-07-11T12:52:57","guid":{"rendered":"https:\/\/marina.swarpeca.es\/revista\/2012\/07\/11\/los-incendios-de-valencia-son-fruto-de-decadas-de-abandono-rural-y-falta-de-gestion-forestal\/"},"modified":"2021-03-01T22:39:08","modified_gmt":"2021-03-01T22:39:08","slug":"los-incendios-de-valencia-son-fruto-de-decadas-de-abandono-rural-y-falta-de-gestion-forestal","status":"publish","type":"post","link":"https:\/\/marina.swarpeca.es\/revista\/los-incendios-de-valencia-son-fruto-de-decadas-de-abandono-rural-y-falta-de-gestion-forestal\/","title":{"rendered":"Los incendios de Valencia son fruto de d\u00e9cadas de abandono rural y falta de gesti\u00f3n forestal"},"content":{"rendered":"<p>WWF Espa\u00f1a lamenta el desastre ecol\u00f3gico, econ\u00f3mico y social que est\u00e1 viviendo la Comunidad Valenciana a ra\u00edz de los incendios ocurridos la semana pasada  en esta regi\u00f3n. La organizaci\u00f3n viene reclamando desde comienzos de a\u00f1o una atenci\u00f3n especial ante el grave riesgo de grandes incendios forestales (GIF) en un a\u00f1o especialmente complicado.<\/p>\n<p>WWF lamenta los crecientes recortes presupuestarios en protecci\u00f3n del medio ambiente, aunque manifiesta que los grandes incendios de Andilla y Cortes de Pall\u00e1s, al igual que el iniciado en Albacete que afecta ya a la Regi\u00f3n de Murcia, no son fruto de estos recortes sino de la negligencia humana y de dos d\u00e9cadas de desidia en pol\u00edtica forestal y abandono de nuestros montes.<\/p>\n<p>WWF recuerda que la Comunidad Valenciana es, despu\u00e9s de Extremadura, la que menos planes de gesti\u00f3n forestal tiene. Solamente el 2% de las masas forestales de esta comunidad cuentan con un instrumento de gesti\u00f3n, valor que sube al 13% en toda Espa\u00f1a.<\/p>\n<p>&#8211; Durante los \u00faltimos a\u00f1os, la sociedad espa\u00f1ola hab\u00eda conseguido reducir la lacra de las grandes cat\u00e1strofes incendiarias a raz\u00f3n de una media de 20.000 hect\u00e1reas anuales entre los decenios 1992-2001 y 2002-2011 (ver datos adjuntos [[- <a href=\"https:\/\/marina.swarpeca.es\/revista\/IMG\/pdf\/incendios_jun2012.pdf\">Informe Incendios Forestales 2012<\/a>: \u00ab<em>2012. Un a\u00f1o de alto riesgo<\/em>\u00ab, WWF, junio 2012.<\/p>\n<p><strong>Informes anteriores<\/strong><\/p>\n<p><img loading=\"lazy\" decoding=\"async\" class=\" alignleft size-full wp-image-1777\" src=\"https:\/\/marina.swarpeca.es\/revista\/wp-content\/uploads\/2012\/07\/informes-anteriores.jpg\" alt=\"informes-anteriores.jpg\" align=\"left\" width=\"280\" height=\"193\" \/><\/p>\n<p><a href=\"https:\/\/awsassets.wwf.es\/downloads\/incendios_2011.pdf\">Informe de incendios 2011<\/a>: <em>Seguimos sin gesti\u00f3n forestal<\/em>, WWF, agosto 2011.<\/p>\n<p><a href=\"https:\/\/assets.wwfspain.panda.org\/downloads\/incendios_forestales_2010_lr.pdf\">Informe de incendios 2010<\/a>: \u00ab<em>\u00bfRecuperando bosques o plantando incendios?. Un an\u00e1lisis de WWF sobre el futuro de los grandes incendios forestales en Espa\u00f1a<\/em>\u00ab, WWF, julio 2010.<\/p>\n<p><a href=\"https:\/\/assets.wwf.es\/downloads\/incendiometro_09_informe.pdf\">Informe de incendios 2009<\/a>: \u00ab<em>Incendi\u00f3metro 2009. Bosques en peligro frente al cambio clim\u00e1tico. Un an\u00e1lisis para cambiar las pol\u00edticas que favorecen los incendios y hacen a los bosques m\u00e1s vulnerables frente al cambio clim\u00e1tico<\/em>\u00ab, WWF, julio 2009.<\/p>\n<p><a href=\"https:\/\/awsassets.wwf.es\/downloads\/incendiometro2008ok.pdf\">Informe de incendios 2008<\/a>: \u00ab<em>Incendi\u00f3metro 2008. El pulso de los incendios forestales<\/em>\u00ab, WWF, junio 2008.<\/p>\n<p><a href=\"https:\/\/awsassets.wwf.es\/downloads\/incendiometro20071_1.pdf\">Informe de incendios 2007<\/a>: \u00ab<em>Incendi\u00f3metro 2007. El pulso de los incendios forestales. Vulnerabilidad de las CC AA a los incendios forestales<\/em>\u00ab, WWF, julio 2007.<\/p>\n<p><a href=\"https:\/\/assets.wwfspain.panda.org\/downloads\/informe_incendios_06.pdf\">Informe de incendios 2006<\/a>: \u00ab<em>Grandes Incendios Forestales. Causas y efectos de una ineficaz gesti\u00f3n del territorio<\/em>\u00ab, WWF, junio 2006.<\/p>\n<p><a href=\"https:\/\/assets.wwfspain.panda.org\/downloads\/incendios_20051_1.pdf\">Informe de incendios 2005<\/a>: \u00ab<em>Incendios Forestales. \u00bfPor qu\u00e9 se queman los montes espa\u00f1oles?<\/em>\u00ab, WWF, julio 2005.<\/p>\n<p><a href=\"https:\/\/assets.wwfspain.panda.org\/downloads\/informe_incendios_04_1.pdf\">Informe de incendios 2004<\/a>: \u00ab<em>Incendios Forestales. Causas, situaci\u00f3n actual y propuestas<\/em>\u00ab, WWF, julio 2004.]]), en parte favorecidos por unas condiciones meteorol\u00f3gicas favorables, por una mayor concienciaci\u00f3n y un creciente empe\u00f1o en materia judicial y de investigaci\u00f3n de causas. Pero lamentablemente, no se ha avanzado con el mismo empe\u00f1o en gesti\u00f3n territorial ni del medio forestal.<\/p>\n<p>Juan Carlos del Olmo, Secretario General de WWF Espa\u00f1a, declar\u00f3: \u201c<em>Durante a\u00f1os, la Comunidad Valenciana ha centrado sus esfuerzos en el ladrillo, olvidando sus montes y el valor de su riqueza forestal, donde apenas ha habido inversi\u00f3n<\/em>\u201d. Y concluye: \u201c<em>este abandono ha sido el combustible de los incendios de estos d\u00edas<\/em>\u201d.<\/p>\n<p>WWF insiste en la importancia de la responsabilidad social para evitar incendios por causas negligentes y pide la colaboraci\u00f3n ciudadana para denunciar a los incendiarios y el compromiso pol\u00edtico para acometer, de una vez por todas, una gesti\u00f3n territorial racional que busque la conservaci\u00f3n del medio forestal.<\/p>\n<p><strong>22 Comentarios a la nota de WWF<\/strong> <\/p>\n<p><strong>Pere<\/strong> 3 days ago: <em>Hola. Trabajo en el tema de la Extinci\u00f3n de incendios en la Comunidad Valenciana. Es muy triste ver c\u00f3mo arde todo, por falta de las medidas necesarias. Varios efectivos a\u00e9reos a tiempo habr\u00edan sido suficientes para dejarlo todo en un susto. Aqu\u00ed la misma empresa que se dedica  a la prevenci\u00f3n es la que recibe el dinero por reforestar. D\u00f3nde se ha visto eso?&#8230; Descordinaci\u00f3n, desinformaci\u00f3n, intereses&#8230;<\/em><\/p>\n<p><strong>Daniel<\/strong> 1 day ago in reply to Pere: <em>\u00bfPuedes dar el nombre de la empresa? Si es la que estoy pensando es una empresa p\u00fablica llamada VAERSA que no es ni m\u00e1s ni menos que el instrumento de la administraci\u00f3n p\u00fablica para gestionar ciertas actividades, es decir, la empresa de la que hablas es la misma administraci\u00f3n p\u00fablica de la Comunitat Valenciana: la Generalitat. Esta empresa se ha visto obligada a reducir el personal en prevenci\u00f3n debido a los recortes del gasto p\u00fablico en los \u00faltimos a\u00f1os. En lo que respecta a reforestaci\u00f3n, el gasto en este campo en los \u00faltimos a\u00f1os es rid\u00edculo, no se reforesta gran cosa. despu\u00e9s de un incendio, lo que logra establecerse proviene de regeneraci\u00f3n natural. Es muy grave acusar sin raz\u00f3n<\/em>. <\/p>\n<p><strong>Asphyxia<\/strong> 1 day ago in reply to Pere: <em>enhorabuena por su comentario Pere, que se sepa la verdad. En otras cc.aa. combinan numerosos medios con una r\u00e1pida actuaci\u00f3n al primer aviso. Esto es clave para evitar que un conato se convierta en un desastre. Y esto funciona. Si no me equivoco por culpa de esta estafa que llaman \u00abcrisis\u00bb han recortado medios de extinci\u00f3n en tu cc.aa. Otra cosa es lo que comenta sobre el \u00abmamoneo\u00bb de las empresas, ah\u00ed donde hay que se\u00f1alar es a los t\u00e9cnicos de gesti\u00f3n del medio natural. Intereses, exactamente, intereses&#8230;<\/em><\/p>\n<p><strong>Efuentesfmb<\/strong> 1 day ago: <em>Es l\u00f3gico esto que se cuenta, ya que en la comunidad valenciana el unico objetivo durante veinte a\u00f1os ha sido urbanizar hasta el \u00faltimo mil\u00edmetro de suelo, no hay nada m\u00e1s que ver ejemplos como Calpe o Benidorm. Sin embargo los beneficios de tan desastrosa pol\u00edtica ni siquiera han ido a paliar estos problemas, sino a los bolsillos de promotores, concejales y pol\u00edticos varios que deber\u00edan estar en prisi\u00f3n<\/em>.<\/p>\n<p><strong>Pablo Campos<\/strong> 1 day ago: <em>El bosque de con\u00edferas y matorrales mediterr\u00e1neos se encuentran en un proceso de continuo abandono de su aprovechamiento de pastos por el ganado. El uso maderable y\/o energ\u00e9tico de esta biomasa carece de  rentabilidad comercial. Las econom\u00edas conjunta p\u00fablica y privada de estos montes requiere de la continuidad del pastoreo del ganado y las especies cineg\u00e9ticas, y as\u00ed poder continuar prestando a sus propietarios y la sociedad en su conjunto bienes y servicios ambientales variados, y en ocasiones \u00fanicos. Se requiere que el gobierno disponga de cuantificaciones cient\u00edficas del valor monetario de los bienes y servicios ambientales escasos que produce el monte para dise\u00f1ar pol\u00edticas p\u00fablicas justas y eficientes mediante compensaciones p\u00fablicas a los propietarios del monte. En definitiva, el uso econ\u00f3mico de sus valores comerciales y ambientales es la mayor garant\u00eda para mitigar los incendios, evitando la quim\u00e9rica apelaci\u00f3n a que se dedique a la lucha contra los incendios todo el dinero \u00abque se necesite\u00bb, ya que \u00e9sta ser\u00eda una soluci\u00f3n que provocar\u00eda m\u00e1s males al bienestar de los ciudadanos que el da\u00f1o pasajero a la naturaleza que causan los incendios<\/em>. <strong>Pablo Campos. Economista ambiental. CSIC<\/strong>.<\/p>\n<p><strong>Cristinarrhh<\/strong> 1 day ago in reply to Pablo Campos: <em>Su explicacion es tan tecnica que ni llego a comprender que quiere decir. Que la obligacion de conservacion tb va supeditada al valor economico de un monte? Hola? Como siempre, en estos tiempos que corren, intentando otorgar valor a los bienes. La vida, la naturaleza, ese monte en concreto es tan preciado, que su valor no es determinable, todo lo contrario, incalculable. Es mas, ninguna persona tiene derecho a decidir el curso de la vida, aunque pase cada dia, aunque claro la propia vida devuelve las consecuencias. En fin, con tantos valores y texnicismos, nos qdaremos en un planeta sin vida, ah si! Siempre podremos verlos virtualmente. Que bueno! Saludos a todos!<\/em>.<\/p>\n<p><strong>Asphyxia<\/strong> 1 day ago in reply to Pablo Campos: <em>Pablo, la restauraci\u00f3n del ecosistema forestal creo yo que traer\u00eda m\u00e1s beneficios, desde el punto de vista de la rentabilidad econ\u00f3mica, que el cineg\u00e9tico. No olvide el modelo de otros pa\u00edses, que cuidan y potencian su fauna silvestre y buena parte de su PIB procede del turismo de naturaleza. Esto se podr\u00eda hacer en este pa\u00eds y los bosques rentar\u00edan m\u00e1s por el turismo de fauna y naturaleza y otros productos indirectos que solo por la caza. En general estoy de acuerdo con su comentario pero discrepo con su punto de vista sobre la dotaci\u00f3n presupuestaria de medios para extinci\u00f3n, en algunas cc.aa. apuestan por una fuerte dotaci\u00f3n de medios, unido a una r\u00e1pida actuaci\u00f3n al primer aviso, y esto est\u00e1 dando buenos resultados. No veo que esto est\u00e9 causando m\u00e1s males que beneficios a los ciudadanos, m\u00e1s bien al contrario. un saludo<\/em>.<\/p>\n<p><strong>Anchoa<\/strong> 12 hours ago in reply to Asphyxia: <em>el turismo de naturaleza, me parece beneficioso para los pobladores de esa zona, no para la naturaleza<\/em>.<\/p>\n<p><strong>Jos\u00e9 Andal\u00faz<\/strong> 1 day ago in reply to Pablo Campos: <em>Traduciendo este comentario al lenguaje del pueblo se puede entender que la forma m\u00e1s eficaz para evitar los incendios forestales es mantener limpias las zonas, eliminando malezas que son las que m\u00e1s rapidamente prenden, y para ello se ha utilizado siempre el m\u00e9todo m\u00e1s f\u00e1cil y econ\u00f3mico que el hombre tiene a su disposici\u00f3n, que adem\u00e1s es el natural, introducir ganado cuyo alimento es esa maleza. Vamos, que si se mete un reba\u00f1o de ovejas en una zona de estas habr\u00eda dos beneficios, uno econ\u00f3mico para el due\u00f1o del ganado y otro natural porque el peligro de incendio se reducir\u00eda enormemente. Pues bien, en comunidades como la andaluza, y lo conozco bien porque vivo cerca de una de estas zonas, hasta hace unos pocos a\u00f1os se permit\u00eda a los vecinos sacar a pastar a sus animales, en este caso por ejemplo caballos a zonas forestales, que estaban perfectamente mantenidas, hoy se multa con cantidades importantes al propietario del animal que se recoge pastando cerca de estas zonas, con lo cu\u00e1l las mismas est\u00e1n en un peligro cont\u00ednuo de incendio, y algunas son zonas especialmente protegidas por la comunidad. La mayor\u00eda de las veces es mejor una buena prevenci\u00f3n que destinar grandes recursos econ\u00f3micos a solucionar lo que ya no tiene soluci\u00f3n, que es la destrucci\u00f3n de un bosque en un incendio, pero como se indica en alguno de los comentarios anteriores, es cuesti\u00f3n de intereses, de madereros, promotores inmobiliarios y algunos pol\u00edticos sin principios que para coger una posible subvenci\u00f3n si se les quema el bosque, o incluso para crear problemas a sus opositores en el gobierno son capaces de cualquier cosa&#8230;<\/em><\/p>\n<p><strong>Mail<\/strong> 21 hours ago in reply to Pablo Campos: <em>Es que el da\u00f1o resulta que causa perdidas humanas&#8230; las administraciones son representadas por humanos, y estos representantes son los culpables y por tanto deben ser castigados. Pero quien castiga? si esto es una republica bananera!<\/em>.<\/p>\n<p><strong>Anchoa<\/strong> 12 hours ago in reply to Pablo Campos: <em>Y gracias a ese abandono se est\u00e1n reforestando solas esas zonas, sin manos de empresas forestales por el medio, ni pol\u00edticos y entendidos de las administraciones metiendo las narices. El abandono, al campo y la naturaleza le sienta como a nosotros al abrir por la ma\u00f1ana la ventana y llegarte un soplo de aire fresco, lo que no se pueden abandonar son montes reforestados, ya que el pino es una especie invasora, propagadora de incendios y el verdadero combustible de los incendios, juntos con intereses (que no lo s\u00e9 pero imagino que deben mover maletines o maletones). Por una vuelta a la cubierta vegetal original en todas las zonas, cada zona con sus especies, esto para m\u00ed, deber\u00eda ser una obligaci\u00f3n para las administraciones, y si no se cumple c\u00e1rcel para los carceleros<\/em>.<\/p>\n<p><strong>Bosgosu<\/strong> 1 day ago: <em>Ni con mas medios ni mas gente. La paradoja de la extinci\u00f3n es que cuantos mas medios los incendios son mas grandes. Los incendios se apagan en invierno y no en verano. Mas prevenci\u00f3n, trabajos forestales, pastores, etc. Seran menos bomberos en verano. Pero claro eso no da publicidad, ni dinero rapido, para las empresas de extinci\u00f3n y los especuladores<\/em>.<\/p>\n<p><strong>Asphyxia<\/strong> 1 day ago in reply to Bosgosu: <em>Bosgosu, eso no es cierto. Ha habido un recorte importante en medios de extinci\u00f3n. Ah\u00ed tienes el resultado. A\u00f1\u00e1dele la falta de herb\u00edvoros silvestres, y la pol\u00edtica propiciada por los \u00abgestores\u00bb desde el siglo pasado de extender las con\u00edferas en zonas que son propias de las frondosas (que no arden con tanta virulencia), ah\u00ed tienes el resultado<\/em>.<\/p>\n<p><strong>Bosgosu<\/strong> 1 day ago in reply to Asphyxia: <em>Recorte? Que yo sepa y estoy en este mundillo. Los presupuestos para extincion son los mismos que el a\u00f1o pasado. Los que se han reducido son los de prevenci\u00f3n. La verdad es que se necesita una buena gesti\u00f3n forestal. <strong>Nada de abandonar los bosques<\/strong>. La verdad es que el tema de los herbivoros salvajes es muy idilico, pero poco eficaz. Se necesita pastoreo, gesti\u00f3n forestal, gesti\u00f3n agricola<\/em>.<\/p>\n<p><strong>puriskiri<\/strong> 1 day ago: <em>Creo que, como siempre en pol\u00edtica, da la casualidad que los planetas se alinean para favorecer los deseos de, en este caso, Bonig &#8230; Ahora podr\u00e1 construir su abocador sin ning\u00fan problema legal!!!. <strong>Cap\u00edtulo X de la modificaci\u00f3n de la Ley 3\/1993, de 9 de diciembre, Forestal de la Comunitat Valenciana: Art\u00edculo 69<\/strong> Se a\u00f1ade un nuevo apartado 4 al art\u00edculo 59 de la Ley 3\/1993, de 9 de diciembre, Forestal de la Comunitat Valenciana, que queda redactado como sigue: \u00ab4. Con car\u00e1cter singular, y en los supuestos de proyectos de obras e infraestructuras de especial relevancia declarados de inter\u00e9s general de la Comunitat Valenciana, el Consell podr\u00e1 excepcionar la prohibici\u00f3n de cambio de uso forestal, dentro del plazo general de los 30 a\u00f1os, mediante acuerdo justificado. En ning\u00fan caso, la aplicaci\u00f3n de la expresada excepci\u00f3n podr\u00e1 implicar un aumento del aprovechamiento lucrativo para particulares contrario a la finalidad perseguida con la citada prohibici\u00f3n\u00bb. No s\u00e9, pero creo que no es la primera vez que pasa esto&#8230;<\/em><\/p>\n<p><strong>Asphyxia<\/strong> 1 day ago in reply to puriskiri: <em>los pol\u00edticos siempre meten en las leyes estas excepciones, que no son m\u00e1s que \u00abpuertas de atr\u00e1s\u00bb para poder legalizar sus trampas. Es una absoluta verguenza y est\u00e1 muy bien denunciarlo<\/em>.<\/p>\n<p><strong>Hjoshdojf<\/strong> 1 day ago: <em>Simple: Con la que est\u00e1 cayendo y con menos era para salir todo el mundo a la calle y enfrentarse a la polic\u00eda si esta no se une, tomas como ejemplo a los mineros. Yo no he creado la crisis y la pago, los que la crearon ahora se hacen m\u00e1s ricos. Cobran impuestos dobles y esto no se puede llamar democracia. Lo peor es que quien pague cualquier cosa que haga nuestra raza sea la naturaleza, avergonzante<\/em>.<\/p>\n<p><strong>Asphyxia<\/strong> 1 day ago: <em>el abandono del campo es lo mejor que le ha podido pasar a los bosques ib\u00e9ricos. El abandono rural ha permitido que los bosques ib\u00e9ricos hayan comenzado a recuperarse. As\u00ed lo dej\u00f3 bien claro el <a href=\"https:\/\/marina.swarpeca.es\/revista\/IMG\/pdf\/ifn3.pdf\">tercer Inventario Forestal Nacional<\/a>. Ser\u00eda conveniente no \u00abechar m\u00e1s le\u00f1a al fuego\u00bb de los t\u00f3picos, y decir las cosas como son. WWF se est\u00e1 equivocando con este comunicado. <strong>No existe<\/strong> gesti\u00f3n forestal en Espa\u00f1a. Ese 13% del que habla WWF son en su mayor parte actuaciones nefastas para los ecosistemas forestales. No hableis, por favor, de gesti\u00f3n, eso no se est\u00e1 haciendo, se hacen chapuzas y destrozos, b\u00e1sicamente<\/em>.<\/p>\n<p><strong>Asphyxia<\/strong> 1 day ago: <em>\u00bfpor qu\u00e9 no hablais de restaurar las comunidades extintas de herv\u00edboros aut\u00f3ctonos en toda la pen\u00ednsula?. extintas por causas humanas, por supuesto. Son los mejores controladores de la vegetaci\u00f3n. Esta es una de las claves, si no la principal, para evitar grandes incendios. Y a la par se recuperar\u00edan carn\u00edvoros silvestres que tambi\u00e9n est\u00e1n amenazados. \u00bfno interesa?. \u00bfpor qu\u00e9 no ped\u00eds una fuerte inversi\u00f3n en medios de extinci\u00f3n? hay cc.aa. que siguen esta estrategia y est\u00e1n reduciendo sensiblemente la superficie quemada, combinando el pronto ataque y el despacho masivo de medios. \u00bfpor qu\u00e9 no ped\u00eds que se eliminen <strong>ya<\/strong>, de una vez por todas, los polvorines de con\u00edferas ex\u00f3ticas plantadas en el siglo pasado, y se sustituyan por las frondosas que son propias de ese lugar? qu\u00e9 casualidad que cada vez que hay un gran incendio, siempre es de con\u00edferas. \u00bfo es que no quereis poner el dedo en la llaga, en la ra\u00edz del problema?<\/em>.<\/p>\n<p><strong>Lup<\/strong> 1 day ago: <em>Hola: Yo veraneo junto al parque natural del Montg\u00f3 en Denia Alicante y es lamentable ver el estado de abandono de este bosque. Hace unos 10 a\u00f1os se produjo un incendio y seg\u00fan nos ha explicado gente que entiende, las raices de los pinos est\u00e1n debilitadas, de modo que cada a\u00f1o, con las tormentas de oto\u00f1o se arrancan de ra\u00edz y acaban sec\u00e1ndose. La brigada forestal \u00fanicamente viene cuando un \u00e1rbol ocupa la calzada, lo cortan y lo dejan a un lado. Os pod\u00e9is imaginar el polvor\u00edn que tenemos ahi con las altas temperaturas que se alcanzan en verano. \u00bfAlguien me puede decir donde debo denunciar esto para que se  tomen medidas?<\/em>.<\/p>\n<p><strong>luis<\/strong> 1 day ago: <em>me parece muy fuerte todo &#8230;y que nos estamos cargando nuestros montes, que es lo que m\u00e1s vida y fuerza nos da, todo por los intereses economicos de un atajo de <strong>sinverguenzas<\/strong> &#8230; por no llamarles de otra forma<\/em>.<\/p>\n<p><strong>Lazaro_aranda2004<\/strong> 19 hours ago: <em>Estando pr\u00e1cticamente de acuerdo con la totalidad del art\u00edculo, WWF no deber\u00eda ser tan pol\u00edticamente correcta a la hora de descartar que los recortes en materia de prevenci\u00f3n, no son el fruto de estos u otros GIF. La chispa no se llama Recortes, pero sin lugar a dudas ayuda en alimentar el fuego<\/em>. <\/p>\n<p><strong>M\u00e1s informaci\u00f3n, de WWF, relacionada<\/strong><\/p>\n<p><strong>Incendios Forestales<\/strong><\/p>\n<p>Jos\u00e9 Mota apoya la nueva campa\u00f1a de concienciaci\u00f3n 2.0 de WWF para combatir los incendios forestales. El actor muestra su preocupaci\u00f3n por esta grave amenaza para los bosques espa\u00f1oles y pide el m\u00e1ximo apoyo de la ciudadan\u00eda para combatirlos. Jos\u00e9 Mota y WWF han grabado este mensaje de concienciaci\u00f3n con las principales claves para prevenir el fuego en nuestros montes:<\/p>\n<p><embed src=\"https:\/\/www.youtube.com\/v\/zAaZWGxFDHo?version=3&#038;hl=es_ES&#038;rel=0\" type=\"application\/x-shockwave-flash\" width=\"400\" height=\"225\" allowscriptaccess=\"always\" allowfullscreen=\"true\"><\/embed><\/p>\n<p>Publicado el <em>26\/06\/2012<\/em> por <a href=\"https:\/\/www.youtube.com\/user\/wwftv\">wwftv<\/a>.<\/p>\n<p><a href=\"https:\/\/www.wwf.es\/noticias\/sala_de_prensa\/?21701\/Los-incendios-de-Valencia-son-fruto-de-dcadas-de-abandono-rural-y-falta-de-gestin-forestal\"><em>WWF<\/em><\/a><\/p>\n<p><strong>Ver tambi\u00e9n<\/strong><\/p>\n<p>&#8211; <a href=\"https:\/\/marina.swarpeca.es\/revista\/los-incendios-forestales-siguen-siendo-un-delito-impune-segun-greenpeace\/\">Los incendios forestales siguen siendo un delito impune seg\u00fan Greenpeace<\/a>.<\/p>\n<p>(11 de julio de 2012)<\/p>\n","protected":false},"excerpt":{"rendered":"<p>La semana pasada, la secci\u00f3n espa\u00f1ola de World Wildlife Foundation (WWF) hizo p\u00fablica una nota de prensa ante \u00ab<em>el desastre ecol\u00f3gico, econ\u00f3mico y social<\/em>\u00bb ocasionado p\u00f2r los incendios forestales que acaban de asolar a la Comunidad Valenciana. Tras denunciar los crecientes recortes presupuestarios en protecci\u00f3n ambiental, WWF subraya que esos grandes incendios son consecuencia de dos d\u00e9cadas de desidia y abandono en la pol\u00edtica forestal; y, en concreto: \u00ab<em>la Comunidad Valenciana es, despu\u00e9s de Extremadura, la que menos planes de gesti\u00f3n forestal tiene. Solamente el 2% de las masas forestales de esta comunidad cuentan con un instrumento de gesti\u00f3n<\/em>\u00ab. En palabras de Juan Carlos del Olmo, secretario general de WWF en el estado espa\u00f1ol: \u201c<em>Durante a\u00f1os, la Comunidad Valenciana ha centrado sus esfuerzos en el ladrillo, olvidando sus montes y el valor de su riqueza forestal, donde apenas ha habido inversi\u00f3n<\/em>\u201d. Y concluye: \u201c<em>este abandono ha sido el combustible de los incendios de estos d\u00edas<\/em>\u201d. Junto con el comunicado emitido, y por parecernos ilustrativo de reflexiones que al respecto podr\u00edan hacerse, reproducimos tambi\u00e9n los comentarios habidos en el sitio web de WWF, as\u00ed como los enlaces a informes de a\u00f1os anteriores de la propia organizaci\u00f3n conservacionista.<\/p>\n","protected":false},"author":1,"featured_media":1776,"comment_status":"closed","ping_status":"open","sticky":false,"template":"","format":"standard","meta":{"footnotes":""},"categories":[5],"tags":[],"_links":{"self":[{"href":"https:\/\/marina.swarpeca.es\/revista\/wp-json\/wp\/v2\/posts\/1778"}],"collection":[{"href":"https:\/\/marina.swarpeca.es\/revista\/wp-json\/wp\/v2\/posts"}],"about":[{"href":"https:\/\/marina.swarpeca.es\/revista\/wp-json\/wp\/v2\/types\/post"}],"author":[{"embeddable":true,"href":"https:\/\/marina.swarpeca.es\/revista\/wp-json\/wp\/v2\/users\/1"}],"replies":[{"embeddable":true,"href":"https:\/\/marina.swarpeca.es\/revista\/wp-json\/wp\/v2\/comments?post=1778"}],"version-history":[{"count":1,"href":"https:\/\/marina.swarpeca.es\/revista\/wp-json\/wp\/v2\/posts\/1778\/revisions"}],"predecessor-version":[{"id":3322,"href":"https:\/\/marina.swarpeca.es\/revista\/wp-json\/wp\/v2\/posts\/1778\/revisions\/3322"}],"wp:featuredmedia":[{"embeddable":true,"href":"https:\/\/marina.swarpeca.es\/revista\/wp-json\/wp\/v2\/media\/1776"}],"wp:attachment":[{"href":"https:\/\/marina.swarpeca.es\/revista\/wp-json\/wp\/v2\/media?parent=1778"}],"wp:term":[{"taxonomy":"category","embeddable":true,"href":"https:\/\/marina.swarpeca.es\/revista\/wp-json\/wp\/v2\/categories?post=1778"},{"taxonomy":"post_tag","embeddable":true,"href":"https:\/\/marina.swarpeca.es\/revista\/wp-json\/wp\/v2\/tags?post=1778"}],"curies":[{"name":"wp","href":"https:\/\/api.w.org\/{rel}","templated":true}]}}