{"id":1755,"date":"2012-05-23T03:51:11","date_gmt":"2012-05-23T03:51:11","guid":{"rendered":"https:\/\/marina.swarpeca.es\/revista\/2012\/05\/23\/el-doctor-matthias-rath-aboga-por-la-salud-y-la-prevencion-y-eliminacion-de-las-enfermedades-cronicas-y-endemicas\/"},"modified":"2012-05-23T03:51:11","modified_gmt":"2012-05-23T03:51:11","slug":"el-doctor-matthias-rath-aboga-por-la-salud-y-la-prevencion-y-eliminacion-de-las-enfermedades-cronicas-y-endemicas","status":"publish","type":"post","link":"https:\/\/marina.swarpeca.es\/revista\/el-doctor-matthias-rath-aboga-por-la-salud-y-la-prevencion-y-eliminacion-de-las-enfermedades-cronicas-y-endemicas\/","title":{"rendered":"El doctor Matthias Rath aboga por la salud y la prevenci\u00f3n y eliminaci\u00f3n de las enfermedades cr\u00f3nicas y end\u00e9micas"},"content":{"rendered":"<p>(imagen <a href=\"https:\/\/www4esp.dr-rath-foundation.org\/\"><em>Dr Matthias Rath<\/em><\/a>).<\/p>\n<p>En el evento que se llev\u00f3 a cabo el pasado 13 de Marzo en Berl\u00edn, el Dr. Rath llama al pueblo de Alemania y de Europa a asumir su responsabilidad. El Dr. Rath hace un llamamiento conjunto para construir una Europa democr\u00e1tica para el pueblo y por el pueblo &#8211;formando un nuevo mundo orientado hacia la atenci\u00f3n de la salud, la prevenci\u00f3n y eliminaci\u00f3n de las enfermedades.<\/p>\n<p>Resultados de las investigaciones cient\u00edficas ya disponibles, basados en remedios naturales, demuestran que muchas enfermedades cr\u00f3nicas pueden ser reversibles de su actual estado. <\/p>\n<p>Pero este impresionante mundo \u00absin enfermedades\u00bb &#8211;no se nos ha dado- ya que cada una de las enfermedades aportan miles de millones de d\u00f3lares al mercado de la industria farmac\u00e9utica. \u00a1Si queremos crear un mundo sin enfermedad para nosotros y para nuestros hijos: debemos comprometernos <strong>Ahora<\/strong>!<\/p>\n<p>Estamos viviendo en una \u00e9poca de cambios.<\/p>\n<p>El status quo lucha contra este cambio.<\/p>\n<p>Si tiene alguna pregunta, consulte <a href=\"https:\/\/www.wiki-rath.org\/\">Wiki Rath<\/a><\/p>\n<p>El 13 de noviembre de 2007, la ciudad polaca de Auschwitz, lugar donde se encuentra ubicado el antiguo campo de concentraci\u00f3n Nazi Auschwitz, fue escenario de un acontecimiento hist\u00f3rico. En esta ciudad, donde se cometieron los mayores cr\u00edmenes contra la humanidad de la historia reciente, surgi\u00f3 el plan para una nueva Europa. Teniendo en cuenta tanto el papel del C\u00e1rtel del petr\u00f3leo y las drogas desde antes la segunda guerra mundial como los cr\u00edmenes cometidos en Auschwitz, los supervivientes del campo de concentraci\u00f3n evocan y rememoran su voz moral nuevamente -quiz\u00e1s por \u00faltima vez- para pedir una <a href=\"https:\/\/www.eu-referendum.org\/english\/petitions\/europe_for_the_people_info.html\">\u00ab<em>Europa para el pueblo, y por el pueblo<\/em>\u00ab<\/a>.<\/p>\n<p>Adem\u00e1s, fue entregado el Premio de \u00ab<em>Relevo a la vida<\/em>\u00bb al Dr. Rath y a la Fundaci\u00f3n con el mandato de difundir el mensaje <strong>\u00ab\u00a1Nunca m\u00e1s!\u00bb <\/strong> a las nuevas generaciones. <a href=\"https:\/\/www.relay-of-life.org\/speech\/speech.html\">Discurso de recepci\u00f3n ofrecido por el Dr. Rath, al aceptar el premio<\/a><\/p>\n<p><a href=\"https:\/\/on.fb.me\/Hx0mb8\">Facebook<\/a> <\/p>\n<p><a href=\"https:\/\/twitter.com\/#!\/Dr_Rath_News\">Twitter<\/a><\/p>\n<p><strong>Categor\u00eda<\/strong>: <a href=\"https:\/\/www.youtube.com\/activism\">ONG y activismo<\/a><\/p>\n<p><strong>Web del Dr Matthias Rath<\/strong>: <a href=\"https:\/\/www.dr-rath.com\/es\/index.html\">castellano<\/a>, <a href=\"https:\/\/www.dr-rath.com\/de\/index.html\">Deutsch (Deutschland, Schweiz)<\/a>, <a href=\"https:\/\/www.dr-rath.at\/\">Deutsch (\u00d6sterreich)<\/a>,<br \/>\n<a href=\"https:\/\/www.dr-rath.com\/en\/index.html\">English<\/a>, <a href=\"https:\/\/www.dr-rath.com\/fr\/index.html\">Fran\u00e7ais<\/a>, <a href=\"https:\/\/www.rath.nl\/\">Nederlands<\/a>, <a href=\"https:\/\/www.dr-rath.com\/pl\/index.html\">Polski<\/a>, <a href=\"https:\/\/www.dr-rath.com\/it\/index.html\">Italiano<\/a>, <a href=\"https:\/\/www.dr-rath.com\/gr\/index.html\">????????<\/a>, <a href=\"https:\/\/www.dr-rath.com\/hu\/index.html\">Magyar<\/a>, <a href=\"https:\/\/www.dr-rath.com\/sk\/index.html\">Sloven?ina<\/a>, <a href=\"https:\/\/www.dr-rath.com\/en\/index.html\">Other<\/a>, <a href=\"https:\/\/www.dr-rath.com\/us\/index.html\">Global-English<\/a>.<\/p>\n<p><strong>Llamamiento del Dr. Rath a la poblaci\u00f3n de Alemania, Europa y al mundo<\/strong> (13.03.2012, Berlin)<\/p>\n<p><embed src=\"https:\/\/www.youtube.com\/v\/eY9p-ck2Gp0?version=3&#038;hl=es_ES&#038;rel=0\" type=\"application\/x-shockwave-flash\" width=\"350\" height=\"260\" allowscriptaccess=\"always\" allowfullscreen=\"true\"><\/embed><\/p>\n<p>Publicado el 06\/04\/2012 por <a href=\"https:\/\/www.youtube.com\/user\/RathFoundation\">RathFoundation<\/a><\/p>\n<p>Para apoyar esta campa\u00f1a solamente necesita enviar un correo<br \/>\na <a href=\"Info@dr-rath-foundation.org\">Info@dr-rath-foundation.org<\/a> \u00f3 remitirse a <a href=\"https:\/\/www4esp.dr-rath-foundation.org\/contact\/contact.php\">Fundaci\u00f3n Dr Rath<\/a>.<\/p>\n<p><img loading=\"lazy\" decoding=\"async\" class=\" aligncenter size-full wp-image-1754\" src=\"https:\/\/marina.swarpeca.es\/revista\/wp-content\/uploads\/2012\/05\/matthias_rath.jpg\" alt=\"matthias_rath.jpg\" align=\"center\" width=\"748\" height=\"108\" srcset=\"https:\/\/marina.swarpeca.es\/revista\/wp-content\/uploads\/2012\/05\/matthias_rath.jpg 748w, https:\/\/marina.swarpeca.es\/revista\/wp-content\/uploads\/2012\/05\/matthias_rath-300x43.jpg 300w\" sizes=\"(max-width: 748px) 100vw, 748px\" \/><\/p>\n<p><strong>Matthias Rath en wikipedia<\/strong> <\/p>\n<p>(p\u00e1gina modificada por \u00faltima vez el 18-05-2012)<\/p>\n<p>Matthias Rath (naci\u00f3 el a\u00f1o 1955 en Stuttgart, Alemania) es un m\u00e9dico alem\u00e1n, y fundador de la \u201c<em>Medicina Celular<\/em>\u201d, que ofrece una alternativa a la lucha contra enfermedades cardiovasculares, enfermedades que afectan el sistema inmunitario y el c\u00e1ncer. La \u201c<em>Alianza para la Salud<\/em>\u201d fundada por \u00e9l, est\u00e1 activa principalmente en los pa\u00edses europeos, entre ellos Espa\u00f1a, y tambi\u00e9n en otras partes del mundo, entre ellas Am\u00e9rica Latina. Ha generado controversia por sus afirmaciones de que \u00ab<em>con medicina celular se pueden prevenir y curar enfermedades como el C\u00e1ncer o el SIDA<\/em>\u00ab, lo que no ha sido demostrado por investigaciones m\u00e9dicas.<\/p>\n<p><strong>Trabajo como m\u00e9dico y cient\u00edfico<\/strong><\/p>\n<p>Despu\u00e9s de terminar sus estudios de medicina en M\u00fcnster y Hamburgo, Rath trabaj\u00f3 en la Cl\u00ednica Universitaria de Eppendorf, Alemania, donde obtuvo un doctorado en 1989. Tambi\u00e9n trabaj\u00f3 en el Centro Alem\u00e1n de Cardiolog\u00eda en Berl\u00edn. A partir de 1990, se desempe\u00f1\u00f3 como primer director de investigaci\u00f3n cardiovascular en el Instituto Linus Pauling de Ciencia y Medicina en California, EE.UU. El doble premio Nobel Linus Pauling hab\u00eda elaborado la teor\u00eda controvertida de que la vitamina C en altas dosis, y otros nutrientes, no s\u00f3lo proteg\u00edan contra resfriados, sino que tambi\u00e9n podr\u00edan prevenir el c\u00e1ncer y hasta curar el SIDA [[- <a href=\"https:\/\/www.metamorfica.com\/index.php\/blog\/169-vitamina-c-y-otros-cofactores-antioxidantes\">Linus Pauling, Efectos de la Vitamina C<\/a>.]]. Pauling en sus \u00faltimos a\u00f1os trat\u00f3 de comprobar cient\u00edficamente estas hip\u00f3tesis poco aceptadas por los expertos, pero falleci\u00f3 sin poder hacerlo. La teor\u00eda fue llamada por el propio Pauling medicina ortomolecular.<\/p>\n<p>De investigaciones exploratorias sobre la relaci\u00f3n entre la carencia de algunos micronutrientes y la arteriosclerosis, Rath deriv\u00f3 la hip\u00f3tesis, hasta ahora no comprobada, de que la vitamina C podr\u00eda ser un factor de impacto en el desarrollo de enfermedades cardiovasculares [[Matthias Rath and Linus Pauling: &#8216;<em>Hypothesis: Lipoprotein(a) is a Surrogate for Ascorbate&#8217; <\/em> Proc. Natl. Acad. Sci. USA. Vol. 87, pp. 6204-6207, August 1990]], [[Matthias Rath and Linus Pauling: &#8216;<em>Immunological Evidence for the Accumulation of Lipoprotein(a) in the Atherosclerotic Lesion of the Hypoascorbemic Guinea Pig<\/em>&#8216; Proc. Natl. Acad. Sci. USA. Vol. 87, pp. 9388-9390, December 1990]].<\/p>\n<p>Seg\u00fan esta teor\u00eda, la causa primaria de la enfermedad coronaria es la deficiencia de vitamina C, que debilita la pared arterial de col\u00e1geno. Secundariamente en las fisuras resultantes de ese debilitamiento se forma la placa arterial de lipoprote\u00edna(a) como mecanismo de reparaci\u00f3n. El engrosamiento de las placas causa a largo plazo un estrechamiento arterial y trombosis. Esta teor\u00eda se basa en el hecho de que los animales que producen vitamina C no presentan lipopoteina(a) en sangre ni tampoco sufren la enfermedad coronaria que mata a los humanos. \u00danicamente las pocas especies que no producen vitamina C, que son el cerdo de Guinea, algunos primates desarrollados y el hombre, presentan estos trastornos.<\/p>\n<p>Ya en 1992, durante su trabajo en el Instituto Pauling, Rath comenz\u00f3 a desarrollar en EE.UU. preparados de vitamina C a altas dosis. La comercializaci\u00f3n de los preparados se hizo inicialmente bajo el nombre de Pauling. Despu\u00e9s de la muerte de Pauling en el a\u00f1o 1994, surgi\u00f3 un conflicto con sus herederos. Estos demandaron a Rath una suma de cinco cifras como indemnizaci\u00f3n y obtuvieron una orden judicial que proh\u00edbe el uso comercial del nombre de Pauling [[Klaus Koch: \u201e<em>Verschw\u00f6rungstheorien um Vitamine<\/em>\u201c, netdoktor.de; Artikel vom 01.08.2000; Abgerufen am 13. Sep 2006]].<\/p>\n<p><strong>El Instituto de Investigaciones Dr. Rath<\/strong><\/p>\n<p>Rath cre\u00f3 en 1994 su propio instituto de investigaci\u00f3n y desarrollo en Santa Clara, California. El objeto de investigaci\u00f3n principal es el papel de microalimentos en la prevenci\u00f3n y el tratamiento de una multiplicidad de enfermedades cr\u00f3nicas. Particularmente, la investigaci\u00f3n se enfoca al principio de sinergias entre nutrientes [[Pagina Web de Dr. Rath Research Institute; abgerufen am 16. August 2008 exemplarisch hierf\u00fcr: Berliner-Morgenpost: \u201e<em>Studie widerspricht Wunderheiler<\/em>\u201c, Artikel vom 07. Juli 2004; abgerufen am 11. Sep 2006]].<\/p>\n<p>M\u00e1s o menos en ese tiempo, Rath traslad\u00f3 sus actividades de nuevo a Europa. Sobre la base de las teor\u00edas de Pauling, Rath desarroll\u00f3 aqu\u00ed su medicina celular, que promete incluso la cura de sida y c\u00e1ncer por medio de preparados de vitaminas a dosis altas. Mientras tanto, los tratamientos difundidos por Rath demostraron ser ineficaces en muchos estudios cient\u00edficos; ni en experimentos con animales [[Tr\u00f6ger U, Meyer F: \u201e<em>Validity of advertising claims for multivitamin preparation Vitacor 20\/90 on the internet<\/em>\u201c. British Medical Journal 1998; Bd. 317: S. 1069-1071]], ni en ensayos cl\u00ednicos [[Sozialgericht Berlin, Az: S 82 KR 748\/07]] se pudo encontrar pruebas de sus afirmaciones. El tribunal de Berl\u00edn acept\u00f3 estos resultados y declar\u00f3 sus preparados de vitamina contra c\u00e1ncer ineficaces [[Zehn Punkte Programm der Gesundheitsallianz abgerufen am 09.09.2008]]. Esto no impide a Rath creer firmemente en el efecto de sus productos. As\u00ed, \u00e9l sostiene que \u201c<em>salv\u00f3 la vida de miles de pacientes con su descubrimiento m\u00e9dico<\/em>\u201c.<\/p>\n<p><strong>La Alianza de Salud Dr. Rath<\/strong><\/p>\n<p>Rath acusa a toda la industria farmac\u00e9utica de explotar por completo a los pacientes con medicinas ineficaces. Sin importar eso, Rath contin\u00faa el comercio con sus vitaminas y microalimentos e invierte grandes cantidades de dinero en la red de distribuci\u00f3n y ventas, y en el crecimiento de su clientela\u201c. Sin embargo, las preparaciones de vitaminas de Rath no corresponden a las regulaciones legales v\u00e1lidas en Alemania sobre aditivos para alimentos; debido a la dosis alta los preparados entran, seg\u00fan la ley, dentro de la categor\u00eda de drogas.<\/p>\n<p>Para obtener el permiso sanitario de sus preparados en Alemania, Rath hubiese tenido que presentar estudios que demostraran la eficacia y la inocuidad de sus productos. Debido a que omiti\u00f3 este requisito el tribunal regional de Berl\u00edn prohibi\u00f3 la venta de sus productos en Alemania. El eludi\u00f3 esta prohibici\u00f3n a trav\u00e9s de una brecha en las leyes, vendiendo sus preparados de vitaminas y aditivos nutricionales, desde la sede de su compa\u00f1\u00eda en Holanda mediante env\u00edo postal.<\/p>\n<p>Adem\u00e1s Rath estableci\u00f3 la Alianza de Salud, una red cerrada de usuarios y Consejeros de Salud, los cuales transmiten los contenidos de la medicina celular, reportan de sus propias experiencias y as\u00ed contribuyen a la diseminaci\u00f3n de los productos. Bajo el lema \u201c<em>Salud para todos en el a\u00f1o 2020<\/em>\u00bb aspiran a un cambio fundamental de los servicios de salud. Las enfermedades comunes tienen que ser eliminadas por el uso de tratamientos naturales con fundamento cient\u00edfico [[Lutz Kliche (ViSdP): \u201e<em>Rath International<\/em>\u201c, Ausgabe 02\/2004]]. La formaci\u00f3n de estos consejeros de salud se realiza a trav\u00e9s de un instituto creado por Rath llamado Academia de Salud Dr. Rath en Wittenberg, Alemania.<\/p>\n<p>Para publicar sus teor\u00edas Rath cre\u00f3 una agencia de publicidad (MR. Publishing B.V.), la cual organiza la publicidad de los eventos y publica folletos sobre medicina celular [[Aussagen der Gesundheitsallianz abgerufen am 10.September 2009]].<\/p>\n<p><strong>Actividades pol\u00edticas<\/strong><\/p>\n<p>De la Fundaci\u00f3n de Salud Dr. Rath, surgi\u00f3 en junio de 2005, el Partido \u201c<em>Alianza para la Salud, la Paz y la Justicia Social<\/em>\u201d (AGFG), la cual est\u00e1 dirigido por Gerhard Schroeder y del cual Rath al principio fue vicepresidente. El n\u00facleo del programa del partido es la filosof\u00eda de la medicina celular y las amplias teor\u00edas de conspiraci\u00f3n de Rath. As\u00ed, ve en la desaprobaci\u00f3n de sus productos la prueba de una farmadictadura que controla mundialmente pol\u00edticos y cient\u00edficos y que es la que en el fondo mueve los hilos.<\/p>\n<p>En su P\u00e1gina Web y sus folletos sostiene que el Farmacartel ha declarado la guerra a los intereses de salud y vida de la humanidad entera. Rath dice que las vitaminas y otros tratamientos naturales son combatidos por la codicia, para ganar dinero a costa de los consumidores, con medicamentos ineficaces que b\u00e1sicamente tratan s\u00edntomas [[- <a href=\"https:\/\/www.swr.de\/nachrichten\/rp\/-\/id=1682\/nid=1682\/did=1021264\/7e6u1u\/index.html\">Noticias<\/a>.]]. Como supuestas pruebas present\u00f3 extractos de art\u00edculos cient\u00edficos, folletos y notas de prensa. Estas t\u00e1cticas agresivas le fueron prohibidas a Rath en el a\u00f1o 1998 por orden judicial. El fundamento del tribunal dice: \u201c<em>Se trata de un conglomerado de hechos distorsionados, calumnias, simples falsedades. En general, la finalidad es la manipulaci\u00f3n y el enga\u00f1o del p\u00fablico<\/em>\u00ab.<\/p>\n<p>En la campa\u00f1a del partido AGFG, que est\u00e1 en curso desde el a\u00f1o 2006, Rath advirti\u00f3 incluso de una guerra nuclear inminente, que tiene como meta establecer una farmadictadura. La campa\u00f1a que comenz\u00f3 en julio de 2007 utiliz\u00f3 los documentos del Tribunal de N\u00fcremberg sobre el proceso de la IG Farben (industria qu\u00edmica en el tiempo de los nazis, las principales empresas sucesoras de IG Farben en la actualidad son Bayer, BASF y Hoechst), para sugerir una continuidad ininterrumpida, desde los cr\u00edmenes del nacional socialismo hasta la \u201c<em>supresi\u00f3n actual de la verdad en funci\u00f3n de los intereses de la industria farmace\u00fatica<\/em>\u201d.<\/p>\n<p><strong>Rath y sus oponentes<\/strong><\/p>\n<p>M\u00e9dicos prominentes como Frank Ulrich Montgomery y Michael Bamberg exigieron un procedimiento legal contra los m\u00e9todos de Rath. Otros especialistas renombrados, as\u00ed como tambi\u00e9n los representantes de asociaciones de pacientes acusan a Rath de \u201c<em>hacer negocio con la esperanza de gente cr\u00edticamente enferma<\/em>\u201c. Sobre todo, lo acusan de que por las medidas y preparados recomendadas por \u00e9l, los pacientes no recurren a otros m\u00e9todos de tratamientos cient\u00edficamente aceptados y de esta manera se ven perjudicados. En julio de 2006 se realiz\u00f3 un proceso criminal en Hamburgo por infracci\u00f3n de la ley de medicamentos en Alemania. Rath fue acusado entre otras cosas, de atribuir a sus preparados efectos terap\u00e9uticos que en realidad no poseen. Rath declar\u00f3 en la audiencia principal, que \u00e9l nunca hab\u00eda prometido una cura del c\u00e1ncer. El proceso fue suspendido en base al p\u00e1rrafo 153 (a) del c\u00f3digo penal, con el pago de 33.000 euros como reparaci\u00f3n [[Anso Thom: \u201e<em>Rath foundation conduct illegal experiments<\/em>\u201c, Health-e Onlinejournal, <a href=\" https:\/\/www.health-e.org.za\/news\/article.php?uid=20031294\">Art\u00edculo<\/a>.]].<\/p>\n<p>Rath ataca a sus opositores pol\u00edticos y profesionales con golpes duros. Por ejemplo, acus\u00f3 al Director de la Compa\u00f1\u00eda Bayer, Manfred Schneider, de genocidio porque el medicamento m\u00e1s conocido de Bayer, la Aspirina, podr\u00eda causar sangramiento estomacal. Incluso entreg\u00f3 una denuncia a la fiscal\u00eda de Colonia en Alemania por agresi\u00f3n corporal y asesinato. En el a\u00f1o 2000, puso a periodistas, cient\u00edficos y pol\u00edticos cr\u00edticos bajo una picota virtual en su p\u00e1gina Web con el t\u00edtulo: los m\u00e1s buscados. Acus\u00f3 a una docena de personas de corrupci\u00f3n, agresi\u00f3n corporal y genocidio.<\/p>\n<p>Rath distribuy\u00f3 millones de correos en toda Alemania en los cuales se expres\u00f3 de forma denigrante y con desprecio sobre el onc\u00f3logo pedi\u00e1trico de gran reputaci\u00f3n Profesor J\u00fcrgens. Despu\u00e9s de una denuncia en enero de 2006 ante el tribunal regional de Hamm, le prohibieron la distribuci\u00f3n de este correo y se estableci\u00f3 una multa por 12.000 euros por difamaci\u00f3n.<\/p>\n<p><strong>El caso Dominik<\/strong><\/p>\n<p>El caso del muchacho Dominik Feld, que sufri\u00f3 c\u00e1ncer \u00f3seo, recibi\u00f3 atenci\u00f3n particular de los medios de comunicaci\u00f3n. Sus padres se decidieron en la primavera de 2004, despu\u00e9s de un tratamiento inicial de medicina convencional, por un tratamiento de medicina celular recomendado por Rath. Poco despu\u00e9s se sostuvo, en una gran campa\u00f1a publicitaria que los preparados de vitamina hab\u00edan curado a Dominik del c\u00e1ncer. Adem\u00e1s de varias apariciones p\u00fablicas de los padres del ni\u00f1o, tambi\u00e9n el ni\u00f1o enfermo fue mostrado en varios eventos publicitarios con gran eco en los medios de comunicaci\u00f3n. Sin embargo, el c\u00e1ncer continu\u00f3 creciendo sin impedimentos, de modo que desde septiembre de 2004 hubo molestias a causa de met\u00e1stasis del cerebro y los pulmones. Finalmente, Dominik sucumbi\u00f3 por el c\u00e1ncer en noviembre de 2004 a la edad de nueve a\u00f1os, lo cual fue confirmado sin lugar a dudas por una autopsia.<\/p>\n<p>Sin embargo, Rath niega esto continuamente en sus p\u00e1ginas de Internet y sostiene que Dominik muri\u00f3 por una serie de errores m\u00e9dicos. En un reportaje cr\u00edtico de la Radio Estadal \u201cS\u00fcdwestrundfunk\u201d, que describe la historia de la enfermedad de Dominik, la periodista B. Klein concluye \u201c<em>el caso Dominik es la historia de un charlat\u00e1n, que abus\u00f3 de un peque\u00f1o muchacho para sus prop\u00f3sitos mercantiles<\/em>\u201c. Los padres de Dominik quisieron prohibir la transmisi\u00f3n del reportaje en noviembre de 2005, pero los tribunales decidieron en dos instancias contra los padres. Tampoco, Rath pudo evitar una nueva transmisi\u00f3n del reportaje en abril de 2007, la cual intent\u00f3 objetar en el tribunal de Colonia, Alemania.<\/p>\n<p><strong>Su controvertida terapia contra el SIDA<\/strong><\/p>\n<p>En Sud\u00e1frica, Rath y su fundaci\u00f3n tuvieron que presentarse ante la corte porque \u00e9l cre\u00f3 falsas esperanzas a los enfermos de sida y les desaconsej\u00f3 tomar la terapia antirretroviral (ARV). Tambi\u00e9n en Sud\u00e1frica hubo v\u00edctimas letales despu\u00e9s de que la gente renunci\u00f3 a tomar las terapias aceptadas, confiando en la eficacia de la medicina celular [[- <a href=\"https:\/\/www.prnewswire.co.uk\/cgi\/news\/release?id=140612\">Nota de Prensa<\/a>.]]. Rath dijo en una entrevista: \u201c<em>Los medicamentos ARV son garrotes qu\u00edmicos, altamente t\u00f3xicos, que da\u00f1an las c\u00e9lulas som\u00e1ticas, sobre todo las c\u00e9lulas del sistema inmune. Por lo tanto, la ingesta de las preparaciones de ARV empeora el sistema inmune ya deprimido de los pacientes con sida<\/em>\u201d. Rath acus\u00f3 a sus opositores, por ejemplo la \u201c<em>Campa\u00f1a de Acci\u00f3n del Tratamiento<\/em>\u201d (Treatment Action Campaign) de Sud\u00e1frica de ser una organizaci\u00f3n cortina de la industria farmace\u00fatica [[- <a href=\"https:\/\/www.nature.com\/news\/2008\/080618\/full\/453969c.html\">Anti-AIDS vitamin advertising banned<\/a>.]], sin considerar que esta organizaci\u00f3n que promueve educaci\u00f3n sobre el sida, sexo seguro y tambi\u00e9n la terapia con medicamentos, derrot\u00f3 a la industria farmace\u00fatica en un juicio en el cual la corte decidi\u00f3 la entrega m\u00e1s econ\u00f3mica de medicinas ARV. En junio de 2008 la publicidad de los preparados de vitaminas como medicina para el sida, fue prohibida por orden judicial en Sud\u00e1frica.<\/p>\n<p><strong>Actividades recientes en Am\u00e9rica Latina<\/strong><\/p>\n<p>Con el cambio de enfoque hacia la medicina preventiva y comunitaria que se est\u00e1 dando en algunos gobiernos de Am\u00e9rica Latina, la Fundaci\u00f3n Rath ha iniciado la divulgaci\u00f3n de la \u201c<em>Medicina Celular<\/em>\u201d en algunos pa\u00edses latinoamericanos [[- <a href=\"https:\/\/www.convivirpress.com\/Notas8\/Sal_MedicinaCelular.htm\">Convivir<\/a>.]].<\/p>\n<p><strong>Literatura de y sobre Matthias Rath en idioma alem\u00e1n<\/strong><\/p>\n<p>* <a href=\"https:\/\/d-nb.info\/gnd\/115652930\">En el cat\u00e1logo de la Biblioteca Nacional<\/a><\/p>\n<p>* <a href=\"https:\/\/dispatch.opac.d-nb.de\/DB=4.1\/PPN?PPN=115652930\">Informaci\u00f3n general<\/a><\/p>\n<p>* <a href=\"https:\/\/dispatch.opac.d-nb.de\/DB=2.1\/REL?PPN=115652930\">Informaci\u00f3n general<\/a><\/p>\n<p>* <a href=\"https:\/\/dispatch.opac.d-nb.de\/DB=4.1\/SET=4\/TTL=1\/PRS=PP%7F\/PPN?PPN=115652930\">Informaci\u00f3n PICA<\/a><\/p>\n<p>* <a href=\"https:\/\/www.bukopharma.de\/Pharma-Brief\/PB-Archiv\/2004\/Phbf2004_09_10.pdf\">Cr\u00edtica a Rath de la Organizaci\u00f3n Campa\u00f1a Antifarmace\u00fatica BUKO<\/a><\/p>\n<p>* <a href=\"https:\/\/www.spiegel.de\/wissenschaft\/mensch\/0,1518,425647,00.html\">Art\u00edculo en el peri\u00f3dico Spiegel sobre el processo en Hamburgo<\/a><\/p>\n<p><a href=\"https:\/\/es.wikipedia.org\/wiki\/Matthias_Rath\">Wikipedia<\/a><\/p>\n<p>(23 de mayo de 2012)<\/p>\n","protected":false},"excerpt":{"rendered":"<p>El Dr. Matthias Rath ha liderado los avances de la medicina celular, un tipo de medicina que lucha contra el c\u00e1ncer, los problemas cardiovasculares y otras enfermedades end\u00e9micas. La medicina celular fundada por \u00e9l se basa en la aceptaci\u00f3n de la gran importancia de vitaminas, minerales y otros factores celulares a la hora de prevenir y erradicar enfermedades end\u00e9micas. Ha fundado la Alianza de Salud Dr. Rath con el fin de que personas de todo el mundo puedan beneficiarse del descubrimiento cient\u00edfico que supone la medicina celular, de forma que pronto todas estas enfermedades end\u00e9micas pertenezcan al pasado. Los trabajos cient\u00edficos del Dr. Rath se han publicado en numerosas revistas especializadas, inclusive <em>Proceedings of the National Academy of Science<\/em>, <em>Journal of Orthomolecular Medicine<\/em> y <em>Arteriosclerosis<\/em> (<a href=\"http:\/\/www4esp.dr-rath-foundation.org\/\">Fundaci\u00f3n Dr Rath<\/a>).<\/p>\n","protected":false},"author":1,"featured_media":1753,"comment_status":"closed","ping_status":"open","sticky":false,"template":"","format":"standard","meta":{"footnotes":""},"categories":[10],"tags":[],"_links":{"self":[{"href":"https:\/\/marina.swarpeca.es\/revista\/wp-json\/wp\/v2\/posts\/1755"}],"collection":[{"href":"https:\/\/marina.swarpeca.es\/revista\/wp-json\/wp\/v2\/posts"}],"about":[{"href":"https:\/\/marina.swarpeca.es\/revista\/wp-json\/wp\/v2\/types\/post"}],"author":[{"embeddable":true,"href":"https:\/\/marina.swarpeca.es\/revista\/wp-json\/wp\/v2\/users\/1"}],"replies":[{"embeddable":true,"href":"https:\/\/marina.swarpeca.es\/revista\/wp-json\/wp\/v2\/comments?post=1755"}],"version-history":[{"count":0,"href":"https:\/\/marina.swarpeca.es\/revista\/wp-json\/wp\/v2\/posts\/1755\/revisions"}],"wp:featuredmedia":[{"embeddable":true,"href":"https:\/\/marina.swarpeca.es\/revista\/wp-json\/wp\/v2\/media\/1753"}],"wp:attachment":[{"href":"https:\/\/marina.swarpeca.es\/revista\/wp-json\/wp\/v2\/media?parent=1755"}],"wp:term":[{"taxonomy":"category","embeddable":true,"href":"https:\/\/marina.swarpeca.es\/revista\/wp-json\/wp\/v2\/categories?post=1755"},{"taxonomy":"post_tag","embeddable":true,"href":"https:\/\/marina.swarpeca.es\/revista\/wp-json\/wp\/v2\/tags?post=1755"}],"curies":[{"name":"wp","href":"https:\/\/api.w.org\/{rel}","templated":true}]}}