{"id":1750,"date":"2012-05-22T13:10:22","date_gmt":"2012-05-22T13:10:22","guid":{"rendered":"https:\/\/marina.swarpeca.es\/revista\/2012\/05\/22\/la-comunidad-cientifica-contra-la-modificacion-del-real-decreto-de-especies-invasoras\/"},"modified":"2012-05-22T13:10:22","modified_gmt":"2012-05-22T13:10:22","slug":"la-comunidad-cientifica-contra-la-modificacion-del-real-decreto-de-especies-invasoras","status":"publish","type":"post","link":"https:\/\/marina.swarpeca.es\/revista\/la-comunidad-cientifica-contra-la-modificacion-del-real-decreto-de-especies-invasoras\/","title":{"rendered":"La comunidad cient\u00edfica contra la modificaci\u00f3n del Real Decreto de Especies invasoras"},"content":{"rendered":"\n<p>El manifiesto, que todav\u00eda est\u00e1 abierto a nuevos apoyos, recalca la necesidad de poner en marcha actuaciones para hacer frente a este grave problema, atendiendo a los diferentes compromisos y obligaciones legales de nuestro pa\u00eds y la importancia de que se afronte siguiendo en todo momento criterios t\u00e9cnicos y cient\u00edficos.<\/p>\n<p>El manifiesto subraya adem\u00e1s que el actual cat\u00e1logo de especies ex\u00f3ticas invasoras se ha realizado siguiendo la mejor informaci\u00f3n cient\u00edfica disponible y atendiendo a las recomendaciones de expertos y autoridades internacionales. Cualquier nueva versi\u00f3n del cat\u00e1logo debe seguir estos mismos criterios.<\/p>\n<p>El manifiesto, que ha sido refrendado por un ampl\u00edsimo sector de la comunidad cient\u00edfica y que evidencia la preocupaci\u00f3n de investigadores y expertos por un tema prioritario para la conservaci\u00f3n de nuestro patrimonio natural, apoya las acciones emprendidas por <em>Ecologistas en Acci\u00f3n<\/em>, <em>SEO\/BirdLife<\/em> y <em>WWF<\/em> para evitar que se rebaje el nivel de protecci\u00f3n del Real Decreto.<\/p>\n<p>Las opiniones de estos destacados investigadores, coinciden justamente con las principales reivindicaciones que los grupos conservacionistas vienen haciendo desde que el nuevo equipo del Ministerio de Agricultura, Alimentaci\u00f3n y Medio Ambiente pusiera en duda la validez del Cat\u00e1logo y Listado de Especies Ex\u00f3ticas Invasoras, a ra\u00edz de las protestas de ciertas Comunidades Aut\u00f3nomas, que a su vez respond\u00edan a las presiones de determinados sectores ligados a la pesca deportiva.<\/p>\n<p>Pese a tratarse de un problema de conservaci\u00f3n de primer nivel mundial, hasta la fecha tan s\u00f3lo se han realizado actuaciones para hacer frente a casos concretos -como el del mejill\u00f3n cebra, el jacinto de agua o el caracol manzana.<\/p>\n<p>La tibieza en las respuestas del Ministerio ha permitido de hecho que el Tribunal Supremo, ante la denuncia presentada por las asociaciones de pescadores deportivos, haya suspendido cautelarmente parte de la norma (en concreto la que se refiere a la pesca de ciertas especies como el black bass). De hecho la argumentaci\u00f3n del alto tribunal para dictar esta suspensi\u00f3n se ha basado en un acuerdo del Consejo de Ministros, que pon\u00edan en entredicho parte del RD y anunciaban un supuesto cambio en la normativa que todav\u00eda no se ha concretado.<\/p>\n<p>Afortunadamente la ley 42\/2007 es muy clara en su redacci\u00f3n y proh\u00edbe la introducci\u00f3n en el medio de especies ex\u00f3ticas, lo que garantiza la protecci\u00f3n del medio natural y convierte la suelta de todas aquellas especies consideradas como ex\u00f3ticas en un delito.<\/p>\n<p>Las organizaciones velar\u00e1n por el cumplimiento de la norma actual y exigen que el nuevo Cat\u00e1logo se haga siguiendo criterios cient\u00edficos, y no por intereses de grupos de presi\u00f3n.<\/p>\n<p>Tal y como han resaltado los expertos e investigadores, cualquier otra clasificaci\u00f3n de estas especies no ser\u00eda v\u00e1lida y restar\u00eda eficacia al nuevo Real Decreto y ser\u00eda dif\u00edcilmente justificable ante organismos internacionales.<\/p>\n<p><img loading=\"lazy\" decoding=\"async\" class=\" aligncenter size-full wp-image-1749\" src=\"https:\/\/marina.swarpeca.es\/revista\/wp-content\/uploads\/2012\/05\/especies_invasivas2.jpg\" alt=\"especies_invasivas2.jpg\" align=\"center\" width=\"158\" height=\"119\" \/><\/p>\n<p><strong>Manifiesto<\/strong><\/p>\n<p><strong>Importancia de la Lucha contra las Especies Ex\u00f3ticas Invasoras<\/strong><\/p>\n<p>&#8211; El Comit\u00e9 Cient\u00edfico de SEO\/BirdLife, ante la posibilidad de modificaci\u00f3n del <a href=\"https:\/\/boe.es\/aeboe\/consultas\/bases_datos\/act.php?id=BOE-A-2011-19398\">Real Decreto 1628\/2011, de 14 de noviembre, por el que se regula el Listado y Cat\u00e1logo Espa\u00f1ol de Especies Ex\u00f3ticas Invasoras<\/a> a propuesta de las Comunidades Aut\u00f3nomas (<a href=\"https:\/\/marina.swarpeca.es\/revista\/IMG\/pdf\/boe-a-2012-3893.pdf\">BOE 67 del lunes 19 de marzo de 2012, p\u00e1ginas 24847-24852<\/a>), queremos mostrar la importancia que tiene la lucha contra las especies ex\u00f3ticas invasoras y la necesidad de mantener, e incluso reforzar, el Real Decreto.<\/p>\n<p>Las especies ex\u00f3ticas invasoras suponen una amenaza para nuestra biodiversidad, por los impactos que causan sobre las especies nativas por depredaci\u00f3n, competencia, hibridaci\u00f3n, introducci\u00f3n de enfermedades y par\u00e1sitos, etc. Algunas de nuestras especies que se encuentran actualmente amenazadas o en regresi\u00f3n por causa de las invasiones biol\u00f3gicas son el cangrejo de r\u00edo aut\u00f3ctono, la trucha com\u00fan, el vis\u00f3n europeo, la malvas\u00eda cabeciblanca, el tur\u00f3n o los gal\u00e1pagos europeo y leproso, como se muestra en los Libros Rojos elaborados y publicados a instancias del Gobierno espa\u00f1ol a lo largo de la \u00faltima d\u00e9cada.<\/p>\n<p>Las especies ex\u00f3ticas invasoras no s\u00f3lo provocan impactos ambientales. Tambi\u00e9n ocasionan importantes da\u00f1os econ\u00f3micos y de salud p\u00fablica. El grave impacto socioecon\u00f3mico producido por la proliferaci\u00f3n de estas especies se refleja, por ejemplo, en los costes del control de las principales especies vegetales ex\u00f3ticas en Espa\u00f1a, que en tan s\u00f3lo una d\u00e9cada han superado los 50 millones de euros, seg\u00fan estimaciones de la Universidad de C\u00f3rdoba; el coste del control del jacinto de agua en la Cuenca del Guadiana, que ha superado los 21 millones de euros; y el famoso caso del control del mejill\u00f3n cebra en el Bajo Ebro, que la Confederaci\u00f3n Hidrogr\u00e1fica del Ebro valora en 2 millones de euros anuales. En cuanto a la salud p\u00fablica, algunas especies como el mapache pueden transmitir graves enfermedades al ser humano.<\/p>\n<p>Se trata, por tanto, de un problema global de primer nivel, de muy dif\u00edcil resoluci\u00f3n en muchos casos, siendo de especial gravedad en las islas y en los ecosistemas dulceacu\u00edcolas, donde su impacto en muchas ocasiones se hace irreversible si no se act\u00faa a tiempo.<\/p>\n<p>Por ello, es imprescindible pasar a la acci\u00f3n para afrontar esta problem\u00e1tica. As\u00ed, diversos Convenios internacionales han determinado que las especies ex\u00f3ticas invasoras constituyen la segunda causa de p\u00e9rdida de diversidad biol\u00f3gica a escala global y la primera en sistemas insulares, y que es necesario actuar para hacer frente a esta amenaza. Destaca el <a href=\"https:\/\/www.cbd.int\/invasive\"><em>Convenio de Diversidad Biol\u00f3gica<\/em><\/a>, cuyo <a href=\"https:\/\/www.cbd.int\/doc\/strategic-plan\/2011-2020\/Aichi-Targets-es.pdf\"><em>Plan Estrat\u00e9gico para 2011-2020<\/em><\/a> incluye la meta n\u00ba 9, que establece que: \u201c<em>Para 2020, se habr\u00e1n identificado y priorizado las especies ex\u00f3ticas invasoras y v\u00edas de introducci\u00f3n, se habr\u00e1n controlado o erradicado las especies prioritarias, y se habr\u00e1n establecido medidas para gestionar las v\u00edas de introducci\u00f3n a fin de evitar su introducci\u00f3n y establecimiento<\/em>\u201d.<\/p>\n<p>Por otro lado, tambi\u00e9n la comunidad cient\u00edfica internacional, a trav\u00e9s del <a href=\"https:\/\/www.issg.org\">grupo de expertos correspondiente de la UICN, ha elaborado un listado de especies invasoras<\/a> destacando su impacto negativo sobre la biodiversidad.<\/p>\n<p>Especies objeto de pol\u00e9mica en nuestro pa\u00eds como la trucha arcoiris y la perca americana o black bass, adem\u00e1s de figurar en este listado como especies invasoras, est\u00e1n tambi\u00e9n incluidas en el listado de las 100 especies ex\u00f3ticas invasoras m\u00e1s da\u00f1inas del mundo.<\/p>\n<p>Por su parte, la Uni\u00f3n Europea contempla esta problem\u00e1tica en su <em>Estrategia de Biodiversidad para 2020<\/em>, en su objetivo n\u00ba 5: \u201c<em>Determinar y jerarquizar por orden de prioridad, no m\u00e1s tarde de 2020, las especies ex\u00f3ticas invasoras y sus v\u00edas de penetraci\u00f3n, controlar o erradicar las especies prioritarias y gestionar las v\u00edas de penetraci\u00f3n para impedir la irrupci\u00f3n y establecimiento de nuevas especies<\/em>\u201d.<\/p>\n<p>Justamente para poder cumplir este objetivo, la Comisi\u00f3n Europea est\u00e1 trabajando en un instrumento legal para el presente a\u00f1o 2012, que ser\u00e1 de obligado cumplimiento para los Estados Miembros.<\/p>\n<p>El conocimiento aportado por numerosos trabajos cient\u00edficos en la materia, y las nuevas iniciativas que se han ido poniendo en marcha a nivel internacional, han dado lugar a que la lucha contra las especies ex\u00f3ticas invasoras se haya trasladado a diversas normas en Espa\u00f1a, algunas de ellas vigentes desde hace m\u00e1s de tres d\u00e9cadas.<\/p>\n<p>En noviembre de 2011 se cre\u00f3 un Cat\u00e1logo y un Listado de especies ex\u00f3ticas<br \/>\ninvasoras, como desarrollo del art\u00edculo 61 de la <a href=\"https:\/\/boe.es\/aeboe\/consultas\/bases_datos\/act.php?id=BOE-A-2007-21490\">Ley 42\/2007, de 13 de diciembre, del Patrimonio Natural y de la Biodiversidad<\/a>, en forma del <a href=\"https:\/\/boe.es\/aeboe\/consultas\/bases_datos\/act.php?id=BOE-A-2011-19398\">Real Decreto 1628\/2011<\/a>.<\/p>\n<p>La existencia de un instrumento legal como este Real Decreto es clave para poner en marcha medidas de gesti\u00f3n para controlar las especies que ya est\u00e1n<br \/>\nestablecidas, y medidas preventivas que frenen la expansi\u00f3n de estas especies y la entrada de otras nuevas. Adem\u00e1s se trata de una de las primeras normas aprobadas sobre la materia que sit\u00faa a Espa\u00f1a a la cabeza dentro de la Uni\u00f3n Europea.<\/p>\n<p>A pesar de la certeza cient\u00edfica del da\u00f1o que causan y del reconocimiento legal del problema, est\u00e1n surgiendo voces que se manifiestan en contra del Real Decreto por afectar a determinadas actividades, cuestionando los criterios seguidos a la hora de su elaboraci\u00f3n, criticando las especies catalogadas, e infravalorando en definitiva el impacto que estas especies pueden tener sobre nuestro patrimonio natural.<\/p>\n<p>Ante esta situaci\u00f3n, el Comit\u00e9 Cient\u00edfico de SEO\/BirdLife manifiesta:<\/p>\n<p>* Que las especies ex\u00f3ticas invasoras constituyen una de las mayores<br \/>\namenazas para la conservaci\u00f3n de la biodiversidad, y que la lucha para<br \/>\nprevenir su introducci\u00f3n y frenar su expansi\u00f3n debe constituir una<br \/>\nprioridad para las diferentes administraciones p\u00fablicas y entidades<br \/>\nresponsables y comprometidas con el medio ambiente.<\/p>\n<p>* Que la lucha contra la expansi\u00f3n de las especies ex\u00f3ticas invasoras debe<br \/>\nllevarse a cabo atendiendo a criterios t\u00e9cnicos y cient\u00edficos.<\/p>\n<p>* Que la introducci\u00f3n de especies al\u00f3ctonas incumple las normativas<br \/>\nregionales, nacionales, europeas y mundiales, desarrolladas para<br \/>\nprevenir los efectos negativos, incontrolados y en muchas ocasiones<br \/>\ndesconocidos, sobre la diversidad biol\u00f3gica nativa. Por ello, ante cualquier tipo de solicitud de gesti\u00f3n de especies ex\u00f3ticas se deber\u00e1 aplicar el principio de precauci\u00f3n en el que se inspira la normativa, denegando cualquier tipo de autorizaci\u00f3n, especialmente con fines cineg\u00e9ticos o de pesca deportiva.<\/p>\n<p>* Que el Real Decreto de Especies Ex\u00f3ticas Invasoras se ha desarrollado atendiendo a la mejor informaci\u00f3n cient\u00edfica y t\u00e9cnica disponible, y que constituye por tanto el mejor punto de partida para atajar los da\u00f1os provocados por las invasiones biol\u00f3gicas.<\/p>\n<p>* Que tanto el Cat\u00e1logo como el Listado del Real Decreto de Especies Ex\u00f3ticas Invasoras son instrumentos imprescindibles para la adecuada gesti\u00f3n de este problema.<\/p>\n<p>* Que es urgente identificar cuanto antes el potencial invasor y los efectos causados por las especies del Listado para su posible inclusi\u00f3n en el Cat\u00e1logo, y as\u00ed tomar medidas para evitar da\u00f1os ambientales.<\/p>\n<p>Y que por todo ello, ante la posibilidad de que la modificaci\u00f3n del Real Decreto de especies ex\u00f3ticas invasoras pudiera restar efectividad a la aplicaci\u00f3n de este instrumento legal, particularmente en relaci\u00f3n al Listado, consideramos imprescindible su mantenimiento en el estado actual, as\u00ed como que se hagan todos los esfuerzos necesarios para la correcta aplicaci\u00f3n y cumplimiento de esta norma estatal, como herramienta fundamental para hacer frente a una de las mayores amenazas para la conservaci\u00f3n de la biodiversidad.<\/p>\n<p><strong>Para que as\u00ed conste, suscribe el presente Manifiesto el Comit\u00e9 Cient\u00edfico de SEO\/BirdLife:<\/strong><\/p>\n<p>Alberto Velando, Universidad de Vigo<\/p>\n<p>Beatriz Arroyo, Instituto de Investigaci\u00f3n en Recursos Cineg\u00e9ticos (IREC)<\/p>\n<p>Eduardo de Juana, Universidad Complutense de Madrid<\/p>\n<p>Emilio Barba, Universidad de Oviedo<\/p>\n<p>Eulalia Moreno Ma\u00f1as, Estaci\u00f3n Experimental de Zonas \u00c1ridas (CSIC)<\/p>\n<p>Florentino de Lope Rebollo, Universidad de Extremadura<\/p>\n<p>Jacob Gonz\u00e1lez-Sol\u00eds, Universidad de Barcelona<\/p>\n<p>Jos\u00e9 Luis Tella, Estaci\u00f3n Biol\u00f3gica de Do\u00f1ana (CSIC)<\/p>\n<p>Jos\u00e9 Ram\u00f3n Obeso, Universidad de Oviedo<\/p>\n<p>Mario D\u00edaz Esteban, Museo Nacional de Ciencias Naturales (CSIC)<\/p>\n<p>Paola Laiolo, Universidad de Oviedo<\/p>\n<p>Santiago Merino, Museo Nacional de Ciencias Naturales, CSIC<\/p>\n<p><strong>Muestran su apoyo al presente Manifiesto a fecha 21 de mayo de 2012:<\/strong><\/p>\n<p>* <em>ONG de Conservaci\u00f3n de la naturaleza<\/em>:<\/p>\n<p>Ecologistas en Acci\u00f3n<\/p>\n<p>SEO\/BirdLife<\/p>\n<p>WWF Espa\u00f1a<\/p>\n<p>* <em>Entidades cient\u00edficas<\/em><\/p>\n<p>Asociaci\u00f3n espa\u00f1ola de Entomolog\u00eda (AeE)<\/p>\n<p>Asociaci\u00f3n Herpetol\u00f3gica Espa\u00f1ola (AHE)<\/p>\n<p>Grupo Especialista en Invasiones Biol\u00f3gicas (GEIB)<\/p>\n<p>Sociedad Espa\u00f1ola de Biolog\u00eda Evolutiva (SESBE)<\/p>\n<p>Sociedad Espa\u00f1ola para la Conservaci\u00f3n y Estudio de los Mam\u00edferos (SECEM)<\/p>\n<p>Sociedad Ib\u00e9rica de Ictiolog\u00eda (SIBIC)<\/p>\n<p>* <em>Investigadores cient\u00edficos<\/em><\/p>\n<p>Adri\u00e1n Escudero, Universidad Rey Juan Carlos<\/p>\n<p>Airam Rodr\u00edguez Mart\u00edn, Estaci\u00f3n Biol\u00f3gica de Do\u00f1ana (EBD-CSIC)<\/p>\n<p>Alba Estrada Acedo, Instituto de Investigaci\u00f3n en Recursos Cineg\u00e9ticos &#8211; IREC (CSIC-UCLM-JCCM)<\/p>\n<p>Alejandro Rodr\u00edguez, Estaci\u00f3n Biol\u00f3gica de Do\u00f1ana (EBD-CSIC)<\/p>\n<p>Alfredo Aparicio Yag\u00fce, Instituto de Geociencias (CSIC-UCM)<\/p>\n<p>Amalia Segura Gonz\u00e1lez, Unidad Mixta de Investigaci\u00f3n en Biodiversidad (UO\/CSIC\/PA)<\/p>\n<p>Ana C. Andreu, Estaci\u00f3n Biol\u00f3gica de Do\u00f1ana (EBD-CSIC)<\/p>\n<p>Ana Montero Casta\u00f1o, Estaci\u00f3n Biol\u00f3gica de Do\u00f1ana (EBD-CSIC)<\/p>\n<p>Andrew J. Green, Estaci\u00f3n Biol\u00f3gica de Do\u00f1ana (EBD-CSIC)<\/p>\n<p>Anna Traveset, Instituto Mediterr\u00e1neo de Estudios Avanzados (IMEDEA)<\/p>\n<p>Beatriz Arconada L\u00f3pez, Aguas de las Cuencas Mediterr\u00e1neas, S.A. (Acuamed)<\/p>\n<p>Beatriz Blanco Fontao, Unidad Mixta de Investigaci\u00f3n en Biodiversidad (UO-CSIC-PA)<\/p>\n<p>Benigno Elvira, Universidad Complutense de Madrid<\/p>\n<p>Carlos Alonso Alvarez, Instituto de Investigaci\u00f3n en Recursos Cineg\u00e9ticos (IREC-CSIC)<\/p>\n<p>Carmen D\u00edaz Paniagua, Estaci\u00f3n Biol\u00f3gica de Do\u00f1ana (EBD-CSIC)<\/p>\n<p>Carles Feo Quer, Consorcio de l&#8217;Estany, Lago de Banyoles<\/p>\n<p>Carlos Ponce Cabas, Museo Nacional de Ciencias Naturales (CSIC)<\/p>\n<p>Conxa Hueso, Centro Superior de Investigaci\u00f3n en Salud P\u00fablica (CSISP)<\/p>\n<p>David Buckley Iglesias, Museo Nacional de Ciencias Naturales (CSIC)<\/p>\n<p>Diego Llusia Genique, Museo Nacional de Ciencias Naturales (CSIC)<\/p>\n<p>Elena Angulo Aguado, Estaci\u00f3n Biol\u00f3gica de Do\u00f1ana (EBD-CSIC)<\/p>\n<p>Elena Marmesat Bertoli, Estaci\u00f3n Biol\u00f3gica de Do\u00f1ana (EBD-CSIC)<\/p>\n<p>Emili Garc\u00eda-Berthou, Universitat de Girona<\/p>\n<p>Esteban Manrique, Museo Nacional de Ciencias Naturales (CSIC)<\/p>\n<p>Fernado Hiraldo Cano, Estaci\u00f3n Biol\u00f3gica de Do\u00f1ana (EBD-CSIC)<\/p>\n<p>Fernando Valladares, Museo Nacional de Ciencias Naturales (CSIC)<\/p>\n<p>Francisco Javier Juste Ballesta, Estaci\u00f3n Biol\u00f3gica de Do\u00f1ana (EBD-CSIC)<\/p>\n<p>Francisco Lloret Maya, Universitat de Barcelona<\/p>\n<p>Francisco M. Miranda Castro, Estaci\u00f3n Biol\u00f3gica de Do\u00f1ana (EBD-CSIC)<\/p>\n<p>Francisco Valera Hern\u00e1ndez, Estaci\u00f3n Experimental de Zonas \u00c1ridas (CSIC)<\/p>\n<p>Gabriel del Barrio, Estacion Experimental de Zonas Aridas (CSIC)<\/p>\n<p>Gema Sol\u00eds Fraile, Museo Nacional de Ciencias Naturales (CSIC)<\/p>\n<p>Graciela G\u00f3mez incola, Universidad de Castilla-La Mancha<\/p>\n<p>Ignacio Doadrio Villarejo, Museo Nacional de Ciencias Naturales (CSIC)<\/p>\n<p>Ignacio Ribera Gal\u00e1n, Institut de Biolog\u00eda Evolutiva (CSIC-UPF)<\/p>\n<p>Jaime Rodr\u00edguez Estival, Instituto de Investigaci\u00f3n en Recursos Cineg\u00e9ticos \u2013 IREC (CSIC, UCLM, JCCM)<\/p>\n<p>Javier Cabello Pi\u00f1ar, Centro Andaluz para la Evaluaci\u00f3n y Seguimiento del Cambio Global (CAESCG)<\/p>\n<p>Javier Calzada Samperio, Universidad de Huelva<\/p>\n<p>Javier Lob\u00f3n-Cervi\u00e1, Museo Nacional de Ciencias Naturales (CSIC)<\/p>\n<p>Javier Lucientes Curdi, Universidad de Zaragoza<\/p>\n<p>Jes\u00fas Dorda Dorda, Museo Nacional de Ciencias Naturales (CSIC)<\/p>\n<p>Jos\u00e9 Enrique Gonz\u00e1lez Fern\u00e1ndez, Museo Nacional de Ciencias Naturales (CSIC)<\/p>\n<p>Jos\u00e9 Javier Cuervo Os\u00e9s, Museo Nacional de Ciencias Naturales (CSIC)<\/p>\n<p>Jos\u00e9 Luis Guzm\u00e1n Garc\u00eda, Instituto de Investigaci\u00f3n en Recursos Cineg\u00e9ticos \u2013 IREC (CSIC, UCLM, JCCM)<\/p>\n<p>Joan Navarro, Instituto de Ciencias del Mar, ICM-CSIC<\/p>\n<p>Jos\u00e9 Miguel Aparicio, CSIC<\/p>\n<p>Juan Antonio Fargallo Vallejo, Museo Nacional de Ciencias Naturales (CSIC)<\/p>\n<p>Juan Alberto Castro Gil, Departamento de Entomolog\u00eda de la Sociedad de Ciencias Aranzadi<\/p>\n<p>Juan Carlos Illera Cobo, Universidad de Oviedo<\/p>\n<p>Juan Pedro Gonz\u00e1lez-Varo, Estaci\u00f3n Biol\u00f3gica de Do\u00f1ana (EBD-CSIC)<\/p>\n<p>Judith Mar\u00eda Hidalgo Vila, Universidad de Sevilla<\/p>\n<p>Luis Boto, Museo Nacional de Ciencias Naturales (CSIC)<\/p>\n<p>Luis Miguel Guti\u00e9rrez Pesquera, Estaci\u00f3n Biol\u00f3gica de Do\u00f1ana (EBD-CSIC)<\/p>\n<p>Luisa Amo de Paz, Estaci\u00f3n Experimental de Zonas \u00c1ridas (CSIC)<\/p>\n<p>Luz Boyero Gonz\u00e1lez, Estaci\u00f3n Biol\u00f3gica de Do\u00f1ana (EBD-CSIC)<\/p>\n<p>Manuel Fabio Flechoso del Cueto, Universidad de Salamanca<\/p>\n<p>Manuel M\u00e1\u00f1ez, Estaci\u00f3n Biol\u00f3gica de Do\u00f1ana (EBD-CSIC)<\/p>\n<p>Manuel Nogales, Grupo de Ecolog\u00eda y Evoluci\u00f3n en Islas (IPNA-CSIC)<\/p>\n<p>Maria del Mar Soler Hurtado, Museo Nacional de Ciencias Naturales (CSIC)<\/p>\n<p>Mar\u00eda Jacoba Salinas Bonillo, Centro para la Evaluaci\u00f3n y el Seguimiento del Cambio Global (CAESCG)<\/p>\n<p>M\u00aa Jos\u00e9 Moyano Reyes, Universidad Pablo de Olavide<\/p>\n<p>M\u00aa Soledad L\u00f3pez G\u00f3mez, Universitat de Barcelona<\/p>\n<p>Marta S\u00e1nchez Ord\u00f3\u00f1ez, Estaci\u00f3n Biol\u00f3gica de Do\u00f1ana (EBD-CSIC)<\/p>\n<p>Martina Carrete, Universidad Pablo de Olavide<\/p>\n<p>Miguel Angel Fortuna Alcolado, Estaci\u00f3n Biol\u00f3gica de Do\u00f1ana (EBD-CSIC)<\/p>\n<p>Miguel \u00c1ngel Rend\u00f3n Martos, Estaci\u00f3n Biol\u00f3gica de Do\u00f1ana (EBD-CSIC)<\/p>\n<p>Miguel Clavero, Estaci\u00f3n Biol\u00f3gica de Do\u00f1ana (EBD-CSIC)<\/p>\n<p>Miguel Cueto Romero, Universidad de Almer\u00eda<\/p>\n<p>Modesto Luce\u00f1o Garc\u00e9s, Universidad Pablo de Olavide de Sevilla<\/p>\n<p>M\u00f3nica M\u00edguez R\u00edos, Universidad Pablo de Olavide<\/p>\n<p>Montserrat Vil\u00e0, Estaci\u00f3n Biol\u00f3gica de Do\u00f1ana (EBD-CSIC)<\/p>\n<p>Natalia Ga\u00f1\u00e1n Mej\u00edas, Museo Nacional de Ciencias Naturales(CSIC)<\/p>\n<p>Pablo Ferreras de Andr\u00e9s, Instituto de Investigaci\u00f3n en Recursos Cineg\u00e9ticos &#8211; IREC (CSIC-UCLM-JCCM)<\/p>\n<p>Patricia Delgado Acosta, Aguas de las Cuencas Mediterr\u00e1neas, S.A. (Acuamed)<\/p>\n<p>Patricio Garc\u00eda, Centro de investigaciones sobre Desertificaci\u00f3n -CIDE- (CSIC\/UV\/GV)<\/p>\n<p>Pim Edelaar, Estaci\u00f3n Biol\u00f3gica de Do\u00f1ana (EBD-CSIC)<\/p>\n<p>Rafael Araujo, Museo Nacional de Ciencias Naturales(CSIC)<\/p>\n<p>Rafael Barrientos, Universidad de Castilla la Mancha<\/p>\n<p>Ra\u00fal Ochoa-Hueso, Museo Nacional de Ciencias Naturales (CSIC)<\/p>\n<p>Ricardo Anad\u00f3n \u00c1lvarez, Universidad de Oviedo<\/p>\n<p>Roc\u00edo Aranzazu Baquero Noriega, Universidad de Castilla-La Mancha<\/p>\n<p>Roc\u00edo Rodr\u00edguez S\u00e1nchez, Estaci\u00f3n Biol\u00f3gica de Do\u00f1ana (EBD-CSIC)<\/p>\n<p>Rosa Agudo, Estaci\u00f3n Biol\u00f3gica de Do\u00f1ana (EBD-CSIC)<\/p>\n<p>Rosa Rodriguez Manzano, Estaci\u00f3n Biol\u00f3gica de Do\u00f1ana (EBD-CSIC)<\/p>\n<p>Sara Aguado de la Paz, Universidad de Oviedo<\/p>\n<p>Toni Garcia Sanz, Direcci\u00f3n Territorial de la Conselleria de Infraestructuras, Territorio y Medio Ambiente en Castell\u00f3n<\/p>\n<p>Violeta Munoz-Fuentes, Estaci\u00f3n Biol\u00f3gica de Do\u00f1ana (EBD-CSIC)<\/p>\n<p>Xabier Ruiz Carrera, Centro Andaluz de Biolog\u00eda del Desarrollo CABD (CSIC\/ Universidad Pablo de Olavide)<\/p>\n<p>Xim Cerd\u00e1 Sureda, Estaci\u00f3n Biol\u00f3gica de Do\u00f1ana (EBD-CSIC)<\/p>\n<p>(22 de mayo de 2012)<\/p>\n","protected":false},"excerpt":{"rendered":"<p>Importantes sociedades cient\u00edficas del estado espa\u00f1ol (Asociaci\u00f3n espa\u00f1ola de Entomolog\u00eda, Asociaci\u00f3n Herpetol\u00f3gica Espa\u00f1ola, Grupo Especialista en Invasiones Biol\u00f3gicas, Sociedad Espa\u00f1ola de Biolog\u00eda Evolutiva, Sociedad Espa\u00f1ola para la Conservaci\u00f3n y Estudio de los Mam\u00edferos y la Sociedad Ib\u00e9rica de Ictiolog\u00eda) y un amplio grupo de m\u00e1s de 100 destacados investigadores han suscrito un manifiesto [[- <a href=\"http:\/\/marina.swarpeca.es\/IMG\/pdf\/manifiesto_rd_invasoras_cc_seo_ok.pdf\">Manifiesto Importancia de la lucha contra las especies ex\u00f3ticas invasoras<\/a>.]], elaborado por el Comit\u00e9 Cient\u00edfico de SEO\/BirdLife, sobre la grave amenaza que suponen las especies ex\u00f3ticas invasoras para la biodiversidad.<\/p>\n","protected":false},"author":1,"featured_media":1748,"comment_status":"closed","ping_status":"open","sticky":false,"template":"","format":"standard","meta":{"footnotes":""},"categories":[5],"tags":[],"_links":{"self":[{"href":"https:\/\/marina.swarpeca.es\/revista\/wp-json\/wp\/v2\/posts\/1750"}],"collection":[{"href":"https:\/\/marina.swarpeca.es\/revista\/wp-json\/wp\/v2\/posts"}],"about":[{"href":"https:\/\/marina.swarpeca.es\/revista\/wp-json\/wp\/v2\/types\/post"}],"author":[{"embeddable":true,"href":"https:\/\/marina.swarpeca.es\/revista\/wp-json\/wp\/v2\/users\/1"}],"replies":[{"embeddable":true,"href":"https:\/\/marina.swarpeca.es\/revista\/wp-json\/wp\/v2\/comments?post=1750"}],"version-history":[{"count":0,"href":"https:\/\/marina.swarpeca.es\/revista\/wp-json\/wp\/v2\/posts\/1750\/revisions"}],"wp:featuredmedia":[{"embeddable":true,"href":"https:\/\/marina.swarpeca.es\/revista\/wp-json\/wp\/v2\/media\/1748"}],"wp:attachment":[{"href":"https:\/\/marina.swarpeca.es\/revista\/wp-json\/wp\/v2\/media?parent=1750"}],"wp:term":[{"taxonomy":"category","embeddable":true,"href":"https:\/\/marina.swarpeca.es\/revista\/wp-json\/wp\/v2\/categories?post=1750"},{"taxonomy":"post_tag","embeddable":true,"href":"https:\/\/marina.swarpeca.es\/revista\/wp-json\/wp\/v2\/tags?post=1750"}],"curies":[{"name":"wp","href":"https:\/\/api.w.org\/{rel}","templated":true}]}}