{"id":1725,"date":"2012-05-09T06:10:32","date_gmt":"2012-05-09T06:10:32","guid":{"rendered":"https:\/\/marina.swarpeca.es\/revista\/2012\/05\/09\/el-modelo-desarrollista-frente-a-la-salud-humana-y-los-derechos-de-la-naturaleza-la-plurinacionalidad-y-el-bien-vivir\/"},"modified":"2012-05-09T06:10:32","modified_gmt":"2012-05-09T06:10:32","slug":"el-modelo-desarrollista-frente-a-la-salud-humana-y-los-derechos-de-la-naturaleza-la-plurinacionalidad-y-el-bien-vivir","status":"publish","type":"post","link":"https:\/\/marina.swarpeca.es\/revista\/el-modelo-desarrollista-frente-a-la-salud-humana-y-los-derechos-de-la-naturaleza-la-plurinacionalidad-y-el-bien-vivir\/","title":{"rendered":"El modelo desarrollista frente a la salud humana y los derechos de la naturaleza, la plurinacionalidad y el bien vivir"},"content":{"rendered":"<p><a href=\"https:\/\/marina.swarpeca.es\/revista\/IMG\/pdf\/america_latina_y_la_izquierda.pdf\">Am\u00e9rica Latina: La izquierda roja se transforma en \u2018izquierda marr\u00f3n\u2019<\/a> (Anexo del <a href=\"https:\/\/marina.swarpeca.es\/revista\/IMG\/pdf\/gumillas_xiii_analisis_enero_marzo_2012.pdf\"><em>XIII Informe de An\u00e1lisis de Coyuntura Latinoamericana<\/em><\/a>, del Centro Gumillas, que cubre el per\u00edodo Enero-marzo 2012).<\/p>\n<p>La izquierda latinoamericana es cada vez menos roja y cada vez m\u00e1s marr\u00f3n. La afirmaci\u00f3n es del soci\u00f3logo uruguayo Eduardo Gudynas. Seg\u00fan \u00e9l, est\u00e1 quedando cada vez m\u00e1s claro que los gobiernos progresistas o de la nueva izquierda se apoyan en la explotaci\u00f3n de materias primas para alimentar el crecimiento econ\u00f3mico. Nos hemos vuelto proveedores de materias primas para la globalizaci\u00f3n, acota \u00e9l. Se rompe as\u00ed el di\u00e1logo con el movimiento verde y la izquierda roja se transforma en marr\u00f3n, destaca el soci\u00f3logo. El rojo, color simb\u00f3lico de la lucha socialista, se subordina a la l\u00f3gica del gran capital y, asumiendo el modelo extractivo \u2013primario exportador\u2013 provoca grandes impactos negativos en el medio ambiente. Marr\u00f3n es una referencia a los cr\u00e1teres a cielo abierto, consecuencia de los megaproyectos que est\u00e1n en curso en todo el continente.<\/p>\n<p>El modelo extractivo patrocinado por los gobiernos de izquierda y, tambi\u00e9n, por los de derecha en Am\u00e9rica Latina es definido por el escritor Ra\u00fal Zibechi como \u201c<em>apropiaci\u00f3n de los bienes comunes, directa o indirectamente, para transformarlos en mercanc\u00eda<\/em>\u201d. El soci\u00f3logo venezolano Edgardo Lander, comenta que \u201c<em>la principal fuente de las contradicciones internas y de las decepciones con relaci\u00f3n a los gobiernos progresistas de izquierda es que parecen, de hecho, dar por obvio que ning\u00fan otro camino es posible sino el de un sistema basado en el crecimiento econ\u00f3mico<\/em>\u201d.<\/p>\n<p>Pr\u00e1cticamente en todos los pa\u00edses de la regi\u00f3n, desde M\u00e9xico hasta Chile, comunidades tradicionales y campesinas se est\u00e1n levantando contra los grandes proyectos de desarrollo y de extracci\u00f3n natural que, embarcados en el boom econ\u00f3mico de Am\u00e9rica L\u00e1tina y en los altos precios de las materias primas, est\u00e1n promoviendo una nueva fiebre del oro en paisajes tan distintos como el desierto mexicano y la selva amaz\u00f3nica, comenta el escritor Tadeu Breda.<\/p>\n<p>La obsesi\u00f3n por el crecimiento, la apuesta por los megaproyectos y la flexibilizaci\u00f3n del aparato normativo que protege el medio ambiente est\u00e1 en el n\u00facleo de las tensiones sociales a las que asistimos en todo el continente. Marchas, protestas, ocupaciones y movilizaciones hacen parte del escenario de la lucha social en Am\u00e9rica Latina en los \u00faltimos a\u00f1os y, en la mayor parte de ellas, el arranque de las movilizaciones son los conflictos ambientales. Una peque\u00f1a muestra de todo eso se puede ver aqu\u00ed en <strong>Brasil<\/strong>: la agenda alrededor del C\u00f3digo forestal, la PEC 125 y la pol\u00e9mica acerca del reporte que envuelve la hidroel\u00e9ctrica de Belo Monte y que sufri\u00f3 tentativa de censura por parte de la ministro Maria do Ros\u00e1rio. En todos los conflictos el denominador com\u00fan es la agenda ambiental.<\/p>\n<p>En un breve vistazo por los pa\u00edses vecinos se ve lo mismo. La cuesti\u00f3n ambiental est\u00e1 en el centro de los conflictos entre los movimientos sociales y los gobiernos progresistas. Tomemos como ejemplo lo que est\u00e1 aconteciendo en Ecuador, Per\u00fa y Bolivia, pero tambi\u00e9n, con un grado diferente, en Argentina, Colombia y Venezuela.<\/p>\n<p><strong>Conflictos ambientales estallan en el territorio latinoamericano<\/strong><\/p>\n<p>Los conflictos ambientales permean la coyuntura del continente latinoamericano. En <strong>Ecuador<\/strong>, el gobierno de Rafael Correa enfrent\u00f3 en los \u00faltimos d\u00edas una marcha nacional contra sus pol\u00edticas extractivas. El escritor Tadeu Breda comenta que desde 2009, despu\u00e9s de la aprobaci\u00f3n plurinacional, Rafael Correa sancion\u00f3 una nueva ley de minas que abre camino a la explotaci\u00f3n mineral en gran escala y a cielo abierto. A partir de entonces, el movimiento ind\u00edgena abandon\u00f3 la coalici\u00f3n pol\u00edtica y social que hab\u00eda posibilitado la victoria del presidente y pas\u00f3 a la oposici\u00f3n.<\/p>\n<p>La ira del movimiento ind\u00edgena se debe al hecho de que Correa firm\u00f3 recientemente contrato con la empresa minera Ecuacorriente (ECSA), de capital Chino, para la explotaci\u00f3n de un yacimiento minero en la cordillera del C\u00f3ndor, en la frontera con Per\u00fa, una de las \u00e1reas del pa\u00eds m\u00e1s ricas en biodiversidad.<\/p>\n<p>Se trata de uno de los cinco proyectos de mina considerados prioritarios por el gobierno de Correa. Decio Machado \u2013citado en el reportaje de Claudia Fanti\u2013 afirma que \u201c<em>es el primer gobierno que convirti\u00f3 la megamineria en una actividad estrat\u00e9gica que deja una marca sobre el futuro modelo de desarrollo ecuatoriano<\/em>\u201d.<\/p>\n<p>El 8 de marzo, D\u00eda Internacional de la Mujer, el movimiento ind\u00edgena ecuatoriano inici\u00f3 una marcha nacional contra las pol\u00edticas extractivas del gobierno. La marcha sali\u00f3 de la provincia amaz\u00f3nica de Zamora Chinchipe, en el sur del pa\u00eds, recorri\u00f3 toda la regi\u00f3n andina hasta la capital, Quito, en el norte de Ecuador, donde lleg\u00f3 el d\u00eda 22, D\u00eda Mundial del Agua. El presidente Correa, defendiendo el proyecto, dice que su gobierno apalanca una miner\u00eda responsable social y ambientalmente, repitiendo su frase de que \u201c<em>no podemos ser mendigos sentados sobre un saco de oro<\/em>\u201d. Los manifestantes, a su vez, no aceptan \u201c<em>sobrevivir en un pa\u00eds devastado en las garras del miedo o de la indiferencia, un pa\u00eds con realidades paralelas de r\u00edos muertos y de personas enfermas a causa de la contaminaci\u00f3n minera y petrol\u00edfera, de personas que se consumen en el consumismo y de personas muertas en vida, sin memoria ni identidad, desprovistas de sus selvas y de su condici\u00f3n humana, entre \u00e1rboles y animales masacrados<\/em>\u201d.<\/p>\n<p>El escritor Tadeu Breda comenta: \u201c<em>Todos quieren el desarrollo del Ecuador, claro: pero no concuerdan con los m\u00e9todos del gobierno. Avalan que el extractivismo de hoy es el mismo que nortea la econom\u00eda ecuatoriana desde siempre \u2013y tienen de su lado la verdad hist\u00f3rica de que vender materias primas para los pa\u00edses ricos puede que haya generado riqueza, sin embargo, jam\u00e1s trajo desarrollo<\/em>\u201d.<\/p>\n<p>En el <strong>Per\u00fa<\/strong>, otra marcha nacional, esta vez por el derecho al agua. \u201c<em>la movilizaci\u00f3n popular m\u00e1s importante desde la \u00e9poca de Fujimori<\/em>\u201d, se\u00f1al\u00f3 Hugo Blanco en el reportaje de Claudia Fanti. En el centro de la marcha, que se llev\u00f3 a cabo del 1 al 9 de febrero, est\u00e1 la oposici\u00f3n al proyecto Conga, inmenso plan de miner\u00eda que prev\u00e9 sacar varias lagunas de Cajamarca, en el norte del pa\u00eds. El proyecto es liderado por el grupo Yanacocha, la primera empresa de extracci\u00f3n de oro en Am\u00e9rica del Sur y la segunda del mundo.<\/p>\n<p>En el curr\u00edculum de esa empresa se destaca, durante los \u00faltimos meses del gobierno de Fujimori, la devastadora fuga de mercurio en Choropampa, que cost\u00f3 la vida de m\u00e1s de setenta personas y que a\u00fan contin\u00faa impune.<\/p>\n<p>Rechazado por el propio gobierno de Cajamarca, el proyecto Conga, que cuenta con una inversi\u00f3n de casi 5 billones de d\u00f3lares, amenaza con destruir las reservas de agua dulce de la regi\u00f3n produciendo, seg\u00fan los estudios de impacto ambiental del Ministerio del medio Ambiente, da\u00f1os irreversibles al ecosistema y contaminando la cuenca del r\u00edo Mara\u00f1\u00f3n, un importante afluente del r\u00edo Amazonas. \u201c<em>Es un proyecto altamente depredador<\/em> afirm\u00f3 Gregorio Santos, presidente regional de Cajamarca, <em>que entra en conflicto profundamente con el momento que vivimos en el mundo y con el discurso del presidente Ollanta Humala\u201d cuando, despu\u00e9s de haber dicho: \u201c\u00bfQu\u00e9 quieren ustedes, oro o agua?\u201d y haber recibido una respuesta clara del pueblo: \u201cqueremos agua\u201d, se comprometi\u00f3 a \u201cdefender los recursos h\u00eddricos de Cajamarca<\/em>\u201d.<\/p>\n<p>El cambio de posici\u00f3n de Humala, que insiste ahora en explotar la miner\u00eda, se debe al hecho de que el precio del oro subi\u00f3 mucho en el comercio internacional. Cabe destacar que en el mismo Per\u00fa, en 2009, el gobierno de Alan Garc\u00eda promovi\u00f3 una verdadera matanza de ind\u00edgenas en la localidad de Bagua, en el Amazonas peruano, a consecuencia de las protestas de los ind\u00edgenas contra la entrega de sus territorios a empresas extractivas transnacionales para la explotaci\u00f3n de hidrocarburos, madera y biocombustibles.<\/p>\n<p>En <strong>Bolivia<\/strong>, a su vez, se anuncia una nueva movilizaci\u00f3n en defensa del Tipnis. En esa crisis que envuelve al presidente Evo Morales y al movimiento social, est\u00e1 la carretera de Tipnis \u2013el proyecto de una autopista, de 306 kms. que atravesar\u00eda 1,2 millones de hect\u00e1reas del territorio ind\u00edgena y el Parque Nacional Isidro S\u00e9cure (Tipnis) donde habitan 13 mil ind\u00edgenas moxe\u00f1os, yurakar\u00e9s y chimanes. Las obras del trecho 1 y 3 ya est\u00e1n andando. El trecho principal, que es el 2, atraviesa 177 Km del Tipnis. La obra es de gran inter\u00e9s geoestrat\u00e9gico para Bolivia y para Brasil, como parte de un corredor para el transporte que conecta el Atl\u00e1ntico con el Pac\u00edfico. Los ind\u00edgenas no aceptan la carretera y acusan al gobierno de no haberlos consultado sobre dicha obra.<\/p>\n<p>En septiembre de 2011 fue duramente reprimida una marcha ind\u00edgena en contra de la construcci\u00f3n de la carretera. La dura represi\u00f3n de la marcha desat\u00f3 una crisis sin precedente en el gobierno de Evo Morales y puso en jaque al gobierno plurinacional y pluri\u00e9tnico. Para el momento el presidente anunci\u00f3 que estaban suspendidas las obras y al mismo tiempo pidi\u00f3 perd\u00f3n a los ind\u00edgenas. Ahora el tema volvi\u00f3 a generar tensi\u00f3n en el pa\u00eds.<\/p>\n<p>El senado boliviano, con el apoyo del gobierno, aprob\u00f3 la realizaci\u00f3n de una consulta para determinar si la carretera en cuesti\u00f3n podr\u00eda o no atravesar el territorio ind\u00edgena Parque Nacional Isiboro S\u00e9cure (Tipnis).<\/p>\n<p>Los ind\u00edgenas temen el aumento de la presi\u00f3n demogr\u00e1fica y la expansi\u00f3n de la frontera agr\u00edcola sobre el territorio. El gobierno argumenta que los ind\u00edgenas de las tierras altas y valles, grupo mayoritario, apoyan el proyecto y apenas los ind\u00edgenas de las tierras bajas est\u00e1n en contra. Argumenta que esos ind\u00edgenas estar\u00edan siendo manipulados por los grupos que hacen oposici\u00f3n al gobierno.<\/p>\n<p>El conflicto est\u00e1 lejos de terminar y, en esencia, se oponen modelos y visiones diferentes. Bolivia, con la insistencia de construir la carretera, da muestras de que tambi\u00e9n sucumbi\u00f3 al modelo desarrollista. La elaboraci\u00f3n de la estrategia econ\u00f3mica en Bolivia tiene como uno de los principales mentores al soci\u00f3logo \u00c1lvaro Garc\u00eda Linera que es el vice-presidente del pa\u00eds. Linera, marxista, intelectual respetado, una especie de portavoz autorizado de los objetivos estrat\u00e9gicos de Bolivia ya dice que el gobierno busca \u201c<em>un capitalismo con mayor presencia del Estado<\/em>\u201d.<\/p>\n<p>Seg\u00fan Tadeu Breda la mejor manera de entender las manifestaciones en el Ecuador, y vale tambi\u00e9n para Bolivia, es tener en mente el contenido de la Constituci\u00f3n Plurinacional de esos pa\u00edses. La carta garantiza una serie de derechos innovadores en Am\u00e9rica Latina. Tres de los que ganan gran relevancia son: los derechos de la naturaleza, la plurinacionalidad y el bien vivir.<\/p>\n<p>Tales principios no funcionan independientemente uno de los otros, dice el escritor: \u201c<em>Si la plurinacionalidad otorga a las comunidades ind\u00edgenas autoridad para ejercer su cultura (lengua, justicia, propiedad, econom\u00eda) dentro de sus tierras, los Derechos de la Naturaleza garantizan que el medio ambiente bajo ning\u00fan aspecto pueda ser degradado m\u00e1s all\u00e1 de su capacidad natural de regeneraci\u00f3n. Eso significa, obviamente, un obst\u00e1culo legal para las actividades extractivas, hoy en d\u00eda responsables por m\u00e1s de la mitad del PIB ecuatoriano. Por \u00faltimo, el bien-vivir es el proyecto de desarrollo que resulta de un sistema que respeta las tradiciones ancestrales y los ciclos naturales de el ecosistema en que se insertan. De ah\u00ed que la marcha en curso en el Ecuador se opone prioritariamente a las pol\u00edticas extractivas patrocinadas por el gobierno<\/em>\u201d.<\/p>\n<p><strong>\u201cEl agua es m\u00e1s preciosa que el oro\u201d: grito que hace eco en toda Am\u00e9rica Latina<\/strong><\/p>\n<p>Volviendo a los conflictos que tienen en su n\u00facleo la problem\u00e1tica ambiental en el continente latinoamericano, tambi\u00e9n en la <strong>Argentina<\/strong> se manifiestan conflictos ligados a las actividades mineras. En Catamarca, una de las provincias m\u00e1s pobres del pa\u00eds, al noroeste de Buenos Aires, la poblaci\u00f3n est\u00e1 en pie de guerra.<\/p>\n<p>Hace algunas semanas la mayor parte de las v\u00edas est\u00e1n cerradas por centenas de manifestantes contrarios a la explotaci\u00f3n a cielo abierto de la mina La alumbrera, por parte de la empresa canadiense Barrik Gold. En la provincia vecina de La Rioja, los habitantes protestan contra otro proyecto de la compa\u00f1\u00eda canadiense Osisko Mining Corporation, en el Nevado del Famatina.<\/p>\n<p>Tambi\u00e9n en los gobiernos de derecha los conflictos ambientales abundan. En <strong>Colombia<\/strong>, una gran movilizaci\u00f3n popular llev\u00f3 al Ministerio del Medio Ambiente a negar a la empresa canadiense Eco Ouro Minerals la autorizaci\u00f3n para un proyecto de explotaci\u00f3n minera a cielo abierto en el P\u00e1ramo de Santurb\u00e1n, en Santander, un complejo de lagunas que surte de agua a una poblaci\u00f3n de 2,2 millones de personas.<\/p>\n<p>En <strong>Panam\u00e1<\/strong>, luego de la movilizaci\u00f3n de los pueblos ind\u00edgenas Ng\u00e4be-Bugl\u00e9 quienes, desde el 31 de enero al 7 de febrero, bloquearon la v\u00eda Panamericana recibiendo un fuerte apoyo de la poblaci\u00f3n, el gobierno de Ricardo Martinelli tuvo que ceder a las reivindicaciones ind\u00edgenas, aceptando iniciar las negociaciones sobre la ley relativa a las actividades de miner\u00eda y a la construcci\u00f3n de plantas hidroel\u00e9ctricas.<\/p>\n<p>Cr\u00edtica es la situaci\u00f3n en Am\u00e9rica Central, donde centenas de proyectos mineros est\u00e1n a la espera de aprobaci\u00f3n. En <strong>Honduras<\/strong>, en particular, donde ya hab\u00edan sido entregadas m\u00e1s de 370 concesiones, fueron presentadas, despu\u00e9s del golpe de 2009, otros trescientos pedidos de explotaci\u00f3n minera, tambi\u00e9n a cielo abierto.<\/p>\n<p>En <strong>Guatemala<\/strong>, 56 municipios se proclamaron libres de la actividad minera despu\u00e9s de una fuerte presi\u00f3n popular. <\/p>\n<p>Como se puede ver, por los acontecimientos citados anteriormente, en Latinoam\u00e9rica el boom de la miner\u00eda genera cada vez m\u00e1s conflictos. El agua es m\u00e1s preciosa que el oro, ese es el grito lanzado en toda la regi\u00f3n por comunidades campesinas, ambientalistas y cient\u00edficas que denuncian el impacto socio ambiental de la explotaci\u00f3n de minas a cielo abierto.<\/p>\n<p>El <strong>caso brasile\u00f1o<\/strong>, izquierda autoritaria y p\u00e9rdida en la agenda ambiental PEC 125, C\u00f3digo Forestal y la hidroel\u00e9ctrica de Belo Monte estuvieron en el centro del debate de la coyuntura brasile\u00f1a en la semana que cierra. El caso de la PEC 125 es emblem\u00e1tico en esa perspectiva. En una sesi\u00f3n tumultuosa, la Comisi\u00f3n de Constituci\u00f3n y Justicia (CCJ) de la C\u00e1mara aprob\u00f3 el parecer del diputado Osmar Serraglio (PMDB-PR), favorable a la admisibilidad de la propuesta de enmienda a la Constituci\u00f3n (PEC) que transfiere de la Uni\u00f3n para el Congreso Nacional la prerrogativa de aprobar y ratificar la demarcaci\u00f3n de tierras ind\u00edgenas. En caso de que sea aprobada definitivamente la PEC, significar\u00e1 una verdadera farra para los intereses de grupos en la explotaci\u00f3n a\u00fan mayor de los territorios ind\u00edgenas y quilombos.<\/p>\n<p>El secretario ejecutivo del Consejo Indigenista Misionero (CIMI), Cleber Buzatto, que acompa\u00f1\u00f3 la votaci\u00f3n de la PEC con delegaciones ind\u00edgenas de varias regiones del pa\u00eds, dice que la noticia de la aprobaci\u00f3n fue recibida con tristeza e indignaci\u00f3n por el liderazgo ind\u00edgena, quienes consideran que dicha propuesta es inconstitucional. \u201c<em>La PEC rasga la Constituci\u00f3n en lo atinente al derecho de los pueblos ind\u00edgenas y quilombos sobre sus tierras tradicionales<\/em>\u201d.<\/p>\n<p>El Cimi acusa al gobierno de negligencia. Para Buzatto, \u00e9ste no hizo nada para evitar la votaci\u00f3n de la propuesta, pues el l\u00edder del gobierno no apareci\u00f3 durante la sesi\u00f3n para intentar una interlocuci\u00f3n.<\/p>\n<p>\u201c<em>Ni en el momento en que la situaci\u00f3n estuvo tensa \u00e9l apareci\u00f3 para demostrar solidaridad. Estamos entendiendo que, por el contrario, al no actuar directamente, el gobierno opt\u00f3 por la base vinculada al agronegocio y a la bancada evang\u00e9lica<\/em>\u201d.<\/p>\n<p>La aprobaci\u00f3n de la PEC 125 fue encabezada por el mismo grupo en el Congreso que est\u00e1 por detr\u00e1s de la flexibilizaci\u00f3n del C\u00f3digo Forestal. \u201c<em>Aprobaci\u00f3n de la PEC 215- Es el mismo grupo que est\u00e1 presionando para votar el C\u00f3digo Forestal<\/em>\u201d, twiteo el @CimiNacional.<\/p>\n<p>La PEC 125 y el C\u00f3digo Forestal est\u00e1n en la misma l\u00f3gica. El agronegocio quiere una legislaci\u00f3n d\u00f3cil que atienda a sus intereses econ\u00f3micos. En estos temas el gobierno ha sido omiso. Como destacamos en el \u00faltimo an\u00e1lisis de coyuntura, la agenda ambiental y la agenda ind\u00edgena no son estrat\u00e9gicas en el gobierno de Dilma Rousseff, no se insertan en el proyecto de naci\u00f3n y, peor a\u00fan, est\u00e1n subordinadas a los sectores conservadores.<\/p>\n<p>En la misma semana de aprobaci\u00f3n de la PEC 125 el gobierno, a trav\u00e9s de la ministro de la Secretar\u00eda de Derechos Humanos de la Presidencia de la Rep\u00fablica, Mar\u00eda del Rosario, protagoniz\u00f3 un hecho vergonzoso y autoritario contra la libre manifestaci\u00f3n de los movimientos sociales. De nuevo, el nucleo del choque tuvo que ver con la agenda ambiental.<\/p>\n<p>La ministra no concedi\u00f3 la palabra a los representantes de la sociedad civil convidados a la reuni\u00f3n del Consejo de Defensa de los Derechos de la Persona Humana (Cddph). En la ocasi\u00f3n fue presentado y votado el informe de impresiones sobre Las violaciones de derechos humanos de la tierra y del medio ambiente, en el Par\u00e1, redactada por la Comisi\u00f3n Especial designada por el Cddph. Despu\u00e9s de apelar al reglamento interno del consejo que dice que los presentes solo pueden manifestar sus observaciones despu\u00e9s de la deliberaci\u00f3n de los consejeros, la ministro cambi\u00f3 repentinamente de pauta sin ofrecer la posibilidad del derecho de palabra.<\/p>\n<p>La ministra quer\u00eda que Belo Monte fuera retirado del informe.<\/p>\n<p>En su opini\u00f3n el documento deb\u00eda abordar espec\u00edficamente la cuesti\u00f3n de la violencia en el campo, y no denuncias de violaciones de derechos humanos a consecuencia de la construcci\u00f3n de la planta hidroel\u00e9ctrica de Belo Monte.<\/p>\n<p>\u201c<em>Es un informe sobre violencia. La cuesti\u00f3n de Belo Monte es un cap\u00edtulo de ese informe. Ser\u00eda una irresponsabilidad de mi parte no colocar eso en el documento considerando que las personas que han sido escuchadas, las comunidades ind\u00edgenas, las entidades de la sociedad civil y el propio Ministerio P\u00fablico presentaron relatos de situaciones que pueden configurar violencia actual o futura relacionada con la construcci\u00f3n de la planta<\/em>\u201d. Dice el periodista Leonardo Sakamoto, de la ONG <em>Rep\u00f3rter Brasil<\/em>, que integr\u00f3 y fue designado como relator de la comisi\u00f3n especial del Consejo de Defensa de los Derechos de la Persona Humana (Cddph) que verific\u00f3 las violaciones a los derechos humanos en la regi\u00f3n conocida como Tierra del medio, en el estado de Par\u00e1.<\/p>\n<p>No es ninguna novedad que el gobierno no tolera ni acepta cr\u00edtica acerca de la construcci\u00f3n de la hidroel\u00e9ctrica de Belo Monte. El megaproyecto es uno de los m\u00e1s caros del gobierno al lado de la transposici\u00f3n del de S. Francisco que tambi\u00e9n fue noticia en esos d\u00edas. A pesar de las reiteradas cr\u00edticas de la Iglesia, de las comunidades cient\u00edficas, de ambientalistas y del movimiento social, el gobierno nunca acept\u00f3 echar atr\u00e1s dicho proyecto.<\/p>\n<p>El modelo neodesarrollista que tiene en el programa de Aceleraci\u00f3n del Crecimiento (PAC) su s\u00edntesis y su traducci\u00f3n en inversiones en infraestructura log\u00edstica (carreteras, ferrov\u00edas, hidrov\u00edas, puertos, aeropuertos); infraestructura energ\u00e9tica (combustibles renovables, generaci\u00f3n de energ\u00eda el\u00e9ctrica, transmisi\u00f3n de energ\u00eda el\u00e9ctrica, petr\u00f3leo y gas natural) e infraestructura social y urbana (metro, saneamiento, habitaci\u00f3n) se desarrolla de forma autoritaria. Las voces que cuestionan el modelo son tachadas de estar contra el progreso y la distribuci\u00f3n de la renta.<\/p>\n<p><strong>Gobiernos de la nueva izquierda atrapados en el mantra del crecimiento<\/strong><\/p>\n<p>Detr\u00e1s del orden del crecimiento econ\u00f3mico, de la atracci\u00f3n de los inversionistas y de la promoci\u00f3n de las exportaciones, los gobiernos de Am\u00e9rica Latina argumentan, dice Eduardo Gudynas, que \u201c<em>el Estado capta parte de esa riqueza para mantenerse a s\u00ed mismo y financiar programas de lucha contra la pobreza<\/em>\u201d. En esa \u00f3ptica, contin\u00faa el soci\u00f3logo, \u201c<em>la izquierda gobernante no sabe qu\u00e9 hacer con los temas ambientales<\/em>\u201d, acabando por ver en ellos lo contrario, y no pasan de vagas referencias a la cuesti\u00f3n ecol\u00f3gica y hasta de equivocaciones hacia la Pacha Mama, que se convierte en un obst\u00e1culo al crecimiento econ\u00f3mico y, por tanto, \u201c<em>un freno para la reproducci\u00f3n del aparato estatal y la asistencia econ\u00f3mica a los m\u00e1s necesitados<\/em>\u201d. Asistencia que hace a los gobiernos cada vez m\u00e1s dependientes de la exportaci\u00f3n de las materias primas.<\/p>\n<p>Como destaca Tadeu Breda, \u201c<em>con algunas peque\u00f1as caracter\u00edsticas que cambian de pa\u00eds a pa\u00eds, est\u00e1 cada vez m\u00e1s claro que los gobiernos de la \u2018nueva izquierda\u2019 y sus pol\u00edticas neodesarrollistas no lograr\u00e1n corregir las desigualdades m\u00e1s profundas de nuestra sociedad. Es m\u00e1s, no ofrecer\u00e1n alternativas reales de desarrollo y bien-estar. Por eso, los pueblos se est\u00e1n organizando y hablando cada vez m\u00e1s alto. Es necesario escucharlos<\/em>\u201d.<\/p>\n<p>Seg\u00fan la antrop\u00f3loga Rita Segato, en Am\u00e9rica Latina se tiene \u201c<em>un bloque m\u00e1s sensible al bien estar, pero que no logra pensar la posibilidad de una transformaci\u00f3n, de una mejor\u00eda en la situaci\u00f3n fuera del proyecto euroc\u00e9ntrico. No ha habido una ruptura. Quedamos eclipasados porque son gobiernos de izquierda, pero esa novedad no es muy profunda. Entraran para competir, participar de la concurrencia para emerger como bloque dentro de los mismos principios y objetivos del capitalismo global<\/em>\u201d.<\/p>\n<p>Esa izquierda \u2013en el poder en el continente\u2013 contin\u00faa prisionera de una lectura que se reduce a la l\u00f3gica productivista, donde lo importante es el desarrollo de las fuerzas productivas y el crecimiento de la econom\u00eda. Esa concepci\u00f3n de matriz marxista se aproxima al liberalismo, que tambi\u00e9n quiere el desarrollo de las fuerzas productivas. Se distancian apenas en el instrumento de apalancamiento del capital. Para los primeros ese papel cabe al Estado; para los segundos, al mercado. En esa l\u00f3gica la agenda ambiental no tiene lugar, porque es considerada un freno al desarrollo de las fuerzas productivas.<\/p>\n<p><strong>Una cr\u00edtica al modelo (neo)desarrollista. L\u00edmites del modelo productivista y consumista<\/strong><\/p>\n<p>Hay una creciente percepci\u00f3n, incluso entre economistas de mercado, que los costos ambientales del modelo desarrollista no pueden ser ignorados.<\/p>\n<p>Entre ellos, se encuentra Eduardo Gianetti da Fonseca. Al hablar de la econom\u00eda de mercado, el profesor del Instituto de Ense\u00f1anza e Investigaci\u00f3n (Insper) de Sao Paulo, alerta sobre los impases del modelo productivista y consumista. Seg\u00fan \u00e9l, es necesario un cambio en los valores y en la forma de producir y consumir. De no ser as\u00ed, la factura recaer\u00e1 sobre el medio ambiente. \u201c<em>Y el ambiente no acepta desafueros<\/em>\u201d.<\/p>\n<p>Gianetti es categ\u00f3rico en sus cr\u00edticas al \u201c<em>costo ambiental de las opciones elegidas en los modos de producci\u00f3n y consumo<\/em>\u201d. En un contexto en que economistas y gobernantes conmemoran el crecimiento del Producto Interno Bruto (PIB), \u00e9l afirma que \u201d<em>la medida del PIB es muy est\u00fapida, porque ella apenas registra lo que pas\u00f3 por el sistema de precios, sin saber lo que, de facto, est\u00e1 sucediendo con la vida de las personas<\/em>\u201d.<\/p>\n<p>En opini\u00f3n de Gianetti, \u201c<em>la necesaria transformaci\u00f3n de esos patrones de consumo, en la direcci\u00f3n de la sostenibilidad, solo ser\u00e1 posible si los costos ambientales fuesen incorporados a un sistema de precios que hoy ignora la destrucci\u00f3n del planeta<\/em>\u201d. Para \u00e9l, \u201c<em>los pa\u00edses que est\u00e1n llegando tarde a la fiesta del consumo no van a poder participar. Nos guste o no. Y el dilema es saber c\u00f3mo compatibilizar las aspiraciones de la nueva clase media que surge en el mundo, con los l\u00edmites del patr\u00f3n que nos fue vendido por el proyecto ilustrado del progreso<\/em>\u201d.<\/p>\n<p>Los gobiernos alineados a la izquierda no han conseguido proponer alternativas que desvinculen a la ciudadan\u00eda del ejercicio de consumir. El patr\u00f3n de <em>american way of life<\/em> contin\u00faa siendo la aspiraci\u00f3n de la emergente clase media mundial y \u201c<em>el c\u00e1lculo de la salud econ\u00f3mica de los pa\u00edses se volvi\u00f3 ciego a los problemas ambientales que afectan la vida de las sociedades de hoy<\/em>\u201d.<\/p>\n<p>M\u00e1rcio Pochmann, otro economista reconocido por sus an\u00e1lisis del mercado de trabajo, se suma a aquellos que perciben la necesaria revisi\u00f3n del patr\u00f3n de crecimiento del consumo material global. Sin eso, dice, el proceso de cambios clim\u00e1ticos continuar\u00e1, perjudicando principalmente a los m\u00e1s pobres, siempre m\u00e1s vulnerables a los efectos de la crisis ecol\u00f3gica. En opini\u00f3n de Pochmann, \u201c<em>la perspectiva de las naciones no ricas para enfrentar la crisis ecol\u00f3gica global no puede ser la misma defendida por los ricos<\/em>\u201d.<\/p>\n<p>El periodista y ambientalista Washington Novaes quien hace muchos a\u00f1os viene alertando a los ricos de los riesgos del modelo productivista-consumista destaca que \u201c<em>el consumo global ya est\u00e1 por encima del 30% m\u00e1s all\u00e1 de las posibilidades de reposici\u00f3n planetaria; en el que ya se perdi\u00f3 tambi\u00e9n 30% de la biodiversidad total; y todav\u00eda es necesario evaluar las consecuencias de una poblaci\u00f3n mundial que transita de los 7 billones de individuos de hoy hacia 9 billones, por lo menos, hasta el 2050<\/em>\u201d.<\/p>\n<p>Pese a todas las implicaciones citadas anteriormente, la lentitud de los gobiernos latinoamericanos para enfrentar los problemas ambientales persiste. Movimientos sociales, investigadores y comunidades ind\u00edgenas se ven manifestando en contra de los grandes proyectos de hidroel\u00e9ctricas, de extracci\u00f3n mineral y de la pifia en las pol\u00edticas ambientales en Am\u00e9rica del Sur, que insisten en seguir el recetario de los dictados de los pa\u00edses desarrollados.<\/p>\n<p><strong>Desarrollo y la izquierda. Una cr\u00edtica<\/strong><\/p>\n<p>En estos \u00faltimos a\u00f1os, la Am\u00e9rica Latina ha contado con un gran n\u00famero de gobiernos provenientes de partidos de izquierda o, por lo menos, en oposici\u00f3n a la tradicional derecha. Sin embargo, la dificultad de cambio estrat\u00e9gico en la agenda de esos nuevos l\u00edderes pol\u00edticos ha demostrado la fragilidad en las tomas de decisiones que trasciendan el prisma desarrollista, bastante descoyuntado de las actuales demandas socioambientales.<\/p>\n<p>En Brasil, seg\u00fan Jos\u00e9 Luis Fiori, en los a\u00f1os 1950, tres instituciones tuvieron un papel central para el llamado desarrollo de izquierda. Primero, el Partido Comunista Brasile\u00f1o (PCB) que apoy\u00f3 la elecci\u00f3n de Juscelino Kubtischek, en 1955, en una perspectiva etapista para llegar a la revoluci\u00f3n socialista. La segunda instituci\u00f3n fue el Instituto Superior de Estudios Brasile\u00f1os (ISEB), que reuni\u00f3 un n\u00famero significativo de intelectuales de izquierda para un proyecto nacional-desarrollista. Por fin, las contribuciones de la Comisi\u00f3n Econ\u00f3mica para Am\u00e9rica Latina (Cepal), que tambi\u00e9n influy\u00f3 fuertemente el pensamiento de la izquierda desarrollista, aunque nunca haya sido una instituci\u00f3n de izquierda. En los a\u00f1os de 1970, surgi\u00f3 la Escola de Campinas, un centro de estudios econ\u00f3micos que particip\u00f3 activamente en la formaci\u00f3n del Plan Cruzado.<\/p>\n<p>En este inicio de siglo, en que el gobierno progresista se encuentra en el poder, para Fiori \u201c<em>el desarrollismo de izquierda estrech\u00f3 tanto su \u2018horizonte hist\u00f3rico\u2019 que acab\u00f3 transform\u00e1ndose en una ideolog\u00eda tecnocr\u00e1tica, sin ninguna capacidad de movilizaci\u00f3n social<\/em>\u201d. La agenda neoliberal provoc\u00f3 un dislocamiento del debate para el campo de la macroeconom\u00eda. En el an\u00e1lisis de Jos\u00e9 Luis Fiori, \u201c<em>el `neodesarrollismo\u00b4 acaba repitiendo los mismos errores del pasado y proponiendo un conjunto de medidas a\u00fan m\u00e1s vagas y gelatinosas de lo que ya hab\u00eda sido la ideolog\u00eda nacional-desarrollista de los a\u00f1os 50<\/em>\u201d. Por tanto, por lo que parece, la izquierda contin\u00faa renuente a abandonar la vieja cartilla, en un momento en que la sociedad global necesita reinventarse para dar cuenta de c\u00f3mo garantizar el futuro de las generaciones.<\/p>\n<p>Analizando la izquierda mundial, en uno de sus art\u00edculos, Immanuel Wallerstein destac\u00f3 que uno de los debates cruciales de hoy, justamente sucede entre la perspectiva del desarrollismo y el de la prioridad del cambio de civilizaci\u00f3n, ligada a los riesgos ambientales mundiales. Esa cuesti\u00f3n, por ejemplo, \u201c<em>est\u00e1 presente en Am\u00e9rica Latina, en los debates fervorosos entre los gobiernos de izquierda y los movimientos ind\u00edgenas \u2013por ejemplo, en Bolivia, en Ecuador y en Venezuela<\/em>.<\/p>\n<p>Se impone, por tanto, la siguiente cuesti\u00f3n: \u00bfc\u00f3mo superar las seculares enfermedades sufridas por los pueblos latinos, en una perspectiva que trascienda el discurso desarrollista, m\u00e1s all\u00e1 del crecimiento econ\u00f3mico basado en el consumo depredador?<\/p>\n<p>En opini\u00f3n de Carlos Chacho \u00c1lvarez, secretario general de Aladi (Asociaci\u00f3n Latinoamericana de Integraci\u00f3n), en el momento actual, \u201c<em>la mayor\u00eda de los pa\u00edses latinoamericanos volvi\u00f3 al ejercicio de pensar en s\u00ed por s\u00ed mismo, de establecer estrategias de desarrollo a partir de sus propias necesidades y de sus intereses reales<\/em>\u201d. Al partir de una postura positiva por el momento por el cual pasa Am\u00e9rica Latina, \u00c1lvarez defiende que el proyecto de desarrollo para el siglo XXI, en esa regi\u00f3n, debe contar con el dominio de la pol\u00edtica y de la democracia sobre el mercado, favoreciendo la disminuci\u00f3n de la pobreza y de la desigualdad.<\/p>\n<p>Tomar decisiones pol\u00edticas que rompan con el viejo desarrollismo economicista, atendiendo a las demandas hist\u00f3ricas de una poblaci\u00f3n excluida de sus derechos sociales, pol\u00edticos y civiles y, ahora, ambientales, contin\u00faa siendo un desaf\u00edo para los pa\u00edses latinoamericanos.<\/p>\n<p><strong>R\u00edo+20. La falta de osad\u00eda<\/strong><\/p>\n<p>El debate de la sobre-explotaci\u00f3n de los recursos naturales y de sus l\u00edmites se da en el contexto de la Conferencia de las Naciones Unidas sobre Desarrollo, R\u00edo+20. Se destaca en el documento de contribuci\u00f3n brasile\u00f1a a la Conferencia, que el pa\u00eds no logra escapar de \u201c<em>una verdadera apolog\u00eda a la manera habitual de la conducci\u00f3n de los negocios, el llamado business as usual<\/em>\u201d. Y hace un cuestionamiento: \u201c<em>\u00bfsi el pa\u00eds que va a abrigar la conferencia no osa de apuntalar horizontes innovadores en sus posiciones, c\u00f3mo esperar que la propia reuni\u00f3n despierte entusiasmo proporcional al que deber\u00eda ser su importancia?<\/em>\u201d.<\/p>\n<p>Seg\u00fan Abramovay, \u201c<em>es preocupante que en vez de preconizar r\u00edgidos criterios socioambientales en la explotaci\u00f3n de la energ\u00eda, los productos b\u00e1sicos agr\u00edcolas y mineros, el documento brasile\u00f1o<\/em> (pero eso aparece tambi\u00e9n en otros textos de la conferencia) <em>insista en el temor de que estos criterios puedan ser usados, en el comercio internacional, como barreras no tarifarias<\/em>\u201d. Si el pa\u00eds anfitri\u00f3n no parece estar muy seguro del papel crucial que podr\u00eda asumir en este momento, la Conferencia R\u00edo+20, la Cumbre de los Pueblos, que ocurrir\u00e1 en el Aterro do Flamengo, con aproximadamente 10 mil personas, se prepara para ser un espacio bastante propositivo. Delante del marasmo de los debates oficiales, movimientos sociales de todas partes del mundo buscar\u00e1n respuestas concretas para la resoluci\u00f3n de los problemas socioambientales.<\/p>\n<p>Como ponder\u00f3 F\u00e1tima Mello, miembro del comit\u00e9 facilitador de la sociedad civil para R\u00edo+20, \u201c<em>la ONU solo habla de combatir la pobreza, pero no habla de combatir la riqueza. Lo que nosotros vamos a debatir en la Cumbre es la tesis de la justicia ambiental<\/em>.<\/p>\n<p><em>Ese concepto significa que existe una inmensa desigualdad en los impactos ambientales del modelo de desarrollo vigente<\/em>\u201d.<\/p>\n<p>\u2014<\/p>\n<p><a href=\"https:\/\/servindi.org\/actualidad\/63901?utm_source=feedburner&#038;utm_medium=email&#038;utm_campaign=Feed%3A+Servindi+%28Servicio+de+Informaci%C3%B3n+Indigena%29&#038;utm_content=Yahoo!+Mail\"><em>Servindi<\/em><\/a><\/p>\n<figure id=\"attachment_1724\" aria-describedby=\"caption-attachment-1724\" style=\"width: 222px\" class=\"wp-caption aligncenter\"><img loading=\"lazy\" decoding=\"async\" class=\" aligncenter size-full wp-image-1724\" src=\"https:\/\/marina.swarpeca.es\/revista\/wp-content\/uploads\/2012\/05\/desnutricion-infantil-peru.jpg\" alt=\"Desnutrici\u00f3n infantil en Per\u00fa - Servindi\" title=\"Desnutrici\u00f3n infantil en Per\u00fa - Servindi\" class=\"caption\" align=\"center\" width=\"222\" height=\"167\" \/><figcaption id=\"caption-attachment-1724\" class=\"wp-caption-text\">Desnutrici\u00f3n infantil en Per\u00fa &#8211; Servindi<\/figcaption><\/figure>\n<p><strong>Per\u00fa: Regiones mineras presentan escandalosas cifras de desnutrici\u00f3n cr\u00f3nica en ni\u00f1os<\/strong> <\/p>\n<p><em>Servindi<\/em>, 23 de febrero, 2012.- En medio de una aparatosa publicidad que intenta vender a las empresas mineras como promotoras del desarrollo humano de las regiones de nuestro pa\u00eds, la realidad muestra que esas mismas zonas son las de mayor pobreza y exclusi\u00f3n.<\/p>\n<p>Huancavelica, Cajamarca, Ayacucho y Apur\u00edmac son las regiones que encabezan la lista de la desnutrici\u00f3n cr\u00f3nica infantil, seg\u00fan el Infobar\u00f3metro de la Primera Infancia, una iniciativa del Grupo Impulsor Desarrollo en la Primera Infancia, liderado por el padre Gast\u00f3n Garatea.<\/p>\n<p><strong>Huancavelica<\/strong><\/p>\n<p>Huancavelica es la regi\u00f3n donde los ni\u00f1os tienen escasas probabilidades de crecer sana y normalmente: 54.6% de la los ni\u00f1os entre 0 y 5 a\u00f1os sufren de desnutrici\u00f3n cr\u00f3nica, mientras que el 71.5% de los ni\u00f1os menores de tres a\u00f1os sufre de anemia. 44 ni\u00f1os de cada mil mueren antes de cumplir los 5 a\u00f1os.<\/p>\n<p>En una regi\u00f3n donde el 54 % de la poblaci\u00f3n vive en zonas rurales, las condiciones de vida no son las mejores: el 66.3% de la poblaci\u00f3n no tiene acceso mejorado al agua, el 82.2% no cuenta con acceso a fuentes mejoradas de saneamiento y el 44.2% no cuenta con servicio de alumbrado el\u00e9ctrico.<\/p>\n<p>Adem\u00e1s de tener derecho a una alimentaci\u00f3n sana, el 63% de los ni\u00f1os y ni\u00f1as huancavelicanos no asiste a la escuela. Un ni\u00f1o con desnutrici\u00f3n cr\u00f3nica dif\u00edcilmente podr\u00e1 tener un buen rendimiento escolar: 55.1% de ni\u00f1os que cursan el segundo grado de primaria tienen dificultades para entender lo que lee.<\/p>\n<p><strong>Cajamarca<\/strong><\/p>\n<p>El escenario se repite en la regi\u00f3n minera de Cajamarca: el 40.5% de ni\u00f1os entre 0 y 5 a\u00f1os sufre de desnutrici\u00f3n cr\u00f3nica, mientras que el 59.8% de ni\u00f1os menores de tres a\u00f1os est\u00e1 enfermo de anemia. 37 de cada mil ni\u00f1os mueren antes de cumplir los 5 a\u00f1os.<\/p>\n<p>En Cajamarca, donde la empresa Yanacocha pretende destruir cuatro lagunas para llevar a cabo el proyecto minero Conga, la poblaci\u00f3n rural sufre la escasez de agua. Por otro lado, el infobar\u00f3metro indica que el 42.1% de la poblaci\u00f3n no tiene acceso a fuentes mejoradas de agua, mientras que el 70.7% de las viviendas de la poblaci\u00f3n no tiene acceso a fuentes mejoradas de saneamiento.<\/p>\n<p><strong>Apur\u00edmac<\/strong><\/p>\n<p>Una de las regiones m\u00e1s deprimidas en cuanto a alimentaci\u00f3n infantil es Apur\u00edmac. El 38.6% de los ni\u00f1os de esta regi\u00f3n sufre desnutrici\u00f3n cr\u00f3nica y el 61.9% de los ni\u00f1os menores de 3 a\u00f1os tiene anemia.<\/p>\n<p>Como recordamos, una de las provincias de Apur\u00edmac, Andahuaylas, enfrent\u00f3 durante los \u00faltimos meses del a\u00f1o pasado una lucha en defensa del agua y contra la contaminaci\u00f3n minera.<\/p>\n<p>La defensa del agua no resulta descabellada en esta provincia cuando el 45.9% de viviendas no tienen acceso a fuentes mejoradas de agua.<\/p>\n<p><a href=\"https:\/\/servindi.org\/actualidad\/59940\"><em>Servindi<\/em><\/a><\/p>\n<p><strong>Otras noticias:<\/strong><\/p>\n<p><a href=\"https:\/\/servindi.org\/actualidad\/63156\">Per\u00fa: Caso Conga: \u00bfPudo ir m\u00e1s all\u00e1 el TC?<\/a><\/p>\n<p><a href=\"https:\/\/servindi.org\/actualidad\/62237\">Per\u00fa: \u00bfC\u00f3mo explicar la divisi\u00f3n actual del movimiento social-pol\u00edtico en Cajamarca?<\/a><\/p>\n<p><a href=\"https:\/\/servindi.org\/actualidad\/61267\">Per\u00fa: El impacto ambiental del proyecto minero Conga: m\u00e1s all\u00e1 de lo enunciado<\/a><\/p>\n<p><a href=\"https:\/\/servindi.org\/actualidad\/60605\">Per\u00fa: \u00bfConga Va? &#8230; \u00a1Conga no va!<\/a><\/p>\n<p>(9 de mayo de 2012)<\/p>\n","protected":false},"excerpt":{"rendered":"<p>La explotaci\u00f3n de materias primas (megaproyectos de extracci\u00f3n de mineral a cielo abierto, grandes proyectos hidroel\u00e9ctricos &#8230;) como motor de un crecimiento econ\u00f3mico subordinado a la l\u00f3gica del gran capital y su modelo extractivo-primario exportador es, cada d\u00eda m\u00e1s, fuente de conflictos ambientales que salpican pr\u00e1cticamente a todas y cada una de las naciones y estados del continente latinoamericano. El modelo, y la visi\u00f3n consumista que comporta y alimenta, chocan frontalmente con los derechos de la naturaleza, la plurinacionalidad y el bien vivir. Tambi\u00e9n, y muy especialmente, en Abya Yala; m\u00e1xime cuando por ejemplo en Per\u00fa las regiones mineras presentan escandalosas cifras de desnutrici\u00f3n cr\u00f3nica en ni\u00f1os: Huancavelica, Cajamarca, Ayacucho y Apur\u00edmac &#8212;las zonas de mayor pobreza y exclusi\u00f3n&#8212; encabezan la lista de la desnutrici\u00f3n cr\u00f3nica infantil.<\/p>\n","protected":false},"author":1,"featured_media":1723,"comment_status":"closed","ping_status":"open","sticky":false,"template":"","format":"standard","meta":{"footnotes":""},"categories":[5],"tags":[],"_links":{"self":[{"href":"https:\/\/marina.swarpeca.es\/revista\/wp-json\/wp\/v2\/posts\/1725"}],"collection":[{"href":"https:\/\/marina.swarpeca.es\/revista\/wp-json\/wp\/v2\/posts"}],"about":[{"href":"https:\/\/marina.swarpeca.es\/revista\/wp-json\/wp\/v2\/types\/post"}],"author":[{"embeddable":true,"href":"https:\/\/marina.swarpeca.es\/revista\/wp-json\/wp\/v2\/users\/1"}],"replies":[{"embeddable":true,"href":"https:\/\/marina.swarpeca.es\/revista\/wp-json\/wp\/v2\/comments?post=1725"}],"version-history":[{"count":0,"href":"https:\/\/marina.swarpeca.es\/revista\/wp-json\/wp\/v2\/posts\/1725\/revisions"}],"wp:featuredmedia":[{"embeddable":true,"href":"https:\/\/marina.swarpeca.es\/revista\/wp-json\/wp\/v2\/media\/1723"}],"wp:attachment":[{"href":"https:\/\/marina.swarpeca.es\/revista\/wp-json\/wp\/v2\/media?parent=1725"}],"wp:term":[{"taxonomy":"category","embeddable":true,"href":"https:\/\/marina.swarpeca.es\/revista\/wp-json\/wp\/v2\/categories?post=1725"},{"taxonomy":"post_tag","embeddable":true,"href":"https:\/\/marina.swarpeca.es\/revista\/wp-json\/wp\/v2\/tags?post=1725"}],"curies":[{"name":"wp","href":"https:\/\/api.w.org\/{rel}","templated":true}]}}