{"id":1711,"date":"2012-04-23T06:05:45","date_gmt":"2012-04-23T06:05:45","guid":{"rendered":"https:\/\/marina.swarpeca.es\/revista\/2012\/04\/23\/curso-la-infancia-de-la-especie-mas-inteligente-el-nino-hasta-los-7-anos-una-introduccion-a-la-pedagogia-waldorf-madrid-8-y-9-de-junio-2012\/"},"modified":"2012-04-23T06:05:45","modified_gmt":"2012-04-23T06:05:45","slug":"curso-la-infancia-de-la-especie-mas-inteligente-el-nino-hasta-los-7-anos-una-introduccion-a-la-pedagogia-waldorf-madrid-8-y-9-de-junio-2012","status":"publish","type":"post","link":"https:\/\/marina.swarpeca.es\/revista\/curso-la-infancia-de-la-especie-mas-inteligente-el-nino-hasta-los-7-anos-una-introduccion-a-la-pedagogia-waldorf-madrid-8-y-9-de-junio-2012\/","title":{"rendered":"Curso La infancia de la especie m\u00e1s inteligente: El ni\u00f1o hasta los 7 a\u00f1os.  Una introducci\u00f3n a la Pedagog\u00eda Waldorf, Madrid, 8 y 9 de junio 2012"},"content":{"rendered":"<p>\u00a0  <\/p>\n<p>El d\u00eda a d\u00eda con los ni\u00f1os peque\u00f1os, desde el punto de vista de la pedagog\u00eda Waldorf, del sentido com\u00fan y del respeto a sus aut\u00e9nticas necesidades. <\/p>\n<p>Mucho antes de desarrollar su inteligencia racional, el ni\u00f1o debe poder desplegar su inteligencia corporal y su inteligencia emocional, a trav\u00e9s de la exploraci\u00f3n de su cuerpo y de su entorno, de una rica experiencia sensorial, de la libertad de movimientos, y del juego libre, dentro de un clima afectivamente nutritivo y que respete el rico mundo imaginario infantil.<\/p>\n<p>En la actualidad los ni\u00f1os disfrutan de cada vez menos tiempo libre, los programas escolares no son adecuados para sus necesidades, y\u00a0la exhuberancia y creatividad del juego libre infantil ha quedado considerablemente neutralizada por la invasi\u00f3n de las pantallas y los juegos electr\u00f3nicos, que\u00a0reducen cada vez m\u00e1s sus opciones a qu\u00e9 tecla pulsar o qu\u00e9 programa ver.<\/p>\n<p>Sin embargo, el verdadero motor de aprendizaje es el impulso interior, ese que lleva a un ni\u00f1o sano a jugar todo el tiempo si las circunstancias le acompa\u00f1an.\u00a0Iniciativa, motivaci\u00f3n, af\u00e1n de superaci\u00f3n, imaginaci\u00f3n, creatividad &#8230; son algunas de las cualidades que el ni\u00f1o despliega de modo natural si tiene la oportunidad, y que son la base de todo su desarrollo ulterior en la vida, incluidos sus estudios, y\u00a0cuya manifestaci\u00f3n\u00a0puede quedar f\u00e1cilmente neutralizada si no somos conscientes de su importancia.\u00a0 Y es que cuanto m\u00e1s inteligente es una especie, m\u00e1s larga su etapa \u00abinfantil\u00bb, y m\u00e1s importancia cobra el juego como motor de desarrollo f\u00edsico, emocional e intelectual.\u00a0Intentar acelerar o manipular las etapas de desarrollo no s\u00f3lo no\u00a0es \u00fatil, tambi\u00e9n puede ser perjudicial. <\/p>\n<p>La meta de este curso es entender y atender esta necesidad y dejarles disfrutar de su infancia. Estudiaremos, entre otros aspectos, las etapas evolutivas del ni\u00f1o, respetando el ritmo individual de su aprendizaje, el inicio de su pensamiento y su desarrollo emocional, c\u00f3mo crear un \u00abclima\u00bb apropiado y favorable al juego. Analizaremos las situaciones en que conviene fomentar la autonom\u00eda del ni\u00f1o y aquellas en que se hace necesario establecer una direcci\u00f3n y gu\u00eda. Entender y proteger la ni\u00f1ez es esencial porque nuestra influencia les acompa\u00f1ar\u00e1 toda la vida.<\/p>\n<p>Este\u00a0curso pretende ofrecer a los padres criterio y herramientas para acompa\u00f1ar a los ni\u00f1os en el apasionante proceso de su crecimiento y a crear un entorno apropiado para el desarrollo infantil.\u00a0\u00a0 <\/p>\n<p><strong>Temas a tratar<\/strong> <\/p>\n<p>* Etapas evolutivas del ni\u00f1o<\/p>\n<p>* Cultivo y enriquecimiento de los sentidos<\/p>\n<p>* El movimiento como factor de desarrollo<\/p>\n<p>* La importancia del juego.<\/p>\n<p>* Juguetes apropiados<\/p>\n<p>* Crear entornos enriquecedores y favorables a la exploraci\u00f3n y el juego<\/p>\n<p>* La importancia del arte<\/p>\n<p>* Materiales para la actividad manual<\/p>\n<p>* La importancia de escuchar cuentos<\/p>\n<p>* La imaginaci\u00f3n como sustrato de la inteligencia<\/p>\n<p>* Educar a trav\u00e9s de las consecuencias, no del premio y del castigo<\/p>\n<p>* Saber poner l\u00edmites y disciplina amorosa<\/p>\n<p><strong> <em>Habr\u00e1 una parte te\u00f3rica y otra pr\u00e1ctica, en la que realizaremos alg\u00fan juguete sencillo y\u00a0aprenderemos c\u00f3mo hacer un teatrillo,\u00a0as\u00ed como\u00a0algunos juegos y canciones<\/em> .<\/strong><\/p>\n<p><strong>Dirigido a:<\/strong> Madres, padres, abuelos, educadores, pedagogos, maestras de jard\u00edn de infancia, etc. <\/p>\n<p><strong>Imparte:<\/strong><\/p>\n<p><strong>Elena Mart\u00edn Artajo<\/strong><\/p>\n<p>Licenciada en Pedagog\u00eda y Maestra Infantil de Pedagog\u00eda Waldorf con m\u00e1s de catorce a\u00f1os de experiencia y dos jardines de infancia fundados.\u00a0<\/p>\n<p><strong>Mar\u00eda\u00a0Zafra<\/strong><\/p>\n<p>Artesana y fundadora del Taller Rafael (taller ocupacional Waldorf)<\/p>\n<p><strong>Lugar:<\/strong><\/p>\n<p>c\/ Zenit, 10<\/p>\n<p>Aravaca (Madrid)<\/p>\n<p><strong>Fecha:<\/strong><\/p>\n<p>8 y 9 de junio 2012<\/p>\n<p><strong>Horario:<\/strong><\/p>\n<p>Viernes de 17 a 21h.\u00a0 <\/p>\n<p>Sabado: de 10 a 14 h. y de 15,30 a 18,30<\/p>\n<p><strong>Precio:<\/strong><\/p>\n<p>150\u20ac.\u00a0 Parejas: 230\u20ac <\/p>\n<p>Posibilidad 50% como reserva, resto antes del curso.<\/p>\n<p><strong>Inscripci\u00f3n:<\/strong><\/p>\n<p>* <strong>Completar el formulario<\/strong> al cual se accede desde la opci\u00f3n \u00abQuiero inscribirme\u00bb, situada\u00a0en la parte superior de <a href=\"https:\/\/www.terramater.es\/infancia\/curso-la-infancia-de-la-especie-mas-inteligente--el-nino-hasta-los-7-anos.asp\">Terra Mater<\/a>.<\/p>\n<p>* <strong>Si va a necesitar factura<\/strong>, indicarlo\u00a0en el apartado \u00abObservaciones\u00bb,\u00a0indicando tambi\u00e9n\u00a0los datos de facturaci\u00f3n: N\u00ba de NIF en caso de tratarse de una persona f\u00edsica, n\u00ba de CIF\u00a0en caso de tratarse de una empresa, fundaci\u00f3n, asociaci\u00f3n, etc.\u00a0 En este caso, indicar tambi\u00e9n la direcci\u00f3n.<\/p>\n<p>* Le responderemos por e-mail\u00a0indic\u00e1ndole <strong>si quedan plazas<\/strong>, y en caso positivo el n\u00famero de cuenta donde realizar la transferencia.<\/p>\n<p>* <strong>La plaza\u00a0queda reservada<\/strong> cuando se ha efectuado el pago correspondiente. <\/p>\n<p><strong>Plazas limitadas<\/strong><\/p>\n<p><img loading=\"lazy\" decoding=\"async\" class=\" aligncenter size-full wp-image-1709\" src=\"https:\/\/marina.swarpeca.es\/revista\/wp-content\/uploads\/2012\/04\/clouder.jpg\" alt=\"clouder.jpg\" align=\"center\" width=\"350\" height=\"221\" srcset=\"https:\/\/marina.swarpeca.es\/revista\/wp-content\/uploads\/2012\/04\/clouder.jpg 350w, https:\/\/marina.swarpeca.es\/revista\/wp-content\/uploads\/2012\/04\/clouder-300x189.jpg 300w\" sizes=\"(max-width: 350px) 100vw, 350px\" \/><\/p>\n<p><strong>Christopher Clouder, presidente de la federaci\u00f3n de escuelas Waldorf: \u201c<em>Mucho tiempo para ser adulto, poco para ser ni\u00f1o<\/em>\u201d<\/strong><\/p>\n<p><em>Tengo 60 a\u00f1os. Nac\u00ed en York y vivo en Sussex, en el sur de Inglaterra.<br \/>\nEstoy licenciado en Humanidades y toda mi vida la he dedicado a la<br \/>\npedagog\u00eda: ahora formo profesores. Casado, dos hijos y cuatro nietos.<br \/>\nSoy un socialdem\u00f3crata. Creo que el hombre no es s\u00f3lo lo f\u00edsico, sino<br \/>\nque tambi\u00e9n es una entidad espiritual que debe desarrollarse<\/em>.<\/p>\n<p><strong>El sistema pedag\u00f3gico Waldorf es todav\u00eda hoy revolucionario<\/strong>.<\/p>\n<p><em>S\u00ed, pese a que lo inici\u00f3 un fil\u00f3sofo austriaco a principios del siglo XX, Rudolf Steiner<\/em>.<\/p>\n<p><strong>\u00bfEn qu\u00e9 se basa?<\/strong><\/p>\n<p>La idea fundamental es que la educaci\u00f3n debe respetar y apoyar el desarrollo fisiol\u00f3gico, ps\u00edquico y espiritual del ni\u00f1o. Un buen desarrollo emocional es la garant\u00eda para un buen desarrollo intelectual.<\/p>\n<p><strong>Primera fase, de los 0 a los 7 a\u00f1os<\/strong>.<\/p>\n<p><em>En esta fase los ni\u00f1os se relacionan con el mundo f\u00edsicamente, el aprendizaje viene a trav\u00e9s del juego. Pero lo b\u00e1sico a esta edad es que se sientan arropados y seguros. Todos los ni\u00f1os vienen con talentos, y cuando ellos saben que los adultos a su alrededor respetan esos talentos, pueden hacerlos florecer<\/em>.<\/p>\n<p><strong>\u00bfY el aprendizaje m\u00e1s acad\u00e9mico?<\/strong><\/p>\n<p><em>M\u00e1s adelante, porque lo importante a esas edades es que los ni\u00f1os sean ni\u00f1os. Hay mucho tiempo para ser adulto y muy poco para ser ni\u00f1o. F\u00edjese en el desarrollo del cerebro: los ni\u00f1os aprenden a trav\u00e9s del movimiento.<br \/>\nUn ni\u00f1o sentado en una silla es algo extra\u00f1o al proceso de aprendizaje<\/em>.<\/p>\n<p><strong>\u00bfNo les ense\u00f1an ni a leer ni a escribir?<\/strong><\/p>\n<p><em>No. A trav\u00e9s del juego se les dan las capacidades del lenguaje para que en la siguiente etapa aprendan r\u00e1pidamente a leer y escribir. Tienen muchas experiencias de escuchar y de hablar. Lo fundamental es que perciban que aprender es una experiencia alegre, as\u00ed pasan a la segunda etapa con muchas ganas de aprender<\/em>.<\/p>\n<p><strong>\u00bfQu\u00e9 define la etapa de los 7 a los 14?<\/strong><\/p>\n<p><em>Lo importante en este periodo no es tanto lo que aprenden como la relaci\u00f3n que tienen con lo que aprenden. Porque lo que uno aprende, con el tiempo lo olvida, pero no olvida lo que ha sentido respecto a lo que ha aprendido. Es la etapa de los sentimientos. Seg\u00fan las \u00faltimas investigaciones neurol\u00f3gicas pensamos a trav\u00e9s de nuestros sentimientos<\/em>.<\/p>\n<p><strong>\u00bfQu\u00e9 es lo importante en la pubertad?<\/strong><\/p>\n<p><em>Ahora s\u00ed, el intelecto, porque es ahora cuando se acercan a las materias de una manera m\u00e1s anal\u00edtica. Pero durante todas las etapas las actividades art\u00edsticas son esenciales y centrales; y en nuestras escuelas viven<br \/>\nsin la presi\u00f3n de los ex\u00e1menes<\/em>.<\/p>\n<p><strong>\u00bfY luego se adaptan a las exigencias de la universidad?<\/strong><\/p>\n<p><em>No competimos, pero las notas que obtienen y la adaptaci\u00f3n a la universidad de los ni\u00f1os educados con este sistema son claramente superiores a la media, y tienen habilidades sociales de tolerancia y de creatividad remarcables seg\u00fan demuestran los estudios realizados en Austria, Suecia y Alemania<\/em>.<\/p>\n<p><strong>\u00bfPor qu\u00e9 cree que es as\u00ed?<\/strong><\/p>\n<p><em>Porque han adquirido un sentido de la autoval\u00eda a trav\u00e9s del trabajo art\u00edstico y han aprendido a amar el estudio. Es muy importante que los ni\u00f1os tengan desaf\u00edos en la educaci\u00f3n, pero la educaci\u00f3n es integral y no todo se puede examinar, por ejemplo la empat\u00eda del ni\u00f1o<\/em>.<\/p>\n<p><strong>Valores fundamentales para ser feliz<\/strong>.<\/p>\n<p><em>El ni\u00f1o debe competir consigo mismo, no con sus compa\u00f1eros, esa educaci\u00f3n emocional les da seguridad y capacidad de colaboraci\u00f3n<\/em>.<\/p>\n<p><strong>Cada vez son m\u00e1s los ni\u00f1os con d\u00e9ficit de atenci\u00f3n e hiperactivos, \u00bfpor qu\u00e9?<\/strong><\/p>\n<p><em>Son problemas que corresponden a nuestro tiempo. Convertimos a los ni\u00f1os en consumistas. Y el consumo, por definici\u00f3n, nunca se satisface, siempre hay algo mejor, y los ni\u00f1os son muy vulnerables a eso<\/em>.<\/p>\n<p><strong>Los ni\u00f1os tienen mucho estr\u00e9s y desde muy jovencitos<\/strong>.<\/p>\n<p><em>Demasiadas obligaciones. La tensi\u00f3n de medirse con los otros y la que soportan por un suspenso es un drama en su vida<\/em>.<\/p>\n<p><strong>Ustedes cambian ex\u00e1menes por atenci\u00f3n<\/strong>.<\/p>\n<p><em>As\u00ed es, un profesor sigue a un alumno en las materias principales durante muchos a\u00f1os, no necesita examinarlo para conocer su nivel. Otro punto de estr\u00e9s es la tecnolog\u00eda moderna, \u00fatil y beneficiosa en general. Pero a los ni\u00f1os, expuestos horas y horas frente a pantallas, eso los limita respecto al mundo<\/em>.<\/p>\n<p><strong>\u00bfPor qu\u00e9?<\/strong><\/p>\n<p><em>El mundo deviene un entretenimiento; esperan que las cosas cambien r\u00e1pidamente porque eso es lo que ellos ven continuamente en la televisi\u00f3n, ordenadores y videojuegos<\/em>.<\/p>\n<p><strong>\u00bfQu\u00e9 es lo m\u00e1s importante que podemos dar los padres?<\/strong><\/p>\n<p><em>Ser padre hoy d\u00eda es dif\u00edcil, porque la extensi\u00f3n de la familia tradicional se ha perdido y con ella la diversidad de modelos. Y tambi\u00e9n han perdido el contacto con la naturaleza, que es muy nutritiva para ellos. Mi consejo ser\u00eda que los padres sean conscientes de que sus hijos necesitan naturaleza y tiempo, porque la palabra que m\u00e1s oyen es corre<\/em>.<\/p>\n<p><strong>\u00bfTiempo para ellos y tiempo con ellos?<\/strong><\/p>\n<p><em>S\u00ed, en Inglaterra el tiempo que pasan los padres con sus hijos a diario son 12 minutos. Y tambi\u00e9n necesitan tiempo para desarrollar su imaginaci\u00f3n, para aburrirse y para so\u00f1ar. \u00bfMe ped\u00eda un consejo?<\/em><\/p>\n<p><strong>S\u00ed<\/strong>.<\/p>\n<p><em>Einstein dec\u00eda que si quieres que tu hijo sea sabio, cu\u00e9ntale historias; y si quieres que sea m\u00e1s sabio todav\u00eda, cu\u00e9ntale m\u00e1s historias. Cu\u00e9ntenles a los ni\u00f1os historias cada d\u00eda, cuentos y m\u00e1s cuentos de hadas<\/em>.<\/p>\n<p><strong>En la pubertad, \u00bfc\u00f3mo tratarlos?<\/strong><\/p>\n<p><em>El descubrimiento del amor m\u00e1s all\u00e1 de la familia es un momento decisivo que el curr\u00edculo escolar debe tratar d\u00e1ndoles pistas, ofreci\u00e9ndoles textos literarios de calidad con los que puedan pensar e identificarse<\/em>.<\/p>\n<p><strong>Lo de siempre, buenos maestros<\/strong>.<\/p>\n<p><em>Necesitamos buenos educadores, es decir: profesores y padres, las escuelas deben ser centros de relaci\u00f3n y de intercambio<\/em>.<\/p>\n<p><strong>Ima Sanch\u00eds<\/strong>, <a href=\"https:\/\/hemeroteca.lavanguardia.com\/preview\/2007\/02\/27\/pagina-72\/55800623\/pdf.html\"><em>La Vanguardia<\/em><\/a>, 27 febrero 2007.<\/p>\n<p><img loading=\"lazy\" decoding=\"async\" class=\" aligncenter size-full wp-image-1710\" src=\"https:\/\/marina.swarpeca.es\/revista\/wp-content\/uploads\/2012\/04\/escuela_waldorf-alemania.jpg\" alt=\"escuela_waldorf-alemania.jpg\" align=\"center\" width=\"250\" height=\"167\" \/><\/p>\n<p>(imagen: <a href=\"https:\/\/es.wikipedia.org\/wiki\/Pedagog%C3%ADa_Waldorf\"><em>Escuela Waldorf en Alemania<\/em><\/a>).<\/p>\n<p><strong>Para ampliar la informaci\u00f3n<\/strong>:<\/p>\n<p>&#8211; <a href=\"https:\/\/marina.swarpeca.es\/revista\/IMG\/pdf\/pedagogia_waldorf.pdf\">Pedagog\u00eda Waldorf, <em>wikipedia<\/em> &#038; <em>Enlaces externos<\/em><\/a>:<\/p>\n<p><strong>Una escuela al margen<\/strong>, <em>El Pa\u00eds<\/em>, 20-12-2011<\/p>\n<p><strong>La nueva forma de aprender<\/strong>, <em>El Pa\u00eds<\/em>, 29-10-2011<\/p>\n<p><strong>A Silicon Valley School That Doesn\u2019t Compute<\/strong>, <em>New York Times<\/em>, 22-10-2011<\/p>\n<p><strong>Solo se recuerda lo que se siente<\/strong>, <em>El Pa\u00eds<\/em>, 12-10-2011<\/p>\n<p><strong>\u00abWho was Rudolf Steiner and what were his revolutionary teaching ideas?\u00bb<\/strong> Richard Garner, Education Editor, <em>The Independent<\/em>, 24-01-2007<\/p>\n<p><strong>Mucho tiempo para ser adulto, poco para ser ni\u00f1o<\/strong>, <em>La Vanguardia<\/em>, 27-02-2007<\/p>\n<p><strong>Steiner schools &#8216;could help all&#8217;<\/strong>, <em>BBC News<\/em>, 05-07-2005<\/p>\n<p><em>Otros art\u00edculos<\/em>:<\/p>\n<p>* <strong>\u00bfQu\u00e9 es la pedagog\u00eda Waldorf?<\/strong>, Pablo Javier Piacente, <em>Ciencias.es<\/em>, 25-08-2008 <\/p>\n<p>* <strong>El M\u00e9todo Waldorf<\/strong>, <em>Eduquemos en la Red<\/em>, Per\u00fa<\/p>\n<p>* <strong>Introducci\u00f3n a la pedagog\u00eda Waldorf<\/strong>, <em>El Trigal<\/em>, Argentina<\/p>\n<p>* <strong>Pedagog\u00eda Waldorf<\/strong>, Samanta Pistocchi, <em>Camino Salser<\/em><\/p>\n<p>* <strong>Formaci\u00f3n en pedagog\u00eda Waldorf<\/strong>, Gloria Vazquez, Centro de Pedagog\u00eda Waldorf, <em>Saber Alternativo<\/em><\/p>\n<p>* <strong>Fundamentos de la pedagog\u00eda Waldorf<\/strong>, Heinz Zimmermann (director de la secci\u00f3n pedag\u00f3gica hasta 2001), <em>Paedagogik Goetheanum<\/em>, Padagogische Sektion<\/p>\n<p>* <strong>Pedagog\u00eda Waldorf<\/strong>, <em>YouTube<\/em><\/p>\n<p>&#8211; <a href=\"https:\/\/marina.swarpeca.es\/revista\/IMG\/pdf\/waldorf_la_pedagogia_sarasa.pdf\">\u00ab<em>Waldorf: la pedagog\u00eda sarasa<\/em>\u00ab, Carlos A. Quintana<\/a>, El Marplatense Esc\u00e9ptico, 06-06-2009 (&#038;66 comentarios). <\/p>\n<p><strong> <em>Pedagog\u00eda Waldorf. Una educaci\u00f3n hacia la libertad. La pedagog\u00eda de Rudolf Steiner. Informes del Movimiento Internacional de las Escuelas Waldorf<\/em>, Frans Carlgren, Editorial Rudolf Steiner, Madrid, 1989<\/strong>:<\/p>\n<p><iframe loading=\"lazy\" class=\"scribd_iframe_embed\" src=\"https:\/\/www.scribd.com\/embeds\/11651934\/content?start_page=1&#038;view_mode=list&#038;access_key=key-1tm8aktk5jnj9gzbdg0s\" data-auto-height=\"true\" data-aspect-ratio=\"\" scrolling=\"no\" id=\"doc_44310\" width=\"100%\" height=\"600\" frameborder=\"0\"><\/iframe><\/p>\n<p>(23 de abril de 2012)<\/p>\n","protected":false},"excerpt":{"rendered":"<p>Con el objetivo de ofrecer a madres, padres, abuelos, educadores, pedagogos, maestras de jard\u00edn de infancia, &#8230;, criterio y herramientas para acompa\u00f1ar a los ni\u00f1os en el apasionante proceso de su crecimiento y a crear un entorno apropiado para el desarrollo infantil, Elena Mart\u00edn Artajo (pedagoga y maestra infantil Waldorf) y Mar\u00eda Zafra (artesana y fundadora del taller ocupacional Waldorf &#8216;Rafael&#8217;) imparten los d\u00edas 8 y 9 de junio en Aravaca (Madrid) el curso \u201c<em>La infancia de la especie m\u00e1s inteligente: El ni\u00f1o hasta los 7 a\u00f1os. Una introducci\u00f3n a la pedagog\u00eda Waldorf<\/em>\u201d. Son temas del curso: Las etapas evolutivas del ni\u00f1o; Cultivo y enriquecimiento de los sentidos; El movimiento como factor de desarrollo; La importancia del juego; Juguetes apropiados; Crear entornos enriquecedores y favorables a la exploraci\u00f3n y el juego; La importancia del arte; Materiales para la actividad manual; La importancia de escuchar cuentos; La imaginaci\u00f3n como sustrato de la inteligencia; Educar a trav\u00e9s de las consecuencias, no del premio y del castigo; y Saber poner l\u00edmites y disciplina amorosa. Las plazas son limitadas y para hacer la inscripci\u00f3n se debe rellenar el formulario disponible en <a href=\"http:\/\/www.terramater.es\/infancia\/curso-la-infancia-de-la-especie-mas-inteligente--el-nino-hasta-los-7-anos.asp\">Terra Mater<\/a>. Adem\u00e1s de otros datos como el precio del curso y donde tiene lugar, reproducimos a continuaci\u00f3n una entrevista con el presidente de la Federaci\u00f3n de Escuelas Waldorf, Christopher Clouder, aparecida el a\u00f1o 2007 en el diario <em>La Vanguardia<\/em>, y una selecci\u00f3n de textos sobre <a href=\"http:\/\/marina.swarpeca.es\/IMG\/pdf\/pedagogia_waldorf.pdf\">la pedagog\u00eda Waldorf<\/a> (planes de estudio, bases y fundamentos, formaci\u00f3n en pedagog\u00eda Waldorf, opiniones de algunos de sus representantes y protagonistas, enlace a 18 v\u00eddeos, &#8230;). Por \u00faltimo, intentando brindar elementos de juicio en un tema, la pedagog\u00eda infantil, en permanente crisis y discusi\u00f3n, parece oportuno recoger lo que escribe <a href=\"http:\/\/marina.swarpeca.es\/IMG\/pdf\/waldorf_la_pedagogia_sarasa.pdf\">Carlos A. Quintana<\/a>, m\u00e1s que esc\u00e9ptico feroz cr\u00edtico, asimismo rebatido \/ matizado en el debate mantenido en su foro (66 comentarios que tambi\u00e9n se incluyen).  <\/p>\n","protected":false},"author":1,"featured_media":1708,"comment_status":"closed","ping_status":"open","sticky":false,"template":"","format":"standard","meta":{"footnotes":""},"categories":[27],"tags":[],"_links":{"self":[{"href":"https:\/\/marina.swarpeca.es\/revista\/wp-json\/wp\/v2\/posts\/1711"}],"collection":[{"href":"https:\/\/marina.swarpeca.es\/revista\/wp-json\/wp\/v2\/posts"}],"about":[{"href":"https:\/\/marina.swarpeca.es\/revista\/wp-json\/wp\/v2\/types\/post"}],"author":[{"embeddable":true,"href":"https:\/\/marina.swarpeca.es\/revista\/wp-json\/wp\/v2\/users\/1"}],"replies":[{"embeddable":true,"href":"https:\/\/marina.swarpeca.es\/revista\/wp-json\/wp\/v2\/comments?post=1711"}],"version-history":[{"count":0,"href":"https:\/\/marina.swarpeca.es\/revista\/wp-json\/wp\/v2\/posts\/1711\/revisions"}],"wp:featuredmedia":[{"embeddable":true,"href":"https:\/\/marina.swarpeca.es\/revista\/wp-json\/wp\/v2\/media\/1708"}],"wp:attachment":[{"href":"https:\/\/marina.swarpeca.es\/revista\/wp-json\/wp\/v2\/media?parent=1711"}],"wp:term":[{"taxonomy":"category","embeddable":true,"href":"https:\/\/marina.swarpeca.es\/revista\/wp-json\/wp\/v2\/categories?post=1711"},{"taxonomy":"post_tag","embeddable":true,"href":"https:\/\/marina.swarpeca.es\/revista\/wp-json\/wp\/v2\/tags?post=1711"}],"curies":[{"name":"wp","href":"https:\/\/api.w.org\/{rel}","templated":true}]}}