{"id":1665,"date":"2012-01-21T18:21:20","date_gmt":"2012-01-21T18:21:20","guid":{"rendered":"https:\/\/marina.swarpeca.es\/revista\/2012\/01\/21\/griegos-abandonan-a-sus-hijos-debido-a-la-pobreza-trabajadores-griegos-reciben-a-la-troika-capitalista-con-manifestaciones\/"},"modified":"2012-01-21T18:21:20","modified_gmt":"2012-01-21T18:21:20","slug":"griegos-abandonan-a-sus-hijos-debido-a-la-pobreza-trabajadores-griegos-reciben-a-la-troika-capitalista-con-manifestaciones","status":"publish","type":"post","link":"https:\/\/marina.swarpeca.es\/revista\/griegos-abandonan-a-sus-hijos-debido-a-la-pobreza-trabajadores-griegos-reciben-a-la-troika-capitalista-con-manifestaciones\/","title":{"rendered":"Griegos abandonan a sus hijos debido a la pobreza \/ Trabajadores griegos reciben a la troika capitalista con manifestaciones"},"content":{"rendered":"<p>Familias que se desprenden de la mitad de sus hijos porque no pueden mantenerlos. Los salarios han disminuido o han perdido el trabajo. Por ello se ven en la necesidad de entregar a sus hijos a Sociedades Ben\u00e9ficas para que les den de comer y se hagan cargo de ellos. Dimitris Gasparinatos y su mujer Christina se vieron obligados por la crisis econ\u00f3mica a dejar a tres de sus seis hijos en los Servicios Sociales un d\u00eda antes de navidad. Este caso no es el \u00fanico. Hace unos d\u00edas Maria, una ateniense despu\u00e9s de un a\u00f1o sin trabajo, se vio obligada a dejar a su hija Anastasia en la Organizaci\u00f3n Ben\u00e9fica Arca del Mundo para que le proporcionen cobijo y comida caliente.<\/p>\n<p>La pobreza es el mayor problema que afronta actualmente Grecia. La Uni\u00f3n Europea estima que el 60% de la poblaci\u00f3n del pa\u00eds vive con unos ingresos inferiores al salario medio. Seg\u00fan un estudio de la Universidad de Atenas, un  32% de la poblaci\u00f3n de menores se encuentra a un paso de lo que la Organizaci\u00f3n Mundial Contra el Hambre considera \u201c<em>pobreza extrema<\/em>\u201d.<\/p>\n<p>Y pensar que es s\u00f3lo el comienzo de una crisis mundial que har\u00e1 temblar los cimientos de la econom\u00eda del orbe.<\/p>\n<p>La justa retribuci\u00f3n es lo que su nombre califica, justa. (&#8230;) <\/p>\n<p><a href=\"https:\/\/www.protegeatushijos.org\/\">Editorial de Protegeatushijos.org<\/a> [[- <a href=\"https:\/\/marina.swarpeca.es\/revista\/IMG\/pdf\/protege_a_tus_hijos_20.01.2012.pdf\">OTRA INFORMACI\u00d3N en <em>Protege a tus hijos<\/em><\/a><\/p>\n<p><strong>Ley S.O.P.A y P.I.P.A. inquisici\u00f3n en el siglo XVI. Pretenden ocultar delitos, corrupci\u00f3n, pederast\u00eda\u00a0clerical<\/strong>. Internet: Guerra mundial contra la represi\u00f3n y el autoritarismo. El mundo dice no a la nueva inquisici\u00f3n<\/p>\n<p><strong>Apostol Pablo llam\u00f3 \u00abperros\u00bb a los ap\u00f3stoles, hombres malos y\u00a0perversos<\/strong> <\/p>\n<p><strong>Parroquia Pur\u00edsima Concepci\u00f3n de Barcelona trafic\u00f3 bebes, vendi\u00e9ndolos a 3 millones de\u00a0pesetas<\/strong><\/p>\n<p><strong>Anthony Hopkins, predicador evang\u00e9lico, abus\u00f3 de adolescente y mantuvo a su esposa asesinada en un\u00a0congelador<\/strong><\/p>\n<p><strong>Policia Judicial busca nuevos registros sobre Pederast\u00eda en la Iglesia Cat\u00f3lica de\u00a0B\u00e9lgica<\/strong><\/p>\n<p><strong>Obispo Demetrio Fern\u00e1ndez invita a hu\u00edr de la fornicaci\u00f3n, sin mencionar robo de ni\u00f1os y pederast\u00eda\u00a0clerical <\/strong><\/p>\n<p><strong>Padre Saud\u00ed vende a su hijo en 15 millones de euros a trav\u00e9s de\u00a0Facebook<\/strong><\/p>\n<p><strong>Sacerdotes homosexuales, portadores de VIH, abusan de su poder con la\u00a0sotana<\/strong><\/p>\n<p><strong>300.000 ni\u00f1os robados en Espa\u00f1a, en complicidad con curas, monjas, m\u00e9dicos y\u00a0hospitales<\/strong><\/p>\n<p><strong>Cardenal Marcinkus involucrado directamente en la desaparici\u00f3n y asesinato de Emanuela\u00a0Orlandi<\/strong><\/p>\n<p><strong>15 a\u00f1os de prisi\u00f3n al sacerdote Francisco Valenzuela Sanhueza, \u00abEl Cura Pancho\u00bb por abuso sexual<\/strong><\/p>\n<p><strong>Cardenal William Levada, Prefecto de la Congregaci\u00f3n para la Doctrina de la Fe, prohibe libro sobre\u00a0sexualidad<\/strong>]].<\/p>\n<p> \u00a0     <\/p>\n<p><a href=\"lima-peru@protegeatushijos.org\">lima-peru@protegeatushijos.org<\/a><\/p>\n<p><img loading=\"lazy\" decoding=\"async\" class=\" aligncenter size-full wp-image-1664\" src=\"https:\/\/marina.swarpeca.es\/revista\/wp-content\/uploads\/2012\/01\/sintecho_grecia-2.jpg\" alt=\"sintecho_grecia-2.jpg\" align=\"center\" width=\"280\" height=\"170\" \/><\/p>\n<p><strong>Trabajadores griegos reciben a la troika capitalista con manifestaciones. Trabajadores griegos firmes en su lucha contra el neoliberalismo y el entreguismo oficial<\/strong><\/p>\n<p>Miles de trabajadores griegos recibieron con protestas a los expertos del Banco Central Europeo, la Comisi\u00f3n Europea y el Fondo Monetario Internacional, la llamada troika, que llegaron al pa\u00eds para evaluar las medidas de austeridad tomadas por el Gobierno y negociar un nuevo rescate financiero, reporta EFE.<\/p>\n<p>La manifestaci\u00f3n, que reuni\u00f3 a cerca de 20.000 personas en el centro de la ciudad, fue convocada por los principales sindicatos del pa\u00eds como parte de una jornada de huelga general en la regi\u00f3n de Atenas.<\/p>\n<p>La visita de la troika tiene como objetivo negociar un nuevo pr\u00e9stamo por valor de 130.000 millones de euros, que el pa\u00eds heleno considera esencial para evitar la suspensi\u00f3n de pagos de su deuda.<\/p>\n<p>Bajo la supervisi\u00f3n de los organismos acreedores, Grecia ya puso en marcha una serie de medidas para reducir el d\u00e9ficit p\u00fablico a costa de los gastos sociales, que van desde la rebaja de los salarios en el sector privado a la reducci\u00f3n de personal en la administraci\u00f3n, pasando por el aumento de los impuestos.<\/p>\n<p>El paro de este martes tuvo un importante seguimiento entre los trabajadores de la regi\u00f3n de manera general, pese a la presi\u00f3n ejercida por el gobierno y los empresarios, y en algunos centros de trabajo fue total, se\u00f1al\u00f3 a <em>PL<\/em> Yorgos Pontikos, dirigente del sindicato comunista PAME.<\/p>\n<p>Para este mi\u00e9rcoles est\u00e1 programada una reuni\u00f3n entre el Gobierno, los principales sindicatos y las asociaciones patronales para tratar de consensuar los t\u00e9rminos de la reforma laboral exigida desde Bruselas.<\/p>\n<p><a href=\"https:\/\/www.tercerainformacion.es\/\">Tercera Informaci\u00f3n<\/a><\/p>\n<p>&#8211; <a href=\"https:\/\/marina.swarpeca.es\/revista\/IMG\/pdf\/grecia-tercera-informacion.pdf\">NOTICIAS RELACIONADAS en <em>Tercera Informaci\u00f3n<\/em>:<\/a><\/p>\n<p><strong>\u00abLos comunistas griegos hablamos de derrocar al sistema\u00bb<\/strong> &#8211; (14-01-2012)<\/p>\n<p><strong>Masiva protesta juvenil en Grecia<\/strong> &#8211; (06-12-2011)<\/p>\n<p><strong>Aumenta n\u00famero de personas sin techo en Grecia<\/strong> &#8211; (05-12-2011)<\/p>\n<p><strong>Griegos paralizan el pa\u00eds con una huelga general<\/strong> &#8211; (02-12-2011)<\/p>\n<p>(21 de enero de 2012)<\/p>\n","protected":false},"excerpt":{"rendered":"<p>Atenas, Grecia. Se ha multiplicado, en los \u00faltimos meses, la cantidad de ni\u00f1os dejados por sus familias en las puertas de un orfanato o instituci\u00f3n ben\u00e9fica en Grecia. Desgarradoras notas como: \u201c<em>Hoy no regresar\u00e9 a recoger a Anna porque no puedo mantenerla. Por favor, cuidad de ella. Lo siento<\/em>\u201d, fue hallada entre los enseres de una ni\u00f1a. El mensaje pertenece a una madre que, como comprob\u00f3 la profesora, no regres\u00f3 a recoger a la peque\u00f1a. Es el abandono infantil la nueva tragedia que vive Grecia. Un pa\u00eds sumido en el caos econ\u00f3mico en el que, seg\u00fan datos de la Comisi\u00f3n Europea, m\u00e1s de 2 millones de personas se encuentran en alarmante pobreza \/ Miles de trabajadores griegos recibieron con protestas a los expertos del Banco Central Europeo, la Comisi\u00f3n Europea y el Fondo Monetario Internacional, la llamada troika, que llegaron al pa\u00eds para evaluar las medidas de austeridad tomadas por el Gobierno y negociar un nuevo rescate financiero, reporta <em>Efe<\/em>.<\/p>\n","protected":false},"author":1,"featured_media":1663,"comment_status":"closed","ping_status":"open","sticky":false,"template":"","format":"standard","meta":{"footnotes":""},"categories":[37],"tags":[],"_links":{"self":[{"href":"https:\/\/marina.swarpeca.es\/revista\/wp-json\/wp\/v2\/posts\/1665"}],"collection":[{"href":"https:\/\/marina.swarpeca.es\/revista\/wp-json\/wp\/v2\/posts"}],"about":[{"href":"https:\/\/marina.swarpeca.es\/revista\/wp-json\/wp\/v2\/types\/post"}],"author":[{"embeddable":true,"href":"https:\/\/marina.swarpeca.es\/revista\/wp-json\/wp\/v2\/users\/1"}],"replies":[{"embeddable":true,"href":"https:\/\/marina.swarpeca.es\/revista\/wp-json\/wp\/v2\/comments?post=1665"}],"version-history":[{"count":0,"href":"https:\/\/marina.swarpeca.es\/revista\/wp-json\/wp\/v2\/posts\/1665\/revisions"}],"wp:featuredmedia":[{"embeddable":true,"href":"https:\/\/marina.swarpeca.es\/revista\/wp-json\/wp\/v2\/media\/1663"}],"wp:attachment":[{"href":"https:\/\/marina.swarpeca.es\/revista\/wp-json\/wp\/v2\/media?parent=1665"}],"wp:term":[{"taxonomy":"category","embeddable":true,"href":"https:\/\/marina.swarpeca.es\/revista\/wp-json\/wp\/v2\/categories?post=1665"},{"taxonomy":"post_tag","embeddable":true,"href":"https:\/\/marina.swarpeca.es\/revista\/wp-json\/wp\/v2\/tags?post=1665"}],"curies":[{"name":"wp","href":"https:\/\/api.w.org\/{rel}","templated":true}]}}