{"id":1652,"date":"2012-01-02T03:21:45","date_gmt":"2012-01-02T03:21:45","guid":{"rendered":"https:\/\/marina.swarpeca.es\/revista\/2012\/01\/02\/naciones-unidas-confirma-que-cuba-es-el-unico-pais-sin-desnutricion-infantil-sin-pobreza-en-2015-y-con-el-mejor-desarrollo-humano-de-latinoamerica\/"},"modified":"2012-01-02T03:21:45","modified_gmt":"2012-01-02T03:21:45","slug":"naciones-unidas-confirma-que-cuba-es-el-unico-pais-sin-desnutricion-infantil-sin-pobreza-en-2015-y-con-el-mejor-desarrollo-humano-de-latinoamerica","status":"publish","type":"post","link":"https:\/\/marina.swarpeca.es\/revista\/naciones-unidas-confirma-que-cuba-es-el-unico-pais-sin-desnutricion-infantil-sin-pobreza-en-2015-y-con-el-mejor-desarrollo-humano-de-latinoamerica\/","title":{"rendered":"Naciones Unidas confirma que Cuba es el \u00fanico pa\u00eds sin desnutrici\u00f3n infantil, sin pobreza en 2015, y con el mejor desarrollo humano de Latinoam\u00e9rica"},"content":{"rendered":"<p>(imagen: <em>Problem Capitalismo?<\/em> &#8211; <a href=\"https:\/\/www.gamba.cl\/\">Gamba<\/a>).<\/p>\n<p>El \u00faltimo informe del Fondo de las Naciones Unidas para la Infancia (<a href=\"https:\/\/www.unicef.org\/\">UNICEF<\/a>) titulado \u201c<em>Progreso para la Infancia un Balance sobre la Nutrici\u00f3n<\/em>\u201d, determin\u00f3 que actualmente <strong>en el mundo existen 146 millones de ni\u00f1os menores de cinco a\u00f1os con problemas graves de desnutrici\u00f3n infantil<\/strong>. De acuerdo con el documento, un 28% de estos ni\u00f1os son de \u00c1frica, 17% de Medio Oriente, 15% de Asia, 7% de Latinoam\u00e9rica y el Caribe, 5% de Europa Central, y 27% de otros pa\u00edses en desarrollo.<\/p>\n<p>&#8211; Cuba sin embargo no tiene esos problemas, <a href=\"https:\/\/marina.swarpeca.es\/revista\/IMG\/pdf\/cuba_no_desnutricion_infantil.pdf\">siendo el \u00fanico pa\u00eds de Am\u00e9rica Latina y el Caribe que ha eliminado la desnutrici\u00f3n infantil<\/a>, todo esto gracias a los esfuerzos del Gobierno por mejorar la alimentaci\u00f3n, especialmente la de aquellos grupos m\u00e1s vulnerables. Adem\u00e1s, la Organizaci\u00f3n de las Naciones Unidas para la Alimentaci\u00f3n y la Agricultura (<a href=\"https:\/\/www.fao.org\/index_es.htm\">FAO<\/a>) tambi\u00e9n ha reconocido a Cuba como la naci\u00f3n con m\u00e1s avances en Am\u00e9rica Latina en la lucha contra la desnutrici\u00f3n.<\/p>\n<p>Esto se debe a que <strong>el Estado Cubano garantiza una canasta b\u00e1sica alimenticia y promueve los beneficios de la lactancia materna<\/strong>, manteniendo hasta el cuarto mes de vida la lactancia exclusiva y complement\u00e1ndola con otros alimentos hasta los seis meses de edad. Adem\u00e1s, se les hace entrega diaria de un litro de leche fluida a todos los ni\u00f1os de cero a siete a\u00f1os de edad. Junto con otros alimentos como compotas, jugos y viandas los cuales se distribuyen de manera equitativa.<\/p>\n<p>&#8211; No por nada la propia Organizacion de las Naciones Unidas, (<a href=\"https:\/\/www.un.org\/es\/\">ONU<\/a>) sit\u00faa al pa\u00eds a la vanguardia del cumplimiento de materia de desarrollo humano. Y por si fuera poco para el a\u00f1o 2015, <a href=\"https:\/\/marina.swarpeca.es\/revista\/IMG\/pdf\/objetivos_cuba.pdf\">Cuba tiene entre sus objetivos eliminar la pobreza y garantizar la sustentabilidad ambiental<\/a>.<\/p>\n<p><strong>Y todo esto pese a 50 a\u00f1os de embargo, bloqueo econ\u00f3mico, comercial y financiero impuesto por Estados Unidos \u2026<\/strong><\/p>\n<p>&#8211; <a href=\"https:\/\/marina.swarpeca.es\/revista\/IMG\/pdf\/tracking_progress_on_child_and_maternal_nutrition_en_110309.pdf\">Ac\u00e1 el \u00faltimo informe de la Unicef<\/a>. (El pr\u00f3ximo sale en el a\u00f1o 2015).<\/p>\n<p>&#8211; <a href=\"https:\/\/marina.swarpeca.es\/revista\/IMG\/pdf\/cuba_sin_desnutricion_infantil_unicef-bbc.pdf\">Ac\u00e1 la BBC confirmando que Cuba es el \u00fanico pa\u00eds sin desnutrici\u00f3n de latinoam\u00e9rica<\/a>.<\/p>\n<p>&#8211; <a href=\"https:\/\/marina.swarpeca.es\/revista\/IMG\/pdf\/pma.cuba.0206.pdf\">Ac\u00e1 el PDF de Myrtha Kaulard<\/a>, <a href=\"https:\/\/es.wfp.org\/\">representante del PMA<\/a> (Programa Mundial de Alimentos) [[- <a href=\"https:\/\/marina.swarpeca.es\/revista\/IMG\/pdf\/hunger_map_2011.pdf\">\u00ab<em>Hunger Map 2011<\/em>\u00ab, World Food Programme<\/a>.]], <a href=\"https:\/\/www.wfp.org\/\">WFP en ingl\u00e9s<\/a>.<\/p>\n<p>&#8211; Y ni hablar de que <a href=\"https:\/\/marina.swarpeca.es\/revista\/IMG\/pdf\/estado_poblacion_mundial_2011.pdf\">el Fondo de Poblaci\u00f3n de las Naciones Unidas confirm\u00f3 a Cuba como un pa\u00eds lider en lo que a desarrollo humano se refiere<\/a>:<\/p>\n<p><img loading=\"lazy\" decoding=\"async\" class=\" alignleft size-full wp-image-1651\" src=\"https:\/\/marina.swarpeca.es\/revista\/wp-content\/uploads\/2012\/01\/cuba-desarrollo-humano.jpg\" alt=\"cuba-desarrollo-humano.jpg\" align=\"left\" width=\"222\" height=\"140\" \/><\/p>\n<p><em>noviembre 17th, 2011<\/em> | Posteado por <strong>Mono Gamba<\/strong><\/p>\n<p><strong>El Fondo de Poblaci\u00f3n de las Naciones Unidas confirma a Cuba como el pa\u00eds con mejor desarrollo humano de Latinoam\u00e9rica<\/strong><\/p>\n<p>&#8211; El Fondo de Poblaci\u00f3n de las Naciones Unidas (<a href=\"https:\/\/www.unfpa.org\/public\/\">UNFPA en ingl\u00e9s<\/a>), en la presentaci\u00f3n del Informe sobre el <em>Estado de la Poblaci\u00f3n Mundial 2011<\/em>, adem\u00e1s de analizar el hecho de que el mundo lleg\u00f3 a los 7 000 millones de habitantes, asegur\u00f3 que <a href=\"https:\/\/marina.swarpeca.es\/revista\/IMG\/pdf\/cuba_alto_desarrollo_humano.pdf\">Cuba es la naci\u00f3n con m\u00e1s alto desarrollo humano de latinoam\u00e9rica<\/a>, llegando a afirmar que cuenta con un desarrollo equivalente a cuarto de siglo de avance en relaci\u00f3n a los dem\u00e1s pa\u00edses de Am\u00e9rica Latina y el Caribe.<\/p>\n<p>Eso debido a sus bajos niveles de mortalidad del pa\u00eds, la elevada esperanza de vida, su acceso a la salud y educaci\u00f3n, su salud sexual y reproductiva, y los indicadores de envejecimiento de su poblaci\u00f3n, todos con valores similares e incluso superiores a los de naciones industrializadas.<\/p>\n<p>&#8211; Con respecto al enfoque sobre los 7 mil millones de personas del mundo, la UNFPA no solo evidenci\u00f3 datos demogr\u00e1ficos sino tambi\u00e9n <a href=\"https:\/\/marina.swarpeca.es\/revista\/IMG\/pdf\/poblacion_mundial_2011.pdf\">la profundizaci\u00f3n de las problem\u00e1ticas sociales y econ\u00f3micas que conlleva el crecimiento de la poblaci\u00f3n<\/a>, donde se prufundizaron interrogantes como \u00bfDe qu\u00e9 manera reducir las brechas entre ricos y pobres y rectificar las desigualdades entre hombres y mujeres, y entre ni\u00f1os y ni\u00f1as? o \u00bfc\u00f3mo lograr que las ciudades sean sitios aptos para vivir?<\/p>\n<p>El documento mostr\u00f3 los grandes contrastes sociales y la necesidad de trabajar unidos por el progreso, ya que mientras en las naciones europeas m\u00e1s industrializadas nacen 1,5 ni\u00f1os por mujer, en \u00c1frica \u2014de alarmantes indicadores sociodemogr\u00e1ficos y gran pobreza\u2014, nacen cinco beb\u00e9s por madre.<\/p>\n<p>&#8211; Este logro de Cuba se une a su <a href=\"https:\/\/marina.swarpeca.es\/revista\/IMG\/pdf\/cuba_contra_racismo.pdf\">reconocida lucha contra el racismo<\/a>, la desnutrici\u00f3n infantil, y su comprobada calidad en la educaci\u00f3n en todos los niveles.<\/p>\n<p><strong>Pero Hey!, la gente dice que el comunismo ha fracasado \u2026<\/strong><\/p>\n<p><strong>La Educaci\u00f3n en Cuba<\/strong> &#8211; Documental (1\/2) <\/p>\n<p><embed src=\"https:\/\/www.youtube.com\/v\/7gif2wIzkFQ?version=3&#038;hl=es_ES&#038;rel=0\" type=\"application\/x-shockwave-flash\" width=\"340\" height=\"203\" allowscriptaccess=\"always\" allowfullscreen=\"true\"><\/embed><\/p>\n<p>Subido por <a href=\"https:\/\/www.youtube.com\/user\/binario1100\">binario1100<\/a> el <em>11\/06\/2008<\/em>. <strong>En Cuba todos los maestros tienen empleo. En Cuba el 100% de los ni\u00f1os tienen educaci\u00f3n gratuita, integral y de calidad. Este video dividido en 2 partes nos explicar\u00e1 c\u00f3mo es que se lleva a cabo el tema de la educaci\u00f3n en Cuba: \u00ab<em>El caso Cuba prueba como pocos que la educaci\u00f3n, tarea esencial en la vida de cada pueblo, depende, en su naturaleza y desarrollo, de la organizaci\u00f3n de la sociedad, determinada b\u00e1sicamente por las estructuras econ\u00f3micas establecidas<\/em>\u00ab<\/strong>.<\/p>\n<p><strong>La Educaci\u00f3n en Cuba<\/strong> &#8211; Documental (2\/2) <\/p>\n<p><embed src=\"https:\/\/www.youtube.com\/v\/fg62MRFqYtg?version=3&#038;hl=es_ES&#038;rel=0\" type=\"application\/x-shockwave-flash\" width=\"340\" height=\"203\" allowscriptaccess=\"always\" allowfullscreen=\"true\"><\/embed><\/p>\n<p>(2 de enero de 2012)<\/p>\n","protected":false},"excerpt":{"rendered":"<p>Frente a las ininterrumpidas agresiones y sistem\u00e1ticas campa\u00f1as de intoxicaci\u00f3n imperialista, la terca realidad se impone y, as\u00ed, si UNICEF corrobora que el socialismo cubano ha conseguido erradicar de su pa\u00eds la desnutrici\u00f3n infantil &#8212;que a diario asesina a miles de ni\u00f1os y ni\u00f1as, adolescentes, j\u00f3venes y adultos de todo g\u00e9nero y condici\u00f3n, a escala planetaria&#8212;, el Fondo de Poblaci\u00f3n de las Naciones Unidas confirma que Cuba tiene el m\u00e1s elevado desarrollo humano del Caribe y del cono sur americano, y la propia ONU reconoce a su vez la incesante lucha de Cuba contra el racismo, imprescindibles y relevantes parcelas en el bienestar de los pueblos, a las que se unen, asimismo, la comprobada calidad de los diferentes niveles que conforman la ense\u00f1anza y educaci\u00f3n de sus habitantes. <\/p>\n","protected":false},"author":1,"featured_media":1650,"comment_status":"closed","ping_status":"open","sticky":false,"template":"","format":"standard","meta":{"footnotes":""},"categories":[40],"tags":[],"_links":{"self":[{"href":"https:\/\/marina.swarpeca.es\/revista\/wp-json\/wp\/v2\/posts\/1652"}],"collection":[{"href":"https:\/\/marina.swarpeca.es\/revista\/wp-json\/wp\/v2\/posts"}],"about":[{"href":"https:\/\/marina.swarpeca.es\/revista\/wp-json\/wp\/v2\/types\/post"}],"author":[{"embeddable":true,"href":"https:\/\/marina.swarpeca.es\/revista\/wp-json\/wp\/v2\/users\/1"}],"replies":[{"embeddable":true,"href":"https:\/\/marina.swarpeca.es\/revista\/wp-json\/wp\/v2\/comments?post=1652"}],"version-history":[{"count":0,"href":"https:\/\/marina.swarpeca.es\/revista\/wp-json\/wp\/v2\/posts\/1652\/revisions"}],"wp:featuredmedia":[{"embeddable":true,"href":"https:\/\/marina.swarpeca.es\/revista\/wp-json\/wp\/v2\/media\/1650"}],"wp:attachment":[{"href":"https:\/\/marina.swarpeca.es\/revista\/wp-json\/wp\/v2\/media?parent=1652"}],"wp:term":[{"taxonomy":"category","embeddable":true,"href":"https:\/\/marina.swarpeca.es\/revista\/wp-json\/wp\/v2\/categories?post=1652"},{"taxonomy":"post_tag","embeddable":true,"href":"https:\/\/marina.swarpeca.es\/revista\/wp-json\/wp\/v2\/tags?post=1652"}],"curies":[{"name":"wp","href":"https:\/\/api.w.org\/{rel}","templated":true}]}}