{"id":1614,"date":"2011-10-31T02:31:40","date_gmt":"2011-10-31T02:31:40","guid":{"rendered":"https:\/\/marina.swarpeca.es\/revista\/2011\/10\/31\/ii-jornadas-farmacriticxs-nogracias-salut-amb-seny-3-y-4-de-noviembre-de-2011-aula-magna-de-la-facultad-de-farmacia-de-la-ub-barcelona\/"},"modified":"2011-10-31T02:31:40","modified_gmt":"2011-10-31T02:31:40","slug":"ii-jornadas-farmacriticxs-nogracias-salut-amb-seny-3-y-4-de-noviembre-de-2011-aula-magna-de-la-facultad-de-farmacia-de-la-ub-barcelona","status":"publish","type":"post","link":"https:\/\/marina.swarpeca.es\/revista\/ii-jornadas-farmacriticxs-nogracias-salut-amb-seny-3-y-4-de-noviembre-de-2011-aula-magna-de-la-facultad-de-farmacia-de-la-ub-barcelona\/","title":{"rendered":"\u201cII Jornadas Farmacr\u00edticxs-NoGracias: Salut amb Seny!\u201d, 3 y 4 de noviembre de 2011, Aula Magna de la Facultad de Farmacia de la UB, Barcelona"},"content":{"rendered":"<p><strong>Un debate previo a las jornadas \u00bfPor qu\u00e9 y para qu\u00e9?<\/strong><\/p>\n<p><strong>Javier Padilla<\/strong>, <em>24-10-2011<\/em><\/p>\n<p><em>Estamos todos ya cansados de jornadas, congresos, charlas \u2026 que acaban siendo mon\u00f3logos y que dejan que el conocimiento que all\u00ed se genere quede circunscrito al tiempo y lugar que dura el evento formativo (m\u00e1s bien informativo)<\/em>.<\/p>\n<p><em>Es por ello que, bas\u00e1ndonos en experiencias anteriores<\/em> (v\u00e9ase <a href=\"https:\/\/marina.swarpeca.es\/revista\/IMG\/pdf\/seminarios-innovacion-atencion-primaria-2009.pdf\">Seminarios de Innovaci\u00f3n en Atenci\u00f3n Primaria<\/a> o <a href=\"https:\/\/salutambseny.wordpress.com\/desigualdadesensalud.wordpress.com\">Mesa de Desigualdades Sociales en Salud<\/a>) <em>queremos eliminar las barreras de lo presencial y transferir el debate previo a las jornadas a este medio, de tal manera que partiendo de unos textos iniciales redactados por los ponentes de las jornadas tanto los asistentes como aquellos interesados que no vay\u00e1is a poder asistir pod\u00e1is comentar aspectos que os generen dudas, plantear argumentos que os inquieten o aportar materiales complementarios. Adem\u00e1s, de esta manera<\/em> <a href=\"https:\/\/salutambseny.wordpress.com\/\">esta p\u00e1gina web<\/a> <em>quedar\u00e1 como repositorio de informaci\u00f3n e hilo conductor al que acudir cuando uno quiera saber qu\u00e9 se dijo en las jornadas \u201csalut amb seny\u201d. Intentemos, entre todos, construir unas jornadas ricas en conocimiento colaborativo<\/em>.<\/p>\n<p><em>\u00bfC\u00f3mo participar? En<\/em> <a href=\"https:\/\/marina.swarpeca.es\/revista\/IMG\/pdf\/textos-para-el-debate.pdf\">\u201c<em>Textos para el debate<\/em>\u201d<\/a> <em>se encuentran los textos escritos por los ponentes; al final de los textos los ponentes han pensado en algunas preguntas que podr\u00eda ser interesante comenta<\/em>r, si bien <em>cualquier otra l\u00ednea de debate es m\u00e1s que bienvenida<\/em>; pueden tambi\u00e9n a\u00f1adirse comentarios y opiniones a las del resto de participantes.<\/p>\n<p><em>Durante las jornadas<\/em> <a href=\"https:\/\/www.nogracias.eu\/2011\/10\/22\/empieza-el-debate-previo-a-las-jornadas-de-barcelona-salut-amb-seny\/\">se comentar\u00e1n las opiniones vertidas en este foro<\/a>.<\/p>\n<p><em>Si te gustar\u00eda que los ponentes trataran alg\u00fan tema en concreto durante su exposici\u00f3n, com\u00e9ntalo tambi\u00e9n y se har\u00e1 lo que se pueda<\/em>.<\/p>\n<p><strong>Programa Oficial \u201cII Jornadas Farmacr\u00edticxs-NoGracias: Salut amb Seny\u201d<\/strong><\/p>\n<p><strong>3 y 4 de Noviembre de 2011<\/strong><\/p>\n<p>Aula Magna, Facultat de Farm\u00e0cia UB. Avinguda Joan XXIII s\/n. (al lado del Camp Nou del Bar\u00e7a).<\/p>\n<p>Metro: Palau Reial, L3 (verde).<\/p>\n<p>Barcelona.<\/p>\n<p><strong>Jueves 3<\/strong><\/p>\n<p><strong>*<\/strong> 16h. <em>Inauguraci\u00f3n<\/em> Farmacr\u00edticxs Barcelona + Nogracias + Representante de lugar jornada.<\/p>\n<p><strong>*<\/strong> 16,30h. <em>Medicalizaci\u00f3n y medicamentalizaci\u00f3n<\/em>, <a href=\"https:\/\/marina.swarpeca.es\/spip.php?page=recherche&#038;recherche=Teresa+Forcades\">Teresa Forcades<\/a> (m\u00e9dica y te\u00f3loga).<\/p>\n<p><strong>*<\/strong> 17,15h. <em>La industria farmac\u00e9utica en el mundo global<\/em>, <strong>Javier Padilla<\/strong> (R3 Fam\u00edlia y \u201cbloggero\u201d) (45\u2019+15\u2019 Debate).<\/p>\n<p>18.15h. Receso<\/p>\n<p><strong>*<\/strong> 18,35h. <em>\u00bfLas relaciones de las asociaciones sanitarias influyen en sus objetivos?<\/em> <strong>Sara Calder\u00f3n<\/strong>, <strong>Carlos Navarro<\/strong> (Farmacr\u00edticxs) (30\u2019+15\u2019 Debate).<\/p>\n<p><strong>*<\/strong> 19,15h. <em>Taller: Lectura cr\u00edtica de art\u00edculos<\/em>, <strong>Isabel Becerra<\/strong> (Farmacr\u00edticxs) y <strong>Marta Carmona<\/strong> (NoGracias) \/\/ Asamblea NoGracias.<\/p>\n<p><strong>Viernes 4<\/strong><\/p>\n<p><strong>*<\/strong> 09,30h. <em>Introducci\u00f3n: Los servicios p\u00fablicos ante la situaci\u00f3n econ\u00f3mica actual<\/em>, <strong>Vicen\u00e7 Navarro<\/strong> (UPF y The Johns Hopkins University).<\/p>\n<p><strong>*<\/strong> 10,30h. \u201c<em>Medicamentos en tiempos de crisis, entre la salud y el mercado<\/em>\u201d -mesa de debate:<\/p>\n<p><strong>*<\/strong> 10,45h. En Hospitalaria, <strong>Lourdes Girona<\/strong> (FADSP-No Gracias).<\/p>\n<p><strong>*<\/strong> 11h. En Atenci\u00f3n Primaria-Familia, <strong>Manel Anoro<\/strong>.<\/p>\n<p><strong>*<\/strong> 11,15h. <em>Industria Farmac\u00e9utica<\/em>, Representante de Esteve.<\/p>\n<p>11.30h. Receso.<\/p>\n<p><strong>*<\/strong> 11,45h. <em>Informaci\u00f3n Independiente sobre terap\u00e9utica<\/em>, <strong>Montse Bosch<\/strong> (International Society of Drug Bulletins\/Butllet\u00ed Groc).<\/p>\n<p><strong>*<\/strong> 12h. <em>Prescripci\u00f3n Saludable<\/em>, <strong>Eduard Diog\u00e8ne<\/strong> (Fundaci\u00f3 Institut Catal\u00e0 de Farmacologia).<\/p>\n<p><strong>*<\/strong> 12,30h. Debate. Modera: <strong>Joan-Ramon Laporte<\/strong>.<\/p>\n<p>13.30h. Final sesi\u00f3n matinal.<\/p>\n<p><strong>*<\/strong> 16h. \u201c<em>Crisis, un buen tiempo para rebajas en los excesos<\/em>\u201d-mesa de debate:<\/p>\n<p><strong>*<\/strong> 16h. <em>Excesos en el diagn\u00f3stico<\/em>, <strong>Eduard Rodr\u00edguez Farr\u00e9<\/strong> (Instituto de Investigaciones Biom\u00e9dicas de Barcelona-CSIC).<\/p>\n<p><strong>*<\/strong> 16,30h. <em>Excesos en los tratamientos<\/em>, <strong>Joan-Ramon Laporte<\/strong> (FICF \u2013 Catedr\u00e1tico Farmacologia UAB).<\/p>\n<p><strong>*<\/strong> 17h. <em>Excesos en la prevenci\u00f3n (y rehabilitaci\u00f3n)<\/em>, <a href=\"https:\/\/marina.swarpeca.es\/spip.php?page=recherche&#038;recherche=Juan+G%C3%A9rvas\">Juan G\u00e9rvas<\/a> (m\u00e9dico general, Equipo CESCA).<\/p>\n<p><strong>*<\/strong> 17,30h. Debate.<\/p>\n<p>18h. Receso.<\/p>\n<p><strong>*<\/strong> 18,30h. \u201c<em>Desigualdades sociales y acceso a la salud<\/em>\u201d-mesa de debate.<\/p>\n<p><strong>*<\/strong> 18,30h. <em>Desigualdades de clase en el consumo de f\u00e1rmacos. Catalunya 1994-2002<\/em>, <strong>Roser P\u00e9rez<\/strong> (EU Creu Roja).<\/p>\n<p><strong>*<\/strong> 18,45h. <em>Crisis, Desigualdad y Salud<\/em>, Democracia Real Ya Barcelona.<\/p>\n<p><strong>*<\/strong> 19h. <em>Crisis, recortes y Estado del Bienestar<\/em>, <strong>Agust\u00ed Colom<\/strong> (Prof. Econom\u00eda UB, redactor <a href=\"https:\/\/marina.swarpeca.es\/spip.php?page=recherche&#038;recherche=CAPS\">CAPS<\/a>).<\/p>\n<p><strong>*<\/strong> 19,15h. <em>\u00bfHacia d\u00f3nde vamos? Estrategias y colaboraciones<\/em>: <\/p>\n<p>Introduce: <strong>Simona Levi<\/strong> (especialista cultura libre y acci\u00f3n viral, miembro de EX).<\/p>\n<p>Moderadores y relatores: <strong>Carlos Ponte<\/strong> (presidente NoGracias) y <strong>June Udaondo<\/strong> (coordinadora Farmacr\u00edticxs).<\/p>\n<p>**<strong>Ponentes y participantes voluntarios no remunerados. Libre de patrocinios<\/strong>.**<\/p>\n<p><a href=\"https:\/\/marina.swarpeca.es\/revista\/IMG\/pdf\/textos-para-el-debate.pdf\">Textos para el debate<\/a><\/p>\n<p><strong>\u00bfLas relaciones de las asociaciones sanitarias influyen en sus objetivos?<\/strong>, Sara Calder\u00f3n y Carlos Navarro <\/p>\n<p><strong>Crisis, mentiras, recortes y Estado del Bienestar<\/strong>, Agust\u00ed Colom <\/p>\n<p><strong>El poder de la consulta<\/strong>, GRIS (Grupo de Reflexi\u00f3n Industria-Sanidad) <\/p>\n<p><strong>Excesos en prevenci\u00f3n y rehabilitaci\u00f3n<\/strong>, Juan G\u00e9rvas <\/p>\n<p><strong>Informaci\u00f3n independiente sobre terap\u00e9utica<\/strong>, Montse Bosch y Roser Llop <\/p>\n<p><strong>La industria farmac\u00e9utica y el mundo global<\/strong>, Javier Padilla <\/p>\n<p><strong>Lectura cr\u00edtica de art\u00edculos<\/strong>, Isabel Becerra y Marta Carmona <\/p>\n<p><strong>LUC\u00cdA Y ANA: una historia de amor cualquiera<\/strong><\/p>\n<p>by <a href=\"https:\/\/vimeo.com\/user7319920\">Sara Calder\u00f3n<\/a><\/p>\n<p><em>7 days ago<\/em><\/p>\n<p><iframe loading=\"lazy\" src=\"https:\/\/player.vimeo.com\/video\/30978372?title=0&#038;byline=0&#038;portrait=0\" width=\"400\" height=\"300\" frameborder=\"0\" webkitAllowFullScreen allowFullScreen><\/iframe><\/p>\n<p><a href=\"https:\/\/vimeo.com\/30978372\">LUC\u00cdA Y ANA: una historia de amor cualquiera<\/a> from <a href=\"https:\/\/vimeo.com\/user7319920\">Sara Calder\u00f3n<\/a> on <a href=\"https:\/\/vimeo.com\">Vimeo<\/a>.<\/p>\n<p><em>Luc\u00eda es nuestra protagonista. Se licenci\u00f3 en medicina hace ya un a\u00f1o y tras realizar el examen MIR consigui\u00f3 plaza en el departamento de traumatolog\u00eda del Hospital Cl\u00ednico Universitario Lozano Blesa, Zaragoza. Inici\u00f3 su primer a\u00f1o de residencia con nerviosismo, pues tras seis a\u00f1os de larga espera al fin tendr\u00eda la ocasi\u00f3n de atender a un paciente. A pesar de los libros memorizados, la inexperiencia que arrastraba era evidente. Esa misma tarde Ana (representante farmac\u00e9utica) entr\u00f3 en su consulta y en tono amigable le ofreci\u00f3 asistir al congreso anual de la Sociedad Espa\u00f1ola de Traumat\u00f3logos. El precio ascend\u00eda a 650 euros pero Ana, generosa, se encargar\u00eda de cubrir los gastos. Tendr\u00eda la ocasi\u00f3n de escuchar a los m\u00e1s expertos hablar sobre las \u00faltimas novedades en el \u00e1mbito de la traumatolog\u00eda, combinando formaci\u00f3n con diferentes actividades sociales. Era el momento de formarse y contactar con el resto de compa\u00f1eros de su especialidad<\/em>. <\/p>\n<p><strong>Inscripciones \/ Inscripcions<\/strong><\/p>\n<p><em>Con el fin de poder preparar mejor las jornadas, necesitar\u00edamos que os inscribierais enviando un e-mail a<\/em> <a href=\"salutambseny@gmail.com\">salutambseny@gmail.com<\/a>. Haciendo constar:<\/p>\n<p>1. Nombre y Apellidos,<\/p>\n<p>2. Estudiante, Profesional o Residente,<\/p>\n<p>3. Localidad,<\/p>\n<p>4. E-mail y Tel\u00e9fono de contacto.<\/p>\n<p><strong>Importante<\/strong>: <em>Deseamos que todos los que quieran asistir puedan participar en las jornadas y, con ese fin, la inscripci\u00f3n es gratuita. Pero las plazas son limitadas. Pedimos m\u00e1xima responsabilidad al inscribirse, y en casos excepcionales, si alguien no puede asistir y ya est\u00e1 inscrito, por favor que nos escriba para darse de baja y que otra persona pueda inscribirse<\/em>.<\/p>\n<p><em>\u00a1Muchas gracias!<\/em><\/p>\n<p>\u2014\u2014\u2014\u2014\u2014\u2014\u2014\u2014\u2014\u2014\u2014\u2014\u2014\u2014\u2014\u2014\u2014\u2014\u2014\u2014\u2014<br \/>\n<em><br \/>\nAmb la intenci\u00f3 de poder preparar millor les jornades, necessitar\u00edem que us inscrigu\u00e9ssiu enviant un e-mail<\/em> <a href=\"salutambseny@gmail.com\">salutambseny@gmail.com<\/a>. Fent-hi constar:<\/p>\n<p>1. Nom i Cognoms,<\/p>\n<p>2. Estudiant, Professional o Resident,<\/p>\n<p>3. Localitat,<\/p>\n<p>4. E-mail i Tel\u00e8fon de contacte.<\/p>\n<p><strong>Important<\/strong>: <em>Desitgem que tots els que vulguin assistir puguin participar en les jornades i, per aix\u00f2, la inscripci\u00f3 \u00e9s gratu\u00efta. Per\u00f2 les places s\u00f3n limitadas. Demanem m\u00e0xima responsabilitat al inscriure\u2019s, i en casos excepcionals, si alg\u00fa no pot assistir i ja esta inscrit, si us plau que ens escrigui per donar-se de aixa i que una altre persona pugui inscriure\u2019s<\/em>.<\/p>\n<p><em>Moltes gr\u00e0cies!<\/em><\/p>\n<p><strong>About Jornadas Farmacr\u00edticxs-NoGracias<\/strong><\/p>\n<p><em>Farmacr\u00edticxs BCN<\/em>, es el grupo Farmacr\u00edticxs en la ciudad de Barcelona, incluye estudiantes de la Universitat Aut\u00f2noma de Barcelona como de la Universitat de Barcelona.<\/p>\n<p><em>Farmacr\u00edticxs<\/em> es una iniciativa creada por estudiantes de distintas Universidades y que pretende promover la \u00e9tica y la transparencia en las relaciones con la Industria Farmac\u00e9utica. M\u00e1s informaci\u00f3n: <a href=\"https:\/\/salutambseny.wordpress.com\/about\/farmacriticxs.blogspot.com\">blog<\/a> + <a href=\"https:\/\/salutambseny.wordpress.com\/about\/farmacriticxs.ifmsa-spain.org\">web<\/a>.<\/p>\n<p><em>NoGracias<\/em>: es una plataforma para incidir \u2013y cambiar\u2013 las relaciones entre la Industria Farmac\u00e9utica, la Administraci\u00f3n p\u00fablica y los Profesionales de la salud. Por iniciativa de la Federaci\u00f3n de Asociaciones para la defensa de la Sanidad P\u00fablica (FADSP) se constituye una Plataforma denominada \u201c<em>nogracias.eu<\/em>\u201d integrada en el movimiento internacional \u201c<em>Nofreelunch<\/em>\u201d y sus filiales USA, UK, \u201c<em>No Gracie, Pago Io<\/em>\u201d-Italia \u2026 La plataforma quiere sensibilizar a la sociedad y en particular al sector sanitario \u2013administraci\u00f3n, profesionales y pacientes\u2013 a fin de cambiar las relaciones, actualmente distorsionadas, con la Industria Farmac\u00e9utica. La plataforma se reconoce en la iniciativa de la OMS del \u201c<em>Buen Gobierno de los Medicamentos<\/em>\u201d: un nuevo marco \u00e9tico para poner en valor el ejercicio profesional, el uso racional de los medicamentos y el buen gobierno de las instituciones p\u00fablicas. M\u00e1s informaci\u00f3n en: <a href=\"https:\/\/salutambseny.wordpress.com\/about\/www.nogracias.eu\">web<\/a>.<\/p>\n<p>Fuente: <a href=\"https:\/\/salutambseny.wordpress.com\/\">Salut amb Seny<\/a>.<\/p>\n<p>(31 de octubre de 2011)<\/p>\n<p>&#8211; <a href=\"https:\/\/marina.swarpeca.es\/revista\/IMG\/pdf\/ii_jornada_farmacriticxs-nogracias.pdf\">II Jornada Farmacritcxs-NoGracias, Barcelona, 3 y 4\/11\/2011<\/a>: <\/p>\n<p>Un debate previo a las jornadas \u00bfPor qu\u00e9 y para qu\u00e9?, Javier Padilla, 24-10-2011 <\/p>\n<p>About Jornadas Farmacr\u00edticxs-NoGracias <\/p>\n<p><strong>Textos para el debate:<\/strong> <\/p>\n<p>\u00ab\u00bf<em>Las relaciones de las asociaciones sanitarias influyen en sus objetivos?<\/em>\u00ab, Sara Calder\u00f3n y Carlos Navarro<\/p>\n<p>\u00ab<em>Crisis, mentiras, recortes y Estado del Bienestar<\/em>\u00ab, Agust\u00ed Colom<\/p>\n<p>\u00ab<em>El poder de la consulta<\/em>\u00ab, GRIS (Grupo de Reflexi\u00f3n Industria-Sanidad)<\/p>\n<p>\u00ab<em>Excesos en los tratamientos<\/em>\u00ab, Joan-Ramon Laporte<\/p>\n<p>\u00ab<em>Excesos en prevenci\u00f3n y rehabilitaci\u00f3n<\/em>\u00ab, Juan G\u00e9rvas<\/p>\n<p>\u00ab<em>Informaci\u00f3n independiente sobre terap\u00e9utica<\/em>\u00ab, Montse Bosch y Roser Llop<\/p>\n<p>\u00ab<em>La industria farmac\u00e9utica y el mundo global<\/em>\u00ab, Javier Padilla &#8211; \u00abLectura cr\u00edtica de art\u00edculos\u00bb, Isabel Becerra y Marta Carmona<\/p>\n<p>(\u00daltima actualizaci\u00f3n: 27 de abril de 2012)<\/p>\n","protected":false},"excerpt":{"rendered":"<p>Organizadas por <em>Farmacr\u00edticxs<\/em> y <em>NoGracias<\/em> los pr\u00f3ximos 3 y 4 de noviembre tienen lugar en el Aula Magna de la Facultat de Farmacia de la Universitat de Barcelona &#8211;Avinguda Joan XXIII s\/n., junto al Camp Nou del Bar\u00e7a. Metro: Palau Reial, L3 (verde), Barcelona&#8211; las II Jornadas <em>Salut amb Seny<\/em>. La inscripci\u00f3n, gratuita, debe realizarse, cuanto antes pues las plazas son limitadas, mediante correo electr\u00f3nico dirigido a: <a href=\"salutambseny@gmail.com\">salutambseny@gmail.com<\/a>. Para ayudar en la participaci\u00f3n, se transcriben los <a href=\"http:\/\/marina.swarpeca.es\/IMG\/pdf\/textos-para-el-debate.pdf\">Textos para el debate<\/a> escritos por los ponentes de las jornadas. <\/p>\n","protected":false},"author":1,"featured_media":1613,"comment_status":"closed","ping_status":"open","sticky":false,"template":"","format":"standard","meta":{"footnotes":""},"categories":[27],"tags":[],"_links":{"self":[{"href":"https:\/\/marina.swarpeca.es\/revista\/wp-json\/wp\/v2\/posts\/1614"}],"collection":[{"href":"https:\/\/marina.swarpeca.es\/revista\/wp-json\/wp\/v2\/posts"}],"about":[{"href":"https:\/\/marina.swarpeca.es\/revista\/wp-json\/wp\/v2\/types\/post"}],"author":[{"embeddable":true,"href":"https:\/\/marina.swarpeca.es\/revista\/wp-json\/wp\/v2\/users\/1"}],"replies":[{"embeddable":true,"href":"https:\/\/marina.swarpeca.es\/revista\/wp-json\/wp\/v2\/comments?post=1614"}],"version-history":[{"count":0,"href":"https:\/\/marina.swarpeca.es\/revista\/wp-json\/wp\/v2\/posts\/1614\/revisions"}],"wp:featuredmedia":[{"embeddable":true,"href":"https:\/\/marina.swarpeca.es\/revista\/wp-json\/wp\/v2\/media\/1613"}],"wp:attachment":[{"href":"https:\/\/marina.swarpeca.es\/revista\/wp-json\/wp\/v2\/media?parent=1614"}],"wp:term":[{"taxonomy":"category","embeddable":true,"href":"https:\/\/marina.swarpeca.es\/revista\/wp-json\/wp\/v2\/categories?post=1614"},{"taxonomy":"post_tag","embeddable":true,"href":"https:\/\/marina.swarpeca.es\/revista\/wp-json\/wp\/v2\/tags?post=1614"}],"curies":[{"name":"wp","href":"https:\/\/api.w.org\/{rel}","templated":true}]}}