{"id":1600,"date":"2011-10-15T21:00:10","date_gmt":"2011-10-15T21:00:10","guid":{"rendered":"https:\/\/marina.swarpeca.es\/revista\/2011\/10\/15\/guia-de-actividades-de-biocultura-2011-del-3-al-6-de-noviembre-en-la-feria-de-madrid-ifema\/"},"modified":"2011-10-15T21:00:10","modified_gmt":"2011-10-15T21:00:10","slug":"guia-de-actividades-de-biocultura-2011-del-3-al-6-de-noviembre-en-la-feria-de-madrid-ifema","status":"publish","type":"post","link":"https:\/\/marina.swarpeca.es\/revista\/guia-de-actividades-de-biocultura-2011-del-3-al-6-de-noviembre-en-la-feria-de-madrid-ifema\/","title":{"rendered":"Gu\u00eda de actividades de Biocultura 2011, del 3 al 6 de noviembre, en la Feria de Madrid (Ifema)"},"content":{"rendered":"<p>Acompa\u00f1amos la <a href=\"https:\/\/marina.swarpeca.es\/revista\/IMG\/pdf\/biocultura-madrid-2011.pdf\">Gu\u00eda de Actividades<\/a> de la pr\u00f3xima edici\u00f3n de BioCultura que, organizada un a\u00f1o m\u00e1s por Asociaci\u00f3n Vida Sana, se celebrar\u00e1 en Feria de Madrid del 3 al 6 de noviembre: \u201c<em>En ella se incluyen todos los actos que se han previsto y para los que se ha contado con la participaci\u00f3n de numerosas personalidades: charlas, coloquios, conferencias, pase de pel\u00edculas, jornadas, Festival Ecol\u00f3gico de la Infancia MamaTerra &#8230; En total, m\u00e1s de 200 actividades que, sin duda, atraer\u00e1n la atenci\u00f3n de los miles de visitantes que est\u00e1 previsto se acerquen esos d\u00edas al recinto de Feria de Madrid (Ifema)<\/em>\u201d.<\/p>\n<p>(15 de octubre 2011)<\/p>\n","protected":false},"excerpt":{"rendered":"<p>Acompa\u00f1amos la Gu\u00eda de Actividades de la pr\u00f3xima edici\u00f3n de BioCultura que, organizada un a\u00f1o m\u00e1s por Asociaci\u00f3n Vida Sana, se celebrar\u00e1 en Feria de Madrid del 3 al 6 de noviembre: \u201cEn ella se incluyen todos los actos que se han previsto y para los que se ha contado con la participaci\u00f3n de numerosas&hellip; <a class=\"more-link\" href=\"https:\/\/marina.swarpeca.es\/revista\/guia-de-actividades-de-biocultura-2011-del-3-al-6-de-noviembre-en-la-feria-de-madrid-ifema\/\">Continuar leyendo <span class=\"screen-reader-text\">Gu\u00eda de actividades de Biocultura 2011, del 3 al 6 de noviembre, en la Feria de Madrid (Ifema)<\/span><\/a><\/p>\n","protected":false},"author":1,"featured_media":1599,"comment_status":"closed","ping_status":"open","sticky":false,"template":"","format":"standard","meta":{"footnotes":""},"categories":[27],"tags":[],"_links":{"self":[{"href":"https:\/\/marina.swarpeca.es\/revista\/wp-json\/wp\/v2\/posts\/1600"}],"collection":[{"href":"https:\/\/marina.swarpeca.es\/revista\/wp-json\/wp\/v2\/posts"}],"about":[{"href":"https:\/\/marina.swarpeca.es\/revista\/wp-json\/wp\/v2\/types\/post"}],"author":[{"embeddable":true,"href":"https:\/\/marina.swarpeca.es\/revista\/wp-json\/wp\/v2\/users\/1"}],"replies":[{"embeddable":true,"href":"https:\/\/marina.swarpeca.es\/revista\/wp-json\/wp\/v2\/comments?post=1600"}],"version-history":[{"count":0,"href":"https:\/\/marina.swarpeca.es\/revista\/wp-json\/wp\/v2\/posts\/1600\/revisions"}],"wp:featuredmedia":[{"embeddable":true,"href":"https:\/\/marina.swarpeca.es\/revista\/wp-json\/wp\/v2\/media\/1599"}],"wp:attachment":[{"href":"https:\/\/marina.swarpeca.es\/revista\/wp-json\/wp\/v2\/media?parent=1600"}],"wp:term":[{"taxonomy":"category","embeddable":true,"href":"https:\/\/marina.swarpeca.es\/revista\/wp-json\/wp\/v2\/categories?post=1600"},{"taxonomy":"post_tag","embeddable":true,"href":"https:\/\/marina.swarpeca.es\/revista\/wp-json\/wp\/v2\/tags?post=1600"}],"curies":[{"name":"wp","href":"https:\/\/api.w.org\/{rel}","templated":true}]}}