{"id":1561,"date":"2011-07-28T03:19:57","date_gmt":"2011-07-28T03:19:57","guid":{"rendered":"https:\/\/marina.swarpeca.es\/revista\/2011\/07\/28\/oxfam-presenta-su-informe-2010-2011-pobreza-desigualdad-y-desarrollo-en-el-peru\/"},"modified":"2011-07-28T03:19:57","modified_gmt":"2011-07-28T03:19:57","slug":"oxfam-presenta-su-informe-2010-2011-pobreza-desigualdad-y-desarrollo-en-el-peru","status":"publish","type":"post","link":"https:\/\/marina.swarpeca.es\/revista\/oxfam-presenta-su-informe-2010-2011-pobreza-desigualdad-y-desarrollo-en-el-peru\/","title":{"rendered":"Oxfam presenta su \u201cInforme 2010-2011: pobreza, desigualdad y desarrollo en el Per\u00fa\u201d"},"content":{"rendered":"<p>La organizaci\u00f3n cooperante solidaria internacional Oxfam lanz\u00f3 la publicaci\u00f3n \u201c<em>Informe 2010-2011: pobreza, desigualdad y desarrollo en el Per\u00fa<\/em>\u201d que aborda un conjunto de temas fundamentales para entender la realidad del pa\u00eds con el aporte de reconocidos especialistas. <\/p>\n<p>El futuro de la Amazon\u00eda, el rol del sector privado, miner\u00eda y tributaci\u00f3n, agricultura familiar, discriminaci\u00f3n racial, derechos laborales en el sector agroexportador, cambio clim\u00e1tico, nuevos liderazgos regionales y derechos de los pueblos ind\u00edgenas son algunos de los t\u00f3picos analizados.<\/p>\n<p>Frank Boeren, director de Oxfam en Per\u00fa, sostuvo que con este informe se busca contribuir a generar ideas y un informado debate sobre los cambios que se requieren promover en el Per\u00fa de cara a lograr un verdadero desarrollo inclusivo y respetuoso de los derechos de todos y todas.<\/p>\n<p>\u201c<em>El nuevo gobierno tiene el enorme reto de lograr que el alabado crecimiento econ\u00f3mico sea para todos<\/em>\u201d, dijo. En ese sentido, Boeren se\u00f1al\u00f3 que los procesos de inversi\u00f3n, actuales y futuros, deben realizarse en un marco de transparencia, informaci\u00f3n y respeto hacia los derechos de las personas y sus recursos naturales como agua y tierras.<\/p>\n<p>\u201c<em>En un contexto de crecimiento econ\u00f3mico e inversiones en la costa, sierra y selva es un imperativo activar mecanismos y puentes de informaci\u00f3n con las poblaciones locales, tomando en cuenta sus opiniones y decisiones, y evitando los conflictos sociales que enfrentan con mayor frecuencia a poblaciones y autoridades<\/em>\u201d, dijo.<\/p>\n<p>De otro lado, opin\u00f3 que, en el marco de un crecimiento econ\u00f3mico, el respeto a los derechos laborales es un elemento fundamental para garantizar un verdadero desarrollo. \u201c<em>El crecimiento de ciertos sectores econ\u00f3micos no puede basarse en la  reducci\u00f3n de derechos laborales<\/em>\u201d, sostuvo.<\/p>\n<p>Boeren se refiri\u00f3 tambi\u00e9n al importante rol econ\u00f3mico y social de la agricultura familiar, el cual contrasta con el escaso apoyo que recibe de las autoridades.<\/p>\n<p>\u201c<em>De la agricultura familiar depende buena parte de la alimentaci\u00f3n nacional. Son millones de familias en la pobreza y extrema pobreza que realizan esta actividad como sustento y, sin embargo, se trata de un sector sistem\u00e1ticamente olvidado y postergado<\/em>\u201d afirm\u00f3.<\/p>\n<p>\u201c<em>En esta nueva etapa pol\u00edtica que se inicia, es fundamental que el modelo econ\u00f3mico no centre sus apuestas \u00fanicamente en las grandes inversiones y que busque generar pol\u00edticas para incluir e impulsar a los productores rurales<\/em>\u201d, enfatiz\u00f3.<\/p>\n<p>Tomando en cuenta que son las zonas rurales m\u00e1s pobres las que tienen a la agricultura como sustento, la reducci\u00f3n de la pobreza y extrema pobreza supone invertir en el agro familiar, en el marco de pol\u00edticas de desarrollo rural.<\/p>\n<p>\u201c<em>Pero junto a la inversi\u00f3n se necesitan pol\u00edticas m\u00e1s coherentes de adaptaci\u00f3n al cambio clim\u00e1tico. No tiene sentido proteger determinada zona desde el Ministerio del Ambiente por tratarse, por ejemplo, de un ecosistema fr\u00e1gil y desde otra instancia de gobierno fomentar la inversi\u00f3n en actividades extractivas en esa misma zona<\/em>\u201d, coment\u00f3 Boeren.<\/p>\n<p>Un reto particular que enfrenta nuestro pa\u00eds es el de definir una pol\u00edtica para la Amazon\u00eda que sea responsable con el medio ambiente, que incluya a las comunidades ind\u00edgenas de manera activa y respetuosa y que, por tanto, use sus recursos sin agotarlos.<\/p>\n<p>\u201c<em>La Amazon\u00eda es un nuevo foco de inversiones, sin embargo, no debe olvidarse que es una zona altamente vulnerable, y que est\u00e1 habitada por pueblos ind\u00edgenas cuyos derechos deben ser respetados<\/em>\u201d, indic\u00f3.<\/p>\n<p>&#8211; <a href=\"https:\/\/marina.swarpeca.es\/revista\/IMG\/pdf\/informe_peru_2010_2011.pdf\">INFORME 2010-2011: POBREZA, DESIGUALDAD Y DESARROLLO EN EL PER\u00da<\/a><\/p>\n<p><img loading=\"lazy\" decoding=\"async\" class=\" alignleft size-full wp-image-1560\" src=\"https:\/\/marina.swarpeca.es\/revista\/wp-content\/uploads\/2011\/07\/peru-desigualdad.jpg\" alt=\"peru-desigualdad.jpg\" align=\"left\" width=\"222\" height=\"167\" \/><\/p>\n<p><strong>Introducci\u00f3n<\/strong><\/p>\n<p><em>Frank Boeren<\/em><\/p>\n<p><em>Director de Oxfam en el Per\u00fa<\/em><\/p>\n<p>No hay verdadero desarrollo sin inclusi\u00f3n social, una adecuada pol\u00edtica de redistribuci\u00f3n y una pol\u00edtica de Estado con el norte apuntando claramente en direcci\u00f3n del bien com\u00fan. Esta verdad, simple pero que ha sido eludida de una forma u otra en los \u00faltimos gobiernos, se ha convertido hoy en d\u00eda en la demanda fundamental de cientos de miles de peruanos y en el tema central del debate electoral que ha culminado hace pocas semanas.<\/p>\n<p>Es por ello que, tras varios lustros de innegable crecimiento econ\u00f3mico, pero que no se ha traducido, necesariamente, en mejores condiciones de vida para vastos sectores de la poblaci\u00f3n, existe una enorme expectativa por ver en acci\u00f3n a un nuevo gobierno que involucre a la poblaci\u00f3n, que sea dialogante e impulse la participaci\u00f3n, que no considere la variedad pluricultural del pa\u00eds como un lastre sino como una fortaleza, que entienda que hay otras formas de hacer desarrollo y que, en definitiva, trabaje a favor de las grandes mayor\u00edas.<\/p>\n<p>Solo as\u00ed tendremos un pa\u00eds en donde la saludable tendencia hacia arriba de los indicadores macroecon\u00f3micos no vaya acompa\u00f1ada con un incremento de conflictos sociales. Tal es el gran reto que asumir\u00e1 el gobierno de Ollanta Humala, que este a\u00f1o inicia su mandato.<\/p>\n<p>En esta nueva edici\u00f3n del d\u00e9cimo Informe Anual de Oxfam sobre Pobreza, desigualdad y desarrollo en el Per\u00fa continuamos con una tradici\u00f3n que se inici\u00f3 en 2002 por iniciativa de Oxfam Gran Breta\u00f1a y que se ampli\u00f3 en 2009 al conjunto de afiliados Oxfam trabajando en el pa\u00eds.<\/p>\n<p>De esta forma, con este Informe Oxfam busca contribuir al impulso de los cambios que se requieren para que el crecimiento econ\u00f3mico beneficie a sectores que hasta ahora se han visto marginados del mismo. El informe busca hacer esto de dos maneras: congregando a un conjunto de voces plurales pero representativas de los sectores que en todos estos a\u00f1os han venido llamando la atenci\u00f3n sobre las fallas del modelo econ\u00f3mico vigente, aunque sin dejar de apreciar las oportunidades que brinda; y en segundo lugar, mostrando las experiencias en que nuestra instituci\u00f3n est\u00e1 involucrada, experiencias que, creemos, ofrecen ejemplos sobre nuevos caminos y enfoques en la lucha contra la pobreza, la vulnerabilidad a los desastres naturales y otros problemas que afectan a los sectores de escasos recursos del pa\u00eds, urbanos y rurales.<\/p>\n<p>En este informe se analiza, por ejemplo, la avalancha de inversiones que se est\u00e1 proponiendo hacer en la selva peruana desde el Estado y el sector privado, sea en la forma de proyectos de infraestructura o explotaci\u00f3n de recursos naturales \u2013una avalancha que, de no llevarse a cabo con los debidos procesos de planificaci\u00f3n y consulta, amenaza con transformar para siempre los ritmos y ciclos ecol\u00f3gicos de una regi\u00f3n que ha sabido llegar al siglo XXI en un estado bastante natural. Pero a pesar de las dimensiones gigantescas e irreversibles de estos cambios potenciales, los procesos de planificaci\u00f3n y consulta brillan por su ausencia. Si bien la inversi\u00f3n privada es de gran importancia en el desarrollo del pa\u00eds, es preciso que se realice en el marco de una ocupaci\u00f3n racional, ordenada y ambientalmente respetuosa del territorio nacional, as\u00ed como tomando en cuenta el derecho de las poblaciones locales a ser consultadas y a participar en los procesos de decisi\u00f3n.<\/p>\n<p>Son precisamente estos temas sobre los que el nuevo gobierno debe enfocarse si lo que realmente desea es evitar nuevos conflictos sociales y trabajar por la inclusi\u00f3n de todos los peruanos.<\/p>\n<p>En otras secciones tambi\u00e9n se explora la forma en que las pol\u00edticas agrarias han sido implementadas hasta ahora, descuidando completamente a la peque\u00f1a agricultura a pesar de ser ella la principal abastecedora de alimentos del mercado interno y ser el sustento de miles de familias peruanas. Estas pol\u00edticas se han centrado principalmente en brindar apoyo a la agroexportaci\u00f3n, que representa solamente a una peque\u00f1a parte de la mano de obra y de la econom\u00eda agraria del pa\u00eds. Como consecuencia, nuestras comunidades de la costa, sierra y selva, tanto comunidades ind\u00edgenas como campesinas y de parceleros, contin\u00faan sufriendo las condiciones de la pobreza y los efectos del cambio clim\u00e1tico, sin poder ser parte activa del crecimiento econ\u00f3mico que beneficia a otros sectores.<\/p>\n<p>Estos son algunos de los aspectos que abarca este informe anual. Con \u00e9l, Oxfam busca promover una reflexi\u00f3n profunda y constructiva de la realidad nacional actual. Nuestro compromiso es seguir trabajando de la mano de nuestras muchas copartes y organizaciones aliadas locales, en las diferentes \u00e1reas en que estamos involucrados.<\/p>\n<p>En un ejercicio de transparencia sobre nuestro trabajo, las p\u00e1ginas finales de esta publicaci\u00f3n dan cuenta detallada de las inversiones y actividades que Oxfam realiz\u00f3 en Per\u00fa durante el 2010.<\/p>\n<p>Finalmente, queremos aprovechar estas p\u00e1ginas para informar a la comunidad peruana que, con el fin de fortalecer el trabajo de Oxfam en el Per\u00fa y el mundo, nos encontramos embarcados en un proceso de unificaci\u00f3n de nuestras diferentes organizaciones afiliadas, de modo tal que podamos actuar en el futuro con mayor contundencia y precisi\u00f3n. As\u00ed, tres afiliados con presencia en el Per\u00fa \u2013Oxfam Quebec, Interm\u00f3n Oxfam y Oxfam Am\u00e9rica\u2014 se unen en un solo Oxfam para contribuir de una mejor manera al desarrollo del pa\u00eds.<\/p>\n<p>\u2014<\/p>\n<p>&#8211; <a href=\"https:\/\/marina.swarpeca.es\/revista\/IMG\/pdf\/otras-noticias-relacionadas-oxfam.pdf\">OTRAS NOTICIAS:<\/a><\/p>\n<p><strong>Per\u00fa: Retomando el tema de la desigualdad<\/strong><\/p>\n<p><strong>\u00c1frica: La gente vive esperando la muerte en muchos pueblos de N\u00edger<\/strong><\/p>\n<p><strong>Bolivia: OIM brinda ayuda a 500 mil familias afectadas por intensas lluvias<\/strong><\/p>\n<p><strong>Mundo: \u201c<em>Industrias extractivas est\u00e1n involucradas en violaciones a los derechos humanos<\/em>\u201d<\/strong><\/p>\n<p><strong>Mundo: Oxfam lanza campa\u00f1a CRECE a favor de la peque\u00f1a agricultura y la justicia alimentaria<\/strong><\/p>\n<p>&#8211; <a href=\"https:\/\/marina.swarpeca.es\/revista\/IMG\/pdf\/cultivarfuturomejor.pdf\">CULTIVAR UN FUTURO MEJOR. JUSTICIA ALIMENTARIA EN UN MUNDO CON RECURSOS LIMITADOS<\/a>, CRECE, Robert Bailey y Gonzalo Fanjul, Oxfam (Gran Breta\u00f1a), junio 2011<\/p>\n<p>&#8211; <a href=\"https:\/\/marina.swarpeca.es\/revista\/IMG\/pdf\/idhalc2010.pdf\">ACTUAR SOBRE EL FUTURO: ROMPER LA TRANSMISI\u00d3N INTERGENERACIONAL DE LA DESIGUALDAD<\/a>, Informe Regional sobre Desarrollo Humano para Am\u00e9rica Latina y el Caribe 2010, PNUD, julio 2010<\/p>\n<p>Fuente: <a href=\"https:\/\/servindi.org\/actualidad\/48387\">Servindi<\/a><\/p>\n<p><strong>Cobre de las Alturas<\/strong><\/p>\n<p><embed src=\"https:\/\/www.youtube.com\/v\/FSvugMgKy7E?version=3&#038;hl=es_ES&#038;rel=0\" type=\"application\/x-shockwave-flash\" width=\"340\" height=\"223\" allowscriptaccess=\"always\" allowfullscreen=\"true\"><\/embed><\/p>\n<p>Subido por oxfamamerica el 03\/03\/2010. <strong>En el norte del Per\u00fa, los gobiernos locales, los l\u00edderes comunales y los peque\u00f1os agricultores dicen que el proyecto minero R\u00edo Blanco podr\u00eda ser devastador para las comunidades locales. En un \u00e1rea donde el agua ya es escasa, la contaminaci\u00f3n procedente de la mina podr\u00eda convertirse en un desastre ambiental para toda la regi\u00f3n<\/strong>.<\/p>\n<p><strong>Defendiendo la Justicia<\/strong><\/p>\n<p><embed src=\"https:\/\/www.youtube.com\/v\/2pCQ2wB6vFs?version=3&#038;hl=es_ES&#038;rel=0\" type=\"application\/x-shockwave-flash\" width=\"340\" height=\"223\" allowscriptaccess=\"always\" allowfullscreen=\"true\"><\/embed><\/p>\n<p>Subido por oxfamamerica el 04\/03\/2010. <strong>En 2005, miles de peruanos desarmados protestaron pac\u00edficamente en contra del proyecto cupr\u00edfero R\u00edo Blanco por explorar sin su consentimiento las tierras comunales en busca de minerales. Una vecina de la comunidad, Cleof\u00e9 Neyra, describe c\u00f3mo ella y otras 27 personas fueron secuestradas y torturadas, y narra su lucha por defender su tierra y sus derechos humanos<\/strong>.<\/p>\n<p>(28 de julio de 2011)<\/p>\n","protected":false},"excerpt":{"rendered":"<p>Recogemos varios informes cuyo principal valor es el de agrupar datos, sobre todo valiosos por su recopilaci\u00f3n en fechas relativamente recientes, acerca de la situaci\u00f3n socio-econ\u00f3mica de Per\u00fa y otros estados o pa\u00edses del cono sur y centroamericanos. Al igual que otros anteriores, ofrecen informaci\u00f3n m\u00e1s o menos contrastable que puede ser una ayuda para la comprensi\u00f3n y una herramienta m\u00e1s en la transformaci\u00f3n de las realidades que dicen describir; a pesar del inevitable sesgo que casi todos comparten, coherente con quienes los financian y facilitan su difusi\u00f3n. Son dichas instituciones las que cuentan con los medios, p\u00fablicos y privados, precisos para hacer acopio de una informaci\u00f3n y unos datos -ajustados a sus intereses, no s\u00f3lo en su interpretaci\u00f3n- cuyo conocimiento resulta, con todo, imprescindible.    <\/p>\n","protected":false},"author":1,"featured_media":1559,"comment_status":"closed","ping_status":"open","sticky":false,"template":"","format":"standard","meta":{"footnotes":""},"categories":[6],"tags":[],"_links":{"self":[{"href":"https:\/\/marina.swarpeca.es\/revista\/wp-json\/wp\/v2\/posts\/1561"}],"collection":[{"href":"https:\/\/marina.swarpeca.es\/revista\/wp-json\/wp\/v2\/posts"}],"about":[{"href":"https:\/\/marina.swarpeca.es\/revista\/wp-json\/wp\/v2\/types\/post"}],"author":[{"embeddable":true,"href":"https:\/\/marina.swarpeca.es\/revista\/wp-json\/wp\/v2\/users\/1"}],"replies":[{"embeddable":true,"href":"https:\/\/marina.swarpeca.es\/revista\/wp-json\/wp\/v2\/comments?post=1561"}],"version-history":[{"count":0,"href":"https:\/\/marina.swarpeca.es\/revista\/wp-json\/wp\/v2\/posts\/1561\/revisions"}],"wp:featuredmedia":[{"embeddable":true,"href":"https:\/\/marina.swarpeca.es\/revista\/wp-json\/wp\/v2\/media\/1559"}],"wp:attachment":[{"href":"https:\/\/marina.swarpeca.es\/revista\/wp-json\/wp\/v2\/media?parent=1561"}],"wp:term":[{"taxonomy":"category","embeddable":true,"href":"https:\/\/marina.swarpeca.es\/revista\/wp-json\/wp\/v2\/categories?post=1561"},{"taxonomy":"post_tag","embeddable":true,"href":"https:\/\/marina.swarpeca.es\/revista\/wp-json\/wp\/v2\/tags?post=1561"}],"curies":[{"name":"wp","href":"https:\/\/api.w.org\/{rel}","templated":true}]}}