{"id":1535,"date":"2011-06-22T23:48:53","date_gmt":"2011-06-22T23:48:53","guid":{"rendered":"https:\/\/marina.swarpeca.es\/revista\/2011\/06\/22\/brasil-entrevista-con-roberto-jaramillo-jesuita-y-antropologo-la-amazonia-esta-en-manos-del-narcotrafico\/"},"modified":"2011-06-22T23:48:53","modified_gmt":"2011-06-22T23:48:53","slug":"brasil-entrevista-con-roberto-jaramillo-jesuita-y-antropologo-la-amazonia-esta-en-manos-del-narcotrafico","status":"publish","type":"post","link":"https:\/\/marina.swarpeca.es\/revista\/brasil-entrevista-con-roberto-jaramillo-jesuita-y-antropologo-la-amazonia-esta-en-manos-del-narcotrafico\/","title":{"rendered":"Brasil. Entrevista con Roberto Jaramillo, jesuita y antrop\u00f3logo: \u201cLa Amazonia est\u00e1 en manos del narcotr\u00e1fico\u201d"},"content":{"rendered":"<p><strong>&#8211; La idea que se tiene a menudo de la Amazonia no corresponde a la realidad. \u00bfUsted comparte esta afirmaci\u00f3n?<\/strong><\/p>\n<p><em>S\u00ed, el imaginario de la Amazonia no coincide con la realidad. La imagen es de una tierra sin hombres, mientras que hay 40 millones de habitantes, la mayor\u00eda en zonas urbanizadas, con todos los problemas que presenta la urbanizaci\u00f3n en Am\u00e9rica Latina<\/em>.<\/p>\n<p><em>Manaus tiene casi 2 millones de habitantes, pero s\u00f3lo 17% de ellos cuenta con sistema de alcantarillado. Por lo tanto, la gran mayor\u00eda de los residuos biol\u00f3gicos y qu\u00edmicos se dispersan en el medio ambiente, en el agua. Otra paradoja: en una ciudad ubicada en la margen del r\u00edo m\u00e1s grande del mundo, s\u00f3lo 32% reciben agua en casa, mientras que el resto de la poblaci\u00f3n debe arreglarse con agua no purificada. Estos hechos destacan otro aspecto: en las ciudades amaz\u00f3nicas \u2014Manaus, Santar\u00e9m, Bel\u00e9m y otras m\u00e1s peque\u00f1as\u2014 la brecha entre ricos y pobres se manifiesta m\u00e1s que en las ciudades de la costa. En otras palabras, en la Amazonia la concentraci\u00f3n de la riqueza es mucho mayor<\/em>.<\/p>\n<p><strong>&#8211; Conocimos a muchas personas procedentes de otros estados de Brasil que se trasladaron a Manaus para trabajar. \u00bfC\u00f3mo lo explica?<\/strong><\/p>\n<p><em>En la d\u00e9cada de 1980 la junta militar<\/em> (que gobern\u00f3 entre 1964 y 1985) <em>instituy\u00f3 la zona franca<\/em> (lugar donde la imposici\u00f3n fiscal es menor) <em>de Manaus, la \u00fanica zona franca de Brasil. Hablamos de unas 500 industrias \u2014particularmente electr\u00f3nica: Sony, Thompson, Philips, pero tambi\u00e9n la Honda con sus motos y muchas otras\u2014 para aproximadamente 100,000 puestos de trabajo, pero el 90% son trabajadores con contratos temporales, especialmente mujeres. Esto significa que muchos trabajan por dos o tres meses, y luego son despedidos sin tener derecho a ninguna indemnizaci\u00f3n. Esto, aparte de que unas cuantas familias locales \u2014aquellas que en Manaus lo poseen todo\u2014 hacen negocios con inversionistas de S\u00e3o Paulo, Rio de Janeiro, Paran\u00e1. En suma, el dinero no es de Manaus y ni siquiera lo beneficia<\/em>.<\/p>\n<p><strong>&#8211; El Brasil es un pa\u00eds en r\u00e1pida expansi\u00f3n, visto con admiraci\u00f3n por muchos.<\/strong><\/p>\n<p><em>Hay estructuras democr\u00e1ticas como el voto, los peri\u00f3dicos, pero la manera de pensar es premoderna. Los gobiernos siguen siendo clientelistas. Siguiendo con la Amazonia, hay que pensar en peque\u00f1as ciudades donde el alcalde controla la econom\u00eda. \u00bfQui\u00e9n se atrever\u00e1 a desafiarlo votando en su contra, sabiendo que luego podr\u00eda perder su trabajo o que podr\u00eda perder incluso a sus familiares? Para cambiar esta situaci\u00f3n debe haber educaci\u00f3n y un adecuado periodo de tiempo<\/em>.<\/p>\n<p><strong>&#8211; \u00bfAdem\u00e1s de urbanizaci\u00f3n y clientelismo pol\u00edtico, hay otras situaciones que ustedes los misioneros hayan observado?<\/strong><\/p>\n<p><em>Otro grave problema que la gente no se imagina, quiz\u00e1s uno de los peores, es que la Amazonia est\u00e1 en manos del narcotr\u00e1fico. Las periferias de las ciudades son rehenes del comercio y consumo de drogas. El 50% de la violencia de esta ciudad proviene de la droga. Los j\u00f3venes de los suburbios no ven otra soluci\u00f3n a su existencia que fumar marihuana o aspirar coca\u00edna<\/em>.<\/p>\n<p><strong>&#8211; Habl\u00f3 de 40 millones de personas en toda la Amazonia. \u00bfCu\u00e1ntos son ind\u00edgenas? Porque hemos encontrado cifras muy discordantes.<\/strong><\/p>\n<p><em>En el censo<\/em> (del Instituto Brasile\u00f1o de Geograf\u00eda y Estad\u00edstica) <em>del 2000 hubo 750,000 personas que se declararon ind\u00edgenas. Pero 10 a\u00f1os antes eran la mitad. \u00bfQu\u00e9 ha sucedido para explicar un cambio de esta magnitud? Algo ha cambiado en la conciencia pol\u00edtica nacional por lo cual resulta conveniente declararse ind\u00edgena<\/em>.<\/p>\n<p><em>Tambi\u00e9n en el mundo ha pasado una cosa similar: antes, ser ind\u00edgena era considerado una humillaci\u00f3n, posteriormente se convirti\u00f3 en una caracter\u00edstica de la cual estar orgulloso. Pues bien, de estas 750,000 personas la FUNAI<\/em> (la estatal Fundaci\u00f3n Nacional del Ind\u00edgena) <em>reconoce como ind\u00edgenas s\u00f3lo a 380,000-400,000. Uno de los inconvenientes de la pol\u00edtica indigenista brasile\u00f1a es que un ind\u00edgena debe vivir en territorio ind\u00edgena. Por lo tanto, la mitad no son reconocidos como ind\u00edgenas por el Estado, esa mitad que vive en las ciudades: desde Rio a S\u00e3o Paulo y a Manaus<\/em>.<\/p>\n<p><em>Esas personas han nacido en la ciudad, no hablan lenguas ind\u00edgenas. Pero son ind\u00edgenas y se sienten ind\u00edgenas. Se trata de una realidad que molesta a los blancos y al gobierno, porque no saben c\u00f3mo actuar ante ellos. Pero es una realidad que a menudo produce problemas incluso dentro de las comunidades ind\u00edgenas: son acusados de no hablar la lengua ind\u00edgena, de no tener sangre totalmente ind\u00edgena, etc. En suma, hay problemas que no encuentran soluci\u00f3n ni de una parte ni de la otra<\/em>.<\/p>\n<p><strong>&#8211; \u00bfPodr\u00eda darnos un ejemplo?<\/strong><\/p>\n<p><em>Es el caso de matrimonios mixtos: los hijos de un ind\u00edgena con una blanca son ind\u00edgenas, \u00bfpero los ni\u00f1os de una ind\u00edgena con un blanco no son ind\u00edgenas. \u00bfQu\u00e9 l\u00f3gica tiene? O tambi\u00e9n la cuesti\u00f3n del idioma: \u00bfes un elemento fundamental para decir si uno es o no ind\u00edgena?<\/em>.<\/p>\n<p><strong>&#8211; Los ind\u00edgenas fuera de la Amazonia brasile\u00f1a \u2014en Per\u00fa y Ecuador particularmente \u2014 son m\u00e1s numerosos que en Brasil.<\/strong><\/p>\n<p><em>Tambi\u00e9n existe una explicaci\u00f3n hist\u00f3rica. En general, se puede afirmar que los portugueses fueron mucho m\u00e1s agresivos que los espa\u00f1oles con los pueblos ind\u00edgenas. Adem\u00e1s, los ind\u00edgenas de la cultura andina hab\u00edan alcanzado niveles de desarrollo mucho m\u00e1s elevados \u2014pensemos en el cultivo de ma\u00edz o las t\u00e9cnicas de construcci\u00f3n\u2014 con respecto a los pueblos ind\u00edgenas de las tierras bajas. Por lo tanto, por todas estas razones, el impacto entre los invasores blancos y los ind\u00edgenas fue mucho m\u00e1s fuerte en la Amazonia brasile\u00f1a. Aparte de que el clima influy\u00f3 grandemente en la propagaci\u00f3n de enfermedades y dolencias<\/em>.<\/p>\n<p><em>Los m\u00e1s optimistas entre los antrop\u00f3logos dicen que, en la \u00e9poca de la colonia, hubo aqu\u00ed unos 7 millones de ind\u00edgenas. Hoy, en toda la Amazonia, ser\u00e1n unos 2 millones<\/em>.<\/p>\n<p><strong>&#8211; El gobierno brasile\u00f1o y las empresas multinacionales se est\u00e1n aprovechando de las enormes riquezas de la Amazonia. \u00bfQu\u00e9 queda para las poblaciones locales?<\/strong><\/p>\n<p><em>El poder pol\u00edtico y econ\u00f3mico, as\u00ed como las leyes, est\u00e1n al servicio del gran capital. Que a menudo es extranjero. Pi\u00e9nsese en la IIRSA<\/em> (Iniciativa para la Integraci\u00f3n de la Infraestructura Sudamericana)<em>, que con sus megaproyectos es desconocida para la gente: canales interoc\u00e9anicos, carreteras por todos lados, otras 11 centrales hidroel\u00e9ctricas en vez de modernizar algunas de las 24 ya existentes. Lamentablemente, todos los grandes proyectos amaz\u00f3nicos se dirigen hacia un desarrollo que no est\u00e1 en equilibrio ni de acuerdo con las poblaciones<\/em>.<\/p>\n<p><strong>&#8211; \u00bfQu\u00e9 han dejado los ocho a\u00f1os de la presidencia de Luiz Ign\u00e1cio Lula da Silva?<\/strong><\/p>\n<p><em>Lula ha hecho maravillas, pero no ha hecho lo que hab\u00eda prometido. Su problema ha sido haberse confiado al capital internacional. Lula ha entregado 50-60 reales<\/em> (US$31-37) <em>al mes a 4 millones de familias que nunca hab\u00edan recibido dinero del Estado. Su redistribuci\u00f3n de los ingresos ha sido impresionante, teniendo en cuenta que un pa\u00eds como Brasil no cambia en ocho a\u00f1os. Pero los pol\u00edticos brasile\u00f1os est\u00e1n cada vez m\u00e1s en manos del gran capital. Como lo demuestra la filosof\u00eda del PAC<\/em> (Programa de Aceleraci\u00f3n del Crecimiento)<em>, que es \u201ccrecer, crecer, crecer\u201d econ\u00f3micamente, sin ning\u00fan inter\u00e9s por la salud, la educaci\u00f3n, la participaci\u00f3n, la democracia<\/em>.<\/p>\n<p><em>Sin embargo, la culpa no es de Lula, sino de los movimientos sociales que llegaron con \u00e9l, se sentaron cerca del poder y se acomodaron all\u00ed. Incluso el Movimiento de los Trabajadores Rurales Sin Tierra, como lo demuestra el n\u00famero de invasiones infinitamente menores \u2014y m\u00e1s simb\u00f3licas que reales\u2014 que se produjeron durante el gobierno de Lula<\/em>.<\/p>\n<p>Fuente: <a href=\"https:\/\/www.noticiasaliadas.org\/articles.asp?art=6399\">Noticias Aliadas<\/a><\/p>\n<p>&#8211; <a href=\"https:\/\/marina.swarpeca.es\/revista\/IMG\/pdf\/otras-noticias-servindi-22.06.2011.pdf\">Otras noticias<\/a>:<\/p>\n<p>* <strong>Amazon\u00eda: Miner\u00eda y narcotr\u00e1fico destruyen bosque tropical: Discovery Channel<\/strong><\/p>\n<p>* <strong>Amazon\u00eda: Alarmante deforestaci\u00f3n<\/strong><\/p>\n<p>* <strong>Per\u00fa: Ind\u00edgenas universitarios piden defender derechos de pueblos ind\u00edgenas<\/strong><\/p>\n<p>* <strong>Per\u00fa: Las megainversiones en la amazon\u00eda y sus impactos ambientales y sociales<\/strong><\/p>\n<p>* <strong>Per\u00fa: Wikileaks y el zorro en el gallinero<\/strong><\/p>\n<p>Fuente: <a href=\"https:\/\/servindi.org\/actualidad\/46806\">Servindi<\/a><\/p>\n<p>(22 de junio de 2011)<\/p>\n","protected":false},"excerpt":{"rendered":"<p>El sacerdote jesuita colombiano Roberto Jaramillo vive desde hace 15 a\u00f1os en la regi\u00f3n amaz\u00f3nica brasile\u00f1a. Desde el 2005 es superior regional de la Compa\u00f1\u00eda de Jes\u00fas en el estado de Amazonas. Como antrop\u00f3logo estudia los problemas relativos a los \u201c<em>ind\u00edgenas urbanos<\/em>\u201d. Paolo Moiola, colaborador de <em>Noticias Aliadas<\/em>, convers\u00f3 con Jaramillo en Manaus sobre qui\u00e9nes son y c\u00f3mo viven los habitantes de la Amazonia, la situaci\u00f3n de los pueblos ind\u00edgenas y el desarrollo que se est\u00e1 buscando.<\/p>\n","protected":false},"author":1,"featured_media":1534,"comment_status":"closed","ping_status":"open","sticky":false,"template":"","format":"standard","meta":{"footnotes":""},"categories":[5],"tags":[],"_links":{"self":[{"href":"https:\/\/marina.swarpeca.es\/revista\/wp-json\/wp\/v2\/posts\/1535"}],"collection":[{"href":"https:\/\/marina.swarpeca.es\/revista\/wp-json\/wp\/v2\/posts"}],"about":[{"href":"https:\/\/marina.swarpeca.es\/revista\/wp-json\/wp\/v2\/types\/post"}],"author":[{"embeddable":true,"href":"https:\/\/marina.swarpeca.es\/revista\/wp-json\/wp\/v2\/users\/1"}],"replies":[{"embeddable":true,"href":"https:\/\/marina.swarpeca.es\/revista\/wp-json\/wp\/v2\/comments?post=1535"}],"version-history":[{"count":0,"href":"https:\/\/marina.swarpeca.es\/revista\/wp-json\/wp\/v2\/posts\/1535\/revisions"}],"wp:featuredmedia":[{"embeddable":true,"href":"https:\/\/marina.swarpeca.es\/revista\/wp-json\/wp\/v2\/media\/1534"}],"wp:attachment":[{"href":"https:\/\/marina.swarpeca.es\/revista\/wp-json\/wp\/v2\/media?parent=1535"}],"wp:term":[{"taxonomy":"category","embeddable":true,"href":"https:\/\/marina.swarpeca.es\/revista\/wp-json\/wp\/v2\/categories?post=1535"},{"taxonomy":"post_tag","embeddable":true,"href":"https:\/\/marina.swarpeca.es\/revista\/wp-json\/wp\/v2\/tags?post=1535"}],"curies":[{"name":"wp","href":"https:\/\/api.w.org\/{rel}","templated":true}]}}