{"id":1533,"date":"2011-06-22T13:35:30","date_gmt":"2011-06-22T13:35:30","guid":{"rendered":"https:\/\/marina.swarpeca.es\/revista\/2011\/06\/22\/agrotoxicos-fumigados-en-nordeste-argentino-efectos-del-endosulfan-en-la-salud\/"},"modified":"2011-06-22T13:35:30","modified_gmt":"2011-06-22T13:35:30","slug":"agrotoxicos-fumigados-en-nordeste-argentino-efectos-del-endosulfan-en-la-salud","status":"publish","type":"post","link":"https:\/\/marina.swarpeca.es\/revista\/agrotoxicos-fumigados-en-nordeste-argentino-efectos-del-endosulfan-en-la-salud\/","title":{"rendered":"Agrot\u00f3xicos fumigados en nordeste argentino; efectos del endosulf\u00e1n en la salud"},"content":{"rendered":"<p>Fuente: <a href=\"https:\/\/renace.net\/?p=1063#more-1063\">RENACE (Red Nacional de Acci\u00f3n Ecologista)<\/a>&#8211; Argentina [[- <a href=\"https:\/\/marina.swarpeca.es\/revista\/IMG\/pdf\/renace-argentina-boletin-651.pdf\">RENACE- Argentina, Bolet\u00edn n\u00ba 651, 13-06-2011:<\/a><\/p>\n<p>*<strong>Argentina: El proyecto Navidad<\/strong> <\/p>\n<p>*<strong>Aplastante triunfo antinuclear en Italia<\/strong> <\/p>\n<p>*<strong>El fantasma de la epidemiolog\u00eda \u2026 no recorre Argentina<\/strong> <\/p>\n<p>*<strong>Esto pasa hoy en nuestras escuelas<\/strong> <\/p>\n<p>*<strong>Comunicado de Jun\u00edn<\/strong> <\/p>\n<p>*<strong>Marcha del Frente Nacional Campesino lleg\u00f3 a Rosario<\/strong> <\/p>\n<p>*<strong>Conclusiones y Propuestas del 1er Encuentro de Pueblos Fumigados del Nordeste <\/strong> <\/p>\n<p>*<strong>Bolivia: \u00a1NO a los transg\u00e9nicos!<\/strong> <\/p>\n<p>*<strong>Repudiamos las \u00f3rdenes de allanamiento y detenci\u00f3n de los compa\u00f1eros del Movimiento Nacional Campesino Ind\u00edgena <\/strong> <\/p>\n<p>*<strong>Argentina: la fiebre del litio<\/strong> <\/p>\n<p>*<strong>M\u00e1s de 9300 firmas por la reclasificaci\u00f3n de agroqu\u00edmicos<\/strong> <\/p>\n<p>*<strong>Presentaci\u00f3n Plantas Nativas en Lan\u00fas<\/strong><\/p>\n<p>&#8211; <a href=\"https:\/\/marina.swarpeca.es\/revista\/IMG\/pdf\/suplemento-piuke-248.pdf\">Suplemento Piuk\u00e9 N\u00ba 248 del Diario El Cordillerano<\/a>.]]<\/p>\n<p>Pasaron seis meses desde la presentaci\u00f3n de la petici\u00f3n y de que el Defensor del Pueblo emitiera la Recomendaci\u00f3n. <\/p>\n<p>Pero contin\u00faa la indiferencia de las autoridades responsables del Ministerio de Agricultura, Ganader\u00eda y Pesca de la Naci\u00f3n por los da\u00f1os a la salud que los agroqu\u00edmicos est\u00e1n generando a la poblaci\u00f3n.<\/p>\n<p>Los agroqu\u00edmicos pulverizados en la Argentina generan serios riesgos y da\u00f1os a la salud a millones de habitantes que viven cerca de las zonas fumigadas.<\/p>\n<p>El Ministerio de Agricultura, Ganader\u00eda y Pesca de la Naci\u00f3n, en las personas del Ministro Sr. Juli\u00e1n Andr\u00e9s Dom\u00ednguez, y del Viceministro Ing. Agr\u00f3nomo Lorenzo Basso se niegan a responder a la petici\u00f3n del cambio de metodolog\u00eda que cuenta con la adhesi\u00f3n de 10.000 firmas recogidas en los pueblos que padecen los da\u00f1os que les producen los pesticidas y en los que se solidarizan con ellos. <\/p>\n<p>Ni siquiera han respondido a la solicitud de que informen cu\u00e1les son los pesticidas y c\u00f3cteles autorizados para ser pulverizados, ni cu\u00e1les son los laboratorios registrados para hacer los estudios correspondientes.<\/p>\n<p><a href=\"https:\/\/www.redeco.com.ar\/nv\/index.php\">Fuente: Red Eco Alternativo<\/a><\/p>\n<p><img loading=\"lazy\" decoding=\"async\" class=\" aligncenter size-full wp-image-1529\" src=\"https:\/\/marina.swarpeca.es\/revista\/wp-content\/uploads\/2011\/06\/renace-argentina.jpg\" alt=\"renace-argentina.jpg\" align=\"center\" width=\"450\" height=\"55\" srcset=\"https:\/\/marina.swarpeca.es\/revista\/wp-content\/uploads\/2011\/06\/renace-argentina.jpg 450w, https:\/\/marina.swarpeca.es\/revista\/wp-content\/uploads\/2011\/06\/renace-argentina-300x37.jpg 300w\" sizes=\"(max-width: 450px) 100vw, 450px\" \/><\/p>\n<p><strong>Escuelas rurales fumigadas con agot\u00f3xicos<\/strong> <em>17 de junio de 2011<\/em><\/p>\n<p><strong> <em>Reenvia: CAMPA\u00d1A \u201cPAREN DE FUMIGARNOS!\u201d- Santa Fe<\/em> <\/strong><\/p>\n<p>\u201c<em>Los agrot\u00f3xicos incrementan el aprendizaje en nuestros ni\u00f1os<\/em>\u201d: tal parece ser la sentencia emitida por el gobierno provincial y avalada por un sinn\u00famero de corporaciones, asociaciones profesionales, productores agr\u00edcolas, entre otros, al permitir fumigar con venenos en las proximidades de escuelas rurales de Santa Fe.<\/p>\n<p>El Centro de Protecci\u00f3n a la Naturaleza (CEPRONAT), como miembro de la Campa\u00f1a \u201c<strong> <em>Paren de Fumigarnos!<\/em> <\/strong>\u201d ha recibido en los \u00faltimos d\u00edas numerosos informes de docentes, vecinos y padres preocupados por esta situaci\u00f3n \u2013con apoyo de registros gr\u00e1ficos-, de que \u201cmosquitos\u201d y avionetas han realizado fumigaciones a escas\u00edsima distancia de establecimientos educativos, algunas a 15 metros y con los alumnos en clase. <\/p>\n<p>Las escuelas rurales primarias <strong>Almafuerte<\/strong>, de Paraje El Omb\u00fa (cercano a Arroyo Seco); <strong>Villa Amelia<\/strong> (cercana a Rosario); <strong>Paraje El Mataco<\/strong> (cercano a La Rubia), son s\u00f3lo una muestra de lo que sucede con las <strong>m\u00e1s de 800 escuelas rurales de nuestra provincia, que reciben las gotas de veneno sobre las cabezas de docentes y alumnos<\/strong>.<\/p>\n<p>Indignan estas informaciones que referencian a una actividad habitual puesto que no se trata de personas que realizan acciones aisladas o que no cumplen con las pretendidas e ilusorias \u201cbuenas pr\u00e1cticas agr\u00edcolas\u201d: <strong>son empresarios y productores asesorados por ingenieros agr\u00f3nomos \u2013la mayor\u00eda contratados por los proveedores de agroqu\u00edmicos y semillas- que a lo largo y a lo ancho de nuestro territorio, con el gui\u00f1o c\u00f3mplice de gobiernos comunales y municipales, pulverizan venenos a escasa distancia sin respetar leyes ni el elemental derecho a la salud y al ambiente<\/strong>.<\/p>\n<p>En el mes de julio del a\u00f1o 2010, el gobierno provincial elev\u00f3 a la Legislatura el proyecto de modificaci\u00f3n de los art\u00edculos 33, 34 y 38 de la ley 11.273, entre otros, estableciendo l\u00edmites precisos a las fumigaciones seg\u00fan la categor\u00eda toxicol\u00f3gica de los productos. El art\u00edculo 38 se encuentra dedicado espec\u00edficamente al herbicida glifosato y es taxativo al respecto, al afirmar que \u201c<em>Sin perjuicio de lo dispuesto y por aplicaci\u00f3n de id\u00e9ntico principio,<\/em> (principio de precauci\u00f3n) <em>se proh\u00edbe la aplicaci\u00f3n a\u00e9rea de <strong>glifosato<\/strong> dentro de los mil<\/em> (1000) <em>metros del l\u00edmite de la planta urbana y su aplicaci\u00f3n terrestre dentro de los quinientos<\/em> (500) <em>metros de la misma y de los de establecimientos educacionales rurales, de parques industriales, de complejos deportivos y recreativos, de zonas de inter\u00e9s tur\u00edstico, barrios privados y caser\u00edos, \u00e1reas naturales protegidas declaradas tales por autoridad competente, de los r\u00edos, arroyos, lagunas y humedales se\u00f1alados en la cartograf\u00eda oficial<\/em>\u201d. <\/p>\n<p>Estas modificaciones a la ley -mal llamada- de Fitosanitarios, tiene media sanci\u00f3n de la C\u00e1mara de Diputados de la provincia, pero hoy duerme cajoneado en las comisiones del Senado provincial.<\/p>\n<p>\u00bf<strong>Los agrot\u00f3xicos<\/strong> incrementan el aprendizaje en nuestros ni\u00f1os? Debemos contestar con un rotundo NO. <strong>Adem\u00e1s de eliminar algunas supuestas especies plagas, contaminar y simplificar la fauna ed\u00e1fica, hacer perder calidad al agua subterr\u00e1nea y convertir a las aguas superficiales en c\u00e1maras de tortura para la ictiofauna, eliminan neuronas, generan problemas a nivel endocrino, potencian enfermedades respiratorias y disparan las estad\u00edsticas de abortos, malformaciones y c\u00e1ncer<\/strong>.<\/p>\n<p>&#8211; Por lo tanto, y hasta tanto se decida en la Legislatura y a los efectos de preservar la salud de los santafesinos, <strong>reclamamos \u2013al igual que m\u00e1s de 20.000 santafesinos que as\u00ed lo han expresado con sus firmas en el petitorio entregado al Sr Gobernador \u2013 que el gobierno provincial determine, para todos los municipios y comunas de Santa Fe, en forma urgente y necesaria una zona de exclusi\u00f3n de fumigaciones con cualquier tipo de producto qu\u00edmico, de 800 metros para las pulverizaciones terrestres y de 1.500 metros para las aplicaciones a\u00e9reas, de las plantas urbanas de nuestros pueblos fumigados<\/strong> <a href=\"https:\/\/marina.swarpeca.es\/revista\/IMG\/pdf\/fallo-judicial-limitando-fumigaciones.pdf\">tal como lo ha establecido el reciente fallo del Juez Trist\u00e1n Martinez del Juzgado Civil y Comercial de San Jorge<\/a>.<\/p>\n<p>Asimismo, <strong>que se establezca, en forma preventiva, un \u00e1rea de protecci\u00f3n de 500 metros, como m\u00ednimo, alrededor de los establecimientos educativos, de parques industriales, de complejos deportivos y recreativos, de zonas de inter\u00e9s tur\u00edstico, barrios privados y caser\u00edos, \u00e1reas naturales protegidas, r\u00edos, arroyos, lagunas y humedales<\/strong>.<\/p>\n<p>Finalmente, Sr. Gobernador y ahora candidato a la Presidencia de la Naci\u00f3n, perm\u00edtanos recordarle que <strong>las ganancias econ\u00f3micas moment\u00e1neas obtenidas a trav\u00e9s de los impuestos no alcanzar\u00e1n a pagar el tratamiento de los adultos y ni\u00f1os afectados en su salud \u201cde por vida\u201d por los agrot\u00f3xicos<\/strong>.<\/p>\n<p>Campa\u00f1a <strong>\u201c<em>Paren de Fumigarnos!<\/em>\u201d<\/strong><\/p>\n<p>Centro de Protecci\u00f3n a la Naturaleza. Santa Fe.<\/p>\n<p>Asoc. Civil Muyuqui \u2013 San Justo<\/p>\n<p>Agrup. Dejate Sorprender \u2013 Hersilia<\/p>\n<p>Adhiere: AMSAFE\/CTA Santa Fe<\/p>\n<p><strong>Para m\u00e1s informaci\u00f3n<\/strong><\/p>\n<p>Luis Carreras \u2013 3424225832<\/p>\n<p>Patricio Acu\u00f1a \u2013 3498402611<\/p>\n<p>Carlos A. Manessi \u2013 3426145532<\/p>\n<p>Fernando Albrecht \u2013 3491509043<\/p>\n<p>Fuente: <a href=\"https:\/\/renace.net\/?p=1045\">RENACE &#8211; Argentina<\/a><\/p>\n<p><img loading=\"lazy\" decoding=\"async\" class=\" alignleft size-full wp-image-1530\" src=\"https:\/\/marina.swarpeca.es\/revista\/wp-content\/uploads\/2011\/06\/pulverizador.jpg\" alt=\"pulverizador.jpg\" align=\"left\" width=\"222\" height=\"138\" \/><\/p>\n<p><strong>Conclusiones y Propuestas del 1er Encuentro de Pueblos Fumigados del Nordeste<\/strong>, <em>10 junio 2011<\/em><\/p>\n<p><strong>\u201c<em>Reunidos en el 1er Encuentro de Pueblos Fumigados del Nordeste declaramos desde el Iber\u00e1: que los pueblos fumigados del Nordeste nos encontramos por primera vez motivados por la problem\u00e1tica com\u00fan que nos afecta; el deterioro de nuestra salud y medio ambiente producto de la incesante utilizaci\u00f3n de agro-t\u00f3xicos en la periferia de nuestras comunidades y campos donde trabajamos<\/em>\u201d<\/strong>.<\/p>\n<p>1er Encuentro de Pueblos Fumigados del Nordeste-<\/p>\n<p>Colonia Carlos Pellegrini, Iber\u00e1, Corrientes-<\/p>\n<p>4 y 5 de Junio de 2011<\/p>\n<p>Reunidos en el 1er Encuentro de Pueblos Fumigados del Nordeste declaramos desde el Iber\u00e1: que los pueblos fumigados del Nordeste nos encontramos por primera vez motivados por la problem\u00e1tica com\u00fan que nos afecta; el deterioro de nuestra salud y medio ambiente producto de la incesante utilizaci\u00f3n de agro-t\u00f3xicos en la periferia de nuestras comunidades y campos donde trabajamos. Analizamos en conjunto la problem\u00e1tica de las zonas y pueblos fumigados y asumimos que significa que estamos evaluando s\u00f3lo uno de los emergentes de los tantos que se derivan del modelo socio productivo que hegemoniza la producci\u00f3n agropecuaria desde los a\u00f1os \u00b490. Entendemos que abordar el problema s\u00f3lo desde los emergentes nos llevar\u00eda a dilapidar esfuerzos, y a un callej\u00f3n sin salida que nos impedir\u00eda avanzar en remover las causas estructurales.<\/p>\n<p>Por lo tanto debemos proponer e impulsar masiva y sostenidamente medidas que influyan en cambiar el escenario en los principales factores que est\u00e1n en juego en esta problem\u00e1tica. Es decir medidas que tanto canalicen las denuncias y las urgencias que tenemos, como algunas que incidan en los cambios estructurales que necesitamos.<\/p>\n<p>Es as\u00ed que tomando varias de las iniciativas que ya est\u00e1n en marcha en la Argentina, proponemos coordinar regionalmente y unificar nacionalmente para generar pol\u00edticas y estrategias que impulsen hasta que se concreten, los siguientes puntos:<\/p>\n<p><strong>Propuesta Provincial (Corrientes)<\/strong><\/p>\n<p><strong>1- Relanzamiento de las campa\u00f1as Salvemos al Iber\u00e1 y el Ayu\u00ed<\/strong><\/p>\n<p>1.1 Dise\u00f1ar entre todas las organizaciones ambientales, instituciones, sindicatos, centros de estudiantes, organizaciones, rurales, eclesi\u00e1sticas, municipios, partidos pol\u00edticos y toda expresi\u00f3n organizada de la sociedad, una nueva estrategia que permita frenar la destrucci\u00f3n y contaminaci\u00f3n de los humedales correntinos en especial los del sistema Iber\u00e1 y el Ayu\u00ed, y exprese el fuerte rechazo ciudadano que existe en contra de los proyectos y actividades que los ponen en riesgo.<\/p>\n<p>1.2 Difundir y apoyar entre todas las organizaciones la lucha por justicia y esclarecimiento de las muertes y afecciones a la salud de las poblaciones expuestas a los agroqu\u00edmicos. Como son los casos recientes y prioritarios ocurridos en Lavalle.<\/p>\n<p>1.3 Coordinar los esfuerzos ciudadanos para el fin inmediato de las fumigaciones sobre poblaci\u00f3n humana como ocurre en las Localidades de Colonia Carlos Pellegrini, Chavarr\u00eda, Ita Bate, Santa Lucia y Lavalle entre otras tantas.<\/p>\n<p><strong>Propuesta Regional<\/strong><\/p>\n<p><strong>2- Creaci\u00f3n de un espacio de articulaci\u00f3n entre organizaciones del Nordeste Argentino<\/strong><\/p>\n<p>2.1 Sentar las bases para la creaci\u00f3n de un foro o coordinadora de organizaciones de las provincias de Formosa, Chaco, Corrientes y Misiones que se constituya como espacio de centralizaci\u00f3n de la informaci\u00f3n sobre las problem\u00e1ticas socio \u2013 ambientales del \u00e1mbito rural de nuestra regi\u00f3n con especial \u00e9nfasis en la contaminaci\u00f3n producida por los agroqu\u00edmicos.<\/p>\n<p>2.2 Buscar los mecanismos de trabajo interno necesarios para desarrollar v\u00ednculos sin\u00e9rgicos entre las organizaciones a fin de apoyarse mutuamente de manera efectiva en el avance de la resoluci\u00f3n de los problemas y luchas que enfrentan.<\/p>\n<p>2.3 Articular desde este espacio con el resto de las iniciativas provinciales y regionales que trabajan contra las fumigaciones y la utilizaci\u00f3n de agroqu\u00edmicos.<\/p>\n<p>2.4 Habilitar una p\u00e1gina web que permita cargar, transmitir, intercambiar tanto las denuncias, las situaciones de alerta, como las experiencias positivas, los documentos o cursos que se est\u00e1n produciendo a lo largo y ancho del pa\u00eds y Latinoam\u00e9rica, referido a la tem\u00e1tica socio ambiental. El sitio debe tener solvencia t\u00e9cnica, jur\u00eddica y est\u00e9tica, as\u00ed como autoridad pol\u00edtica y \u00e9tica (por ejemplo, no deber\u00eda aceptarse aportes o datos sin certezas o firma responsable). Adem\u00e1s que debe tener un entorno amigable para el com\u00fan de la ciudadan\u00eda.<\/p>\n<p>2.5 Decidir (entre las organizaciones que adhieran) la metodolog\u00eda de trabajo en com\u00fan y el sistema de toma de decisiones as\u00ed como tambi\u00e9n lo necesario para dar cumplimiento a los puntos anteriores.<\/p>\n<p>2.6 Fijar lugar y fecha de un nuevo encuentro que sea continuador de lo expuesto en este documento.<\/p>\n<p><strong>Propuesta Nacional<\/strong><\/p>\n<p><strong>3-Medidas para incidir en los emergentes:<\/strong><\/p>\n<p>3.1 Impulsar nacionalmente la ley de completa prohibici\u00f3n de la fumigaci\u00f3n a\u00e9rea en todo el territorio nacional, y limitar la fumigaci\u00f3n terrestre a una distancia de 2.000 mts de pobladores y cursos de agua. Esta Ley tendr\u00e1 car\u00e1cter de Presupuesto m\u00ednimo nacional, seg\u00fan art\u00edculo 41 de la Constituci\u00f3n Nacional.<\/p>\n<p>3.2 Impulsar la re-categorizaci\u00f3n de los agroqu\u00edmicos y el cambio de metodolog\u00eda de evaluaci\u00f3n, de acuerdo a la propuesta del Ing. Claudio Lowy, actualmente con apoyo del Defensor del Pueblo. Proponer que en el futuro las categorizaciones no dependan de una simple Resoluci\u00f3n del SENASA como hasta ahora, sino de un Equipo Interdisciplinario, con participaci\u00f3n de las Universidades Nacionales, Institutos estatales de Toxicolog\u00eda, que actuar\u00e1 como entidad aut\u00e1rquica, aut\u00f3noma y con control legislativo.<\/p>\n<p><strong>4-Medidas de Esclarecimiento, Monitoreo y Control:<\/strong><\/p>\n<p>4.1 Estudios epidemiol\u00f3gicos de tipo descriptivo, retrospectivos y prospectivos de las localidades y pueblos fumigados; y vigilancia epidemiol\u00f3gica de los mismos, con dise\u00f1o acorde y pertinente al caso en estudio; profundizando el esp\u00edritu y la letra del Decreto Nacional N\u00ba26\/09 de la Presidencia de la Naci\u00f3n.<\/p>\n<p>4.2 Incorporar en las leyes educativas provinciales la necesidad de la formaci\u00f3n de la conciencia eco ambiental, como eje transversal del proceso educativo, como ya se pudo incorporar en la Ley de Educaci\u00f3n del Chaco (art 139 \u2013 Ley N\u00ba 6691) y Ley N\u00ba 4910 (que crea el plan de educaci\u00f3n ambiental, para el desarrollo progresivo y permanente del hombre y su comunidad)<\/p>\n<p>4.3 Fondo de Reparaci\u00f3n para pueblos fumigados, y sus pobladores m\u00e1s afectados: debe surgir de una contribuci\u00f3n de las empresas productoras de agroqu\u00edmicos (de los que producen los categorizados como clase Ia; Ib; II y III; m\u00e1s una cuota parte de los productores que han fumigado y los que persisten en las fumigaciones sobre poblaciones.<\/p>\n<p><strong>5-Medidas para incidir en las Causas de fondo:<\/strong><\/p>\n<p>5.1 Promoci\u00f3n de la Agricultura Familiar y de cooperativas. La Agroecol\u00f3gica como opci\u00f3n sostenible en la producci\u00f3n agraria en general y de agroalimentos en particular, destinando un m\u00ednimo de 7,5% de las retenciones a la exportaci\u00f3n agropecuaria para este fin, de los cuales 2,5% deber\u00e1n destinarse a la investigaci\u00f3n y desarrollo tecnol\u00f3gico de esta misma pol\u00edtica.<\/p>\n<p>5.2 Ley de Trazabilidad para toda la producci\u00f3n alimentaria: es decir debe incorporarse en las etiquetas de la totalidad de los productos alimentarios al menos tres datos adicionales, adem\u00e1s de los que hoy ya tienen:<\/p>\n<p>a) Si ese producto tiene o no alg\u00fan elemento transg\u00e9nico en su proceso;<\/p>\n<p>b) Fases del proceso que atraves\u00f3 el producto (origen, eslabones, y destino) con sus respectivas referencias;<\/p>\n<p>c) Si es de origen agroecol\u00f3gico u org\u00e1nico (y responsables de la Certificaci\u00f3n). Esto apunta a la Promoci\u00f3n del consumo responsable y con consentimiento informado; de tal forma de superar la actual etapa de que la ciudadan\u00eda no puede elegir qu\u00e9 consumir y qu\u00e9 no; puesto que estamos rehenes del marketing y de cadenas productivas y comerciales que desconocemos.<\/p>\n<p><strong>Propuesta Internacional<\/strong><\/p>\n<p><strong>6- Fortalecimiento de las relaciones con organizaciones e individuos del Paraguay y Brasil<\/strong><\/p>\n<p>6.1 Reconociendo las estrechas similitudes culturales, sociales, hist\u00f3ricas, ambientales y problem\u00e1ticas en com\u00fan, se propone estrechar los v\u00ednculos con las organizaciones y profesionales que trabajen sobre las problem\u00e1ticas de las fumigaciones, contaminaci\u00f3n producida por los agroqu\u00edmicos y la defensa de los humedales.<\/p>\n<p>6.2 Invitar y estimular la participaci\u00f3n de compa\u00f1eros paraguayos y brasileros en todos los encuentros que se realicen en la Argentina.<\/p>\n<p>6.3 Compartir y difundir informaci\u00f3n y estudios sobre las problem\u00e1ticas comunes que nos afectan.<\/p>\n<p>6.4 Impulsar que en los foros internacionales que integran nuestros pa\u00edses se incluya y trabaje sobre el manejo sustentable de nuestros humedales comunes y la finalizaci\u00f3n de la contaminaci\u00f3n de los mismos.<\/p>\n<p>Fuente <a href=\"https:\/\/renace.net\/?p=1008\">RENACE &#8211; Argentina<\/a><\/p>\n<p><img loading=\"lazy\" decoding=\"async\" class=\" alignleft size-full wp-image-1531\" src=\"https:\/\/marina.swarpeca.es\/revista\/wp-content\/uploads\/2011\/06\/endosulfan-2.jpg\" alt=\"endosulfan-2.jpg\" align=\"left\" width=\"300\" height=\"300\" srcset=\"https:\/\/marina.swarpeca.es\/revista\/wp-content\/uploads\/2011\/06\/endosulfan-2.jpg 300w, https:\/\/marina.swarpeca.es\/revista\/wp-content\/uploads\/2011\/06\/endosulfan-2-150x150.jpg 150w\" sizes=\"(max-width: 300px) 100vw, 300px\" \/><\/p>\n<p><strong>Defensor\u00eda del Pueblo de la Naci\u00f3n pide prohibir YA el endosulf\u00e1n<\/strong>, <em>14 de junio de 2011<\/em><\/p>\n<p><strong>Por Resoluci\u00f3n N\u00ba 101\/11, sobre prohibici\u00f3n del insecticida organoclorado, Endosulf\u00e1n, el Defensor del Pueblo de la Naci\u00f3n recomend\u00f3 a la Secretar\u00eda de Agricultura, Ganader\u00eda y Pesca de la Naci\u00f3n, que proh\u00edba de inmediato el uso del Endosulf\u00e1n en las actividades agr\u00edcolas, en el \u00e1mbito de la Rep\u00fablica Argentina<\/strong>.<\/p>\n<p>Respaldan esta recomendaci\u00f3n, entre otros, los siguientes considerandos:<\/p>\n<p>\u00ab<em>Consultado el Ministerio de Salud de la Naci\u00f3n, sobre la toxicidad del Endosulf\u00e1n, respondi\u00f3 que tiene propiedades carcinog\u00e9nicas para los seres humanos, especialmente en los casos de exposici\u00f3n cr\u00f3nica. Adem\u00e1s, provoca alteraciones neurol\u00f3gicas que pueden asociarse con da\u00f1os cerebrales permanentes, manifest\u00e1ndose con deterioro cognitivo y emocional, da\u00f1os en la memoria y afecci\u00f3n visual. Tambi\u00e9n afecta el sistema inmunol\u00f3gico; tiene efectos adversos sobre el sistema reproductivo masculino, los ri\u00f1ones y el h\u00edgado; puede provocar hipotiroidismo y da\u00f1a los gl\u00f3bulos rojos sangu\u00edneos<\/em>.<\/p>\n<p><em>Por estas razones, la producci\u00f3n, importaci\u00f3n y uso de Plaguicidas Org\u00e1nicos Persistentes, grupo qu\u00edmico al que pertenece el Endosulf\u00e1n, est\u00e1 prohibido por el mencionado Ministerio, en todos los \u00e1mbitos de competencia del Sector Salud, para cualquier fin que invoque acciones sanitarias (Resoluci\u00f3n 364\/1999)<\/em>.<\/p>\n<p><em>La Organizaci\u00f3n Mundial de la Salud (OMS), clasific\u00f3 toxicol\u00f3gicamente al Endosulf\u00e1n en la Clase 1b (altamente t\u00f3xico), y su uso est\u00e1 restringido en 23 pa\u00edses y prohibido en otros 57<\/em>.<\/p>\n<p><em>Por \u00faltimo, nuestro pa\u00eds, bas\u00e1ndose en las evaluaciones de riesgo de la sustancia en cuesti\u00f3n, en su car\u00e1cter de miembro del Comit\u00e9 de Examen de los Contaminantes Org\u00e1nicos Persistentes (Convenci\u00f3n de Estocolmo),  recomend\u00f3 la inclusi\u00f3n del Endosulf\u00e1n en el anexo A del Convenio<\/em>.<\/p>\n<p><em>No obstante lo dicho, este insecticida mantiene en la actualidad un amplio uso en actividades agr\u00edcolas en Argentina, aplic\u00e1ndose principalmente, sobre cultivos extensivos (soja, girasol, ma\u00edz), hortalizas (tomate) y frutales (pera, manzana, durazno, entre otros)<\/em>\u201d.<\/p>\n<p>\u201c<em>SENASA ha desarrollado un proyecto de prohibici\u00f3n paulatina del Endosulf\u00e1n, con prohibici\u00f3n total a diciembre de 2015, situaci\u00f3n que por las razones expuestas, no es compartido por esta Defensor\u00eda y motiv\u00f3 la firma de la Resoluci\u00f3n 101\/11, recomendando la prohibici\u00f3n inmediata del insecticida<\/em>\u201d.<\/p>\n<p>Fuente: <a href=\"https:\/\/renace.net\/?p=1031\">RENACE &#8211; Argentina<\/a><\/p>\n<p><img loading=\"lazy\" decoding=\"async\" class=\" alignleft size-full wp-image-1532\" src=\"https:\/\/marina.swarpeca.es\/revista\/wp-content\/uploads\/2011\/06\/endosulfan2.jpg\" alt=\"endosulfan2.jpg\" align=\"left\" width=\"250\" height=\"178\" \/><\/p>\n<p><strong>El pesticida endosulf\u00e1n ser\u00e1 prohibido por sus graves efectos sobre la salud<\/strong><\/p>\n<p><em>Fuente: Agencia EFE<\/em><\/p>\n<p>Un pesticida ampliamente utilizado en la agricultura, el endosulf\u00e1n, ser\u00e1 retirado del mercado en 2012 por sus graves efectos sobre la salud de los trabajadores del sector y las comunidades rurales pr\u00f3ximas a las tierras donde se utiliza este producto.<\/p>\n<p>El Programa de las Naciones Unidas para el Medio Ambiente (PNUMA) explic\u00f3 que la medida fue adoptada por representantes de 127 pa\u00edses reunidos en Ginebra, que acordaron incorporar el endosulf\u00e1n a una lista que por ahora incluye 21 contaminantes org\u00e1nicos persistentes que est\u00e1n prohibidos.<\/p>\n<p>A partir de esta decisi\u00f3n y en el plazo de un a\u00f1o, ese pesticida tendr\u00e1 que quedar fuera de circulaci\u00f3n, despu\u00e9s de que varios estudios demostraran su extrema toxicidad por contacto d\u00e9rmico o inhalaci\u00f3n.<\/p>\n<p>A pesar de ser altamente peligroso para el ser humano, el uso del endosulf\u00e1n est\u00e1 generalizado en la agricultura y se utiliza en cultivos como algod\u00f3n, caf\u00e9, t\u00e9, tabaco, tomate, cebolla, patata, manzana y mango, entre otros.<\/p>\n<p>El especialista de la Secretar\u00eda de la Convenci\u00f3n de Estocolmo (relativa a los contaminantes org\u00e1nicos persistentes) David Ogden dijo a <em>Efe<\/em> que los pa\u00edses donde m\u00e1s se ha utilizado este pesticida son Argentina, Australia, Brasil, China, India, M\u00e9xico, Pakist\u00e1n y Estados Unidos.<\/p>\n<p>Sin embargo, Estados Unidos, Brasil y Argentina lo prohibieron recientemente mediante disposiciones internas. Ogden precis\u00f3 que la producci\u00f3n de endosulf\u00e1n es de 18.000 a 20.000 toneladas anuales, que provienen principalmente de Brasil, China, India, Israel y Corea del Sur.<br \/>\nSu utilizaci\u00f3n es extensa \u201c<em>debido a que es un pesticida efectivo y barato<\/em>\u201d, indic\u00f3.<\/p>\n<p>No obstante, se ha constatado su relaci\u00f3n con des\u00f3rdenes cong\u00e9nitos en reci\u00e9n nacidos y casos de retraso mental, agreg\u00f3 el especialista.<\/p>\n<p>En caso de que los trabajadores que manipulan el pesticida no est\u00e9n adecuadamente protegidos con ropa y equipos especiales, como ocurre frecuentemente en los pa\u00edses en desarrollo, se exponen a un envenenamiento agudo.<\/p>\n<p>El impacto del pesticida en los consumidores, a trav\u00e9s de la ingesta de alimentos pulverizados con \u00e9l, a\u00fan no est\u00e1 documentado.<\/p>\n<p>Fuente: <a href=\"https:\/\/www.mediocontaminados.com.ar\/?p=1269\">Medio contaminados<\/a><\/p>\n<p>(22 de junio de 2011)<\/p>\n","protected":false},"excerpt":{"rendered":"<p>&#8211; Hoy, mi\u00e9rcoles 22 de junio, a las 12, ante el Ministerio argentino de Agricultura, Ganader\u00eda y Pesca (Paseo Col\u00f3n 982, Ciudad de Buenos Aires), tiene lugar una conferencia de prensa con motivo de <a href=\"http:\/\/marina.swarpeca.es\/IMG\/pdf\/huelga-de-hambre.pdf\">la huelga de hambre iniciada hace 9 d\u00edas<\/a> por el Ingeniero Claudio Lowy para reclamar el cambio en la metodolog\u00eda de clasificaci\u00f3n de los agroqu\u00edmicos, que ya cuenta con m\u00e1s de 9.300 adhesiones de las provincias afectadas.<\/p>\n","protected":false},"author":1,"featured_media":1528,"comment_status":"closed","ping_status":"open","sticky":false,"template":"","format":"standard","meta":{"footnotes":""},"categories":[5],"tags":[],"_links":{"self":[{"href":"https:\/\/marina.swarpeca.es\/revista\/wp-json\/wp\/v2\/posts\/1533"}],"collection":[{"href":"https:\/\/marina.swarpeca.es\/revista\/wp-json\/wp\/v2\/posts"}],"about":[{"href":"https:\/\/marina.swarpeca.es\/revista\/wp-json\/wp\/v2\/types\/post"}],"author":[{"embeddable":true,"href":"https:\/\/marina.swarpeca.es\/revista\/wp-json\/wp\/v2\/users\/1"}],"replies":[{"embeddable":true,"href":"https:\/\/marina.swarpeca.es\/revista\/wp-json\/wp\/v2\/comments?post=1533"}],"version-history":[{"count":0,"href":"https:\/\/marina.swarpeca.es\/revista\/wp-json\/wp\/v2\/posts\/1533\/revisions"}],"wp:featuredmedia":[{"embeddable":true,"href":"https:\/\/marina.swarpeca.es\/revista\/wp-json\/wp\/v2\/media\/1528"}],"wp:attachment":[{"href":"https:\/\/marina.swarpeca.es\/revista\/wp-json\/wp\/v2\/media?parent=1533"}],"wp:term":[{"taxonomy":"category","embeddable":true,"href":"https:\/\/marina.swarpeca.es\/revista\/wp-json\/wp\/v2\/categories?post=1533"},{"taxonomy":"post_tag","embeddable":true,"href":"https:\/\/marina.swarpeca.es\/revista\/wp-json\/wp\/v2\/tags?post=1533"}],"curies":[{"name":"wp","href":"https:\/\/api.w.org\/{rel}","templated":true}]}}