{"id":1527,"date":"2011-06-17T15:24:43","date_gmt":"2011-06-17T15:24:43","guid":{"rendered":"https:\/\/marina.swarpeca.es\/revista\/2011\/06\/17\/bolivia-lecciones-aprendidas-sobre-consulta-previa-nuevo-libro-de-cejis-boletin-plurinacional-no-3-mayo-2011-el-derecho-a-la-consulta-previa-libre-e-informada-de-los-pueblos\/"},"modified":"2011-06-17T15:24:43","modified_gmt":"2011-06-17T15:24:43","slug":"bolivia-lecciones-aprendidas-sobre-consulta-previa-nuevo-libro-de-cejis-boletin-plurinacional-no-3-mayo-2011-el-derecho-a-la-consulta-previa-libre-e-informada-de-los-pueblos","status":"publish","type":"post","link":"https:\/\/marina.swarpeca.es\/revista\/bolivia-lecciones-aprendidas-sobre-consulta-previa-nuevo-libro-de-cejis-boletin-plurinacional-no-3-mayo-2011-el-derecho-a-la-consulta-previa-libre-e-informada-de-los-pueblos\/","title":{"rendered":"Bolivia: \u201cLecciones aprendidas sobre consulta previa\u201d, nuevo libro de CEJIS \/ Bolet\u00edn Plurinacional n\u00ba 3, mayo 2011 \/ \u00abEl derecho a la consulta previa, libre e informada de los pueblos ind\u00edgenas\u00bb, Aportes DPLF n\u00ba 14, setiembre 2010"},"content":{"rendered":"<p>Las conclusiones del manual bien pueden ser \u00fatiles para iniciar un proceso de identificaci\u00f3n comparativa, para aquellas organizaciones ind\u00edgenas originarias y campesinas que pretendan realizar procesos de consulta o para quienes pretendan apoyar a realizarlas en menor medida.<\/p>\n<p>Los autores son conscientes de la importancia que tiene una adecuada ejecuci\u00f3n de la consulta previa para las naciones y pueblos en Bolivia en el camino de consolidar el Estado Plurinacional y hacer viable el modelo civilizatorio del <em>Vivir Bien<\/em>.<\/p>\n<p>&#8211; <a href=\"https:\/\/marina.swarpeca.es\/revista\/IMG\/pdf\/relacionados.pdf\">Otras noticias<\/a>:<\/p>\n<p>* <strong>Colombia: El Plan Nacional de Desarrollo, en el laberinto del poder afro<\/strong><\/p>\n<p>* <strong>Panam\u00e1: El derecho a la consulta de los pueblos ind\u00edgenas<\/strong><\/p>\n<p>* <strong>Per\u00fa: Congreso consultar\u00e1 a PPII sobre Ley Forestal y Fauna Silvestre<\/strong><\/p>\n<p>* <strong>Per\u00fa: Defensora del Pueblo exhorta a Energ\u00eda y Minas que reglamente derecho a consulta<\/strong><\/p>\n<p>&#8211; <a href=\"https:\/\/marina.swarpeca.es\/revista\/IMG\/pdf\/aportes14.pdf\">* Am\u00e9rica: Lanzan revista dedicada al derecho a la consulta libre, previa e informada de los PP.II.<\/a><\/p>\n<p>Fuente: <a href=\"https:\/\/servindi.org\/\">Servindi<\/a><\/p>\n<p><strong>Presentaci\u00f3n<\/strong><\/p>\n<p>El Centro de Estudios Jur\u00eddicos e Investigaci\u00f3n Social desde hace 32 a\u00f1os<br \/>\ndesarrolla un constante trabajo en el acompa\u00f1amiento a diversos procesos de las organizaciones sociales ind\u00edgenas originarias y campesinas del pa\u00eds, lo que ha generado una experiencia institucional en temas de derechos humanos, saneamiento y titulaci\u00f3n de tierras, gesti\u00f3n territorial y procesos auton\u00f3micos, recursos naturales e industrias extractivas, capitalizando las experiencias en todo el proceso pre y post constituyente as\u00ed como, m\u00e1s recientemente, en el desarrollo de propuestas para la formulaci\u00f3n de las nuevas leyes y pol\u00edticas p\u00fablicas.<\/p>\n<p>As\u00ed, en los \u00faltimos a\u00f1os nuestra oficina regional en la ciudad de La Paz ha<br \/>\nrealizado un trabajo de fortalecimiento de capacidades, articulaci\u00f3n org\u00e1nica,<br \/>\nproposici\u00f3n normativa e incidencia pol\u00edtica, destinado a diferentes organizaciones ind\u00edgenas, en diversas latitudes de tierras altas y tierras bajas, en materia de consulta previa y monitoreo socioambiental. Estas dos l\u00edneas de acci\u00f3n sustentan el campo de intervenci\u00f3n del plan de control y vigilancia socioambiental a las actividades extractivas, con mayor \u00e9nfasis en los hidrocarburos y la miner\u00eda, tem\u00e1ticas que nos llevan \u2014sustentados en lo acumulado en la defensa y protecci\u00f3n de los derechos humanos frente a estas problem\u00e1ticas\u2014 a presentar este trabajo de sistematizaci\u00f3n de experiencias vividas por las naciones y pueblos ind\u00edgenas originarios y campesinos, que adem\u00e1s incorporan propuestas en torno a la implementaci\u00f3n del modelo de gesti\u00f3n de los recursos naturales como manda nuestra reciente Constituci\u00f3n Pol\u00edtica del Estado.<\/p>\n<p>Por lo tanto, dejamos en manos de los lectores este documento para el an\u00e1lisis y la reflexi\u00f3n, como una forma de compartir, desde este espacio, elementos para el debate en diversos escenarios en donde se puedan establecer estrategias para el efectivo cumplimiento de estos derechos.<\/p>\n<p><strong>Leonardo Tamburini<\/strong><\/p>\n<p>Director Ejecutivo<\/p>\n<p><em>Centro de Estudios Jur\u00eddicos e Investigaci\u00f3n Social<\/em><\/p>\n<p>(17 de junio de 2011)<\/p>\n","protected":false},"excerpt":{"rendered":"<p>&#8211; <a href=\"http:\/\/marina.swarpeca.es\/IMG\/pdf\/lecciones_aprendidas_sobre_consulta_previa_final_pdf.pdf\">Lecciones aprendidas sobre consulta previa<\/a>, nueva publicaci\u00f3n del <a href=\"http:\/\/www.cejis.org\/\">Centro de Estudios Jur\u00eddicos e Investigaci\u00f3n Social<\/a> (CEJIS) [[<strong>Los pueblos ind\u00edgenas del T.I.P.N.I.S convocan a una marcha nacional en rechazo de la carretera Villa Tunari &#8211; San Ignacio de Mojos<\/strong> <\/p>\n<p><img loading=\"lazy\" decoding=\"async\" class=\" alignleft size-full wp-image-1524\" src=\"https:\/\/herbogeminis.com\/revistawp-content\/uploads\/2011\/06\/marcha_nacional_tipnis_bolivia.jpg\" alt=\"marcha_nacional_tipnis_bolivia.jpg\" align=\"left\" width=\"211\" height=\"158\" \/><\/p>\n<p>Trinidad, <strong>9 de junio 2011<\/strong>\/<em>CEJIS<\/em>. Los representantes de la Subcentral del Territorio Ind\u00edgena y Parque Nacional Isiboro Secur\u00e9 (TIPNIS), dirigentes de la Central de Pueblos Ind\u00edgenas del Beni (CPIB), Central de Mujeres Ind\u00edgenas del Beni (CMIB), la Central de Pueblos Etnicos Moje\u00f1os del Beni (CPEMB) declararon el estado de emergencia y movilizaci\u00f3n frente a la construcci\u00f3n de la carretera Villa Tunari- San Ignacio de Mojos, inaugurada por el Gobierno Nacional el pasado 3 de junio.<\/p>\n<p>Los pueblos Moje\u00f1os, Yuracar\u00e9 y Chimane denunciaron la violaci\u00f3n de derechos humanos y de los convenios y acuerdos internacionales por parte del Gobierno, por la falta de consulta para la ejecuci\u00f3n del proyecto y vulneraci\u00f3n de los procedimientos t\u00e9cnico-administrativos requeridos para obtener la licencia ambiental.<\/p>\n<p>&#8211; <a href=\"http:\/\/marina.swarpeca.es\/IMG\/pdf\/cejis.pdf\">Sub Central de Pueblos Ind\u00edgenas Moje\u00f1os-Yuracar\u00e9-Chimane del Territorio Ind\u00edgena Parque Nacional Isiboro S\u00e9cure (TIPNIS), Resoluci\u00f3n n\u00ba 01\/2011, 09-06-2011<\/p>\n<p>Art\u00edculos relacionados:<\/a><\/p>\n<p>*<em>Evo deja plantados a ind\u00edgenas moje\u00f1os, estos (anuncian) plantean marcha a La Paz<\/em>, Erbol, La Paz, <strong>10-06-2011<\/strong><\/p>\n<p>*<em>Ind\u00edgenas: Carretera por el TIPNIS oculta un af\u00e1n extractivista del Gobierno<\/em>, Erbol, Trinidad, <strong>14-06-2011<\/strong><\/p>\n<p>*<em>ABC busca consenso con ind\u00edgenas para ingresar al TIPNIS y elaborar dise\u00f1o final<\/em>, Erbol, La Paz, <strong>10-06-2011<\/strong><\/p>\n<p><img loading=\"lazy\" decoding=\"async\" class=\" alignleft size-full wp-image-1525\" src=\"https:\/\/herbogeminis.com\/revistawp-content\/uploads\/2011\/06\/rosmery_gutierrez_1.jpg\" alt=\"rosmery_gutierrez_1.jpg\" align=\"left\" width=\"211\" height=\"158\" \/><\/p>\n<p><strong>Curul Yuracar\u00e9-Moje\u00f1o en Santa Cruz: La Asamblea con rostro ind\u00edgena <\/strong> <\/p>\n<p>Por <strong>Leonardo Tamburini<\/strong>, Director del <em>CEJIS<\/em>, <strong>26 mayo 2011<\/strong><\/p>\n<p>Despu\u00e9s de varias idas y venidas y con una marcha en sus puertas, la Asamblea Legislativa de Santa Cruz posesion\u00f3 a Rosmery Guti\u00e9rrez de Galindo como la asamble\u00edsta 28 de este departamento, completando as\u00ed su composici\u00f3n. La sesi\u00f3n del jueves tuvo ribetes hist\u00f3ricos en tres direcciones: primero, porque provoc\u00f3 una doble ruptura de la coalici\u00f3n oficialista cruce\u00f1a mantenida por el Frente Amplio, de extracci\u00f3n emenerrista, y la agrupaci\u00f3n Verdes, e interna de la misma fuerza pol\u00edtica que sostiene al gobernador Rub\u00e9n Costas. As\u00ed, se gener\u00f3 el mismo escenario que en Beni: el Gobernador no controla la Asamblea, bajo un proceso judicial en su contra.<\/p>\n<p>&#8211; <a href=\"http:\/\/marina.swarpeca.es\/IMG\/pdf\/cejis.pdf\">Leer m\u00e1s<\/a><\/p>\n<p><img loading=\"lazy\" decoding=\"async\" class=\" alignleft size-full wp-image-1526\" src=\"https:\/\/herbogeminis.com\/revistawp-content\/uploads\/2011\/06\/bp_numero_3.jpg\" alt=\"bp_numero_3.jpg\" align=\"left\" width=\"211\" height=\"158\" \/><\/p>\n<p><a href=\"http:\/\/marina.swarpeca.es\/IMG\/pdf\/boletin_plurinacional_mayo_2011_2_.pdf\">Bolet\u00edn Plurinacional n\u00ba 3, mayo 2011<\/a>, 11-05-2011<\/p>\n<p>Presentamos la tercera edici\u00f3n del Bolet\u00edn Plurinacional, publicaci\u00f3n de la <em>CIDOB<\/em> en coordinaci\u00f3n con <em>CEJIS<\/em>, dedicada al Acto de Recordaci\u00f3n y Reflexi\u00f3n sobre la Lucha del Pueblo Guaran\u00ed que tuvo lugar el 8 de abril del presente a\u00f1o en la comunidad Caraparicito, capitan\u00eda de Alto Parapet\u00ed. Hace pocos meses 15 mil hectar\u00e9as de esta hacienda fueron revertidas y entregadas a las familias guaran\u00edes luego de la expropiaci\u00f3n de los anteriores due\u00f1os a ra\u00edz de existencia de relaciones servidumbrales. Es en este sitio hist\u00f3rico donde se realiz\u00f3 el evento recordatorio cuyo objetivo fue reconocer a los l\u00edderes ind\u00edgenas, aliados e instituciones que participaron en la lucha por la liberaci\u00f3n de las familias cautivas y por la liberaci\u00f3n de su territorio ancestral.]] coordinada por Iv\u00e1n Bascop\u00e9 Sanjin\u00e9s y auspiciada por <em>Oxfam<\/em>, retoma el debate sobre la aplicaci\u00f3n del derecho a la consulta previa en Bolivia e intenta establecer sus aspectos sustantivos y de procedimiento, tener en cuenta lo aprendido por otras organizaciones ind\u00edgenas y colocar una ruta de propuesta adaptada a las necesidades e intereses de quienes est\u00e1n en esta tarea.<\/p>\n","protected":false},"author":1,"featured_media":1523,"comment_status":"closed","ping_status":"open","sticky":false,"template":"","format":"standard","meta":{"footnotes":""},"categories":[35],"tags":[],"_links":{"self":[{"href":"https:\/\/marina.swarpeca.es\/revista\/wp-json\/wp\/v2\/posts\/1527"}],"collection":[{"href":"https:\/\/marina.swarpeca.es\/revista\/wp-json\/wp\/v2\/posts"}],"about":[{"href":"https:\/\/marina.swarpeca.es\/revista\/wp-json\/wp\/v2\/types\/post"}],"author":[{"embeddable":true,"href":"https:\/\/marina.swarpeca.es\/revista\/wp-json\/wp\/v2\/users\/1"}],"replies":[{"embeddable":true,"href":"https:\/\/marina.swarpeca.es\/revista\/wp-json\/wp\/v2\/comments?post=1527"}],"version-history":[{"count":0,"href":"https:\/\/marina.swarpeca.es\/revista\/wp-json\/wp\/v2\/posts\/1527\/revisions"}],"wp:featuredmedia":[{"embeddable":true,"href":"https:\/\/marina.swarpeca.es\/revista\/wp-json\/wp\/v2\/media\/1523"}],"wp:attachment":[{"href":"https:\/\/marina.swarpeca.es\/revista\/wp-json\/wp\/v2\/media?parent=1527"}],"wp:term":[{"taxonomy":"category","embeddable":true,"href":"https:\/\/marina.swarpeca.es\/revista\/wp-json\/wp\/v2\/categories?post=1527"},{"taxonomy":"post_tag","embeddable":true,"href":"https:\/\/marina.swarpeca.es\/revista\/wp-json\/wp\/v2\/tags?post=1527"}],"curies":[{"name":"wp","href":"https:\/\/api.w.org\/{rel}","templated":true}]}}