{"id":1522,"date":"2011-06-16T07:06:56","date_gmt":"2011-06-16T07:06:56","guid":{"rendered":"https:\/\/marina.swarpeca.es\/revista\/2011\/06\/16\/asociaciones-feministas-denuncian-en-el-estado-espanol-la-imposibilidad-legal-de-practicar-una-interrupcion-voluntaria-del-embarazo-consecuencia-de-una-violacion-a-una-menor-de-12-anos-por-superar\/"},"modified":"2011-06-16T07:06:56","modified_gmt":"2011-06-16T07:06:56","slug":"asociaciones-feministas-denuncian-en-el-estado-espanol-la-imposibilidad-legal-de-practicar-una-interrupcion-voluntaria-del-embarazo-consecuencia-de-una-violacion-a-una-menor-de-12-anos-por-superar","status":"publish","type":"post","link":"https:\/\/marina.swarpeca.es\/revista\/asociaciones-feministas-denuncian-en-el-estado-espanol-la-imposibilidad-legal-de-practicar-una-interrupcion-voluntaria-del-embarazo-consecuencia-de-una-violacion-a-una-menor-de-12-anos-por-superar\/","title":{"rendered":"Asociaciones Feministas denuncian en el estado espa\u00f1ol la imposibilidad legal de practicar una interrupci\u00f3n &#8216;voluntaria&#8217; del embarazo, consecuencia de una violaci\u00f3n, a una menor de 12 a\u00f1os por superar las 22 semanas de gestaci\u00f3n"},"content":{"rendered":"<p>(imagen: <a href=\"https:\/\/www.rtve.es\/noticias\/ministerio-sanidad-politica-social--igualdad\/\"><em>Leire Paj\u00edn<\/em><\/a><em>, ministra de sanidad, pol\u00edtica social e igualdad del gobierno espa\u00f1ol<\/em>).<\/p>\n<p>* <em>Nuestra alarma y preocupaci\u00f3n por la situaci\u00f3n tan dram\u00e1tica e injusta de violencia f\u00edsica, psicol\u00f3gica e institucional que est\u00e1 viviendo esta menor. Adem\u00e1s de las secuelas f\u00edsicas, ps\u00edquicas y el riesgo vital, que se le pueden causar a su vida y su futuro, si es obligada a una maternidad no deseada producto de una violaci\u00f3n. Para ella, nuestro m\u00e1ximo apoyo y solidaridad. Lamentablemente, esto ha sido posible por las restricciones existentes en una Ley que permite que puedan darse casos tan graves como el ocurrido<\/em>.<\/p>\n<p>* <em>Las graves deficiencias que presenta la nueva ley de aborto, en relaci\u00f3n al reconocimiento del derecho de las mujeres a decidir sobre su propio cuerpo y su vida. En la actual ley de salud sexual y reproductiva y de interrupci\u00f3n voluntaria del embarazo se ha producido un retroceso legislativo respecto a la anterior normativa, basado en la restricci\u00f3n del concepto integral de salud acu\u00f1ado por la OMS. En este sentido, como ya denunciamos en su d\u00eda, esta nueva Ley no contempla la interrupci\u00f3n sin plazo cuando exista un pron\u00f3stico de grave riesgo para la salud f\u00edsica y ps\u00edquica de la mujer, dejando as\u00ed desprotegidas a las mujeres en las situaciones m\u00e1s dif\u00edciles, cuando presentan m\u00e1s 22 semanas de gestaci\u00f3n, sin tener en cuenta los riesgos que pueden causarlas la obligaci\u00f3n de llevar a t\u00e9rmino un embarazo en dichas circunstancias<\/em>.<\/p>\n<p>* <em>La desprotecci\u00f3n de las mujeres frente a sectores profesionales que tratan de imponer las lecturas m\u00e1s restrictivas de la ya restrictiva ley recientemente aprobada<\/em>.<\/p>\n<p><strong>Por todo ello, Exigimos<\/strong><\/p>\n<p>* <em>Que el equipo m\u00e9dico reconsidere su postura y vuelva a realizar una evaluaci\u00f3n reconociendo el riesgo vital que conlleva para la menor llevar a t\u00e9rmino un embarazo en estas circunstancias<\/em>.<\/p>\n<p>* <em>Que en la evaluaci\u00f3n del juez, se priorice ante todo el inter\u00e9s de la menor gestante en todas sus dimensiones: f\u00edsicas, ps\u00edquicas y sociales<\/em>.<\/p>\n<p>* <em>Que se esclarezcan si ha existido dejadez y\/o dilaci\u00f3n en el tiempo por parte de las administraciones correspondientes, que haya podido favorecer la superaci\u00f3n de las 22 semanas de gestaci\u00f3n, y por lo tanto no entrar dentro de los supuestos reconocidos en la ley. De confirmarse esta situaci\u00f3n, desde las organizaciones feministas exigimos que se diriman las responsabilidades jur\u00eddicas oportunas contra quien pueda proceder<\/em>.<\/p>\n<p>* <em>Una ley que reconozca y garantice el derecho a la autonom\u00eda reproductiva de las mujeres, estableciendo su decisi\u00f3n personal como causa exclusiva para la interrupci\u00f3n de su embarazo. Esta decisi\u00f3n puede venir motivada por muy distintas circunstancias: riesgo para su salud, malformaci\u00f3n fetal, o muchas otras cuestiones que afectan a su bienestar f\u00edsico y emocional y a su proyecto de vida. Cuestiones sobre las que s\u00f3lo la mujer puede determinar su valor e importancia para su vida. Debiendo respetarse el car\u00e1cter soberano de su decisi\u00f3n que no puede ser impuesta externamente por nadie<\/em>.<\/p>\n<p>* <em>Un cambio legislativo en el que el aborto deje de estar tipificado como delito y por tanto regulado en el C\u00f3digo Penal, y pase a estar regulado como el derecho que tienen las mujeres a interrumpir voluntariamente su embarazo y a decidir sobre su maternidad<\/em>.<\/p>\n<p>* <em>El reconocimiento de este derecho preciso y claro, de forma que su pr\u00e1ctica no se vea condicionada ni obstaculizada por la valoraci\u00f3n y juicios morales de terceras personas o por la ausencia de servicios<\/em>.<\/p>\n<p>* <em>La cobertura de la interrupci\u00f3n voluntaria del embarazo en la red hospitalaria y extrahospitalaria p\u00fablica de forma que se garantice el car\u00e1cter universal de esta prestaci\u00f3n y se normalice como prestaci\u00f3n sanitaria<\/em>.<\/p>\n<p>* <em>Una regulaci\u00f3n de la objeci\u00f3n de conciencia que precise sus l\u00edmites y que garantice que todos los centros p\u00fablicos dispongan de los equipos de profesionales necesarios para atender la demanda de aborto de las mujeres, habiendo p\u00fablica la relaci\u00f3n del personal objetor y garantizando que el nuevo personal contratado no se acoge a esta figura<\/em>.<\/p>\n<p><strong>Apoyan el manifiesto, a 9 de Junio 2011<\/strong><\/p>\n<p>AMPLIA \/\/ Arabako Emakumeen Asanblada &#8211; Asamblea de mujeres de Araba \/\/ Area de la Dona de Intersindical Valenciana \/\/ Asamblea de dones d&#8217;elx \/\/ Asamblea de mujeres de Albacete \/\/ Asamblea de Mujeres de Bizkaia \/\/ Asamblea de Mujeres de Cantabria \/\/ Asamblea de Mujeres de Granada \/\/ Asamblea de Mujeres de Palencia \/\/ Asamblea de mujeres de salamanca \/\/ Asamblea de Mujeres Yerbabuena de C\u00f3rdoba \/\/ Asamblea Feminista de Madrid \/\/ Asociaci\u00f3n Atenea \/\/ Asociaci\u00f3n de Agents per la Igualtat d&#8217; Oportunitats ( AIO) de Barcelona \/\/ Asociaci\u00f3n de Mujeres 8 de Marzo (Plasencia): \/\/ Asociaci\u00f3n de mujeres J\u00f3venes de la Regi\u00f3n de Murcia: 8 de marzo \/\/ Asociaci\u00f3n de mujeres sabias y emprendedoras MUSABEM \/\/ Asociaci\u00f3n HETAIRA \/\/ Asociaci\u00f3n Malvaluna (M\u00e9rida): \/\/ Asociaci\u00f3n Sare Elkartea \/\/ asociaci\u00f3n Vida Sin Violencia \/\/ Associaci\u00f3 de Dones de les Iles Balears per a la Salut (ADIBS) \/\/ Associaci\u00f3 de Planificaci\u00f3 Familiar de Catalunya i Balears \/\/ Associaci\u00f3 Dinamitzadora de la Xarxa Feminista de Catalunya \/\/ ATC libertad \/\/ Ca la Dona \/\/ Calala Fondo de Mujeres \/\/ Campanya pel dret a l\u2019avortament (Catalunya) \/\/ Casa de la Dona de Valencia \/\/ Cat\u00f3licas por el derecho a decidir de Nicaragua \/\/ Centre Ant\u00edgona &#8211; Facultat de Dret (UAB) \/\/ Colectiva Feminista La Revuelta (Neuqu\u00e9n-Patagonia Argentina) \/\/ Colectivo de Mujeres Hijas de Lilith \/\/ Colectivo Feminista de Huesca \/\/ Colectivo feminista Las Tejedoras \/\/ Comisi\u00f3n 8 de Mar\u00e7 (Valencia): \/\/ Comisi\u00f3n de Salud Sexual y Reproductiva de la XIDPIC.CAT-XIPAVG (Red Internacional de Mujeres Periodistas y Comunicadoras de Catalu\u00f1a- Red Internacional de Periodistas con Visi\u00f3n de G\u00e9nero) \/\/ Coordinadora de Organizaciones Feministas de Zaragoza \/\/ Coordinadora Estatal de Organizaciones Feministas \/\/ Creaci\u00f3n Positiva \/\/ Dones de Xirivella en Acci\u00f3 \/\/ Emakume Intenazionalistak (Iru\u00f1a) \/\/ Forum de Pol\u00edtica Feminista \/\/ GENERA (Red de Mujeres Feministas por la Equidad de g\u00e9nero en el Desarrollo) \/\/ Grup de Suport al Colectivo de Mujeres de Matagalpa. \/\/ Grupo Mujeres de Carabanchel \/\/ LAMIAS. Mujeres J\u00f3venes de Navarra- Nafarroako Emakume Gazteak \/\/ LUMATZA, colectivo de bolleras feministas de Nafarroa\/Navarra \/\/ Marxa Mundial de Dones Val\u00e8ncia \/\/ Marxa Mundial de les Dones de Catalunya \/\/ Medeak \/\/ Mujeres de Acci\u00f3n en Red Madrid \/\/ Mujeres Vecinales de Madrid \/\/ Nosotras No Nos Resignamos \/\/ Organizaci\u00f3n aut\u00f3noma de mujeres contra la violencia y la impunidad &#8211; Cochabamba, Bolivia \/\/ Organizaci\u00f3n de Mujeres de la Confederaci\u00f3n Intersindical \/\/ Pikarrai Kolektiboa \/\/ PLataforma Catalana de Suport al Lobby Europeu de Dones \/\/ Plataforma Violencia Cero de M\u00e1laga \/\/ Programa Mujeres, Salud y Calidad de Vida del CAPS \/\/ Secretar\u00eda Confederal de la Mujer de CCOO del Pais Valenciano \/\/ Secretar\u00eda Confederal de la Mujer de Comisiones Obreras \/\/ Secretaria de la Dona de CCOO de Catalunya \/\/ Secretar\u00eda de la Mujer de Ustea \/\/ Secretaria de la Mujer y Pol\u00edticas de Igualdad del Sindicato Nacional de CCOO de Galicia \/\/ Secretar\u00eda Mujer de CC.OO. de M\u00e1laga \/\/ Tamaia Viure sense viol\u00e8ncia (Barcelona) \/\/ Tertulia Feminista Les Rosal\u00edes \/\/ Xarxa de Dones per la salut<\/p>\n<p><strong>Adhesiones<\/strong>: coordinadora@feministas.org<\/p>\n<p><a href=\"https:\/\/www.trasversales.net\/\">Trasversales<\/a><\/p>\n<p>(16 de junio de 2011)<\/p>\n","protected":false},"excerpt":{"rendered":"<p>Comunicado: Ante la <a href=\"http:\/\/marina.swarpeca.es\/IMG\/pdf\/aborto-violacion.pdf\">noticia aparecida en prensa el pasado d\u00eda 3 de Junio<\/a>, sobre la negativa a realizar una interrupci\u00f3n de embarazo a una ni\u00f1a de 12 a\u00f1os embarazada como consecuencia de una violaci\u00f3n, oblig\u00e1ndola a llevar a t\u00e9rmino su embarazo por estar de m\u00e1s de 22 semanas de gestaci\u00f3n y no entrar dentro de los supuestos de la nueva <a href=\"http:\/\/marina.swarpeca.es\/IMG\/pdf\/boe-a-2010-3514_ive.pdf\">ley de salud sexual y reproductiva y de la interrupci\u00f3n voluntaria del embarazo<\/a>, las Asociaciones Feministas queremos manifestar:<\/p>\n","protected":false},"author":1,"featured_media":1521,"comment_status":"closed","ping_status":"open","sticky":false,"template":"","format":"standard","meta":{"footnotes":""},"categories":[40],"tags":[],"_links":{"self":[{"href":"https:\/\/marina.swarpeca.es\/revista\/wp-json\/wp\/v2\/posts\/1522"}],"collection":[{"href":"https:\/\/marina.swarpeca.es\/revista\/wp-json\/wp\/v2\/posts"}],"about":[{"href":"https:\/\/marina.swarpeca.es\/revista\/wp-json\/wp\/v2\/types\/post"}],"author":[{"embeddable":true,"href":"https:\/\/marina.swarpeca.es\/revista\/wp-json\/wp\/v2\/users\/1"}],"replies":[{"embeddable":true,"href":"https:\/\/marina.swarpeca.es\/revista\/wp-json\/wp\/v2\/comments?post=1522"}],"version-history":[{"count":0,"href":"https:\/\/marina.swarpeca.es\/revista\/wp-json\/wp\/v2\/posts\/1522\/revisions"}],"wp:featuredmedia":[{"embeddable":true,"href":"https:\/\/marina.swarpeca.es\/revista\/wp-json\/wp\/v2\/media\/1521"}],"wp:attachment":[{"href":"https:\/\/marina.swarpeca.es\/revista\/wp-json\/wp\/v2\/media?parent=1522"}],"wp:term":[{"taxonomy":"category","embeddable":true,"href":"https:\/\/marina.swarpeca.es\/revista\/wp-json\/wp\/v2\/categories?post=1522"},{"taxonomy":"post_tag","embeddable":true,"href":"https:\/\/marina.swarpeca.es\/revista\/wp-json\/wp\/v2\/tags?post=1522"}],"curies":[{"name":"wp","href":"https:\/\/api.w.org\/{rel}","templated":true}]}}