{"id":1517,"date":"2011-06-09T09:52:27","date_gmt":"2011-06-09T09:52:27","guid":{"rendered":"https:\/\/marina.swarpeca.es\/revista\/2011\/06\/09\/agricultura-familiar-agroecologica-campesina-en-la-comunidad-andina-bolivia-colombia-ecuador-peru-una-opcion-para-mejorar-la-seguridad-alimentaria-y-conservar-la-biodiversidad-agroecologia-11\/"},"modified":"2011-06-09T09:52:27","modified_gmt":"2011-06-09T09:52:27","slug":"agricultura-familiar-agroecologica-campesina-en-la-comunidad-andina-bolivia-colombia-ecuador-peru-una-opcion-para-mejorar-la-seguridad-alimentaria-y-conservar-la-biodiversidad-agroecologia-11","status":"publish","type":"post","link":"https:\/\/marina.swarpeca.es\/revista\/agricultura-familiar-agroecologica-campesina-en-la-comunidad-andina-bolivia-colombia-ecuador-peru-una-opcion-para-mejorar-la-seguridad-alimentaria-y-conservar-la-biodiversidad-agroecologia-11\/","title":{"rendered":"\u00abAgricultura Familiar Agroecol\u00f3gica Campesina en la Comunidad Andina (Bolivia, Colombia, Ecuador, Per\u00fa). Una opci\u00f3n para mejorar la seguridad alimentaria y conservar la biodiversidad\u00bb, Agroecolog\u00eda 11"},"content":{"rendered":"<p><strong>\u00cdndice<\/strong><\/p>\n<p>Presentaci\u00f3n 2<\/p>\n<p><strong>Parte I<\/strong><\/p>\n<p>Marco Conceptual 4<\/p>\n<p><strong>Parte II<\/strong><\/p>\n<p>La institucionalizaci\u00f3n de la AFAC 20<\/p>\n<p><strong>Parte III<\/strong><\/p>\n<p>Experiencias Innovadoras 48<\/p>\n<p><strong>Parte IV<\/strong><\/p>\n<p>Promoci\u00f3n de la AFAC en la CAN 66<\/p>\n<p><strong>Parte V<\/strong><\/p>\n<p>Directorio de Organizaciones Agroecol\u00f3gicas 71<\/p>\n<p><strong>Presentaci\u00f3n<\/strong><\/p>\n<p><em>Las experiencias de producci\u00f3n familiar agroecol\u00f3gica en diferentes regiones del mundo han evidenciado que es una opci\u00f3n viable para promover la seguridad alimentaria y, al mismo tiempo, conservar la biodiversidad de nuestros pa\u00edses.<\/p>\n<p>En los pa\u00edses andinos, los peque\u00f1os productores junto con los movimientos agroecol\u00f3gicos han cumplido un rol importante para la promoci\u00f3n y sostenimiento de este tipo de iniciativas, como una propuesta con potencial para atender la precaria situaci\u00f3n prevaleciente en el campo.<\/p>\n<p>Con el prop\u00f3sito de difundir estas iniciativas agroecol\u00f3gicas en la Comunidad Andina, los gobiernos nacionales, junto con la Secretar\u00eda General de la CAN, ejecutaron el Proyecto \u201cPromoci\u00f3n de la Agricultura Familiar Agroecol\u00f3gica Campesina en la Comunidad Andina\u201d.<\/p>\n<p>Las principales acciones llevadas a cabo fueron trabajos de campo en diferentes regiones de los cuatro pa\u00edses andinos, la identificaci\u00f3n, recopilaci\u00f3n y sistematizaci\u00f3n de informaci\u00f3n de fincas seleccionadas, entrevistas a actores claves, talleres nacionales y subregional, entre<br \/>\notras.<\/p>\n<p><img loading=\"lazy\" decoding=\"async\" class=\" alignleft size-full wp-image-1516\" src=\"https:\/\/marina.swarpeca.es\/revista\/wp-content\/uploads\/2011\/06\/taller-afac.jpg\" alt=\"taller-afac.jpg\" align=\"left\" width=\"250\" height=\"188\" \/><\/p>\n<p>(imagen: Taller \u201c<em>Agricultura Familiar Agroecol\u00f3gica Campesina<\/em>\u201d, los d\u00edas 1, 2 y 3 de Septiembre de 2010 en las instalaciones del ICAM en Buga, Valle del Cauca, con la <a href=\"https:\/\/marina.swarpeca.es\/revista\/IMG\/pdf\/taller-afac.pdf\">asistencia de delegados de 45 organizaciones agroecol\u00f3gicas comunitarias<\/a>), el Ministerio de Agricultura, Ecofondo, IFOAM \u2013 GALCI y GreenBizz Consulting).<\/p>\n<p>Su ejecuci\u00f3n estuvo a cargo de un grupo subregional de expertos de los gobiernos de los pa\u00edses andinos, con la asesor\u00eda de la Asociaci\u00f3n Nacional de Productores Ecol\u00f3gicos del Per\u00fa y de sus contrapartes colaboradoras en los otros pa\u00edses andinos, y el financiamiento de la Agencia Espa\u00f1ola de Cooperaci\u00f3n Internacional para el Desarrollo (AECID).<\/p>\n<p>La presente publicaci\u00f3n presenta un resumen de los principales resultados de este trabajo que abarca una variedad de aspectos referidos a las iniciativas agroecol\u00f3gicas.<\/p>\n<p>En la primera parte, se presenta el marco conceptual vigente y se propone<br \/>\nun nuevo concepto \u201cAgricultura Familiar Agroecol\u00f3gica Campesina\u201d (AFAC),<br \/>\ncomo un concepto m\u00e1s identificado con las experiencias en los pa\u00edses andinos y que recoge las diferentes concepciones referidas a las distintas formas de producci\u00f3n de alimentos sanos en forma sostenible, con \u00e9nfasis en el trabajo familiar. Esta parte concluye con una entrevista a Patricia Flores, experta en agroecolog\u00eda.<\/p>\n<p>Una segunda parte aborda el marco institucional de los pa\u00edses andinos,<br \/>\ndestacando los diferentes escenarios existentes en los pa\u00edses andinos para<br \/>\ndise\u00f1ar e implementar pol\u00edticas, programas y proyectos de apoyo a la AFAC.<\/p>\n<p>(9 de junio de 2011)<br \/>\nLa tercera parte da a conocer algunas experiencias de destacados agricultores familiares ecol\u00f3gicos, quienes vienen desarrollando sistemas de<br \/>\nproducci\u00f3n de alimentos, altamente productivos, diversos, nutritivos y sanos.<br \/>\nEn cada Pa\u00eds Miembro de la Comunidad Andina se seleccionaron veinte<br \/>\nfincas modelo, que se caracterizan por producir una variedad de productos<br \/>\n(caf\u00e9 org\u00e1nico, coca ecol\u00f3gica, tub\u00e9rculos y hortalizas, frutales, entre otros<br \/>\nproductos), con baja dependencia de insumos externos, que han enriquecido<br \/>\nsu canasta alimentaria y, en la mayor\u00eda de los casos, se comercializan con<br \/>\n\u00e9xito.<\/p>\n<p>En la cuarta parte, con base en los aprendizajes del Proyecto y en consulta<br \/>\ncon diversos actores y expertos del sector p\u00fablico y privado, se presentan los componentes para desarrollar un programa de fomento para la AFAC en la Comunidad Andina, que contempla lo siguiente: desarrollo de mercados, tecnolog\u00eda e innovaci\u00f3n, sistema de gesti\u00f3n de la informaci\u00f3n y el conocimiento.<\/p>\n<p>Por \u00faltimo, en la quinta parte, se presenta un listado de organizaciones<br \/>\nagroecol\u00f3gicas, tanto p\u00fablicas como privadas, que trabajan en el desarrollo<br \/>\nde la AFAC. No son todas las que existen, pero constituyen el resultado de un primer esfuerzo de identificaci\u00f3n que seguir\u00e1 siendo enriquecido y mejorado.<\/p>\n<p>La Secretar\u00eda General de la Comunidad Andina espera fervientemente que<br \/>\nesta publicaci\u00f3n contribuya a difundir las iniciativas de AFAC, a promover<br \/>\nsu sostenimiento y a lograr su posicionamiento en la agenda de desarrollo<br \/>\nagrario de los pa\u00edses andinos<\/em>.<\/p>\n<p>(9 de junio de 2011)<\/p>\n","protected":false},"excerpt":{"rendered":"<p>&#8211; <a href=\"http:\/\/marina.swarpeca.es\/IMG\/pdf\/revista_agroecologia11.pdf\"><em>Agricultura familiar agroecol\u00f3gica campesina en la Comunidad Andina<\/em><\/a> es la nueva publicaci\u00f3n que presenta los resultados del proyecto del mismo nombre promovido por la Comunidad Andina y los gobiernos nacionales. \u201c<em>Su ejecuci\u00f3n estuvo a cargo de un grupo subregional de expertos de los gobiernos de los pa\u00edses andinos, con la asesor\u00eda de la Asociaci\u00f3n Nacional de Productores Ecol\u00f3gicos del Per\u00fa y de sus contrapartes colaboradoras en los otros pa\u00edses andinos, y el financiamiento de la Agencia Espa\u00f1ola de Cooperaci\u00f3n Internacional para el Desarrollo (AECID)<\/em>\u201d.<\/p>\n","protected":false},"author":1,"featured_media":1515,"comment_status":"closed","ping_status":"open","sticky":false,"template":"","format":"standard","meta":{"footnotes":""},"categories":[35],"tags":[],"_links":{"self":[{"href":"https:\/\/marina.swarpeca.es\/revista\/wp-json\/wp\/v2\/posts\/1517"}],"collection":[{"href":"https:\/\/marina.swarpeca.es\/revista\/wp-json\/wp\/v2\/posts"}],"about":[{"href":"https:\/\/marina.swarpeca.es\/revista\/wp-json\/wp\/v2\/types\/post"}],"author":[{"embeddable":true,"href":"https:\/\/marina.swarpeca.es\/revista\/wp-json\/wp\/v2\/users\/1"}],"replies":[{"embeddable":true,"href":"https:\/\/marina.swarpeca.es\/revista\/wp-json\/wp\/v2\/comments?post=1517"}],"version-history":[{"count":0,"href":"https:\/\/marina.swarpeca.es\/revista\/wp-json\/wp\/v2\/posts\/1517\/revisions"}],"wp:featuredmedia":[{"embeddable":true,"href":"https:\/\/marina.swarpeca.es\/revista\/wp-json\/wp\/v2\/media\/1515"}],"wp:attachment":[{"href":"https:\/\/marina.swarpeca.es\/revista\/wp-json\/wp\/v2\/media?parent=1517"}],"wp:term":[{"taxonomy":"category","embeddable":true,"href":"https:\/\/marina.swarpeca.es\/revista\/wp-json\/wp\/v2\/categories?post=1517"},{"taxonomy":"post_tag","embeddable":true,"href":"https:\/\/marina.swarpeca.es\/revista\/wp-json\/wp\/v2\/tags?post=1517"}],"curies":[{"name":"wp","href":"https:\/\/api.w.org\/{rel}","templated":true}]}}