{"id":1449,"date":"2011-04-23T17:02:28","date_gmt":"2011-04-23T17:02:28","guid":{"rendered":"https:\/\/marina.swarpeca.es\/revista\/2011\/04\/23\/informe-de-la-onu-pulveriza-los-cinicos-mitos-de-la-superpoblacion-los-transgenicos-y-la-agricultura-industrial\/"},"modified":"2011-04-23T17:02:28","modified_gmt":"2011-04-23T17:02:28","slug":"informe-de-la-onu-pulveriza-los-cinicos-mitos-de-la-superpoblacion-los-transgenicos-y-la-agricultura-industrial","status":"publish","type":"post","link":"https:\/\/marina.swarpeca.es\/revista\/informe-de-la-onu-pulveriza-los-cinicos-mitos-de-la-superpoblacion-los-transgenicos-y-la-agricultura-industrial\/","title":{"rendered":"Informe de la ONU pulveriza los c\u00ednicos mitos de la superpoblaci\u00f3n, los transg\u00e9nicos y la agricultura industrial"},"content":{"rendered":"<p>Los campesinos pueden duplicar la producci\u00f3n alimentaria en los pr\u00f3ximos 10 a\u00f1os en regiones cr\u00edticas mediante el uso de m\u00e9todos ecol\u00f3gicos, seg\u00fan demuestra el <a href=\"https:\/\/marina.swarpeca.es\/revista\/IMG\/pdf\/agroecologia-onu.pdf\">\u00faltimo informe de la ONU<\/a>. <\/p>\n<p>Dicho informe, basado en una exhaustiva revisi\u00f3n de la literatura cient\u00edfica m\u00e1s reciente, aboga por una transici\u00f3n fundamental hacia la agroecolog\u00eda como medio para incrementar la producci\u00f3n alimentaria y mejorar la situaci\u00f3n de los m\u00e1s pobres.<\/p>\n<p>\u201c<em>Para poder alimentar a nueve mil millones de personas en 2050 necesitamos urgentemente adoptar las t\u00e9cnicas agr\u00edcolas m\u00e1s eficientes conocidas hasta el momento. Los estudios cient\u00edficos m\u00e1s recientes demuestran en este sentido que, all\u00ed donde reina el hambre, especialmente en las zonas m\u00e1s desfavorecidas, los m\u00e9todos agroecol\u00f3gicos son mucho m\u00e1s eficaces a la hora de estimular la producci\u00f3n alimentaria que los fertilizantes qu\u00edmicos<\/em>\u201d afirma Olivier De Schutter, Relator Especial de la ONU sobre el derecho a la alimentaci\u00f3n y autor del informe.<\/p>\n<p>La agroecolog\u00eda consiste en aplicar la ecolog\u00eda al dise\u00f1o de los sistemas agr\u00edcolas, de modo que se pueda poner as\u00ed fin a las crisis alimentarias, se afronten los retos que presentan el hambre y el cambio clim\u00e1tico, se mejore la productividad de la tierra y se protejan las cosechas contra las pestes gracias a un an\u00e1lisis del entorno natural y al estudio de \u00e1rboles, plantas, animales e insectos beneficiosos.<\/p>\n<p><img loading=\"lazy\" decoding=\"async\" class=\" alignleft size-full wp-image-1448\" src=\"https:\/\/marina.swarpeca.es\/revista\/wp-content\/uploads\/2011\/04\/agroecologia2.jpg\" alt=\"agroecologia2.jpg\" align=\"left\" width=\"300\" height=\"210\" \/><\/p>\n<p><strong>Mejor rendimiento y resilencia<\/strong><\/p>\n<p>\u201c<em>Hasta la fecha, los proyectos agroecol\u00f3gicos han mostrado un rendimiento medio de las cosechas del 80% en 57 pa\u00edses en desarrollo, lo que significa un aumento del 116% de media en todos los proyectos desarrollados en \u00c1frica<\/em> -explica De Schutter. <em>Los proyectos m\u00e1s recientes llevados a cabo en 20 pa\u00edses africanos han demostrado que puede duplicarse el rendimiento de las cosechas en un per\u00edodo de 3 a 10 a\u00f1os<\/em>\u201d.<\/p>\n<p>\u201c<em>La agricultura convencional acelera el cambio clim\u00e1tico, no es resiliente a los choques clim\u00e1ticos y exige insumos que resultan caros. Simplemente ya no resulta la mejor opci\u00f3n en el contexto actual<\/em> \u2013agrega De Schutter. <em>Un amplio sector de la comunidad cient\u00edfica reconoce ahora los efectos positivos de la agroecolog\u00eda en la producci\u00f3n alimentaria, en la reducci\u00f3n de la pobreza y en la mitigaci\u00f3n del cambio clim\u00e1tico, y esto es precisamente lo que se necesita en un mundo como el nuestro donde los recursos son limitados. Incluso Malawi, un pa\u00eds que puso en marcha hace unos a\u00f1os una extensa campa\u00f1a de subvenciones de fertilizantes qu\u00edmicos, se ha pasado tambi\u00e9n a la agroecolog\u00eda. Esta nueva iniciativa beneficia ahora a m\u00e1s de 1,3 millones de personas en la m\u00e1s extrema pobreza y el rendimiento de las cosechas de ma\u00edz ha aumentado ya de 1 t\/ha a 2-3 t\/ha<\/em>\u201d.<\/p>\n<p>El informe tambi\u00e9n destaca que los proyectos en Indonesia, Vietnam y Bangladesh han registrado una reducci\u00f3n de hasta el 92 % en el uso de insecticidas sobre el arroz, lo que supone un ahorro considerable para los campesinos m\u00e1s pobres. \u201c<em>El conocimiento ha sustituido a los pesticidas y fertilizantes. El \u00e9xito est\u00e1 asegurado y se pueden encontrar innumerables historias similares en otros pa\u00edses de \u00c1frica, Asia y Am\u00e9rica Latina<\/em>\u201d a\u00f1ade De Schutter.<\/p>\n<p>\u201c<em>Este m\u00e9todo tambi\u00e9n est\u00e1 ganando terreno en pa\u00edses desarrollados como Estados Unidos, Alemania o Francia<\/em> -comenta el Relator-, <em>sin embargo, la agroecolog\u00eda no cuenta con la suficiente ambici\u00f3n ni apoyo p\u00fablicos, a pesar del impresionante potencial que representa en la realizaci\u00f3n plena del derecho a la alimentaci\u00f3n, y por consecuencia, muy pocas veces supera el mero estadio experimental<\/em>\u201d.<\/p>\n<p><strong>Fortalecer organizaciones sociales<\/strong><\/p>\n<p>Este informe identifica doce medidas que los Estados deben poner en pr\u00e1ctica para extender las pr\u00e1cticas agroecol\u00f3gicas. \u201c<em>La agroecolog\u00eda es un enfoque basado mayoritariamente en el conocimiento. Necesita pol\u00edticas p\u00fablicas que respalden la investigaci\u00f3n en agricultura y los servicios de extensi\u00f3n participativos<\/em>\u201d afirma De Schutter.<\/p>\n<p>Para ello \u201c<em>los Estados y los donantes desempe\u00f1an aqu\u00ed un papel fundamental. Las empresas privadas no invertir\u00e1n tiempo y dinero en pr\u00e1cticas que no puedan proteger con patentes y que no supongan una apertura de los mercados hacia nuevos productos qu\u00edmicos o semillas mejoradas<\/em>\u201d, sostiene.<\/p>\n<p>El Relator Especial sobre el derecho a la alimentaci\u00f3n exhorta a los Estados a que apoyen a las organizaciones campesinas, las cuales han demostrado una gran habilidad a la hora de difundir las mejores pr\u00e1cticas agroecol\u00f3gicas entre sus miembros.<\/p>\n<p>\u201c<em>El fortalecimiento de las organizaciones sociales ha demostrado ser tan potente como la distribuci\u00f3n de fertilizantes. Los peque\u00f1os campesinos y los cient\u00edficos pueden crear pr\u00e1cticas verdaderamente innovadoras cuando trabajan codo con codo<\/em> -explica De Schutter. <em>No resolveremos el hambre ni pararemos el cambio clim\u00e1tico con la agricultura industrial de las grandes plantaciones. La soluci\u00f3n reside en apoyar el conocimiento y la experimentaci\u00f3n de los agricultores y campesinos y en el aumento de los ingresos de los peque\u00f1os propietarios para contribuir as\u00ed tambi\u00e9n al desarrollo rural<\/em>\u201d.<\/p>\n<p>\u201c<em>Si las principales partes implicadas respaldan las medidas identificadas en el presente informe, asistiremos a una duplicaci\u00f3n de la producci\u00f3n alimentaria en los pr\u00f3ximos 5 a 10 a\u00f1os en algunas regiones donde reina el hambre<\/em>\u201d, advierte el investigador, quien concluye que \u201c<em>el \u00e9xito o fracaso de esta transici\u00f3n depender\u00e1 de nuestra habilidad para integrar r\u00e1pidamente las innovaciones m\u00e1s recientes. Tenemos que avanzar r\u00e1pido si queremos evitar que se repitan los desastres clim\u00e1ticos y alimentarios en el siglo XXI<\/em>\u201d. <\/p>\n<p><a href=\"https:\/\/www.elciudadano.cl\/2011\/04\/12\/la-agroecologia-puede-duplicar-la-produccion-alimentaria-en-10-anos\/\">Link original: El Ciudadano<\/a> [[- <a href=\"https:\/\/herbogeminis.com\/revista\/IMG\/odt\/agroecologia-duplicar-produccion-alimentaria.odt\">El Ciudadano: <em>La agroecolog\u00eda puede duplicar la producci\u00f3n alimentaria en 10 a\u00f1os<\/em> &#038; *\u00c1frica continuar\u00e1 con crisis alimentaria en 2009 *Instalan \u00e1rea de producci\u00f3n agroecol\u00f3gica en organizaci\u00f3n de granjeros uruguayos *Encuentro de Semillas Org\u00e1nicas y Autonom\u00eda Alimentaria en Olmu\u00e9 *Agroecolog\u00eda y Soberan\u00eda Alimentaria: dos conceptos en movimiento *Via Campesina: La industria de la alimentaci\u00f3n necesita el hambre *Taller Permacultura en Valdivia *Ra\u00edces: cambio clim\u00e1tico, modo de vida y agroecolog\u00eda *Presentaron proyecto de ley que impone un royalty a la empresa del salm\u00f3n *FAO: Las biotecnolog\u00edas deben beneficiar a los campesinos de los pa\u00edses pobres *En Concepci\u00f3n se realiz\u00f3 el Primer Encuentro Nacional de Econom\u00eda Solidaria *Funa a Monsanto en Duoc de Quillota *Los enga\u00f1osos n\u00fameros de la desnutrici\u00f3n *24% de CO2 en Chile lo produce la industria minera *Codelco avizora aumento en valor del cobre *2050: un tercio m\u00e1s de bocas que alimentar &#038; <em>SubSaharan Africa: Mineral resources and political instability<\/em><\/a>, <a href=\"https:\/\/herbogeminis.com\/revista\/IMG\/pdf\/agroecologia-duplicar-produccion-alimentaria.pdf\">PDF<\/a>.]].<\/p>\n<p><a href=\"https:\/\/www.mapuexpress.net\/?act=publications&#038;id=4955\">Fuente: Mapuexpress<\/a>.<\/p>\n<p>(23 de abril de 2011)<\/p>\n","protected":false},"excerpt":{"rendered":"<p>Hambre y desnutrici\u00f3n, realidades tan innegables como sangrantes; no es el momento ni ocasi\u00f3n de cuestionar su lacerante existencia, pero s\u00ed de negar rotundamente las causas aducidas por voceros e intelectuales de la burgues\u00eda o al servicio del capitalismo y afirmar, en cambio, que hunde sus ra\u00edces en la propia existencia de la sociedad dividida en clases. El Informe del Relator especial sobre el derecho a la alimentaci\u00f3n de Naciones Unidas, Sr. Olivier De Schutter, quiz\u00e1s sin propon\u00e9rselo consciente y\/o directamente, viene a dejar sin argumentos \u00abcient\u00edficos\u00bb a los malthusianos y neomalthusianos del Fondo Monetario Internacional, Banco Mundial, Organizaci\u00f3n Mundial de la Salud, etc., etc., y a todos sus ep\u00edgonos e intelectuales org\u00e1nicos de pro que para justificar el cotidiano genocidio implementado a nivel global &#8212;inclu\u00eddas las agresiones imperialistas espec\u00edficamente militares&#8212; han venido hist\u00f3ricamente manteniendo la falacia del terrible problema y pavorosos peligros derivados, seg\u00fan todos ellos, de la supuesta \u00absuperpoblaci\u00f3n\u00bb insostenible para los limitados recursos del planeta. Ha tenido que ser precisamente un destacado funcionario de la ONU quien haya desmontado definitivamente y de una vez por todas cuantas elucubraciones se han fabricado al efecto. Con datos irrefutables, De Schutter derriba adem\u00e1s otros se\u00f1uelos no menos terror\u00edficos cuales son los transg\u00e9nicos y la agricultura \u00abindustrial\u00bb y sus inevitables y letales secuelas (agroqu\u00edmicos, pesticidas, herbicidas, &#8230;). <\/p>\n","protected":false},"author":1,"featured_media":1447,"comment_status":"closed","ping_status":"open","sticky":false,"template":"","format":"standard","meta":{"footnotes":""},"categories":[5],"tags":[],"_links":{"self":[{"href":"https:\/\/marina.swarpeca.es\/revista\/wp-json\/wp\/v2\/posts\/1449"}],"collection":[{"href":"https:\/\/marina.swarpeca.es\/revista\/wp-json\/wp\/v2\/posts"}],"about":[{"href":"https:\/\/marina.swarpeca.es\/revista\/wp-json\/wp\/v2\/types\/post"}],"author":[{"embeddable":true,"href":"https:\/\/marina.swarpeca.es\/revista\/wp-json\/wp\/v2\/users\/1"}],"replies":[{"embeddable":true,"href":"https:\/\/marina.swarpeca.es\/revista\/wp-json\/wp\/v2\/comments?post=1449"}],"version-history":[{"count":0,"href":"https:\/\/marina.swarpeca.es\/revista\/wp-json\/wp\/v2\/posts\/1449\/revisions"}],"wp:featuredmedia":[{"embeddable":true,"href":"https:\/\/marina.swarpeca.es\/revista\/wp-json\/wp\/v2\/media\/1447"}],"wp:attachment":[{"href":"https:\/\/marina.swarpeca.es\/revista\/wp-json\/wp\/v2\/media?parent=1449"}],"wp:term":[{"taxonomy":"category","embeddable":true,"href":"https:\/\/marina.swarpeca.es\/revista\/wp-json\/wp\/v2\/categories?post=1449"},{"taxonomy":"post_tag","embeddable":true,"href":"https:\/\/marina.swarpeca.es\/revista\/wp-json\/wp\/v2\/tags?post=1449"}],"curies":[{"name":"wp","href":"https:\/\/api.w.org\/{rel}","templated":true}]}}